{"id":11371,"date":"2016-05-11T08:08:00","date_gmt":"2016-05-11T06:08:00","guid":{"rendered":"http:\/\/blog.zeit.de\/nsu-prozess-blog\/?p=11371"},"modified":"2016-05-11T09:34:36","modified_gmt":"2016-05-11T07:34:36","slug":"medienlog-verfassungsschutz-gericht-staat-nsu","status":"publish","type":"post","link":"https:\/\/blog.zeit.de\/nsu-prozess-blog\/2016\/05\/11\/medienlog-verfassungsschutz-gericht-staat-nsu\/","title":{"rendered":"Das Gericht entlastet den Staat \u2013 Das Medienlog vom Mittwoch, 11. Mai 2016"},"content":{"rendered":"<p>Welche Verantwortung tr\u00e4gt der Staat an der NSU-Mordserie? Das Gericht meint im NSU-Prozess: Keine. &#8222;Der Senat zieht nicht den Schluss, dass staatliche Mitverantwortung an den angeklagten Taten best\u00fcnde&#8220;, sagte Richter Manfred G\u00f6tzl. So begr\u00fcndete er die Ablehnung eines Antrags, mit dem Opferanw\u00e4lte die Rolle der Verfassungsschutz\u00e4mter beleuchten wollten. Demnach hatte das Brandenburger Innenministerium 1998 eine Festnahme des kurz zuvor untergetauchten NSU-Trios verhindert. &#8222;Starker Tobak. Das Gericht hat dies nun mit deutlichen Worten zur\u00fcckgewiesen&#8220;, kommentiert Wiebke Ramm auf <a href=\"http:\/\/www.spiegel.de\/panorama\/justiz\/nsu-prozess-gericht-sieht-keine-behoerdenschuld-an-den-nsu-morden-a-1091669.html\" target=\"_blank\"><em>Spiegel Online<\/em><\/a>. Nach Ansicht der Richter hat die Frage nach der Verantwortung des Staates zudem keine Bedeutung f\u00fcr die Schuld der Angeklagten.<\/p>\n<p><!--more--><\/p>\n<p>In dem Antrag ging es um den Brandenburger <a href=\"https:\/\/blog.zeit.de\/nsu-prozess-blog\/2014\/11\/04\/rechtsextrem-und-gewalttaetig-der-liebling-des-verfassungsschutzes\/\">V-Mann Piatto<\/a>, der einen Hinweis auf einen Kontaktmann des Trios gegeben hatte. Um diesen observieren lassen zu k\u00f6nnen, h\u00e4tte das Brandenburger Innenministerium den Bericht f\u00fcr eine richterliche Entscheidung freigeben m\u00fcssen. Das aber lehnten Beh\u00f6rdenvertreter bei einem Treffen <a href=\"https:\/\/blog.zeit.de\/nsu-prozess-blog\/2016\/03\/14\/medienlog-brandenburg-verfassungsschutz-festnahme-nsu\/\">mit anderen Beamten im September 1998 ab<\/a>, um die Identit\u00e4t ihrer Quelle zu sch\u00fctzen. Die Nebenklageanw\u00e4lte vermuten, dass dadurch eine Verhaftung des Trios noch vor Beginn der Mordserie verhindert wurde.<\/p>\n<p>Wir bei <a href=\"https:\/\/blog.zeit.de\/nsu-prozess-blog\/2016\/05\/10\/geheimniskramer-bleiben-geheim\/\" target=\"_blank\">ZEIT ONLINE<\/a> wundern uns angesichts des Verhaltens der Beh\u00f6rde \u00fcber den Sinn, \u00fcberhaupt V-M\u00e4nner in der Szene zu besch\u00e4ftigen: &#8222;Wenn die Spitzeldienste nicht n\u00fctzlich sind, um gewaltbereite Extremisten aufzusp\u00fcren \u2013 wozu dann? Um ab und zu mal ein Konzert mit bierb\u00e4uchigen Glatzk\u00f6pfen im Publikum zu sprengen?&#8220; Wer genau im brandenburgischen Innenministerium f\u00fcr die Geheimhaltung verantwortlich war, wird im Prozess nicht mehr gekl\u00e4rt werden: In einem Protokoll vom Treffen der Beh\u00f6rdenvertreter sind die Namen der Teilnehmer geschw\u00e4rzt. Ein ungeschw\u00e4rztes Dokument als Beweis einzuf\u00fchren, lehnte Richter G\u00f6tzl ab.<\/p>\n<p><em>Das n\u00e4chste Medienlog erscheint am Donnerstag, 12. Mai 2016.<\/em><\/p>\n<p><em>An jedem Werktag sichten wir f\u00fcr das NSU-Prozess-Blog die Medien und stellen wichtige Berichte, Blogs, Videos und Tweets zusammen. Wir freuen uns \u00fcber Hinweise via Twitter mit dem Hashtag #nsublog \u2013 oder per E-Mail an <a href=\"mailto:nsublog@zeit.de\">nsublog@zeit.de<\/a>.<\/em><\/p>\n","protected":false},"excerpt":{"rendered":"<p>Welche Verantwortung tr\u00e4gt der Staat an der NSU-Mordserie? Das Gericht meint im NSU-Prozess: Keine. &#8222;Der Senat zieht nicht den Schluss, dass staatliche Mitverantwortung an den angeklagten Taten best\u00fcnde&#8220;, sagte Richter Manfred G\u00f6tzl. So begr\u00fcndete er die Ablehnung eines Antrags, mit dem Opferanw\u00e4lte die Rolle der Verfassungsschutz\u00e4mter beleuchten wollten. Demnach hatte das Brandenburger Innenministerium 1998 eine [&hellip;]<\/p>\n","protected":false},"author":435,"featured_media":0,"comment_status":"open","ping_status":"open","sticky":false,"template":"","format":"standard","meta":{"_jetpack_memberships_contains_paid_content":false,"footnotes":""},"categories":[27531],"tags":[1451,27559,29426,29554,17899,1836],"class_list":["post-11371","post","type-post","status-publish","format-standard","hentry","category-medienschau","tag-brandenburg","tag-manfred-gotzl","tag-nebenklage","tag-piatto","tag-v-mann","tag-verfassungsschutz"],"yoast_head":"<!-- This site is optimized with the Yoast SEO plugin v21.0 - https:\/\/yoast.com\/wordpress\/plugins\/seo\/ -->\n<title>Das Gericht entlastet den Staat \u2013 Das Medienlog vom Mittwoch, 11. Mai 2016 - Das NSU-Prozess-Blog<\/title>\n<meta name=\"robots\" content=\"index, follow, max-snippet:-1, max-image-preview:large, max-video-preview:-1\" \/>\n<link rel=\"canonical\" href=\"https:\/\/blog.zeit.de\/nsu-prozess-blog\/2016\/05\/11\/medienlog-verfassungsschutz-gericht-staat-nsu\/\" \/>\n<meta property=\"og:locale\" content=\"de_DE\" \/>\n<meta property=\"og:type\" content=\"article\" \/>\n<meta property=\"og:title\" content=\"Das Gericht entlastet den Staat \u2013 Das Medienlog vom Mittwoch, 11. Mai 2016 - Das NSU-Prozess-Blog\" \/>\n<meta property=\"og:description\" content=\"Welche Verantwortung tr\u00e4gt der Staat an der NSU-Mordserie? Das Gericht meint im NSU-Prozess: Keine. &#8222;Der Senat zieht nicht den Schluss, dass staatliche Mitverantwortung an den angeklagten Taten best\u00fcnde&#8220;, sagte Richter Manfred G\u00f6tzl. So begr\u00fcndete er die Ablehnung eines Antrags, mit dem Opferanw\u00e4lte die Rolle der Verfassungsschutz\u00e4mter beleuchten wollten. Demnach hatte das Brandenburger Innenministerium 1998 eine [&hellip;]\" \/>\n<meta property=\"og:url\" content=\"https:\/\/blog.zeit.de\/nsu-prozess-blog\/2016\/05\/11\/medienlog-verfassungsschutz-gericht-staat-nsu\/\" \/>\n<meta property=\"og:site_name\" content=\"Das NSU-Prozess-Blog\" \/>\n<meta property=\"article:published_time\" content=\"2016-05-11T06:08:00+00:00\" \/>\n<meta property=\"article:modified_time\" content=\"2016-05-11T07:34:36+00:00\" \/>\n<meta name=\"author\" content=\"Tom Sundermann\" \/>\n<meta name=\"twitter:label1\" content=\"Geschrieben von\" \/>\n\t<meta name=\"twitter:data1\" content=\"Tom Sundermann\" \/>\n\t<meta name=\"twitter:label2\" content=\"Gesch\u00e4tzte Lesezeit\" \/>\n\t<meta name=\"twitter:data2\" content=\"2\u00a0Minuten\" \/>\n<script type=\"application\/ld+json\" class=\"yoast-schema-graph\">{\"@context\":\"https:\/\/schema.org\",\"@graph\":[{\"@type\":\"WebPage\",\"@id\":\"https:\/\/blog.zeit.de\/nsu-prozess-blog\/2016\/05\/11\/medienlog-verfassungsschutz-gericht-staat-nsu\/\",\"url\":\"https:\/\/blog.zeit.de\/nsu-prozess-blog\/2016\/05\/11\/medienlog-verfassungsschutz-gericht-staat-nsu\/\",\"name\":\"Das Gericht entlastet den Staat \u2013 Das Medienlog vom Mittwoch, 11. Mai 2016 - Das NSU-Prozess-Blog\",\"isPartOf\":{\"@id\":\"https:\/\/blog.zeit.de\/nsu-prozess-blog\/#website\"},\"datePublished\":\"2016-05-11T06:08:00+00:00\",\"dateModified\":\"2016-05-11T07:34:36+00:00\",\"author\":{\"@id\":\"https:\/\/blog.zeit.de\/nsu-prozess-blog\/#\/schema\/person\/553ea9bb5d1fc2ae054c589bd59380a5\"},\"breadcrumb\":{\"@id\":\"https:\/\/blog.zeit.de\/nsu-prozess-blog\/2016\/05\/11\/medienlog-verfassungsschutz-gericht-staat-nsu\/#breadcrumb\"},\"inLanguage\":\"de\",\"potentialAction\":[{\"@type\":\"ReadAction\",\"target\":[\"https:\/\/blog.zeit.de\/nsu-prozess-blog\/2016\/05\/11\/medienlog-verfassungsschutz-gericht-staat-nsu\/\"]}]},{\"@type\":\"BreadcrumbList\",\"@id\":\"https:\/\/blog.zeit.de\/nsu-prozess-blog\/2016\/05\/11\/medienlog-verfassungsschutz-gericht-staat-nsu\/#breadcrumb\",\"itemListElement\":[{\"@type\":\"ListItem\",\"position\":1,\"name\":\"Startseite\",\"item\":\"https:\/\/blog.zeit.de\/nsu-prozess-blog\/\"},{\"@type\":\"ListItem\",\"position\":2,\"name\":\"Das Gericht entlastet den Staat \u2013 Das Medienlog vom Mittwoch, 11. Mai 2016\"}]},{\"@type\":\"WebSite\",\"@id\":\"https:\/\/blog.zeit.de\/nsu-prozess-blog\/#website\",\"url\":\"https:\/\/blog.zeit.de\/nsu-prozess-blog\/\",\"name\":\"Das NSU-Prozess-Blog\",\"description\":\"Alle Berichte zum Terrorverfahren in M\u00fcnchen\",\"potentialAction\":[{\"@type\":\"SearchAction\",\"target\":{\"@type\":\"EntryPoint\",\"urlTemplate\":\"https:\/\/blog.zeit.de\/nsu-prozess-blog\/?s={search_term_string}\"},\"query-input\":\"required name=search_term_string\"}],\"inLanguage\":\"de\"},{\"@type\":\"Person\",\"@id\":\"https:\/\/blog.zeit.de\/nsu-prozess-blog\/#\/schema\/person\/553ea9bb5d1fc2ae054c589bd59380a5\",\"name\":\"Tom Sundermann\",\"image\":{\"@type\":\"ImageObject\",\"inLanguage\":\"de\",\"@id\":\"https:\/\/blog.zeit.de\/nsu-prozess-blog\/#\/schema\/person\/image\/\",\"url\":\"https:\/\/secure.gravatar.com\/avatar\/e108a3dc18766f719b2f797dc5d19093f06a1870c55b553ab6b7563f1f9a5e68?s=96&d=mm&r=g\",\"contentUrl\":\"https:\/\/secure.gravatar.com\/avatar\/e108a3dc18766f719b2f797dc5d19093f06a1870c55b553ab6b7563f1f9a5e68?s=96&d=mm&r=g\",\"caption\":\"Tom Sundermann\"},\"sameAs\":[\"https:\/\/twitter.com\/messeticker\"],\"url\":\"https:\/\/blog.zeit.de\/nsu-prozess-blog\/author\/tsundermann\/\"}]}<\/script>\n<!-- \/ Yoast SEO plugin. -->","yoast_head_json":{"title":"Das Gericht entlastet den Staat \u2013 Das Medienlog vom Mittwoch, 11. Mai 2016 - Das NSU-Prozess-Blog","robots":{"index":"index","follow":"follow","max-snippet":"max-snippet:-1","max-image-preview":"max-image-preview:large","max-video-preview":"max-video-preview:-1"},"canonical":"https:\/\/blog.zeit.de\/nsu-prozess-blog\/2016\/05\/11\/medienlog-verfassungsschutz-gericht-staat-nsu\/","og_locale":"de_DE","og_type":"article","og_title":"Das Gericht entlastet den Staat \u2013 Das Medienlog vom Mittwoch, 11. Mai 2016 - Das NSU-Prozess-Blog","og_description":"Welche Verantwortung tr\u00e4gt der Staat an der NSU-Mordserie? Das Gericht meint im NSU-Prozess: Keine. &#8222;Der Senat zieht nicht den Schluss, dass staatliche Mitverantwortung an den angeklagten Taten best\u00fcnde&#8220;, sagte Richter Manfred G\u00f6tzl. So begr\u00fcndete er die Ablehnung eines Antrags, mit dem Opferanw\u00e4lte die Rolle der Verfassungsschutz\u00e4mter beleuchten wollten. Demnach hatte das Brandenburger Innenministerium 1998 eine [&hellip;]","og_url":"https:\/\/blog.zeit.de\/nsu-prozess-blog\/2016\/05\/11\/medienlog-verfassungsschutz-gericht-staat-nsu\/","og_site_name":"Das NSU-Prozess-Blog","article_published_time":"2016-05-11T06:08:00+00:00","article_modified_time":"2016-05-11T07:34:36+00:00","author":"Tom Sundermann","twitter_misc":{"Geschrieben von":"Tom Sundermann","Gesch\u00e4tzte Lesezeit":"2\u00a0Minuten"},"schema":{"@context":"https:\/\/schema.org","@graph":[{"@type":"WebPage","@id":"https:\/\/blog.zeit.de\/nsu-prozess-blog\/2016\/05\/11\/medienlog-verfassungsschutz-gericht-staat-nsu\/","url":"https:\/\/blog.zeit.de\/nsu-prozess-blog\/2016\/05\/11\/medienlog-verfassungsschutz-gericht-staat-nsu\/","name":"Das Gericht entlastet den Staat \u2013 Das Medienlog vom Mittwoch, 11. Mai 2016 - Das NSU-Prozess-Blog","isPartOf":{"@id":"https:\/\/blog.zeit.de\/nsu-prozess-blog\/#website"},"datePublished":"2016-05-11T06:08:00+00:00","dateModified":"2016-05-11T07:34:36+00:00","author":{"@id":"https:\/\/blog.zeit.de\/nsu-prozess-blog\/#\/schema\/person\/553ea9bb5d1fc2ae054c589bd59380a5"},"breadcrumb":{"@id":"https:\/\/blog.zeit.de\/nsu-prozess-blog\/2016\/05\/11\/medienlog-verfassungsschutz-gericht-staat-nsu\/#breadcrumb"},"inLanguage":"de","potentialAction":[{"@type":"ReadAction","target":["https:\/\/blog.zeit.de\/nsu-prozess-blog\/2016\/05\/11\/medienlog-verfassungsschutz-gericht-staat-nsu\/"]}]},{"@type":"BreadcrumbList","@id":"https:\/\/blog.zeit.de\/nsu-prozess-blog\/2016\/05\/11\/medienlog-verfassungsschutz-gericht-staat-nsu\/#breadcrumb","itemListElement":[{"@type":"ListItem","position":1,"name":"Startseite","item":"https:\/\/blog.zeit.de\/nsu-prozess-blog\/"},{"@type":"ListItem","position":2,"name":"Das Gericht entlastet den Staat \u2013 Das Medienlog vom Mittwoch, 11. Mai 2016"}]},{"@type":"WebSite","@id":"https:\/\/blog.zeit.de\/nsu-prozess-blog\/#website","url":"https:\/\/blog.zeit.de\/nsu-prozess-blog\/","name":"Das NSU-Prozess-Blog","description":"Alle Berichte zum Terrorverfahren in M\u00fcnchen","potentialAction":[{"@type":"SearchAction","target":{"@type":"EntryPoint","urlTemplate":"https:\/\/blog.zeit.de\/nsu-prozess-blog\/?s={search_term_string}"},"query-input":"required name=search_term_string"}],"inLanguage":"de"},{"@type":"Person","@id":"https:\/\/blog.zeit.de\/nsu-prozess-blog\/#\/schema\/person\/553ea9bb5d1fc2ae054c589bd59380a5","name":"Tom Sundermann","image":{"@type":"ImageObject","inLanguage":"de","@id":"https:\/\/blog.zeit.de\/nsu-prozess-blog\/#\/schema\/person\/image\/","url":"https:\/\/secure.gravatar.com\/avatar\/e108a3dc18766f719b2f797dc5d19093f06a1870c55b553ab6b7563f1f9a5e68?s=96&d=mm&r=g","contentUrl":"https:\/\/secure.gravatar.com\/avatar\/e108a3dc18766f719b2f797dc5d19093f06a1870c55b553ab6b7563f1f9a5e68?s=96&d=mm&r=g","caption":"Tom Sundermann"},"sameAs":["https:\/\/twitter.com\/messeticker"],"url":"https:\/\/blog.zeit.de\/nsu-prozess-blog\/author\/tsundermann\/"}]}},"jetpack_featured_media_url":"","jetpack_sharing_enabled":true,"_links":{"self":[{"href":"https:\/\/blog.zeit.de\/nsu-prozess-blog\/wp-json\/wp\/v2\/posts\/11371","targetHints":{"allow":["GET"]}}],"collection":[{"href":"https:\/\/blog.zeit.de\/nsu-prozess-blog\/wp-json\/wp\/v2\/posts"}],"about":[{"href":"https:\/\/blog.zeit.de\/nsu-prozess-blog\/wp-json\/wp\/v2\/types\/post"}],"author":[{"embeddable":true,"href":"https:\/\/blog.zeit.de\/nsu-prozess-blog\/wp-json\/wp\/v2\/users\/435"}],"replies":[{"embeddable":true,"href":"https:\/\/blog.zeit.de\/nsu-prozess-blog\/wp-json\/wp\/v2\/comments?post=11371"}],"version-history":[{"count":6,"href":"https:\/\/blog.zeit.de\/nsu-prozess-blog\/wp-json\/wp\/v2\/posts\/11371\/revisions"}],"predecessor-version":[{"id":11379,"href":"https:\/\/blog.zeit.de\/nsu-prozess-blog\/wp-json\/wp\/v2\/posts\/11371\/revisions\/11379"}],"wp:attachment":[{"href":"https:\/\/blog.zeit.de\/nsu-prozess-blog\/wp-json\/wp\/v2\/media?parent=11371"}],"wp:term":[{"taxonomy":"category","embeddable":true,"href":"https:\/\/blog.zeit.de\/nsu-prozess-blog\/wp-json\/wp\/v2\/categories?post=11371"},{"taxonomy":"post_tag","embeddable":true,"href":"https:\/\/blog.zeit.de\/nsu-prozess-blog\/wp-json\/wp\/v2\/tags?post=11371"}],"curies":[{"name":"wp","href":"https:\/\/api.w.org\/{rel}","templated":true}]}}