{"id":11381,"date":"2016-05-13T08:24:01","date_gmt":"2016-05-13T06:24:01","guid":{"rendered":"http:\/\/blog.zeit.de\/nsu-prozess-blog\/?p=11381"},"modified":"2016-05-16T08:17:17","modified_gmt":"2016-05-16T06:17:17","slug":"medienlog-zschape-aussage-festnahme-nsu","status":"publish","type":"post","link":"https:\/\/blog.zeit.de\/nsu-prozess-blog\/2016\/05\/13\/medienlog-zschape-aussage-festnahme-nsu\/","title":{"rendered":"Verpasste Festnahme in Hannover? \u2013 Das Medienlog vom Freitag, 13. Mai 2016"},"content":{"rendered":"<p>Erneut hat Beate Zsch\u00e4pe Antworten auf Fragen von Richter Manfred G\u00f6tzl gegeben. Darin ging es in weiten Teilen um das Verh\u00e4ltnis des <a href=\"http:\/\/www.zeit.de\/gesellschaft\/zeitgeschehen\/2013-06\/nsu-prozess-aussage-holger-g\">Mitangeklagten Holger G.<\/a> zum NSU-Trio. Zudem lie\u00df die Hauptangeklagte ihren Anwalt <a href=\"https:\/\/blog.zeit.de\/nsu-prozess-blog\/2015\/11\/11\/zschapes-schattenmann\/\">Hermann Borchert<\/a> zu Protokoll geben, Zsch\u00e4pe, Uwe Mundlos und Uwe B\u00f6hnhardt seien 1998 nur zuf\u00e4llig einer Festnahme entgangen, weil sie in einem Auto mit gestohlenem Kennzeichen kontrolliert worden seien. Wenn das stimme, &#8222;h\u00e4tten die gesuchten Neonazis bei peniblerer \u00dcberpr\u00fcfung durch die hannoversche Polizei noch vor dem ersten Mord gefasst werden k\u00f6nnen&#8220;, analysiert Wiebke Ramm auf <a href=\"http:\/\/www.spiegel.de\/panorama\/justiz\/beate-zschaepe-im-nsu-prozess-wir-befuerchteten-dass-wir-nun-verhaftet-wuerden-a-1092070.html\" target=\"_blank\"><em>Spiegel Online<\/em><\/a>. Bei der Kontrolle in Hannover h\u00e4tten Polizisten das Kennzeichen im Computer \u00fcberpr\u00fcft, lie\u00df Zsch\u00e4pe wissen. Daraufhin h\u00e4tten sie jedoch einfach weiterfahren k\u00f6nnen.<\/p>\n<p><!--more--><\/p>\n<p><em>An jedem Werktag sichten wir f\u00fcr das NSU-Prozess-Blog die Medien und stellen wichtige Berichte, Blogs, Videos und Tweets zusammen. Wir freuen uns \u00fcber Hinweise via Twitter mit dem Hashtag #nsublog \u2013 oder per E-Mail an <a href=\"mailto:nsublog@zeit.de\">nsublog@zeit.de<\/a>.<\/em><\/p>\n<p>Holger G., teilte die Angeklagte mit, habe gewusst, dass sich das Trio mit Bank\u00fcberf\u00e4llen finanzierte, von den Morden und Anschl\u00e4gen habe er jedoch nichts erfahren. Zsch\u00e4pe widersprach seiner Aussage vom Prozessbeginn, laut der sie bei der \u00dcbergabe einer von ihm \u00fcberbrachten Pistole dabei gewesen sei.<\/p>\n<p>Auch sprach Zsch\u00e4pe von der gemeinsamen Kasse des NSU-Trios, auf die ihrer Aussage zufolge alle drei Zugriff hatten \u2013 w\u00e4hrend die Anklage ihr vorwirft, sie sei Verwalterin der Beute aus den <a href=\"https:\/\/blog.zeit.de\/nsu-prozess-blog\/2016\/02\/17\/dann-knalle-ich-dich-ab\/\">Bank\u00fcberf\u00e4llen<\/a> gewesen. &#8222;In Zsch\u00e4pes Erkl\u00e4rungen geht es um Halbs\u00e4tze, um scheinbare Nebens\u00e4chlichkeiten, die dennoch viel bedeuten k\u00f6nnen&#8220;, kommentiert Annette Ramelsberger von der <a href=\"http:\/\/www.sueddeutsche.de\/politik\/nsu-prozess-beinahe-geschnappt-1.2991309\" target=\"_blank\"><em>S\u00fcddeutschen Zeitung<\/em><\/a>. Die Angeklagte habe sich so abermals &#8222;als abh\u00e4ngige Frau in diesem Haushalt&#8220; dargestellt.<\/p>\n<blockquote class=\"twitter-tweet\" data-lang=\"de\">\n<p dir=\"ltr\" lang=\"de\">Ansonsten beinhalten die Ausf\u00fchrungen Zsch\u00e4pes\/Borcherts nur Bekanntes oder geben eigene Unkenntnis vor. <a href=\"https:\/\/twitter.com\/hashtag\/nsu?src=hash\">#nsu<\/a><\/p>\n<p>\u2014 NSU Watch (@nsuwatch) <a href=\"https:\/\/twitter.com\/nsuwatch\/status\/730694286673612800\">12. Mai 2016<\/a><\/p><\/blockquote>\n<p><script src=\"\/\/platform.twitter.com\/widgets.js\" async=\"\" charset=\"utf-8\"><\/script><\/p>\n<p>Wir bei <a href=\"https:\/\/blog.zeit.de\/nsu-prozess-blog\/2016\/05\/12\/als-zschape-die-festnahme-furchtete\" target=\"_blank\">ZEIT ONLINE<\/a> stellen Zsch\u00e4pes verlesene \u00c4u\u00dferungen in Zusammenhang mit der Beschreibung, die eine ehemalige Mitinsassin <a href=\"http:\/\/www.zeit.de\/2016\/21\/beate-zschaepe-profil-inhaftierte-muenchen-stadelheim-nsu-prozess\">in der ZEIT \u00fcber sie abgab<\/a> \u2013 demnach sei sie keineswegs unbeteiligt, sondern h\u00f6chst kommunikativ und manipulativ. Nach ihren Aussagen &#8222;bleibt kein Eindruck von ihr, keine Ahnung \u00fcber ihre Person. Was umso \u00e4rgerlicher ist, da in ihren Einlassungen meist nur wenig Substantielles oder Glaubw\u00fcrdiges steckt&#8220;. Zur m\u00f6glichen Festnahme in Hannover fragen wir uns, &#8222;ob sich die Kontrolle tats\u00e4chlich in dieser Form ereignet hat \u2013 oder ob Zsch\u00e4pe und ihre Anw\u00e4lte einen Versuch unternommen haben, die m\u00f6gliche Schuld der Angeklagten durch Anf\u00fchrung von Ermittlungsfehlern zu relativieren&#8220;.<\/p>\n<p>Bei den Besuchen von Holger G. sei es bisweilen auch launig mit Doppelkopfrunden zugegangen, berichtete Zsch\u00e4pe. &#8222;Was f\u00fcr ein herrliches R\u00e4uberleben muss das gewesen sein&#8220;, merkt Eckhart Querner vom <a href=\"http:\/\/www.br.de\/nachrichten\/nsu-prozess\/160512-tagebuch-gerichtsreporter-104.html\" target=\"_blank\">Bayerischen Rundfunk<\/a> an. Zudem stand ihren Angaben nach f\u00fcr Ausgaben eine Geldkassette mit 5.000 bis 10.000 Euro Inhalt in der Wohnung zur Verf\u00fcgung. &#8222;Paradiesische Zust\u00e4nde, k\u00f6nnte man meinen.&#8220; Fragen zur \u00dcbergabe einer Waffe durch Holger G. seien der Angeklagten hingegen &#8222;ungelegen&#8220; gekommen.<\/p>\n<p>Die t\u00fcrkische Zeitung <a href=\"http:\/\/www.sabahdeutsch.de\/nsu-skandale-gehen-weiter-hochwasser-schluckt-akte-corelli-handy-ruht-zwei-jahre-im-safe\/\" target=\"_blank\"><em>Sabah<\/em><\/a> widmet sich in einem Artikel den j\u00fcngsten Enth\u00fcllungen zu Verfehlungen beim Verfassungsschutz und seinen V-M\u00e4nnern \u2013 es geht um eine <a href=\"https:\/\/blog.zeit.de\/nsu-prozess-blog\/2016\/05\/10\/medienlog-akte-primus-untersuchungsausschuss-nsu\/\">verschwundene Akte<\/a> und ein <a href=\"https:\/\/blog.zeit.de\/nsu-prozess-blog\/2016\/05\/12\/medienlog-v-mann-primus-zschaepe-haft-nsu\/\">vergessenes Handy<\/a>. Diese F\u00e4lle &#8222;lassen weit verbreitete Vermutungen nicht verstummen, wonach staatliche Stellen versuchen w\u00fcrden, Hinweise auf eine m\u00f6gliche kritische N\u00e4he zu Teilen des NSU-Komplexes zu vertuschen&#8220;, hei\u00dft es. Zumindest bei dem wiederentdeckten Handy, das einem V-Mann geh\u00f6rte, gebe es nun noch eine Chance zur Auswertung.<\/p>\n<p><em>Das n\u00e4chste Medienlog erscheint am Dienstag, 17. Mai 2016.<\/em><\/p>\n","protected":false},"excerpt":{"rendered":"<p>Erneut hat Beate Zsch\u00e4pe Antworten auf Fragen von Richter Manfred G\u00f6tzl gegeben. Darin ging es in weiten Teilen um das Verh\u00e4ltnis des Mitangeklagten Holger G. zum NSU-Trio. Zudem lie\u00df die Hauptangeklagte ihren Anwalt Hermann Borchert zu Protokoll geben, Zsch\u00e4pe, Uwe Mundlos und Uwe B\u00f6hnhardt seien 1998 nur zuf\u00e4llig einer Festnahme entgangen, weil sie in einem [&hellip;]<\/p>\n","protected":false},"author":435,"featured_media":0,"comment_status":"open","ping_status":"open","sticky":false,"template":"","format":"standard","meta":{"_jetpack_memberships_contains_paid_content":false,"footnotes":""},"categories":[27531],"tags":[17793,26396,668,27548,35363,17899,1836,35391],"class_list":["post-11381","post","type-post","status-publish","format-standard","hentry","category-medienschau","tag-beate-zschape","tag-festnahme","tag-hannover","tag-holger-g","tag-mathias-grasel","tag-v-mann","tag-verfassungsschutz","tag-zschape-aussage"],"yoast_head":"<!-- This site is optimized with the Yoast SEO plugin v21.0 - https:\/\/yoast.com\/wordpress\/plugins\/seo\/ -->\n<title>Verpasste Festnahme in Hannover? \u2013 Das Medienlog vom Freitag, 13. Mai 2016 - Das NSU-Prozess-Blog<\/title>\n<meta name=\"robots\" content=\"index, follow, max-snippet:-1, max-image-preview:large, max-video-preview:-1\" \/>\n<link rel=\"canonical\" href=\"https:\/\/blog.zeit.de\/nsu-prozess-blog\/2016\/05\/13\/medienlog-zschape-aussage-festnahme-nsu\/\" \/>\n<meta property=\"og:locale\" content=\"de_DE\" \/>\n<meta property=\"og:type\" content=\"article\" \/>\n<meta property=\"og:title\" content=\"Verpasste Festnahme in Hannover? \u2013 Das Medienlog vom Freitag, 13. Mai 2016 - Das NSU-Prozess-Blog\" \/>\n<meta property=\"og:description\" content=\"Erneut hat Beate Zsch\u00e4pe Antworten auf Fragen von Richter Manfred G\u00f6tzl gegeben. Darin ging es in weiten Teilen um das Verh\u00e4ltnis des Mitangeklagten Holger G. zum NSU-Trio. Zudem lie\u00df die Hauptangeklagte ihren Anwalt Hermann Borchert zu Protokoll geben, Zsch\u00e4pe, Uwe Mundlos und Uwe B\u00f6hnhardt seien 1998 nur zuf\u00e4llig einer Festnahme entgangen, weil sie in einem [&hellip;]\" \/>\n<meta property=\"og:url\" content=\"https:\/\/blog.zeit.de\/nsu-prozess-blog\/2016\/05\/13\/medienlog-zschape-aussage-festnahme-nsu\/\" \/>\n<meta property=\"og:site_name\" content=\"Das NSU-Prozess-Blog\" \/>\n<meta property=\"article:published_time\" content=\"2016-05-13T06:24:01+00:00\" \/>\n<meta property=\"article:modified_time\" content=\"2016-05-16T06:17:17+00:00\" \/>\n<meta name=\"author\" content=\"Tom Sundermann\" \/>\n<meta name=\"twitter:label1\" content=\"Geschrieben von\" \/>\n\t<meta name=\"twitter:data1\" content=\"Tom Sundermann\" \/>\n\t<meta name=\"twitter:label2\" content=\"Gesch\u00e4tzte Lesezeit\" \/>\n\t<meta name=\"twitter:data2\" content=\"3\u00a0Minuten\" \/>\n<script type=\"application\/ld+json\" class=\"yoast-schema-graph\">{\"@context\":\"https:\/\/schema.org\",\"@graph\":[{\"@type\":\"WebPage\",\"@id\":\"https:\/\/blog.zeit.de\/nsu-prozess-blog\/2016\/05\/13\/medienlog-zschape-aussage-festnahme-nsu\/\",\"url\":\"https:\/\/blog.zeit.de\/nsu-prozess-blog\/2016\/05\/13\/medienlog-zschape-aussage-festnahme-nsu\/\",\"name\":\"Verpasste Festnahme in Hannover? \u2013 Das Medienlog vom Freitag, 13. Mai 2016 - Das NSU-Prozess-Blog\",\"isPartOf\":{\"@id\":\"https:\/\/blog.zeit.de\/nsu-prozess-blog\/#website\"},\"datePublished\":\"2016-05-13T06:24:01+00:00\",\"dateModified\":\"2016-05-16T06:17:17+00:00\",\"author\":{\"@id\":\"https:\/\/blog.zeit.de\/nsu-prozess-blog\/#\/schema\/person\/553ea9bb5d1fc2ae054c589bd59380a5\"},\"breadcrumb\":{\"@id\":\"https:\/\/blog.zeit.de\/nsu-prozess-blog\/2016\/05\/13\/medienlog-zschape-aussage-festnahme-nsu\/#breadcrumb\"},\"inLanguage\":\"de\",\"potentialAction\":[{\"@type\":\"ReadAction\",\"target\":[\"https:\/\/blog.zeit.de\/nsu-prozess-blog\/2016\/05\/13\/medienlog-zschape-aussage-festnahme-nsu\/\"]}]},{\"@type\":\"BreadcrumbList\",\"@id\":\"https:\/\/blog.zeit.de\/nsu-prozess-blog\/2016\/05\/13\/medienlog-zschape-aussage-festnahme-nsu\/#breadcrumb\",\"itemListElement\":[{\"@type\":\"ListItem\",\"position\":1,\"name\":\"Startseite\",\"item\":\"https:\/\/blog.zeit.de\/nsu-prozess-blog\/\"},{\"@type\":\"ListItem\",\"position\":2,\"name\":\"Verpasste Festnahme in Hannover? \u2013 Das Medienlog vom Freitag, 13. Mai 2016\"}]},{\"@type\":\"WebSite\",\"@id\":\"https:\/\/blog.zeit.de\/nsu-prozess-blog\/#website\",\"url\":\"https:\/\/blog.zeit.de\/nsu-prozess-blog\/\",\"name\":\"Das NSU-Prozess-Blog\",\"description\":\"Alle Berichte zum Terrorverfahren in M\u00fcnchen\",\"potentialAction\":[{\"@type\":\"SearchAction\",\"target\":{\"@type\":\"EntryPoint\",\"urlTemplate\":\"https:\/\/blog.zeit.de\/nsu-prozess-blog\/?s={search_term_string}\"},\"query-input\":\"required name=search_term_string\"}],\"inLanguage\":\"de\"},{\"@type\":\"Person\",\"@id\":\"https:\/\/blog.zeit.de\/nsu-prozess-blog\/#\/schema\/person\/553ea9bb5d1fc2ae054c589bd59380a5\",\"name\":\"Tom Sundermann\",\"image\":{\"@type\":\"ImageObject\",\"inLanguage\":\"de\",\"@id\":\"https:\/\/blog.zeit.de\/nsu-prozess-blog\/#\/schema\/person\/image\/\",\"url\":\"https:\/\/secure.gravatar.com\/avatar\/e108a3dc18766f719b2f797dc5d19093f06a1870c55b553ab6b7563f1f9a5e68?s=96&d=mm&r=g\",\"contentUrl\":\"https:\/\/secure.gravatar.com\/avatar\/e108a3dc18766f719b2f797dc5d19093f06a1870c55b553ab6b7563f1f9a5e68?s=96&d=mm&r=g\",\"caption\":\"Tom Sundermann\"},\"sameAs\":[\"https:\/\/twitter.com\/messeticker\"],\"url\":\"https:\/\/blog.zeit.de\/nsu-prozess-blog\/author\/tsundermann\/\"}]}<\/script>\n<!-- \/ Yoast SEO plugin. -->","yoast_head_json":{"title":"Verpasste Festnahme in Hannover? \u2013 Das Medienlog vom Freitag, 13. Mai 2016 - Das NSU-Prozess-Blog","robots":{"index":"index","follow":"follow","max-snippet":"max-snippet:-1","max-image-preview":"max-image-preview:large","max-video-preview":"max-video-preview:-1"},"canonical":"https:\/\/blog.zeit.de\/nsu-prozess-blog\/2016\/05\/13\/medienlog-zschape-aussage-festnahme-nsu\/","og_locale":"de_DE","og_type":"article","og_title":"Verpasste Festnahme in Hannover? \u2013 Das Medienlog vom Freitag, 13. Mai 2016 - Das NSU-Prozess-Blog","og_description":"Erneut hat Beate Zsch\u00e4pe Antworten auf Fragen von Richter Manfred G\u00f6tzl gegeben. Darin ging es in weiten Teilen um das Verh\u00e4ltnis des Mitangeklagten Holger G. zum NSU-Trio. Zudem lie\u00df die Hauptangeklagte ihren Anwalt Hermann Borchert zu Protokoll geben, Zsch\u00e4pe, Uwe Mundlos und Uwe B\u00f6hnhardt seien 1998 nur zuf\u00e4llig einer Festnahme entgangen, weil sie in einem [&hellip;]","og_url":"https:\/\/blog.zeit.de\/nsu-prozess-blog\/2016\/05\/13\/medienlog-zschape-aussage-festnahme-nsu\/","og_site_name":"Das NSU-Prozess-Blog","article_published_time":"2016-05-13T06:24:01+00:00","article_modified_time":"2016-05-16T06:17:17+00:00","author":"Tom Sundermann","twitter_misc":{"Geschrieben von":"Tom Sundermann","Gesch\u00e4tzte Lesezeit":"3\u00a0Minuten"},"schema":{"@context":"https:\/\/schema.org","@graph":[{"@type":"WebPage","@id":"https:\/\/blog.zeit.de\/nsu-prozess-blog\/2016\/05\/13\/medienlog-zschape-aussage-festnahme-nsu\/","url":"https:\/\/blog.zeit.de\/nsu-prozess-blog\/2016\/05\/13\/medienlog-zschape-aussage-festnahme-nsu\/","name":"Verpasste Festnahme in Hannover? \u2013 Das Medienlog vom Freitag, 13. Mai 2016 - Das NSU-Prozess-Blog","isPartOf":{"@id":"https:\/\/blog.zeit.de\/nsu-prozess-blog\/#website"},"datePublished":"2016-05-13T06:24:01+00:00","dateModified":"2016-05-16T06:17:17+00:00","author":{"@id":"https:\/\/blog.zeit.de\/nsu-prozess-blog\/#\/schema\/person\/553ea9bb5d1fc2ae054c589bd59380a5"},"breadcrumb":{"@id":"https:\/\/blog.zeit.de\/nsu-prozess-blog\/2016\/05\/13\/medienlog-zschape-aussage-festnahme-nsu\/#breadcrumb"},"inLanguage":"de","potentialAction":[{"@type":"ReadAction","target":["https:\/\/blog.zeit.de\/nsu-prozess-blog\/2016\/05\/13\/medienlog-zschape-aussage-festnahme-nsu\/"]}]},{"@type":"BreadcrumbList","@id":"https:\/\/blog.zeit.de\/nsu-prozess-blog\/2016\/05\/13\/medienlog-zschape-aussage-festnahme-nsu\/#breadcrumb","itemListElement":[{"@type":"ListItem","position":1,"name":"Startseite","item":"https:\/\/blog.zeit.de\/nsu-prozess-blog\/"},{"@type":"ListItem","position":2,"name":"Verpasste Festnahme in Hannover? \u2013 Das Medienlog vom Freitag, 13. Mai 2016"}]},{"@type":"WebSite","@id":"https:\/\/blog.zeit.de\/nsu-prozess-blog\/#website","url":"https:\/\/blog.zeit.de\/nsu-prozess-blog\/","name":"Das NSU-Prozess-Blog","description":"Alle Berichte zum Terrorverfahren in M\u00fcnchen","potentialAction":[{"@type":"SearchAction","target":{"@type":"EntryPoint","urlTemplate":"https:\/\/blog.zeit.de\/nsu-prozess-blog\/?s={search_term_string}"},"query-input":"required name=search_term_string"}],"inLanguage":"de"},{"@type":"Person","@id":"https:\/\/blog.zeit.de\/nsu-prozess-blog\/#\/schema\/person\/553ea9bb5d1fc2ae054c589bd59380a5","name":"Tom Sundermann","image":{"@type":"ImageObject","inLanguage":"de","@id":"https:\/\/blog.zeit.de\/nsu-prozess-blog\/#\/schema\/person\/image\/","url":"https:\/\/secure.gravatar.com\/avatar\/e108a3dc18766f719b2f797dc5d19093f06a1870c55b553ab6b7563f1f9a5e68?s=96&d=mm&r=g","contentUrl":"https:\/\/secure.gravatar.com\/avatar\/e108a3dc18766f719b2f797dc5d19093f06a1870c55b553ab6b7563f1f9a5e68?s=96&d=mm&r=g","caption":"Tom Sundermann"},"sameAs":["https:\/\/twitter.com\/messeticker"],"url":"https:\/\/blog.zeit.de\/nsu-prozess-blog\/author\/tsundermann\/"}]}},"jetpack_featured_media_url":"","jetpack_sharing_enabled":true,"_links":{"self":[{"href":"https:\/\/blog.zeit.de\/nsu-prozess-blog\/wp-json\/wp\/v2\/posts\/11381","targetHints":{"allow":["GET"]}}],"collection":[{"href":"https:\/\/blog.zeit.de\/nsu-prozess-blog\/wp-json\/wp\/v2\/posts"}],"about":[{"href":"https:\/\/blog.zeit.de\/nsu-prozess-blog\/wp-json\/wp\/v2\/types\/post"}],"author":[{"embeddable":true,"href":"https:\/\/blog.zeit.de\/nsu-prozess-blog\/wp-json\/wp\/v2\/users\/435"}],"replies":[{"embeddable":true,"href":"https:\/\/blog.zeit.de\/nsu-prozess-blog\/wp-json\/wp\/v2\/comments?post=11381"}],"version-history":[{"count":13,"href":"https:\/\/blog.zeit.de\/nsu-prozess-blog\/wp-json\/wp\/v2\/posts\/11381\/revisions"}],"predecessor-version":[{"id":11414,"href":"https:\/\/blog.zeit.de\/nsu-prozess-blog\/wp-json\/wp\/v2\/posts\/11381\/revisions\/11414"}],"wp:attachment":[{"href":"https:\/\/blog.zeit.de\/nsu-prozess-blog\/wp-json\/wp\/v2\/media?parent=11381"}],"wp:term":[{"taxonomy":"category","embeddable":true,"href":"https:\/\/blog.zeit.de\/nsu-prozess-blog\/wp-json\/wp\/v2\/categories?post=11381"},{"taxonomy":"post_tag","embeddable":true,"href":"https:\/\/blog.zeit.de\/nsu-prozess-blog\/wp-json\/wp\/v2\/tags?post=11381"}],"curies":[{"name":"wp","href":"https:\/\/api.w.org\/{rel}","templated":true}]}}