{"id":11429,"date":"2016-05-31T07:00:26","date_gmt":"2016-05-31T05:00:26","guid":{"rendered":"http:\/\/blog.zeit.de\/nsu-prozess-blog\/?p=11429"},"modified":"2016-05-31T09:36:15","modified_gmt":"2016-05-31T07:36:15","slug":"284-prozesstag-terroristen-im-urlaub","status":"publish","type":"post","link":"https:\/\/blog.zeit.de\/nsu-prozess-blog\/2016\/05\/31\/284-prozesstag-terroristen-im-urlaub\/","title":{"rendered":"284. Prozesstag \u2013 Terroristen im Urlaub"},"content":{"rendered":"<p>Immer wieder zog es Beate Zsch\u00e4pe, Uwe Mundlos und Uwe B\u00f6hnhardt auf einen Campingplatz auf der Ostseeinsel Fehmarn \u2013 <a href=\"http:\/\/www.zeit.de\/politik\/deutschland\/2013-11\/nsu-prozess-camping-zeugen\">der NSU machte Urlaub<\/a> mit dem Wohnmobil. Eine der Reisen greift das Gericht heute heraus: Auch 2004 waren f\u00fcr das Trio Ferien angesagt. Fotos aus der Zeit sollen die drei gl\u00fccklich und vertraut zeigen, wie Anw\u00e4lte der Nebenklage <a href=\"https:\/\/blog.zeit.de\/nsu-prozess-blog\/2016\/05\/12\/medienlog-v-mann-primus-zschaepe-haft-nsu\/\">zuvor ge\u00e4u\u00dfert hatten<\/a> \u2013 obwohl die beiden M\u00e4nner kurz zuvor den <a href=\"https:\/\/blog.zeit.de\/nsu-prozess-blog\/2015\/01\/20\/jahrelang-im-verdacht\/\">K\u00f6lner Nagelbombenanschlag von 2004<\/a> ver\u00fcbt hatten. Zsch\u00e4pe hatte in ihrer <a href=\"http:\/\/www.zeit.de\/politik\/ausland\/2015-12\/beate-schaepe-aussage-bewertung\">Aussage vom Dezember<\/a> mitgeteilt, sie sei &#8222;entsetzt&#8220; gewesen, nachdem ihre Komplizen ihr von der Tat erz\u00e4hlt hatten.<\/p>\n<p>Vor Gericht erscheinen heute zwei Ermittler, die Indizien zum Sommerurlaub gesammelt haben, au\u00dferdem der Vermieter eines Wohnwagens. Es geht um den Aufenthalt des Trios in Schleswig-Holstein und die Miete von Fahrzeugen.<\/p>\n<p>Ein Polizist, der ebenfalls als Zeuge geladen ist, berichtet zudem \u00fcber einen <a href=\"https:\/\/blog.zeit.de\/nsu-prozess-blog\/2016\/02\/17\/dann-knalle-ich-dich-ab\/\">Bank\u00fcberfall<\/a>, den Uwe Mundlos und Uwe B\u00f6hnhardt begangen haben sollen. Am 5. Juli 2001 \u00fcberfielen sie laut Anklage eine Sparkasse in Zwickau.<\/p>\n<p><em>ZEIT ONLINE berichtet aus M\u00fcnchen und fasst den Prozesstag am Abend auf diesem Blog zusammen. Informationen aus der Verhandlung gibt es <a href=\"https:\/\/twitter.com\/zeitonline\/lists\/nsu-prozess\">via Twitter hier<\/a>. Weitere Berichte stellen wir morgen im <a href=\"https:\/\/blog.zeit.de\/nsu-prozess-blog\/category\/medienschau\/\">NSU-Medienlog<\/a> zusammen.<\/em><\/p>\n","protected":false},"excerpt":{"rendered":"<p>Immer wieder zog es Beate Zsch\u00e4pe, Uwe Mundlos und Uwe B\u00f6hnhardt auf einen Campingplatz auf der Ostseeinsel Fehmarn \u2013 der NSU machte Urlaub mit dem Wohnmobil. Eine der Reisen greift das Gericht heute heraus: Auch 2004 waren f\u00fcr das Trio Ferien angesagt. Fotos aus der Zeit sollen die drei gl\u00fccklich und vertraut zeigen, wie Anw\u00e4lte [&hellip;]<\/p>\n","protected":false},"author":435,"featured_media":0,"comment_status":"open","ping_status":"open","sticky":false,"template":"","format":"standard","meta":{"_jetpack_memberships_contains_paid_content":false,"footnotes":""},"categories":[27532],"tags":[29457,27562,29477,34235,124,29451,27560],"class_list":["post-11429","post","type-post","status-publish","format-standard","hentry","category-prozesstage","tag-bankuberfall","tag-bka","tag-fehman","tag-uberfall","tag-urlaub","tag-wohnmobil","tag-zwickau"],"yoast_head":"<!-- This site is optimized with the Yoast SEO plugin v21.0 - https:\/\/yoast.com\/wordpress\/plugins\/seo\/ -->\n<title>284. Prozesstag \u2013 Terroristen im Urlaub - Das NSU-Prozess-Blog<\/title>\n<meta name=\"robots\" content=\"index, follow, max-snippet:-1, max-image-preview:large, max-video-preview:-1\" \/>\n<link rel=\"canonical\" href=\"https:\/\/blog.zeit.de\/nsu-prozess-blog\/2016\/05\/31\/284-prozesstag-terroristen-im-urlaub\/\" \/>\n<meta property=\"og:locale\" content=\"de_DE\" \/>\n<meta property=\"og:type\" content=\"article\" \/>\n<meta property=\"og:title\" content=\"284. Prozesstag \u2013 Terroristen im Urlaub - Das NSU-Prozess-Blog\" \/>\n<meta property=\"og:description\" content=\"Immer wieder zog es Beate Zsch\u00e4pe, Uwe Mundlos und Uwe B\u00f6hnhardt auf einen Campingplatz auf der Ostseeinsel Fehmarn \u2013 der NSU machte Urlaub mit dem Wohnmobil. Eine der Reisen greift das Gericht heute heraus: Auch 2004 waren f\u00fcr das Trio Ferien angesagt. Fotos aus der Zeit sollen die drei gl\u00fccklich und vertraut zeigen, wie Anw\u00e4lte [&hellip;]\" \/>\n<meta property=\"og:url\" content=\"https:\/\/blog.zeit.de\/nsu-prozess-blog\/2016\/05\/31\/284-prozesstag-terroristen-im-urlaub\/\" \/>\n<meta property=\"og:site_name\" content=\"Das NSU-Prozess-Blog\" \/>\n<meta property=\"article:published_time\" content=\"2016-05-31T05:00:26+00:00\" \/>\n<meta property=\"article:modified_time\" content=\"2016-05-31T07:36:15+00:00\" \/>\n<meta name=\"author\" content=\"Tom Sundermann\" \/>\n<meta name=\"twitter:label1\" content=\"Geschrieben von\" \/>\n\t<meta name=\"twitter:data1\" content=\"Tom Sundermann\" \/>\n\t<meta name=\"twitter:label2\" content=\"Gesch\u00e4tzte Lesezeit\" \/>\n\t<meta name=\"twitter:data2\" content=\"1\u00a0Minute\" \/>\n<script type=\"application\/ld+json\" class=\"yoast-schema-graph\">{\"@context\":\"https:\/\/schema.org\",\"@graph\":[{\"@type\":\"WebPage\",\"@id\":\"https:\/\/blog.zeit.de\/nsu-prozess-blog\/2016\/05\/31\/284-prozesstag-terroristen-im-urlaub\/\",\"url\":\"https:\/\/blog.zeit.de\/nsu-prozess-blog\/2016\/05\/31\/284-prozesstag-terroristen-im-urlaub\/\",\"name\":\"284. Prozesstag \u2013 Terroristen im Urlaub - Das NSU-Prozess-Blog\",\"isPartOf\":{\"@id\":\"https:\/\/blog.zeit.de\/nsu-prozess-blog\/#website\"},\"datePublished\":\"2016-05-31T05:00:26+00:00\",\"dateModified\":\"2016-05-31T07:36:15+00:00\",\"author\":{\"@id\":\"https:\/\/blog.zeit.de\/nsu-prozess-blog\/#\/schema\/person\/553ea9bb5d1fc2ae054c589bd59380a5\"},\"breadcrumb\":{\"@id\":\"https:\/\/blog.zeit.de\/nsu-prozess-blog\/2016\/05\/31\/284-prozesstag-terroristen-im-urlaub\/#breadcrumb\"},\"inLanguage\":\"de\",\"potentialAction\":[{\"@type\":\"ReadAction\",\"target\":[\"https:\/\/blog.zeit.de\/nsu-prozess-blog\/2016\/05\/31\/284-prozesstag-terroristen-im-urlaub\/\"]}]},{\"@type\":\"BreadcrumbList\",\"@id\":\"https:\/\/blog.zeit.de\/nsu-prozess-blog\/2016\/05\/31\/284-prozesstag-terroristen-im-urlaub\/#breadcrumb\",\"itemListElement\":[{\"@type\":\"ListItem\",\"position\":1,\"name\":\"Startseite\",\"item\":\"https:\/\/blog.zeit.de\/nsu-prozess-blog\/\"},{\"@type\":\"ListItem\",\"position\":2,\"name\":\"284. Prozesstag \u2013 Terroristen im Urlaub\"}]},{\"@type\":\"WebSite\",\"@id\":\"https:\/\/blog.zeit.de\/nsu-prozess-blog\/#website\",\"url\":\"https:\/\/blog.zeit.de\/nsu-prozess-blog\/\",\"name\":\"Das NSU-Prozess-Blog\",\"description\":\"Alle Berichte zum Terrorverfahren in M\u00fcnchen\",\"potentialAction\":[{\"@type\":\"SearchAction\",\"target\":{\"@type\":\"EntryPoint\",\"urlTemplate\":\"https:\/\/blog.zeit.de\/nsu-prozess-blog\/?s={search_term_string}\"},\"query-input\":\"required name=search_term_string\"}],\"inLanguage\":\"de\"},{\"@type\":\"Person\",\"@id\":\"https:\/\/blog.zeit.de\/nsu-prozess-blog\/#\/schema\/person\/553ea9bb5d1fc2ae054c589bd59380a5\",\"name\":\"Tom Sundermann\",\"image\":{\"@type\":\"ImageObject\",\"inLanguage\":\"de\",\"@id\":\"https:\/\/blog.zeit.de\/nsu-prozess-blog\/#\/schema\/person\/image\/\",\"url\":\"https:\/\/secure.gravatar.com\/avatar\/e108a3dc18766f719b2f797dc5d19093f06a1870c55b553ab6b7563f1f9a5e68?s=96&d=mm&r=g\",\"contentUrl\":\"https:\/\/secure.gravatar.com\/avatar\/e108a3dc18766f719b2f797dc5d19093f06a1870c55b553ab6b7563f1f9a5e68?s=96&d=mm&r=g\",\"caption\":\"Tom Sundermann\"},\"sameAs\":[\"https:\/\/twitter.com\/messeticker\"],\"url\":\"https:\/\/blog.zeit.de\/nsu-prozess-blog\/author\/tsundermann\/\"}]}<\/script>\n<!-- \/ Yoast SEO plugin. -->","yoast_head_json":{"title":"284. Prozesstag \u2013 Terroristen im Urlaub - Das NSU-Prozess-Blog","robots":{"index":"index","follow":"follow","max-snippet":"max-snippet:-1","max-image-preview":"max-image-preview:large","max-video-preview":"max-video-preview:-1"},"canonical":"https:\/\/blog.zeit.de\/nsu-prozess-blog\/2016\/05\/31\/284-prozesstag-terroristen-im-urlaub\/","og_locale":"de_DE","og_type":"article","og_title":"284. Prozesstag \u2013 Terroristen im Urlaub - Das NSU-Prozess-Blog","og_description":"Immer wieder zog es Beate Zsch\u00e4pe, Uwe Mundlos und Uwe B\u00f6hnhardt auf einen Campingplatz auf der Ostseeinsel Fehmarn \u2013 der NSU machte Urlaub mit dem Wohnmobil. Eine der Reisen greift das Gericht heute heraus: Auch 2004 waren f\u00fcr das Trio Ferien angesagt. Fotos aus der Zeit sollen die drei gl\u00fccklich und vertraut zeigen, wie Anw\u00e4lte [&hellip;]","og_url":"https:\/\/blog.zeit.de\/nsu-prozess-blog\/2016\/05\/31\/284-prozesstag-terroristen-im-urlaub\/","og_site_name":"Das NSU-Prozess-Blog","article_published_time":"2016-05-31T05:00:26+00:00","article_modified_time":"2016-05-31T07:36:15+00:00","author":"Tom Sundermann","twitter_misc":{"Geschrieben von":"Tom Sundermann","Gesch\u00e4tzte Lesezeit":"1\u00a0Minute"},"schema":{"@context":"https:\/\/schema.org","@graph":[{"@type":"WebPage","@id":"https:\/\/blog.zeit.de\/nsu-prozess-blog\/2016\/05\/31\/284-prozesstag-terroristen-im-urlaub\/","url":"https:\/\/blog.zeit.de\/nsu-prozess-blog\/2016\/05\/31\/284-prozesstag-terroristen-im-urlaub\/","name":"284. Prozesstag \u2013 Terroristen im Urlaub - Das NSU-Prozess-Blog","isPartOf":{"@id":"https:\/\/blog.zeit.de\/nsu-prozess-blog\/#website"},"datePublished":"2016-05-31T05:00:26+00:00","dateModified":"2016-05-31T07:36:15+00:00","author":{"@id":"https:\/\/blog.zeit.de\/nsu-prozess-blog\/#\/schema\/person\/553ea9bb5d1fc2ae054c589bd59380a5"},"breadcrumb":{"@id":"https:\/\/blog.zeit.de\/nsu-prozess-blog\/2016\/05\/31\/284-prozesstag-terroristen-im-urlaub\/#breadcrumb"},"inLanguage":"de","potentialAction":[{"@type":"ReadAction","target":["https:\/\/blog.zeit.de\/nsu-prozess-blog\/2016\/05\/31\/284-prozesstag-terroristen-im-urlaub\/"]}]},{"@type":"BreadcrumbList","@id":"https:\/\/blog.zeit.de\/nsu-prozess-blog\/2016\/05\/31\/284-prozesstag-terroristen-im-urlaub\/#breadcrumb","itemListElement":[{"@type":"ListItem","position":1,"name":"Startseite","item":"https:\/\/blog.zeit.de\/nsu-prozess-blog\/"},{"@type":"ListItem","position":2,"name":"284. Prozesstag \u2013 Terroristen im Urlaub"}]},{"@type":"WebSite","@id":"https:\/\/blog.zeit.de\/nsu-prozess-blog\/#website","url":"https:\/\/blog.zeit.de\/nsu-prozess-blog\/","name":"Das NSU-Prozess-Blog","description":"Alle Berichte zum Terrorverfahren in M\u00fcnchen","potentialAction":[{"@type":"SearchAction","target":{"@type":"EntryPoint","urlTemplate":"https:\/\/blog.zeit.de\/nsu-prozess-blog\/?s={search_term_string}"},"query-input":"required name=search_term_string"}],"inLanguage":"de"},{"@type":"Person","@id":"https:\/\/blog.zeit.de\/nsu-prozess-blog\/#\/schema\/person\/553ea9bb5d1fc2ae054c589bd59380a5","name":"Tom Sundermann","image":{"@type":"ImageObject","inLanguage":"de","@id":"https:\/\/blog.zeit.de\/nsu-prozess-blog\/#\/schema\/person\/image\/","url":"https:\/\/secure.gravatar.com\/avatar\/e108a3dc18766f719b2f797dc5d19093f06a1870c55b553ab6b7563f1f9a5e68?s=96&d=mm&r=g","contentUrl":"https:\/\/secure.gravatar.com\/avatar\/e108a3dc18766f719b2f797dc5d19093f06a1870c55b553ab6b7563f1f9a5e68?s=96&d=mm&r=g","caption":"Tom Sundermann"},"sameAs":["https:\/\/twitter.com\/messeticker"],"url":"https:\/\/blog.zeit.de\/nsu-prozess-blog\/author\/tsundermann\/"}]}},"jetpack_featured_media_url":"","jetpack_sharing_enabled":true,"_links":{"self":[{"href":"https:\/\/blog.zeit.de\/nsu-prozess-blog\/wp-json\/wp\/v2\/posts\/11429","targetHints":{"allow":["GET"]}}],"collection":[{"href":"https:\/\/blog.zeit.de\/nsu-prozess-blog\/wp-json\/wp\/v2\/posts"}],"about":[{"href":"https:\/\/blog.zeit.de\/nsu-prozess-blog\/wp-json\/wp\/v2\/types\/post"}],"author":[{"embeddable":true,"href":"https:\/\/blog.zeit.de\/nsu-prozess-blog\/wp-json\/wp\/v2\/users\/435"}],"replies":[{"embeddable":true,"href":"https:\/\/blog.zeit.de\/nsu-prozess-blog\/wp-json\/wp\/v2\/comments?post=11429"}],"version-history":[{"count":2,"href":"https:\/\/blog.zeit.de\/nsu-prozess-blog\/wp-json\/wp\/v2\/posts\/11429\/revisions"}],"predecessor-version":[{"id":11440,"href":"https:\/\/blog.zeit.de\/nsu-prozess-blog\/wp-json\/wp\/v2\/posts\/11429\/revisions\/11440"}],"wp:attachment":[{"href":"https:\/\/blog.zeit.de\/nsu-prozess-blog\/wp-json\/wp\/v2\/media?parent=11429"}],"wp:term":[{"taxonomy":"category","embeddable":true,"href":"https:\/\/blog.zeit.de\/nsu-prozess-blog\/wp-json\/wp\/v2\/categories?post=11429"},{"taxonomy":"post_tag","embeddable":true,"href":"https:\/\/blog.zeit.de\/nsu-prozess-blog\/wp-json\/wp\/v2\/tags?post=11429"}],"curies":[{"name":"wp","href":"https:\/\/api.w.org\/{rel}","templated":true}]}}