{"id":11456,"date":"2016-06-02T08:48:28","date_gmt":"2016-06-02T06:48:28","guid":{"rendered":"http:\/\/blog.zeit.de\/nsu-prozess-blog\/?p=11456"},"modified":"2016-06-02T11:54:45","modified_gmt":"2016-06-02T09:54:45","slug":"medienlog-ceska-bka-befragung-nsu","status":"publish","type":"post","link":"https:\/\/blog.zeit.de\/nsu-prozess-blog\/2016\/06\/02\/medienlog-ceska-bka-befragung-nsu\/","title":{"rendered":"Verteidiger nehmen Zeugin in die Mangel \u2013 Das Medienlog vom Donnerstag, 2. Juni 2016"},"content":{"rendered":"<p>Der <a href=\"http:\/\/www.zeit.de\/gesellschaft\/zeitgeschehen\/2013-06\/nsu-prozess-tag-5\">Mitangeklagte Carsten S.<\/a> war am Mittwoch Thema im NSU-Prozess: Als Zeugin sagte eine Ermittlerin des Bundeskriminalamts aus, die bei einer Vernehmung des Beschuldigten im Jahr 2012 dabei war. S. hatte bereits zu Prozessbeginn ausgesagt und dabei den ebenfalls angeklagten Ralf Wohlleben bezichtigt, ihn mit dem Kauf der <a href=\"http:\/\/www.zeit.de\/gesellschaft\/zeitgeschehen\/2013-10\/nsu-prozess-tag47\">NSU-Mordwaffe<\/a> beauftragt zu haben \u2013 was dieser bestreitet.<\/p>\n<p>Wohllebens Verteidigung &#8222;versuchte, die Angaben der Polizistin zu ersch\u00fcttern, um so Zweifel an der Glaubw\u00fcrdigkeit des Kronzeugen Carsten S. zu s\u00e4en&#8220;, berichtet Tim A\u00dfmann vom <a href=\"http:\/\/www.br.de\/nachrichten\/nsu-prozess\/160601-tagebuch-gerichtsreporter-100.html\" target=\"_blank\">Bayerischen Rundfunk<\/a>. Anwalt Olaf Klemke fragte &#8222;sehr konfrontativ&#8220;, die erfahrene Kriminalistin &#8222;wirkte in ihren Antworten nicht immer sehr sicher&#8220;.<\/p>\n<p><!--more--><\/p>\n<p><em>An jedem Werktag sichten wir f\u00fcr das NSU-Prozess-Blog die Medien und stellen wichtige Berichte, Blogs, Videos und Tweets zusammen. Wir freuen uns \u00fcber Hinweise via Twitter mit dem Hashtag #nsublog \u2013 oder per E-Mail an <a href=\"mailto:nsublog@zeit.de\">nsublog@zeit.de<\/a>.<\/em><\/p>\n<p>Am kommenden Dienstag soll der Th\u00fcringer Neonazi und fr\u00fchere V-Mann <a href=\"https:\/\/blog.zeit.de\/nsu-prozess-blog\/2014\/07\/15\/v-mann-ueber-zschaepe-keine-dumme-hausfrau\/\">Tino Brandt<\/a> erneut im NSU-Prozess aussagen, wie <a href=\"http:\/\/www.pnp.de\/2093726\" target=\"_blank\">dpa berichtet<\/a>. In Fragen an ihn d\u00fcrfte es ebenfalls um Wohlleben und S. gehen. Wohlleben hatte in seiner <a href=\"https:\/\/blog.zeit.de\/nsu-prozess-blog\/2015\/12\/16\/aussage-nach-zschapes-vorbild\/\">Aussage im Dezember<\/a> berichtet, dass Brandt S. das Geld f\u00fcr die Waffe gegeben haben k\u00f6nnte \u2013 und nicht er selbst, wie von S. behauptet.<\/p>\n<p>Um Wohlleben selbst geht es demn\u00e4chst \u2013 erneut \u2013 vor dem Bundesgerichtshof. Dort soll entschieden werden, ob der Mitangeklagte weiter in Untersuchungshaft bleibt, hei\u00dft es bei <a href=\"http:\/\/www.focus.de\/regional\/bayern\/prozesse-bgh-soll-ueber-weitere-u-haft-fuer-wohlleben-entscheiden_id_5585932.html\" target=\"_blank\">dpa<\/a>. Den Entscheid beantragte die Bundesanwaltschaft, die Wohlleben weiter f\u00fcr verd\u00e4chtig h\u00e4lt und ihn in Haft behalten will. Die Verteidiger des Angeklagten hatten zuvor <a href=\"https:\/\/blog.zeit.de\/nsu-prozess-blog\/2016\/01\/20\/medienlog-wohlleben-u-haft-antrag\/\">mehrfach versucht<\/a>, ihren Mandanten aus dem Gef\u00e4ngnis zu bekommen.<\/p>\n<p>Neue mysteri\u00f6se Wendung im Fall des <a href=\"https:\/\/blog.zeit.de\/nsu-prozess-blog\/2014\/10\/06\/die-verstrickungen-des-toten-v-manns\/\">V-Manns Corelli<\/a>: Nachdem Mitarbeiter des Bundesverfassungsschutzes k\u00fcrzlich <a href=\"https:\/\/blog.zeit.de\/nsu-prozess-blog\/2016\/05\/12\/medienlog-v-mann-primus-zschaepe-haft-nsu\/\">das Mobiltelefon des Informanten wiedergefunden<\/a> hatten, sind nun offenbar auch die zugeh\u00f6rigen SIM-Karten aufgetaucht, wie es <a href=\"http:\/\/www.sueddeutsche.de\/politik\/nsu-prozess-corelli-fund-das-raetsel-um-die-sim-karten-1.3015236\" target=\"_blank\">in mehreren Medienberichten<\/a> hei\u00dft. Bundesinnenminister Thomas des Maizi\u00e8re k\u00fcndigte daraufhin an, den Fall durch Mitarbeiter seiner Beh\u00f6rde untersuchen zu lassen.<\/p>\n<p><em>Das n\u00e4chste Medienlog erscheint am Freitag, 3. Juni 2016.<\/em><\/p>\n","protected":false},"excerpt":{"rendered":"<p>Der Mitangeklagte Carsten S. war am Mittwoch Thema im NSU-Prozess: Als Zeugin sagte eine Ermittlerin des Bundeskriminalamts aus, die bei einer Vernehmung des Beschuldigten im Jahr 2012 dabei war. S. hatte bereits zu Prozessbeginn ausgesagt und dabei den ebenfalls angeklagten Ralf Wohlleben bezichtigt, ihn mit dem Kauf der NSU-Mordwaffe beauftragt zu haben \u2013 was dieser [&hellip;]<\/p>\n","protected":false},"author":435,"featured_media":0,"comment_status":"open","ping_status":"open","sticky":false,"template":"","format":"standard","meta":{"_jetpack_memberships_contains_paid_content":false,"footnotes":""},"categories":[27531],"tags":[27562,27772,27541,29550,17772,12741,17899,1836],"class_list":["post-11456","post","type-post","status-publish","format-standard","hentry","category-medienschau","tag-bka","tag-bundesverfassungsschutz","tag-carsten-s","tag-corelli","tag-ralf-wohlleben","tag-tino-brandt","tag-v-mann","tag-verfassungsschutz"],"yoast_head":"<!-- This site is optimized with the Yoast SEO plugin v21.0 - https:\/\/yoast.com\/wordpress\/plugins\/seo\/ -->\n<title>Woher kam die NSU-Mordwaffe \u2013 Ralf Wohlleben vs. Carsten S.<\/title>\n<meta name=\"description\" content=\"Im NSU-Prozess hei\u00dft es wieder Ralf Wohlleben gegen Carsten S.\" \/>\n<meta name=\"robots\" content=\"index, follow, max-snippet:-1, max-image-preview:large, max-video-preview:-1\" \/>\n<link rel=\"canonical\" href=\"https:\/\/blog.zeit.de\/nsu-prozess-blog\/2016\/06\/02\/medienlog-ceska-bka-befragung-nsu\/\" \/>\n<meta property=\"og:locale\" content=\"de_DE\" \/>\n<meta property=\"og:type\" content=\"article\" \/>\n<meta property=\"og:title\" content=\"Woher kam die NSU-Mordwaffe \u2013 Ralf Wohlleben vs. Carsten S.\" \/>\n<meta property=\"og:description\" content=\"Im NSU-Prozess hei\u00dft es wieder Ralf Wohlleben gegen Carsten S.\" \/>\n<meta property=\"og:url\" content=\"https:\/\/blog.zeit.de\/nsu-prozess-blog\/2016\/06\/02\/medienlog-ceska-bka-befragung-nsu\/\" \/>\n<meta property=\"og:site_name\" content=\"Das NSU-Prozess-Blog\" \/>\n<meta property=\"article:published_time\" content=\"2016-06-02T06:48:28+00:00\" \/>\n<meta property=\"article:modified_time\" content=\"2016-06-02T09:54:45+00:00\" \/>\n<meta name=\"author\" content=\"Tom Sundermann\" \/>\n<meta name=\"twitter:label1\" content=\"Geschrieben von\" \/>\n\t<meta name=\"twitter:data1\" content=\"Tom Sundermann\" \/>\n\t<meta name=\"twitter:label2\" content=\"Gesch\u00e4tzte Lesezeit\" \/>\n\t<meta name=\"twitter:data2\" content=\"2\u00a0Minuten\" \/>\n<script type=\"application\/ld+json\" class=\"yoast-schema-graph\">{\"@context\":\"https:\/\/schema.org\",\"@graph\":[{\"@type\":\"WebPage\",\"@id\":\"https:\/\/blog.zeit.de\/nsu-prozess-blog\/2016\/06\/02\/medienlog-ceska-bka-befragung-nsu\/\",\"url\":\"https:\/\/blog.zeit.de\/nsu-prozess-blog\/2016\/06\/02\/medienlog-ceska-bka-befragung-nsu\/\",\"name\":\"Woher kam die NSU-Mordwaffe \u2013 Ralf Wohlleben vs. Carsten S.\",\"isPartOf\":{\"@id\":\"https:\/\/blog.zeit.de\/nsu-prozess-blog\/#website\"},\"datePublished\":\"2016-06-02T06:48:28+00:00\",\"dateModified\":\"2016-06-02T09:54:45+00:00\",\"author\":{\"@id\":\"https:\/\/blog.zeit.de\/nsu-prozess-blog\/#\/schema\/person\/553ea9bb5d1fc2ae054c589bd59380a5\"},\"description\":\"Im NSU-Prozess hei\u00dft es wieder Ralf Wohlleben gegen Carsten S.\",\"breadcrumb\":{\"@id\":\"https:\/\/blog.zeit.de\/nsu-prozess-blog\/2016\/06\/02\/medienlog-ceska-bka-befragung-nsu\/#breadcrumb\"},\"inLanguage\":\"de\",\"potentialAction\":[{\"@type\":\"ReadAction\",\"target\":[\"https:\/\/blog.zeit.de\/nsu-prozess-blog\/2016\/06\/02\/medienlog-ceska-bka-befragung-nsu\/\"]}]},{\"@type\":\"BreadcrumbList\",\"@id\":\"https:\/\/blog.zeit.de\/nsu-prozess-blog\/2016\/06\/02\/medienlog-ceska-bka-befragung-nsu\/#breadcrumb\",\"itemListElement\":[{\"@type\":\"ListItem\",\"position\":1,\"name\":\"Startseite\",\"item\":\"https:\/\/blog.zeit.de\/nsu-prozess-blog\/\"},{\"@type\":\"ListItem\",\"position\":2,\"name\":\"Verteidiger nehmen Zeugin in die Mangel \u2013 Das Medienlog vom Donnerstag, 2. Juni 2016\"}]},{\"@type\":\"WebSite\",\"@id\":\"https:\/\/blog.zeit.de\/nsu-prozess-blog\/#website\",\"url\":\"https:\/\/blog.zeit.de\/nsu-prozess-blog\/\",\"name\":\"Das NSU-Prozess-Blog\",\"description\":\"Alle Berichte zum Terrorverfahren in M\u00fcnchen\",\"potentialAction\":[{\"@type\":\"SearchAction\",\"target\":{\"@type\":\"EntryPoint\",\"urlTemplate\":\"https:\/\/blog.zeit.de\/nsu-prozess-blog\/?s={search_term_string}\"},\"query-input\":\"required name=search_term_string\"}],\"inLanguage\":\"de\"},{\"@type\":\"Person\",\"@id\":\"https:\/\/blog.zeit.de\/nsu-prozess-blog\/#\/schema\/person\/553ea9bb5d1fc2ae054c589bd59380a5\",\"name\":\"Tom Sundermann\",\"image\":{\"@type\":\"ImageObject\",\"inLanguage\":\"de\",\"@id\":\"https:\/\/blog.zeit.de\/nsu-prozess-blog\/#\/schema\/person\/image\/\",\"url\":\"https:\/\/secure.gravatar.com\/avatar\/e108a3dc18766f719b2f797dc5d19093f06a1870c55b553ab6b7563f1f9a5e68?s=96&d=mm&r=g\",\"contentUrl\":\"https:\/\/secure.gravatar.com\/avatar\/e108a3dc18766f719b2f797dc5d19093f06a1870c55b553ab6b7563f1f9a5e68?s=96&d=mm&r=g\",\"caption\":\"Tom Sundermann\"},\"sameAs\":[\"https:\/\/twitter.com\/messeticker\"],\"url\":\"https:\/\/blog.zeit.de\/nsu-prozess-blog\/author\/tsundermann\/\"}]}<\/script>\n<!-- \/ Yoast SEO plugin. -->","yoast_head_json":{"title":"Woher kam die NSU-Mordwaffe \u2013 Ralf Wohlleben vs. Carsten S.","description":"Im NSU-Prozess hei\u00dft es wieder Ralf Wohlleben gegen Carsten S.","robots":{"index":"index","follow":"follow","max-snippet":"max-snippet:-1","max-image-preview":"max-image-preview:large","max-video-preview":"max-video-preview:-1"},"canonical":"https:\/\/blog.zeit.de\/nsu-prozess-blog\/2016\/06\/02\/medienlog-ceska-bka-befragung-nsu\/","og_locale":"de_DE","og_type":"article","og_title":"Woher kam die NSU-Mordwaffe \u2013 Ralf Wohlleben vs. Carsten S.","og_description":"Im NSU-Prozess hei\u00dft es wieder Ralf Wohlleben gegen Carsten S.","og_url":"https:\/\/blog.zeit.de\/nsu-prozess-blog\/2016\/06\/02\/medienlog-ceska-bka-befragung-nsu\/","og_site_name":"Das NSU-Prozess-Blog","article_published_time":"2016-06-02T06:48:28+00:00","article_modified_time":"2016-06-02T09:54:45+00:00","author":"Tom Sundermann","twitter_misc":{"Geschrieben von":"Tom Sundermann","Gesch\u00e4tzte Lesezeit":"2\u00a0Minuten"},"schema":{"@context":"https:\/\/schema.org","@graph":[{"@type":"WebPage","@id":"https:\/\/blog.zeit.de\/nsu-prozess-blog\/2016\/06\/02\/medienlog-ceska-bka-befragung-nsu\/","url":"https:\/\/blog.zeit.de\/nsu-prozess-blog\/2016\/06\/02\/medienlog-ceska-bka-befragung-nsu\/","name":"Woher kam die NSU-Mordwaffe \u2013 Ralf Wohlleben vs. Carsten S.","isPartOf":{"@id":"https:\/\/blog.zeit.de\/nsu-prozess-blog\/#website"},"datePublished":"2016-06-02T06:48:28+00:00","dateModified":"2016-06-02T09:54:45+00:00","author":{"@id":"https:\/\/blog.zeit.de\/nsu-prozess-blog\/#\/schema\/person\/553ea9bb5d1fc2ae054c589bd59380a5"},"description":"Im NSU-Prozess hei\u00dft es wieder Ralf Wohlleben gegen Carsten S.","breadcrumb":{"@id":"https:\/\/blog.zeit.de\/nsu-prozess-blog\/2016\/06\/02\/medienlog-ceska-bka-befragung-nsu\/#breadcrumb"},"inLanguage":"de","potentialAction":[{"@type":"ReadAction","target":["https:\/\/blog.zeit.de\/nsu-prozess-blog\/2016\/06\/02\/medienlog-ceska-bka-befragung-nsu\/"]}]},{"@type":"BreadcrumbList","@id":"https:\/\/blog.zeit.de\/nsu-prozess-blog\/2016\/06\/02\/medienlog-ceska-bka-befragung-nsu\/#breadcrumb","itemListElement":[{"@type":"ListItem","position":1,"name":"Startseite","item":"https:\/\/blog.zeit.de\/nsu-prozess-blog\/"},{"@type":"ListItem","position":2,"name":"Verteidiger nehmen Zeugin in die Mangel \u2013 Das Medienlog vom Donnerstag, 2. Juni 2016"}]},{"@type":"WebSite","@id":"https:\/\/blog.zeit.de\/nsu-prozess-blog\/#website","url":"https:\/\/blog.zeit.de\/nsu-prozess-blog\/","name":"Das NSU-Prozess-Blog","description":"Alle Berichte zum Terrorverfahren in M\u00fcnchen","potentialAction":[{"@type":"SearchAction","target":{"@type":"EntryPoint","urlTemplate":"https:\/\/blog.zeit.de\/nsu-prozess-blog\/?s={search_term_string}"},"query-input":"required name=search_term_string"}],"inLanguage":"de"},{"@type":"Person","@id":"https:\/\/blog.zeit.de\/nsu-prozess-blog\/#\/schema\/person\/553ea9bb5d1fc2ae054c589bd59380a5","name":"Tom Sundermann","image":{"@type":"ImageObject","inLanguage":"de","@id":"https:\/\/blog.zeit.de\/nsu-prozess-blog\/#\/schema\/person\/image\/","url":"https:\/\/secure.gravatar.com\/avatar\/e108a3dc18766f719b2f797dc5d19093f06a1870c55b553ab6b7563f1f9a5e68?s=96&d=mm&r=g","contentUrl":"https:\/\/secure.gravatar.com\/avatar\/e108a3dc18766f719b2f797dc5d19093f06a1870c55b553ab6b7563f1f9a5e68?s=96&d=mm&r=g","caption":"Tom Sundermann"},"sameAs":["https:\/\/twitter.com\/messeticker"],"url":"https:\/\/blog.zeit.de\/nsu-prozess-blog\/author\/tsundermann\/"}]}},"jetpack_featured_media_url":"","jetpack_sharing_enabled":true,"_links":{"self":[{"href":"https:\/\/blog.zeit.de\/nsu-prozess-blog\/wp-json\/wp\/v2\/posts\/11456","targetHints":{"allow":["GET"]}}],"collection":[{"href":"https:\/\/blog.zeit.de\/nsu-prozess-blog\/wp-json\/wp\/v2\/posts"}],"about":[{"href":"https:\/\/blog.zeit.de\/nsu-prozess-blog\/wp-json\/wp\/v2\/types\/post"}],"author":[{"embeddable":true,"href":"https:\/\/blog.zeit.de\/nsu-prozess-blog\/wp-json\/wp\/v2\/users\/435"}],"replies":[{"embeddable":true,"href":"https:\/\/blog.zeit.de\/nsu-prozess-blog\/wp-json\/wp\/v2\/comments?post=11456"}],"version-history":[{"count":6,"href":"https:\/\/blog.zeit.de\/nsu-prozess-blog\/wp-json\/wp\/v2\/posts\/11456\/revisions"}],"predecessor-version":[{"id":11465,"href":"https:\/\/blog.zeit.de\/nsu-prozess-blog\/wp-json\/wp\/v2\/posts\/11456\/revisions\/11465"}],"wp:attachment":[{"href":"https:\/\/blog.zeit.de\/nsu-prozess-blog\/wp-json\/wp\/v2\/media?parent=11456"}],"wp:term":[{"taxonomy":"category","embeddable":true,"href":"https:\/\/blog.zeit.de\/nsu-prozess-blog\/wp-json\/wp\/v2\/categories?post=11456"},{"taxonomy":"post_tag","embeddable":true,"href":"https:\/\/blog.zeit.de\/nsu-prozess-blog\/wp-json\/wp\/v2\/tags?post=11456"}],"curies":[{"name":"wp","href":"https:\/\/api.w.org\/{rel}","templated":true}]}}