{"id":11472,"date":"2016-06-03T08:21:24","date_gmt":"2016-06-03T06:21:24","guid":{"rendered":"http:\/\/blog.zeit.de\/nsu-prozess-blog\/?p=11472"},"modified":"2016-06-03T08:21:24","modified_gmt":"2016-06-03T06:21:24","slug":"medienlog-primus-gegenvorstellung-nsu","status":"publish","type":"post","link":"https:\/\/blog.zeit.de\/nsu-prozess-blog\/2016\/06\/03\/medienlog-primus-gegenvorstellung-nsu\/","title":{"rendered":"Der Fall &#8222;Primus&#8220; hat ein Nachspiel \u2013 Das Medienlog vom Freitag, 3. Juni 2016"},"content":{"rendered":"<p>Vertreter der Nebenklage wollen es nicht hinnehmen, dass das Gericht den V-Mann <a href=\"https:\/\/blog.zeit.de\/nsu-prozess-blog\/2016\/04\/08\/medienlog-zschaepe-mundlos-v-mann-nsu\/\">Ralf M.<\/a> alias Primus nicht als Zeugen vernehmen will. Mit einer sogenannten Gegenvorstellung wandten sie sich gegen die Ablehnung des entsprechenden Beweisantrags, den die Richter <a href=\"https:\/\/blog.zeit.de\/nsu-prozess-blog\/2016\/05\/12\/medienlog-v-mann-primus-zschaepe-haft-nsu\/\">vor rund drei Wochen abgelehnt hatten<\/a>. Darin gerinne ein &#8222;Kernkonflikt des NSU-Prozesses&#8220;, meint Eckhart Querner vom <a href=\"http:\/\/www.br.de\/nachrichten\/nsu-prozess\/160602-tagebuch-gerichtsreporter-100.html\" target=\"_blank\">Bayerischen Rundfunk<\/a>: &#8222;Welche Aspekte von Tat und Schuld geh\u00f6ren in den Prozess, und welche nicht?&#8220; Nach Ansicht der Opfervertreter haben die Mysterien um den Verfassungsschutz ihre Berechtigung im Verfahren.<\/p>\n<p><!--more--><\/p>\n<p><em>An jedem Werktag sichten wir f\u00fcr das NSU-Prozess-Blog die Medien und stellen wichtige Berichte, Blogs, Videos und Tweets zusammen. Wir freuen uns \u00fcber Hinweise via Twitter mit dem Hashtag #nsublog \u2013 oder per E-Mail an <a href=\"mailto:nsublog@zeit.de\">nsublog@zeit.de<\/a>.<\/em><\/p>\n<p>Zuletzt hatte der Strafsenat unter Leitung von Richter Manfred G\u00f6tzl immer wieder Beweisantr\u00e4ge der Nebenkl\u00e4ger abgelehnt. Dagegen brachten die Anw\u00e4lte am Donnerstag insgesamt vier Gegenvorstellungen vor. Querner geht davon aus, dass G\u00f6tzl und Kollegen bei ihrer Meinung bleiben.<\/p>\n<p>Darauf k\u00f6nnten die Nebenklage-Anw\u00e4lte allerdings zur\u00fcckgreifen, um die juristische Aufarbeitung andernorts zu bef\u00f6rdern. Anwalt Yavuz Narin k\u00fcndigte gegen\u00fcber <a href=\"https:\/\/blog.zeit.de\/nsu-prozess-blog\/2016\/06\/02\/nsu-nebenklaeger-aufstand\/\" target=\"_blank\">ZEIT ONLINE<\/a> an, den NSU-Fall durch alle Instanzen bis zum Europ\u00e4ischen Gerichtshof f\u00fcr Menschenrechte bringen zu wollen. Die Gegenvorstellungen &#8222;k\u00f6nnen daf\u00fcr die Munition liefern&#8220;, merken wir an. Denn: &#8222;Die Vorw\u00fcrfe an den Strafsenat sind harsch.&#8220; Demnach wendeten die Richter Vorschriften zum Strafprozess teils willk\u00fcrlich an. Au\u00dferdem h\u00e4tten sie etliche wichtige V-M\u00e4nner und deren Quellenf\u00fchrer, Informanten- und Ermittlungsakten ignoriert. Im Sitzungssaal rechneten die Juristen mit den Sicherheitsbeh\u00f6rden ab. &#8222;Gewiss ist nun, dass darauf noch die Abrechnung mit dem M\u00fcnchner Gericht folgt.&#8220;<\/p>\n<p><em>Das n\u00e4chste Medienlog erscheint am Montag, 6. Juni 2016.<\/em><\/p>\n","protected":false},"excerpt":{"rendered":"<p>Vertreter der Nebenklage wollen es nicht hinnehmen, dass das Gericht den V-Mann Ralf M. alias Primus nicht als Zeugen vernehmen will. Mit einer sogenannten Gegenvorstellung wandten sie sich gegen die Ablehnung des entsprechenden Beweisantrags, den die Richter vor rund drei Wochen abgelehnt hatten. Darin gerinne ein &#8222;Kernkonflikt des NSU-Prozesses&#8220;, meint Eckhart Querner vom Bayerischen Rundfunk: [&hellip;]<\/p>\n","protected":false},"author":435,"featured_media":11490,"comment_status":"open","ping_status":"open","sticky":false,"template":"","format":"standard","meta":{"_jetpack_memberships_contains_paid_content":false,"footnotes":""},"categories":[27531],"tags":[29426,27593,35403,17899,1836],"class_list":["post-11472","post","type-post","status-publish","format-standard","has-post-thumbnail","hentry","category-medienschau","tag-nebenklage","tag-nebenklager","tag-ralf-m","tag-v-mann","tag-verfassungsschutz"],"yoast_head":"<!-- This site is optimized with the Yoast SEO plugin v21.0 - https:\/\/yoast.com\/wordpress\/plugins\/seo\/ -->\n<title>Der Fall &quot;Primus&quot; hat ein Nachspiel \u2013 Das Medienlog vom Freitag, 3. Juni 2016 - Das NSU-Prozess-Blog<\/title>\n<meta name=\"robots\" content=\"index, follow, max-snippet:-1, max-image-preview:large, max-video-preview:-1\" \/>\n<link rel=\"canonical\" href=\"https:\/\/blog.zeit.de\/nsu-prozess-blog\/2016\/06\/03\/medienlog-primus-gegenvorstellung-nsu\/\" \/>\n<meta property=\"og:locale\" content=\"de_DE\" \/>\n<meta property=\"og:type\" content=\"article\" \/>\n<meta property=\"og:title\" content=\"Der Fall &quot;Primus&quot; hat ein Nachspiel \u2013 Das Medienlog vom Freitag, 3. Juni 2016 - Das NSU-Prozess-Blog\" \/>\n<meta property=\"og:description\" content=\"Vertreter der Nebenklage wollen es nicht hinnehmen, dass das Gericht den V-Mann Ralf M. alias Primus nicht als Zeugen vernehmen will. Mit einer sogenannten Gegenvorstellung wandten sie sich gegen die Ablehnung des entsprechenden Beweisantrags, den die Richter vor rund drei Wochen abgelehnt hatten. Darin gerinne ein &#8222;Kernkonflikt des NSU-Prozesses&#8220;, meint Eckhart Querner vom Bayerischen Rundfunk: [&hellip;]\" \/>\n<meta property=\"og:url\" content=\"https:\/\/blog.zeit.de\/nsu-prozess-blog\/2016\/06\/03\/medienlog-primus-gegenvorstellung-nsu\/\" \/>\n<meta property=\"og:site_name\" content=\"Das NSU-Prozess-Blog\" \/>\n<meta property=\"article:published_time\" content=\"2016-06-03T06:21:24+00:00\" \/>\n<meta property=\"og:image\" content=\"https:\/\/blog.zeit.de\/nsu-prozess-blog\/files\/2016\/06\/raw-2.jpg\" \/>\n\t<meta property=\"og:image:width\" content=\"858\" \/>\n\t<meta property=\"og:image:height\" content=\"572\" \/>\n\t<meta property=\"og:image:type\" content=\"image\/jpeg\" \/>\n<meta name=\"author\" content=\"Tom Sundermann\" \/>\n<meta name=\"twitter:label1\" content=\"Geschrieben von\" \/>\n\t<meta name=\"twitter:data1\" content=\"Tom Sundermann\" \/>\n\t<meta name=\"twitter:label2\" content=\"Gesch\u00e4tzte Lesezeit\" \/>\n\t<meta name=\"twitter:data2\" content=\"1\u00a0Minute\" \/>\n<script type=\"application\/ld+json\" class=\"yoast-schema-graph\">{\"@context\":\"https:\/\/schema.org\",\"@graph\":[{\"@type\":\"WebPage\",\"@id\":\"https:\/\/blog.zeit.de\/nsu-prozess-blog\/2016\/06\/03\/medienlog-primus-gegenvorstellung-nsu\/\",\"url\":\"https:\/\/blog.zeit.de\/nsu-prozess-blog\/2016\/06\/03\/medienlog-primus-gegenvorstellung-nsu\/\",\"name\":\"Der Fall \\\"Primus\\\" hat ein Nachspiel \u2013 Das Medienlog vom Freitag, 3. Juni 2016 - Das NSU-Prozess-Blog\",\"isPartOf\":{\"@id\":\"https:\/\/blog.zeit.de\/nsu-prozess-blog\/#website\"},\"datePublished\":\"2016-06-03T06:21:24+00:00\",\"dateModified\":\"2016-06-03T06:21:24+00:00\",\"author\":{\"@id\":\"https:\/\/blog.zeit.de\/nsu-prozess-blog\/#\/schema\/person\/553ea9bb5d1fc2ae054c589bd59380a5\"},\"breadcrumb\":{\"@id\":\"https:\/\/blog.zeit.de\/nsu-prozess-blog\/2016\/06\/03\/medienlog-primus-gegenvorstellung-nsu\/#breadcrumb\"},\"inLanguage\":\"de\",\"potentialAction\":[{\"@type\":\"ReadAction\",\"target\":[\"https:\/\/blog.zeit.de\/nsu-prozess-blog\/2016\/06\/03\/medienlog-primus-gegenvorstellung-nsu\/\"]}]},{\"@type\":\"BreadcrumbList\",\"@id\":\"https:\/\/blog.zeit.de\/nsu-prozess-blog\/2016\/06\/03\/medienlog-primus-gegenvorstellung-nsu\/#breadcrumb\",\"itemListElement\":[{\"@type\":\"ListItem\",\"position\":1,\"name\":\"Startseite\",\"item\":\"https:\/\/blog.zeit.de\/nsu-prozess-blog\/\"},{\"@type\":\"ListItem\",\"position\":2,\"name\":\"Der Fall &#8222;Primus&#8220; hat ein Nachspiel \u2013 Das Medienlog vom Freitag, 3. Juni 2016\"}]},{\"@type\":\"WebSite\",\"@id\":\"https:\/\/blog.zeit.de\/nsu-prozess-blog\/#website\",\"url\":\"https:\/\/blog.zeit.de\/nsu-prozess-blog\/\",\"name\":\"Das NSU-Prozess-Blog\",\"description\":\"Alle Berichte zum Terrorverfahren in M\u00fcnchen\",\"potentialAction\":[{\"@type\":\"SearchAction\",\"target\":{\"@type\":\"EntryPoint\",\"urlTemplate\":\"https:\/\/blog.zeit.de\/nsu-prozess-blog\/?s={search_term_string}\"},\"query-input\":\"required name=search_term_string\"}],\"inLanguage\":\"de\"},{\"@type\":\"Person\",\"@id\":\"https:\/\/blog.zeit.de\/nsu-prozess-blog\/#\/schema\/person\/553ea9bb5d1fc2ae054c589bd59380a5\",\"name\":\"Tom Sundermann\",\"image\":{\"@type\":\"ImageObject\",\"inLanguage\":\"de\",\"@id\":\"https:\/\/blog.zeit.de\/nsu-prozess-blog\/#\/schema\/person\/image\/\",\"url\":\"https:\/\/secure.gravatar.com\/avatar\/e108a3dc18766f719b2f797dc5d19093f06a1870c55b553ab6b7563f1f9a5e68?s=96&d=mm&r=g\",\"contentUrl\":\"https:\/\/secure.gravatar.com\/avatar\/e108a3dc18766f719b2f797dc5d19093f06a1870c55b553ab6b7563f1f9a5e68?s=96&d=mm&r=g\",\"caption\":\"Tom Sundermann\"},\"sameAs\":[\"https:\/\/twitter.com\/messeticker\"],\"url\":\"https:\/\/blog.zeit.de\/nsu-prozess-blog\/author\/tsundermann\/\"}]}<\/script>\n<!-- \/ Yoast SEO plugin. -->","yoast_head_json":{"title":"Der Fall \"Primus\" hat ein Nachspiel \u2013 Das Medienlog vom Freitag, 3. Juni 2016 - Das NSU-Prozess-Blog","robots":{"index":"index","follow":"follow","max-snippet":"max-snippet:-1","max-image-preview":"max-image-preview:large","max-video-preview":"max-video-preview:-1"},"canonical":"https:\/\/blog.zeit.de\/nsu-prozess-blog\/2016\/06\/03\/medienlog-primus-gegenvorstellung-nsu\/","og_locale":"de_DE","og_type":"article","og_title":"Der Fall \"Primus\" hat ein Nachspiel \u2013 Das Medienlog vom Freitag, 3. Juni 2016 - Das NSU-Prozess-Blog","og_description":"Vertreter der Nebenklage wollen es nicht hinnehmen, dass das Gericht den V-Mann Ralf M. alias Primus nicht als Zeugen vernehmen will. Mit einer sogenannten Gegenvorstellung wandten sie sich gegen die Ablehnung des entsprechenden Beweisantrags, den die Richter vor rund drei Wochen abgelehnt hatten. Darin gerinne ein &#8222;Kernkonflikt des NSU-Prozesses&#8220;, meint Eckhart Querner vom Bayerischen Rundfunk: [&hellip;]","og_url":"https:\/\/blog.zeit.de\/nsu-prozess-blog\/2016\/06\/03\/medienlog-primus-gegenvorstellung-nsu\/","og_site_name":"Das NSU-Prozess-Blog","article_published_time":"2016-06-03T06:21:24+00:00","og_image":[{"width":858,"height":572,"url":"https:\/\/blog.zeit.de\/nsu-prozess-blog\/files\/2016\/06\/raw-2.jpg","type":"image\/jpeg"}],"author":"Tom Sundermann","twitter_misc":{"Geschrieben von":"Tom Sundermann","Gesch\u00e4tzte Lesezeit":"1\u00a0Minute"},"schema":{"@context":"https:\/\/schema.org","@graph":[{"@type":"WebPage","@id":"https:\/\/blog.zeit.de\/nsu-prozess-blog\/2016\/06\/03\/medienlog-primus-gegenvorstellung-nsu\/","url":"https:\/\/blog.zeit.de\/nsu-prozess-blog\/2016\/06\/03\/medienlog-primus-gegenvorstellung-nsu\/","name":"Der Fall \"Primus\" hat ein Nachspiel \u2013 Das Medienlog vom Freitag, 3. Juni 2016 - Das NSU-Prozess-Blog","isPartOf":{"@id":"https:\/\/blog.zeit.de\/nsu-prozess-blog\/#website"},"datePublished":"2016-06-03T06:21:24+00:00","dateModified":"2016-06-03T06:21:24+00:00","author":{"@id":"https:\/\/blog.zeit.de\/nsu-prozess-blog\/#\/schema\/person\/553ea9bb5d1fc2ae054c589bd59380a5"},"breadcrumb":{"@id":"https:\/\/blog.zeit.de\/nsu-prozess-blog\/2016\/06\/03\/medienlog-primus-gegenvorstellung-nsu\/#breadcrumb"},"inLanguage":"de","potentialAction":[{"@type":"ReadAction","target":["https:\/\/blog.zeit.de\/nsu-prozess-blog\/2016\/06\/03\/medienlog-primus-gegenvorstellung-nsu\/"]}]},{"@type":"BreadcrumbList","@id":"https:\/\/blog.zeit.de\/nsu-prozess-blog\/2016\/06\/03\/medienlog-primus-gegenvorstellung-nsu\/#breadcrumb","itemListElement":[{"@type":"ListItem","position":1,"name":"Startseite","item":"https:\/\/blog.zeit.de\/nsu-prozess-blog\/"},{"@type":"ListItem","position":2,"name":"Der Fall &#8222;Primus&#8220; hat ein Nachspiel \u2013 Das Medienlog vom Freitag, 3. Juni 2016"}]},{"@type":"WebSite","@id":"https:\/\/blog.zeit.de\/nsu-prozess-blog\/#website","url":"https:\/\/blog.zeit.de\/nsu-prozess-blog\/","name":"Das NSU-Prozess-Blog","description":"Alle Berichte zum Terrorverfahren in M\u00fcnchen","potentialAction":[{"@type":"SearchAction","target":{"@type":"EntryPoint","urlTemplate":"https:\/\/blog.zeit.de\/nsu-prozess-blog\/?s={search_term_string}"},"query-input":"required name=search_term_string"}],"inLanguage":"de"},{"@type":"Person","@id":"https:\/\/blog.zeit.de\/nsu-prozess-blog\/#\/schema\/person\/553ea9bb5d1fc2ae054c589bd59380a5","name":"Tom Sundermann","image":{"@type":"ImageObject","inLanguage":"de","@id":"https:\/\/blog.zeit.de\/nsu-prozess-blog\/#\/schema\/person\/image\/","url":"https:\/\/secure.gravatar.com\/avatar\/e108a3dc18766f719b2f797dc5d19093f06a1870c55b553ab6b7563f1f9a5e68?s=96&d=mm&r=g","contentUrl":"https:\/\/secure.gravatar.com\/avatar\/e108a3dc18766f719b2f797dc5d19093f06a1870c55b553ab6b7563f1f9a5e68?s=96&d=mm&r=g","caption":"Tom Sundermann"},"sameAs":["https:\/\/twitter.com\/messeticker"],"url":"https:\/\/blog.zeit.de\/nsu-prozess-blog\/author\/tsundermann\/"}]}},"jetpack_featured_media_url":"https:\/\/blog.zeit.de\/nsu-prozess-blog\/files\/2016\/06\/raw-2.jpg","jetpack_sharing_enabled":true,"_links":{"self":[{"href":"https:\/\/blog.zeit.de\/nsu-prozess-blog\/wp-json\/wp\/v2\/posts\/11472","targetHints":{"allow":["GET"]}}],"collection":[{"href":"https:\/\/blog.zeit.de\/nsu-prozess-blog\/wp-json\/wp\/v2\/posts"}],"about":[{"href":"https:\/\/blog.zeit.de\/nsu-prozess-blog\/wp-json\/wp\/v2\/types\/post"}],"author":[{"embeddable":true,"href":"https:\/\/blog.zeit.de\/nsu-prozess-blog\/wp-json\/wp\/v2\/users\/435"}],"replies":[{"embeddable":true,"href":"https:\/\/blog.zeit.de\/nsu-prozess-blog\/wp-json\/wp\/v2\/comments?post=11472"}],"version-history":[{"count":8,"href":"https:\/\/blog.zeit.de\/nsu-prozess-blog\/wp-json\/wp\/v2\/posts\/11472\/revisions"}],"predecessor-version":[{"id":11487,"href":"https:\/\/blog.zeit.de\/nsu-prozess-blog\/wp-json\/wp\/v2\/posts\/11472\/revisions\/11487"}],"wp:featuredmedia":[{"embeddable":true,"href":"https:\/\/blog.zeit.de\/nsu-prozess-blog\/wp-json\/wp\/v2\/media\/11490"}],"wp:attachment":[{"href":"https:\/\/blog.zeit.de\/nsu-prozess-blog\/wp-json\/wp\/v2\/media?parent=11472"}],"wp:term":[{"taxonomy":"category","embeddable":true,"href":"https:\/\/blog.zeit.de\/nsu-prozess-blog\/wp-json\/wp\/v2\/categories?post=11472"},{"taxonomy":"post_tag","embeddable":true,"href":"https:\/\/blog.zeit.de\/nsu-prozess-blog\/wp-json\/wp\/v2\/tags?post=11472"}],"curies":[{"name":"wp","href":"https:\/\/api.w.org\/{rel}","templated":true}]}}