{"id":11558,"date":"2016-06-28T07:00:29","date_gmt":"2016-06-28T05:00:29","guid":{"rendered":"http:\/\/blog.zeit.de\/nsu-prozess-blog\/?p=11558"},"modified":"2016-06-28T18:03:44","modified_gmt":"2016-06-28T16:03:44","slug":"291-prozesstag","status":"publish","type":"post","link":"https:\/\/blog.zeit.de\/nsu-prozess-blog\/2016\/06\/28\/291-prozesstag\/","title":{"rendered":"291. Prozesstag \u2013 Gericht pr\u00fcft Fingerabdr\u00fccke"},"content":{"rendered":"<p>Auch Fingerabdr\u00fccke spielen in der Beweiskette des NSU-Prozesses eine Rolle \u2013 so hat Beate Zsch\u00e4pe der Anklage zufolge <a href=\"https:\/\/blog.zeit.de\/nsu-prozess-blog\/2014\/12\/10\/medienlog-nsu-zeitungsartikel-zschaepe-fingerabdruecke-wohlleben\/\">Spuren auf Zeitungsartikeln hinterlassen<\/a>, die in der letzten Wohnung des Trios in Zwickau gefunden wurden. Ein Beamter des Bundeskriminalamts berichtet zur Lage der Abdr\u00fccke auf verschiedenen Asservaten.<\/p>\n<p>Eine Ermittlerin der Duisburger Polizei ist im Anschluss als Zeuge geladen, um \u00fcber den <a href=\"http:\/\/www.zeit.de\/gesellschaft\/zeitgeschehen\/2013-10\/ismail-yozgat-nsu-prozess-antworten-kassel-verfassungschutz\">Mord an Halit Yozgat<\/a> in Kassel am 6. April 2004 auszusagen. Die Polizistin hatte unter anderem im Kreis der Freunde des Opfers ermittelt.<\/p>\n<p>Ebenfalls geladen ist ein Mann, der gemeinsam mit dem Neonazi <a href=\"https:\/\/blog.zeit.de\/nsu-prozess-blog\/2016\/06\/07\/die-raetselhafte-sonderaktion\/\">Tino Brandt<\/a> im Gef\u00e4ngnis gesessen hatte. Ihm hatte Brandt nach Aussage des Zeugen gestanden, bei seiner <a href=\"https:\/\/blog.zeit.de\/nsu-prozess-blog\/2014\/07\/15\/v-mann-ueber-zschaepe-keine-dumme-hausfrau\/\">ersten Aussage vor Gericht<\/a> Informationen verschwiegen zu haben, um seine Kameraden zu sch\u00fctzen.<\/p>\n<p><em>Informationen aus der Verhandlung gibt es <a href=\"https:\/\/twitter.com\/zeitonline\/lists\/nsu-prozess\">via Twitter hier<\/a>. Die Berichte dar\u00fcber fassen wir morgen im <a href=\"https:\/\/blog.zeit.de\/nsu-prozess-blog\/category\/medienschau\/\">NSU-Medienlog<\/a> zusammen.<\/em><\/p>\n","protected":false},"excerpt":{"rendered":"<p>Auch Fingerabdr\u00fccke spielen in der Beweiskette des NSU-Prozesses eine Rolle \u2013 so hat Beate Zsch\u00e4pe der Anklage zufolge Spuren auf Zeitungsartikeln hinterlassen, die in der letzten Wohnung des Trios in Zwickau gefunden wurden. Ein Beamter des Bundeskriminalamts berichtet zur Lage der Abdr\u00fccke auf verschiedenen Asservaten. Eine Ermittlerin der Duisburger Polizei ist im Anschluss als Zeuge [&hellip;]<\/p>\n","protected":false},"author":435,"featured_media":0,"comment_status":"open","ping_status":"open","sticky":false,"template":"","format":"standard","meta":{"_jetpack_memberships_contains_paid_content":false,"footnotes":""},"categories":[27532],"tags":[27562,29447,29435,18863,12741,29446],"class_list":["post-11558","post","type-post","status-publish","format-standard","hentry","category-prozesstage","tag-bka","tag-fingerabdrucke","tag-halit-yozgat","tag-kassel","tag-tino-brandt","tag-zeitungsartikel"],"yoast_head":"<!-- This site is optimized with the Yoast SEO plugin v21.0 - https:\/\/yoast.com\/wordpress\/plugins\/seo\/ -->\n<title>291. Prozesstag \u2013 Gericht pr\u00fcft Fingerabdr\u00fccke - Das NSU-Prozess-Blog<\/title>\n<meta name=\"robots\" content=\"index, follow, max-snippet:-1, max-image-preview:large, max-video-preview:-1\" \/>\n<link rel=\"canonical\" href=\"https:\/\/blog.zeit.de\/nsu-prozess-blog\/2016\/06\/28\/291-prozesstag\/\" \/>\n<meta property=\"og:locale\" content=\"de_DE\" \/>\n<meta property=\"og:type\" content=\"article\" \/>\n<meta property=\"og:title\" content=\"291. Prozesstag \u2013 Gericht pr\u00fcft Fingerabdr\u00fccke - Das NSU-Prozess-Blog\" \/>\n<meta property=\"og:description\" content=\"Auch Fingerabdr\u00fccke spielen in der Beweiskette des NSU-Prozesses eine Rolle \u2013 so hat Beate Zsch\u00e4pe der Anklage zufolge Spuren auf Zeitungsartikeln hinterlassen, die in der letzten Wohnung des Trios in Zwickau gefunden wurden. Ein Beamter des Bundeskriminalamts berichtet zur Lage der Abdr\u00fccke auf verschiedenen Asservaten. Eine Ermittlerin der Duisburger Polizei ist im Anschluss als Zeuge [&hellip;]\" \/>\n<meta property=\"og:url\" content=\"https:\/\/blog.zeit.de\/nsu-prozess-blog\/2016\/06\/28\/291-prozesstag\/\" \/>\n<meta property=\"og:site_name\" content=\"Das NSU-Prozess-Blog\" \/>\n<meta property=\"article:published_time\" content=\"2016-06-28T05:00:29+00:00\" \/>\n<meta property=\"article:modified_time\" content=\"2016-06-28T16:03:44+00:00\" \/>\n<meta name=\"author\" content=\"Tom Sundermann\" \/>\n<meta name=\"twitter:label1\" content=\"Geschrieben von\" \/>\n\t<meta name=\"twitter:data1\" content=\"Tom Sundermann\" \/>\n\t<meta name=\"twitter:label2\" content=\"Gesch\u00e4tzte Lesezeit\" \/>\n\t<meta name=\"twitter:data2\" content=\"1\u00a0Minute\" \/>\n<script type=\"application\/ld+json\" class=\"yoast-schema-graph\">{\"@context\":\"https:\/\/schema.org\",\"@graph\":[{\"@type\":\"WebPage\",\"@id\":\"https:\/\/blog.zeit.de\/nsu-prozess-blog\/2016\/06\/28\/291-prozesstag\/\",\"url\":\"https:\/\/blog.zeit.de\/nsu-prozess-blog\/2016\/06\/28\/291-prozesstag\/\",\"name\":\"291. Prozesstag \u2013 Gericht pr\u00fcft Fingerabdr\u00fccke - Das NSU-Prozess-Blog\",\"isPartOf\":{\"@id\":\"https:\/\/blog.zeit.de\/nsu-prozess-blog\/#website\"},\"datePublished\":\"2016-06-28T05:00:29+00:00\",\"dateModified\":\"2016-06-28T16:03:44+00:00\",\"author\":{\"@id\":\"https:\/\/blog.zeit.de\/nsu-prozess-blog\/#\/schema\/person\/553ea9bb5d1fc2ae054c589bd59380a5\"},\"breadcrumb\":{\"@id\":\"https:\/\/blog.zeit.de\/nsu-prozess-blog\/2016\/06\/28\/291-prozesstag\/#breadcrumb\"},\"inLanguage\":\"de\",\"potentialAction\":[{\"@type\":\"ReadAction\",\"target\":[\"https:\/\/blog.zeit.de\/nsu-prozess-blog\/2016\/06\/28\/291-prozesstag\/\"]}]},{\"@type\":\"BreadcrumbList\",\"@id\":\"https:\/\/blog.zeit.de\/nsu-prozess-blog\/2016\/06\/28\/291-prozesstag\/#breadcrumb\",\"itemListElement\":[{\"@type\":\"ListItem\",\"position\":1,\"name\":\"Startseite\",\"item\":\"https:\/\/blog.zeit.de\/nsu-prozess-blog\/\"},{\"@type\":\"ListItem\",\"position\":2,\"name\":\"291. Prozesstag \u2013 Gericht pr\u00fcft Fingerabdr\u00fccke\"}]},{\"@type\":\"WebSite\",\"@id\":\"https:\/\/blog.zeit.de\/nsu-prozess-blog\/#website\",\"url\":\"https:\/\/blog.zeit.de\/nsu-prozess-blog\/\",\"name\":\"Das NSU-Prozess-Blog\",\"description\":\"Alle Berichte zum Terrorverfahren in M\u00fcnchen\",\"potentialAction\":[{\"@type\":\"SearchAction\",\"target\":{\"@type\":\"EntryPoint\",\"urlTemplate\":\"https:\/\/blog.zeit.de\/nsu-prozess-blog\/?s={search_term_string}\"},\"query-input\":\"required name=search_term_string\"}],\"inLanguage\":\"de\"},{\"@type\":\"Person\",\"@id\":\"https:\/\/blog.zeit.de\/nsu-prozess-blog\/#\/schema\/person\/553ea9bb5d1fc2ae054c589bd59380a5\",\"name\":\"Tom Sundermann\",\"image\":{\"@type\":\"ImageObject\",\"inLanguage\":\"de\",\"@id\":\"https:\/\/blog.zeit.de\/nsu-prozess-blog\/#\/schema\/person\/image\/\",\"url\":\"https:\/\/secure.gravatar.com\/avatar\/e108a3dc18766f719b2f797dc5d19093f06a1870c55b553ab6b7563f1f9a5e68?s=96&d=mm&r=g\",\"contentUrl\":\"https:\/\/secure.gravatar.com\/avatar\/e108a3dc18766f719b2f797dc5d19093f06a1870c55b553ab6b7563f1f9a5e68?s=96&d=mm&r=g\",\"caption\":\"Tom Sundermann\"},\"sameAs\":[\"https:\/\/twitter.com\/messeticker\"],\"url\":\"https:\/\/blog.zeit.de\/nsu-prozess-blog\/author\/tsundermann\/\"}]}<\/script>\n<!-- \/ Yoast SEO plugin. -->","yoast_head_json":{"title":"291. Prozesstag \u2013 Gericht pr\u00fcft Fingerabdr\u00fccke - Das NSU-Prozess-Blog","robots":{"index":"index","follow":"follow","max-snippet":"max-snippet:-1","max-image-preview":"max-image-preview:large","max-video-preview":"max-video-preview:-1"},"canonical":"https:\/\/blog.zeit.de\/nsu-prozess-blog\/2016\/06\/28\/291-prozesstag\/","og_locale":"de_DE","og_type":"article","og_title":"291. Prozesstag \u2013 Gericht pr\u00fcft Fingerabdr\u00fccke - Das NSU-Prozess-Blog","og_description":"Auch Fingerabdr\u00fccke spielen in der Beweiskette des NSU-Prozesses eine Rolle \u2013 so hat Beate Zsch\u00e4pe der Anklage zufolge Spuren auf Zeitungsartikeln hinterlassen, die in der letzten Wohnung des Trios in Zwickau gefunden wurden. Ein Beamter des Bundeskriminalamts berichtet zur Lage der Abdr\u00fccke auf verschiedenen Asservaten. Eine Ermittlerin der Duisburger Polizei ist im Anschluss als Zeuge [&hellip;]","og_url":"https:\/\/blog.zeit.de\/nsu-prozess-blog\/2016\/06\/28\/291-prozesstag\/","og_site_name":"Das NSU-Prozess-Blog","article_published_time":"2016-06-28T05:00:29+00:00","article_modified_time":"2016-06-28T16:03:44+00:00","author":"Tom Sundermann","twitter_misc":{"Geschrieben von":"Tom Sundermann","Gesch\u00e4tzte Lesezeit":"1\u00a0Minute"},"schema":{"@context":"https:\/\/schema.org","@graph":[{"@type":"WebPage","@id":"https:\/\/blog.zeit.de\/nsu-prozess-blog\/2016\/06\/28\/291-prozesstag\/","url":"https:\/\/blog.zeit.de\/nsu-prozess-blog\/2016\/06\/28\/291-prozesstag\/","name":"291. Prozesstag \u2013 Gericht pr\u00fcft Fingerabdr\u00fccke - Das NSU-Prozess-Blog","isPartOf":{"@id":"https:\/\/blog.zeit.de\/nsu-prozess-blog\/#website"},"datePublished":"2016-06-28T05:00:29+00:00","dateModified":"2016-06-28T16:03:44+00:00","author":{"@id":"https:\/\/blog.zeit.de\/nsu-prozess-blog\/#\/schema\/person\/553ea9bb5d1fc2ae054c589bd59380a5"},"breadcrumb":{"@id":"https:\/\/blog.zeit.de\/nsu-prozess-blog\/2016\/06\/28\/291-prozesstag\/#breadcrumb"},"inLanguage":"de","potentialAction":[{"@type":"ReadAction","target":["https:\/\/blog.zeit.de\/nsu-prozess-blog\/2016\/06\/28\/291-prozesstag\/"]}]},{"@type":"BreadcrumbList","@id":"https:\/\/blog.zeit.de\/nsu-prozess-blog\/2016\/06\/28\/291-prozesstag\/#breadcrumb","itemListElement":[{"@type":"ListItem","position":1,"name":"Startseite","item":"https:\/\/blog.zeit.de\/nsu-prozess-blog\/"},{"@type":"ListItem","position":2,"name":"291. Prozesstag \u2013 Gericht pr\u00fcft Fingerabdr\u00fccke"}]},{"@type":"WebSite","@id":"https:\/\/blog.zeit.de\/nsu-prozess-blog\/#website","url":"https:\/\/blog.zeit.de\/nsu-prozess-blog\/","name":"Das NSU-Prozess-Blog","description":"Alle Berichte zum Terrorverfahren in M\u00fcnchen","potentialAction":[{"@type":"SearchAction","target":{"@type":"EntryPoint","urlTemplate":"https:\/\/blog.zeit.de\/nsu-prozess-blog\/?s={search_term_string}"},"query-input":"required name=search_term_string"}],"inLanguage":"de"},{"@type":"Person","@id":"https:\/\/blog.zeit.de\/nsu-prozess-blog\/#\/schema\/person\/553ea9bb5d1fc2ae054c589bd59380a5","name":"Tom Sundermann","image":{"@type":"ImageObject","inLanguage":"de","@id":"https:\/\/blog.zeit.de\/nsu-prozess-blog\/#\/schema\/person\/image\/","url":"https:\/\/secure.gravatar.com\/avatar\/e108a3dc18766f719b2f797dc5d19093f06a1870c55b553ab6b7563f1f9a5e68?s=96&d=mm&r=g","contentUrl":"https:\/\/secure.gravatar.com\/avatar\/e108a3dc18766f719b2f797dc5d19093f06a1870c55b553ab6b7563f1f9a5e68?s=96&d=mm&r=g","caption":"Tom Sundermann"},"sameAs":["https:\/\/twitter.com\/messeticker"],"url":"https:\/\/blog.zeit.de\/nsu-prozess-blog\/author\/tsundermann\/"}]}},"jetpack_featured_media_url":"","jetpack_sharing_enabled":true,"_links":{"self":[{"href":"https:\/\/blog.zeit.de\/nsu-prozess-blog\/wp-json\/wp\/v2\/posts\/11558","targetHints":{"allow":["GET"]}}],"collection":[{"href":"https:\/\/blog.zeit.de\/nsu-prozess-blog\/wp-json\/wp\/v2\/posts"}],"about":[{"href":"https:\/\/blog.zeit.de\/nsu-prozess-blog\/wp-json\/wp\/v2\/types\/post"}],"author":[{"embeddable":true,"href":"https:\/\/blog.zeit.de\/nsu-prozess-blog\/wp-json\/wp\/v2\/users\/435"}],"replies":[{"embeddable":true,"href":"https:\/\/blog.zeit.de\/nsu-prozess-blog\/wp-json\/wp\/v2\/comments?post=11558"}],"version-history":[{"count":1,"href":"https:\/\/blog.zeit.de\/nsu-prozess-blog\/wp-json\/wp\/v2\/posts\/11558\/revisions"}],"predecessor-version":[{"id":11559,"href":"https:\/\/blog.zeit.de\/nsu-prozess-blog\/wp-json\/wp\/v2\/posts\/11558\/revisions\/11559"}],"wp:attachment":[{"href":"https:\/\/blog.zeit.de\/nsu-prozess-blog\/wp-json\/wp\/v2\/media?parent=11558"}],"wp:term":[{"taxonomy":"category","embeddable":true,"href":"https:\/\/blog.zeit.de\/nsu-prozess-blog\/wp-json\/wp\/v2\/categories?post=11558"},{"taxonomy":"post_tag","embeddable":true,"href":"https:\/\/blog.zeit.de\/nsu-prozess-blog\/wp-json\/wp\/v2\/tags?post=11558"}],"curies":[{"name":"wp","href":"https:\/\/api.w.org\/{rel}","templated":true}]}}