{"id":11660,"date":"2016-07-13T18:11:38","date_gmt":"2016-07-13T16:11:38","guid":{"rendered":"http:\/\/blog.zeit.de\/nsu-prozess-blog\/?p=11660"},"modified":"2016-07-13T19:24:13","modified_gmt":"2016-07-13T17:24:13","slug":"gruss-an-die-terrorgruppe","status":"publish","type":"post","link":"https:\/\/blog.zeit.de\/nsu-prozess-blog\/2016\/07\/13\/gruss-an-die-terrorgruppe\/","title":{"rendered":"Gru\u00df an die Terrorgruppe"},"content":{"rendered":"<p><strong>Hatte der NPD-Abgeordnete David Petereit Kontakt zum NSU? Darauf deutet eine mysteri\u00f6se Botschaft hin, die in einem Szeneheft erschien \u2013 doch davon will der Rechtsextremist nichts mehr wissen.<\/strong><\/p>\n<p>&#8222;Vielen Dank an den NSU, es hat Fr\u00fcchte getragen ;) Der Kampf geht weiter\u2026&#8220; Diese damals noch r\u00e4tselhafte Botschaft erschien im September 2002 im Vorwort eines leidlich professionell gestalteten Heftchens namens <em>Der Weisse Wolf<\/em>, einer Postille f\u00fcr Eingeweihte \u2013 verkauft, verschickt und weitergegeben unter Mitgliedern der rechten Szene. Es war das erste Mal, dass die heute bekannte Abk\u00fcrzung NSU \u00f6ffentlich genannt wurde \u2013 gut neun Jahre, bevor die Terrorzelle Nationalsozialistischer Untergrund aufflog.<\/p>\n<p><!--more--><\/p>\n<p>Herausgeber des Hefts war unter dem Tarnnamen <em>Eiwahz<\/em> der Rechtsextremist David Petereit, der seit 2011 f\u00fcr die NPD im Landtag von Mecklenburg-Vorpommern sitzt. An diesem Tag ist der 34-J\u00e4hrige in den M\u00fcnchner NSU-Prozess geladen. Der Zeuge, linksgescheitelt, mit Nickelbrille und Zimmermannshose, hat sicherheitshalber gleich einen Anwalt mitgebracht. Schlie\u00dflich steht er durch den klandestinen Gru\u00df im Verdacht, in die Machenschaften einer Terrororganisation eingeweiht gewesen zu sein.<\/p>\n<p>Er wisse ja, wieso er hier sei, sagt Petereit: wegen der Nachricht in dem Heft, dessen Titelbild ein Foto von Adolf Hitler als Kleinkind zeigt. Aber, das stellt er ebenfalls gleich zu Beginn klar: Obwohl er die Artikel f\u00fcr das Heft ausw\u00e4hlte, das Design am Computer zusammenstellte und das Vorwort schrieb, habe er keinerlei Erinnerung, wer die NSU-Zeile auf die Seite setzte \u2013 &#8222;ich wei\u00df es ehrlich nicht mehr&#8220;.<\/p>\n<p>Ebenso wenig wisse er \u00fcber den eng bedruckten, zweiseitigen Brief, dessen Absender der Nationalsozialistische Untergrund ist. Beamte des Bundeskriminalamts hatten den Brief 2012 in Petereits Rostocker Wohnung aus einem Ordner gezogen. &#8222;Niemand bei klarem Verstand will in so einen Zusammenhang ger\u00fcckt werden&#8220;, sagte der Rechtsextremist vor Gericht.<\/p>\n<p>Von den Mitgliedern Beate Zsch\u00e4pe, Uwe Mundlos oder Uwe B\u00f6hnhardt ist in dem Brief keine Rede. Stattdessen liest sich der Text als Gr\u00fcndungsmanifest einer rechten Untergrundorganisation, die &#8222;die neue politische Kraft im Ringen um die Freiheit der deutschen Nation&#8220; verk\u00f6rpere. Wie das geschehen soll, stellt der Brief ziemlich unmissverst\u00e4ndlich dar: &#8222;Worte sind genug gewechselt, nur mit Taten kann ihnen Nachdruck verliehen werden&#8220;, und zwar nach der Parole &#8222;Sieg oder Tod&#8220;.<\/p>\n<p>Versehen sind die Seiten mit dem geschwungenen Logo des NSU, das auch im Bekennervideo der Gruppe auftaucht. Mit im Briefumschlag hatten offenbar Geldscheine gelegen. Einer Meldung des Verfassungsschutzes von Mecklenburg-Vorpommern zufolge handelte es sich um 2.500 Euro. In einer Anmerkung am Fu\u00df des Briefs hei\u00dft es zudem, die Spende sei an keine Gegenleistung gekn\u00fcpft, der Empf\u00e4nger d\u00fcrfe sie nach Gutd\u00fcnken nutzen.<\/p>\n<p>Eine Spende, sagt Petereit, sei ihm ebenfalls nicht in Erinnerung. Bei dieser Darstellung bleibt er auch, als ihn Richter Manfred G\u00f6tzl ermahnt, vor Gericht die Wahrheit zu sagen. L\u00fcgen, so Petereit, h\u00e4tten die Medien verbreitet \u2013 &#8222;ich lese ja, was da f\u00fcr ein Dreck geschrieben wird&#8220;. Er habe mit dem Schaden klarkommen m\u00fcssen: Die Polizei sei bei ihm aufgekreuzt, seine Autos seien in Brand gesteckt worden.<\/p>\n<p>Gab es mit Petereit einen relativ prominenten Mitwisser oder gar Unterst\u00fctzer der Terrorzelle? Das ist vor Gericht nicht zu kl\u00e4ren. \u00dcber Hilfshandlungen seinerseits ist nichts bekannt. Immer wieder \u00e4u\u00dfert sich der Zeuge im Tenor vieler anderer Szeneangeh\u00f6riger vor ihm: &#8222;Mit der Erinnerung ist es echt schlecht heute&#8220;, antwortet er in beinahe h\u00f6hnischem Ton auf die Frage einer Nebenklageanw\u00e4ltin.<\/p>\n<p>Auch steht nicht fest, ob der NSU fl\u00e4chendeckend Kameraden mit Spenden eingedeckt hat. Zumindest ein anderes Szenemagazin erhielt Geld. Der Herausgeber eines Hefts namens <em>Fahnentr\u00e4ger<\/em> gab dem Bundeskriminalamt gegen\u00fcber an, den Brief samt einer Beilage von 500 Euro erhalten zu haben.<\/p>\n<p>Dabei handelt es sich nicht um die einzige Querverbindung in rechten Kreisen. So gab es f\u00fcr den <em>Weissen Wolf<\/em> auch eine Internetseite, f\u00fcr die ein Kamerad Speicherplatz auf einem Server zur Verf\u00fcgung stellte. Dessen Name: Thomas Ri., beim Bundesverfassungsschutz als Informant unter dem Decknamen Corelli t\u00e4tig. Wie der Untersuchungsausschuss des Bundestags ermittelt hatte, nahm Ri. im Auftrag seiner Quellenf\u00fchrer Kontakt zu P. auf. Ob so auch Informationen aus der Redaktionsarbeit des Hefts an die Beh\u00f6rde flossen, ist nicht belegt.<\/p>\n<p>Unterst\u00fctzte Petereit den NSU zumindest im Geiste? Richter G\u00f6tzl fragt ihn, welche Bedeutung wohl der Satz &#8222;Der Kampf geht weiter&#8220; haben k\u00f6nnte. F\u00fcr Petereit keine gro\u00dfe Sache: &#8222;So einen Wortgebrauch finden Sie ja auch bei der SPD&#8220;, sagt er.<\/p>\n<p>Dabei hatte er selber f\u00fcr seine Leser so manchen konkreten Ratschlag, der weit \u00fcber Parteirhetorik hinausging. So hei\u00dft es im Vorwort direkt \u00fcber der Zeile mit dem enigmatischen Gru\u00df: &#8222;Wenn die Zeiten h\u00e4rter werden \u2013 muss der Kampf es auch werden. Unterst\u00fctzt die Kameraden (\u2026) auf der Stra\u00dfe, bildet Netzwerke \u2013 nur vom Musikh\u00f6ren und Feiern kommt die Wende nicht.&#8220; Ein Motto, an das sich der NSU ziemlich genau gehalten hat.<\/p>\n","protected":false},"excerpt":{"rendered":"<p>Hatte der NPD-Abgeordnete David Petereit Kontakt zum NSU? Darauf deutet eine mysteri\u00f6se Botschaft hin, die in einem Szeneheft erschien \u2013 doch davon will der Rechtsextremist nichts mehr wissen. &#8222;Vielen Dank an den NSU, es hat Fr\u00fcchte getragen ;) Der Kampf geht weiter\u2026&#8220; Diese damals noch r\u00e4tselhafte Botschaft erschien im September 2002 im Vorwort eines leidlich [&hellip;]<\/p>\n","protected":false},"author":435,"featured_media":0,"comment_status":"open","ping_status":"open","sticky":false,"template":"","format":"standard","meta":{"_jetpack_memberships_contains_paid_content":false,"footnotes":""},"categories":[27532],"tags":[],"class_list":["post-11660","post","type-post","status-publish","format-standard","hentry","category-prozesstage"],"yoast_head":"<!-- This site is optimized with the Yoast SEO plugin v21.0 - https:\/\/yoast.com\/wordpress\/plugins\/seo\/ -->\n<title>Gru\u00df an die Terrorgruppe - Das NSU-Prozess-Blog<\/title>\n<meta name=\"description\" content=\"Hatte der NPD-Abgeordnete Frank Petereit Kontakt zum NSU? Darauf deutet eine mysteri\u00f6se Botschaft hin, die in einem Szeneheft erschien.\" \/>\n<meta name=\"robots\" content=\"index, follow, max-snippet:-1, max-image-preview:large, max-video-preview:-1\" \/>\n<link rel=\"canonical\" href=\"https:\/\/blog.zeit.de\/nsu-prozess-blog\/2016\/07\/13\/gruss-an-die-terrorgruppe\/\" \/>\n<meta property=\"og:locale\" content=\"de_DE\" \/>\n<meta property=\"og:type\" content=\"article\" \/>\n<meta property=\"og:title\" content=\"Gru\u00df an die Terrorgruppe - Das NSU-Prozess-Blog\" \/>\n<meta property=\"og:description\" content=\"Hatte der NPD-Abgeordnete Frank Petereit Kontakt zum NSU? Darauf deutet eine mysteri\u00f6se Botschaft hin, die in einem Szeneheft erschien.\" \/>\n<meta property=\"og:url\" content=\"https:\/\/blog.zeit.de\/nsu-prozess-blog\/2016\/07\/13\/gruss-an-die-terrorgruppe\/\" \/>\n<meta property=\"og:site_name\" content=\"Das NSU-Prozess-Blog\" \/>\n<meta property=\"article:published_time\" content=\"2016-07-13T16:11:38+00:00\" \/>\n<meta property=\"article:modified_time\" content=\"2016-07-13T17:24:13+00:00\" \/>\n<meta name=\"author\" content=\"Tom Sundermann\" \/>\n<meta name=\"twitter:label1\" content=\"Geschrieben von\" \/>\n\t<meta name=\"twitter:data1\" content=\"Tom Sundermann\" \/>\n\t<meta name=\"twitter:label2\" content=\"Gesch\u00e4tzte Lesezeit\" \/>\n\t<meta name=\"twitter:data2\" content=\"4\u00a0Minuten\" \/>\n<script type=\"application\/ld+json\" class=\"yoast-schema-graph\">{\"@context\":\"https:\/\/schema.org\",\"@graph\":[{\"@type\":\"WebPage\",\"@id\":\"https:\/\/blog.zeit.de\/nsu-prozess-blog\/2016\/07\/13\/gruss-an-die-terrorgruppe\/\",\"url\":\"https:\/\/blog.zeit.de\/nsu-prozess-blog\/2016\/07\/13\/gruss-an-die-terrorgruppe\/\",\"name\":\"Gru\u00df an die Terrorgruppe - Das NSU-Prozess-Blog\",\"isPartOf\":{\"@id\":\"https:\/\/blog.zeit.de\/nsu-prozess-blog\/#website\"},\"datePublished\":\"2016-07-13T16:11:38+00:00\",\"dateModified\":\"2016-07-13T17:24:13+00:00\",\"author\":{\"@id\":\"https:\/\/blog.zeit.de\/nsu-prozess-blog\/#\/schema\/person\/553ea9bb5d1fc2ae054c589bd59380a5\"},\"description\":\"Hatte der NPD-Abgeordnete Frank Petereit Kontakt zum NSU? Darauf deutet eine mysteri\u00f6se Botschaft hin, die in einem Szeneheft erschien.\",\"breadcrumb\":{\"@id\":\"https:\/\/blog.zeit.de\/nsu-prozess-blog\/2016\/07\/13\/gruss-an-die-terrorgruppe\/#breadcrumb\"},\"inLanguage\":\"de\",\"potentialAction\":[{\"@type\":\"ReadAction\",\"target\":[\"https:\/\/blog.zeit.de\/nsu-prozess-blog\/2016\/07\/13\/gruss-an-die-terrorgruppe\/\"]}]},{\"@type\":\"BreadcrumbList\",\"@id\":\"https:\/\/blog.zeit.de\/nsu-prozess-blog\/2016\/07\/13\/gruss-an-die-terrorgruppe\/#breadcrumb\",\"itemListElement\":[{\"@type\":\"ListItem\",\"position\":1,\"name\":\"Startseite\",\"item\":\"https:\/\/blog.zeit.de\/nsu-prozess-blog\/\"},{\"@type\":\"ListItem\",\"position\":2,\"name\":\"Gru\u00df an die Terrorgruppe\"}]},{\"@type\":\"WebSite\",\"@id\":\"https:\/\/blog.zeit.de\/nsu-prozess-blog\/#website\",\"url\":\"https:\/\/blog.zeit.de\/nsu-prozess-blog\/\",\"name\":\"Das NSU-Prozess-Blog\",\"description\":\"Alle Berichte zum Terrorverfahren in M\u00fcnchen\",\"potentialAction\":[{\"@type\":\"SearchAction\",\"target\":{\"@type\":\"EntryPoint\",\"urlTemplate\":\"https:\/\/blog.zeit.de\/nsu-prozess-blog\/?s={search_term_string}\"},\"query-input\":\"required name=search_term_string\"}],\"inLanguage\":\"de\"},{\"@type\":\"Person\",\"@id\":\"https:\/\/blog.zeit.de\/nsu-prozess-blog\/#\/schema\/person\/553ea9bb5d1fc2ae054c589bd59380a5\",\"name\":\"Tom Sundermann\",\"image\":{\"@type\":\"ImageObject\",\"inLanguage\":\"de\",\"@id\":\"https:\/\/blog.zeit.de\/nsu-prozess-blog\/#\/schema\/person\/image\/\",\"url\":\"https:\/\/secure.gravatar.com\/avatar\/e108a3dc18766f719b2f797dc5d19093f06a1870c55b553ab6b7563f1f9a5e68?s=96&d=mm&r=g\",\"contentUrl\":\"https:\/\/secure.gravatar.com\/avatar\/e108a3dc18766f719b2f797dc5d19093f06a1870c55b553ab6b7563f1f9a5e68?s=96&d=mm&r=g\",\"caption\":\"Tom Sundermann\"},\"sameAs\":[\"https:\/\/twitter.com\/messeticker\"],\"url\":\"https:\/\/blog.zeit.de\/nsu-prozess-blog\/author\/tsundermann\/\"}]}<\/script>\n<!-- \/ Yoast SEO plugin. -->","yoast_head_json":{"title":"Gru\u00df an die Terrorgruppe - Das NSU-Prozess-Blog","description":"Hatte der NPD-Abgeordnete Frank Petereit Kontakt zum NSU? Darauf deutet eine mysteri\u00f6se Botschaft hin, die in einem Szeneheft erschien.","robots":{"index":"index","follow":"follow","max-snippet":"max-snippet:-1","max-image-preview":"max-image-preview:large","max-video-preview":"max-video-preview:-1"},"canonical":"https:\/\/blog.zeit.de\/nsu-prozess-blog\/2016\/07\/13\/gruss-an-die-terrorgruppe\/","og_locale":"de_DE","og_type":"article","og_title":"Gru\u00df an die Terrorgruppe - Das NSU-Prozess-Blog","og_description":"Hatte der NPD-Abgeordnete Frank Petereit Kontakt zum NSU? Darauf deutet eine mysteri\u00f6se Botschaft hin, die in einem Szeneheft erschien.","og_url":"https:\/\/blog.zeit.de\/nsu-prozess-blog\/2016\/07\/13\/gruss-an-die-terrorgruppe\/","og_site_name":"Das NSU-Prozess-Blog","article_published_time":"2016-07-13T16:11:38+00:00","article_modified_time":"2016-07-13T17:24:13+00:00","author":"Tom Sundermann","twitter_misc":{"Geschrieben von":"Tom Sundermann","Gesch\u00e4tzte Lesezeit":"4\u00a0Minuten"},"schema":{"@context":"https:\/\/schema.org","@graph":[{"@type":"WebPage","@id":"https:\/\/blog.zeit.de\/nsu-prozess-blog\/2016\/07\/13\/gruss-an-die-terrorgruppe\/","url":"https:\/\/blog.zeit.de\/nsu-prozess-blog\/2016\/07\/13\/gruss-an-die-terrorgruppe\/","name":"Gru\u00df an die Terrorgruppe - Das NSU-Prozess-Blog","isPartOf":{"@id":"https:\/\/blog.zeit.de\/nsu-prozess-blog\/#website"},"datePublished":"2016-07-13T16:11:38+00:00","dateModified":"2016-07-13T17:24:13+00:00","author":{"@id":"https:\/\/blog.zeit.de\/nsu-prozess-blog\/#\/schema\/person\/553ea9bb5d1fc2ae054c589bd59380a5"},"description":"Hatte der NPD-Abgeordnete Frank Petereit Kontakt zum NSU? Darauf deutet eine mysteri\u00f6se Botschaft hin, die in einem Szeneheft erschien.","breadcrumb":{"@id":"https:\/\/blog.zeit.de\/nsu-prozess-blog\/2016\/07\/13\/gruss-an-die-terrorgruppe\/#breadcrumb"},"inLanguage":"de","potentialAction":[{"@type":"ReadAction","target":["https:\/\/blog.zeit.de\/nsu-prozess-blog\/2016\/07\/13\/gruss-an-die-terrorgruppe\/"]}]},{"@type":"BreadcrumbList","@id":"https:\/\/blog.zeit.de\/nsu-prozess-blog\/2016\/07\/13\/gruss-an-die-terrorgruppe\/#breadcrumb","itemListElement":[{"@type":"ListItem","position":1,"name":"Startseite","item":"https:\/\/blog.zeit.de\/nsu-prozess-blog\/"},{"@type":"ListItem","position":2,"name":"Gru\u00df an die Terrorgruppe"}]},{"@type":"WebSite","@id":"https:\/\/blog.zeit.de\/nsu-prozess-blog\/#website","url":"https:\/\/blog.zeit.de\/nsu-prozess-blog\/","name":"Das NSU-Prozess-Blog","description":"Alle Berichte zum Terrorverfahren in M\u00fcnchen","potentialAction":[{"@type":"SearchAction","target":{"@type":"EntryPoint","urlTemplate":"https:\/\/blog.zeit.de\/nsu-prozess-blog\/?s={search_term_string}"},"query-input":"required name=search_term_string"}],"inLanguage":"de"},{"@type":"Person","@id":"https:\/\/blog.zeit.de\/nsu-prozess-blog\/#\/schema\/person\/553ea9bb5d1fc2ae054c589bd59380a5","name":"Tom Sundermann","image":{"@type":"ImageObject","inLanguage":"de","@id":"https:\/\/blog.zeit.de\/nsu-prozess-blog\/#\/schema\/person\/image\/","url":"https:\/\/secure.gravatar.com\/avatar\/e108a3dc18766f719b2f797dc5d19093f06a1870c55b553ab6b7563f1f9a5e68?s=96&d=mm&r=g","contentUrl":"https:\/\/secure.gravatar.com\/avatar\/e108a3dc18766f719b2f797dc5d19093f06a1870c55b553ab6b7563f1f9a5e68?s=96&d=mm&r=g","caption":"Tom Sundermann"},"sameAs":["https:\/\/twitter.com\/messeticker"],"url":"https:\/\/blog.zeit.de\/nsu-prozess-blog\/author\/tsundermann\/"}]}},"jetpack_featured_media_url":"","jetpack_sharing_enabled":true,"_links":{"self":[{"href":"https:\/\/blog.zeit.de\/nsu-prozess-blog\/wp-json\/wp\/v2\/posts\/11660","targetHints":{"allow":["GET"]}}],"collection":[{"href":"https:\/\/blog.zeit.de\/nsu-prozess-blog\/wp-json\/wp\/v2\/posts"}],"about":[{"href":"https:\/\/blog.zeit.de\/nsu-prozess-blog\/wp-json\/wp\/v2\/types\/post"}],"author":[{"embeddable":true,"href":"https:\/\/blog.zeit.de\/nsu-prozess-blog\/wp-json\/wp\/v2\/users\/435"}],"replies":[{"embeddable":true,"href":"https:\/\/blog.zeit.de\/nsu-prozess-blog\/wp-json\/wp\/v2\/comments?post=11660"}],"version-history":[{"count":9,"href":"https:\/\/blog.zeit.de\/nsu-prozess-blog\/wp-json\/wp\/v2\/posts\/11660\/revisions"}],"predecessor-version":[{"id":11669,"href":"https:\/\/blog.zeit.de\/nsu-prozess-blog\/wp-json\/wp\/v2\/posts\/11660\/revisions\/11669"}],"wp:attachment":[{"href":"https:\/\/blog.zeit.de\/nsu-prozess-blog\/wp-json\/wp\/v2\/media?parent=11660"}],"wp:term":[{"taxonomy":"category","embeddable":true,"href":"https:\/\/blog.zeit.de\/nsu-prozess-blog\/wp-json\/wp\/v2\/categories?post=11660"},{"taxonomy":"post_tag","embeddable":true,"href":"https:\/\/blog.zeit.de\/nsu-prozess-blog\/wp-json\/wp\/v2\/tags?post=11660"}],"curies":[{"name":"wp","href":"https:\/\/api.w.org\/{rel}","templated":true}]}}