{"id":11686,"date":"2016-07-21T07:00:01","date_gmt":"2016-07-21T05:00:01","guid":{"rendered":"http:\/\/blog.zeit.de\/nsu-prozess-blog\/?p=11686"},"modified":"2016-07-14T22:03:49","modified_gmt":"2016-07-14T20:03:49","slug":"301-prozesstag-schlaegerei-in-jena","status":"publish","type":"post","link":"https:\/\/blog.zeit.de\/nsu-prozess-blog\/2016\/07\/21\/301-prozesstag-schlaegerei-in-jena\/","title":{"rendered":"301. Prozesstag \u2013 Schl\u00e4gerei in Jena"},"content":{"rendered":"<p>Drei Zeugen m\u00fcssen am Donnerstag zu einem lange zur\u00fcckliegenden Ereignis aussagen: In den neunziger Jahren gingen Neonazis an einer Stra\u00dfenbahnhaltestelle im Jenaer Stadtteil Winzerla auf eine Gruppe Jugendlicher los \u2013 beteiligt gewesen sein sollen auch die drei, unter ihnen <a href=\"https:\/\/blog.zeit.de\/nsu-prozess-blog\/2015\/03\/04\/mysterioeser-hinweis-auf-zschaepe\/\">Christian K.<\/a>, der Bruder des Zeugen <a href=\"http:\/\/www.zeit.de\/gesellschaft\/zeitgeschehen\/2013-11\/zeuge-andre-k-nsu-prozess\">Andr\u00e9 K.<\/a> Die Schl\u00e4gerei endete mit schweren Verletzungen f\u00fcr die Opfer. Von der Tat berichtet hatte der Mitangeklagte <a href=\"http:\/\/www.zeit.de\/gesellschaft\/zeitgeschehen\/2013-06\/nsu-prozess-tag-5\">Carsten S.<\/a> in seiner Aussage vor Gericht.<\/p>\n<p>Das Delikt ist auch Gegenstand eines Antrags der Verteidiger des ebenfalls angeklagten <a href=\"https:\/\/blog.zeit.de\/nsu-prozess-blog\/2015\/12\/16\/aussage-nach-zschapes-vorbild\/\">Ralf Wohlleben<\/a>: Sie bem\u00e4ngeln, dass die Bundesanwaltschaft Vernehmungsprotokolle der drei Zeugen erst auf ihren Antrag hin zu den Gerichtsakten reichten und nicht aus eigener Initiative, wie es nach Meinung der Anw\u00e4lte f\u00fcr die Aufkl\u00e4rung Pflicht gewesen w\u00e4re. Den Protokollen zufolge bestreiten sie, damals beteiligt gewesen zu sein. Daher sehen Wohllebens Verteidiger den Fall als Beleg daf\u00fcr, dass Belastungszeuge S. vor Gericht nicht die Wahrheit gesagt hat.<\/p>\n<p><em>Informationen aus der Verhandlung gibt es <a href=\"https:\/\/twitter.com\/zeitonline\/lists\/nsu-prozess\">via Twitter hier<\/a>. Die Berichte dar\u00fcber fassen wir morgen im <a href=\"https:\/\/blog.zeit.de\/nsu-prozess-blog\/category\/medienschau\/\">NSU-Medienlog<\/a> zusammen.<\/em><\/p>\n","protected":false},"excerpt":{"rendered":"<p>Drei Zeugen m\u00fcssen am Donnerstag zu einem lange zur\u00fcckliegenden Ereignis aussagen: In den neunziger Jahren gingen Neonazis an einer Stra\u00dfenbahnhaltestelle im Jenaer Stadtteil Winzerla auf eine Gruppe Jugendlicher los \u2013 beteiligt gewesen sein sollen auch die drei, unter ihnen Christian K., der Bruder des Zeugen Andr\u00e9 K. Die Schl\u00e4gerei endete mit schweren Verletzungen f\u00fcr die [&hellip;]<\/p>\n","protected":false},"author":435,"featured_media":0,"comment_status":"open","ping_status":"open","sticky":false,"template":"","format":"standard","meta":{"_jetpack_memberships_contains_paid_content":false,"footnotes":""},"categories":[27532],"tags":[27541,29464,1587,1626,29510],"class_list":["post-11686","post","type-post","status-publish","format-standard","hentry","category-prozesstage","tag-carsten-s","tag-christian-k","tag-gewalt","tag-jena","tag-szene"],"yoast_head":"<!-- This site is optimized with the Yoast SEO plugin v21.0 - https:\/\/yoast.com\/wordpress\/plugins\/seo\/ -->\n<title>301. Prozesstag \u2013 Schl\u00e4gerei in Jena - Das NSU-Prozess-Blog<\/title>\n<meta name=\"robots\" content=\"index, follow, max-snippet:-1, max-image-preview:large, max-video-preview:-1\" \/>\n<link rel=\"canonical\" href=\"https:\/\/blog.zeit.de\/nsu-prozess-blog\/2016\/07\/21\/301-prozesstag-schlaegerei-in-jena\/\" \/>\n<meta property=\"og:locale\" content=\"de_DE\" \/>\n<meta property=\"og:type\" content=\"article\" \/>\n<meta property=\"og:title\" content=\"301. Prozesstag \u2013 Schl\u00e4gerei in Jena - Das NSU-Prozess-Blog\" \/>\n<meta property=\"og:description\" content=\"Drei Zeugen m\u00fcssen am Donnerstag zu einem lange zur\u00fcckliegenden Ereignis aussagen: In den neunziger Jahren gingen Neonazis an einer Stra\u00dfenbahnhaltestelle im Jenaer Stadtteil Winzerla auf eine Gruppe Jugendlicher los \u2013 beteiligt gewesen sein sollen auch die drei, unter ihnen Christian K., der Bruder des Zeugen Andr\u00e9 K. Die Schl\u00e4gerei endete mit schweren Verletzungen f\u00fcr die [&hellip;]\" \/>\n<meta property=\"og:url\" content=\"https:\/\/blog.zeit.de\/nsu-prozess-blog\/2016\/07\/21\/301-prozesstag-schlaegerei-in-jena\/\" \/>\n<meta property=\"og:site_name\" content=\"Das NSU-Prozess-Blog\" \/>\n<meta property=\"article:published_time\" content=\"2016-07-21T05:00:01+00:00\" \/>\n<meta property=\"article:modified_time\" content=\"2016-07-14T20:03:49+00:00\" \/>\n<meta name=\"author\" content=\"Tom Sundermann\" \/>\n<meta name=\"twitter:label1\" content=\"Geschrieben von\" \/>\n\t<meta name=\"twitter:data1\" content=\"Tom Sundermann\" \/>\n\t<meta name=\"twitter:label2\" content=\"Gesch\u00e4tzte Lesezeit\" \/>\n\t<meta name=\"twitter:data2\" content=\"1\u00a0Minute\" \/>\n<script type=\"application\/ld+json\" class=\"yoast-schema-graph\">{\"@context\":\"https:\/\/schema.org\",\"@graph\":[{\"@type\":\"WebPage\",\"@id\":\"https:\/\/blog.zeit.de\/nsu-prozess-blog\/2016\/07\/21\/301-prozesstag-schlaegerei-in-jena\/\",\"url\":\"https:\/\/blog.zeit.de\/nsu-prozess-blog\/2016\/07\/21\/301-prozesstag-schlaegerei-in-jena\/\",\"name\":\"301. Prozesstag \u2013 Schl\u00e4gerei in Jena - Das NSU-Prozess-Blog\",\"isPartOf\":{\"@id\":\"https:\/\/blog.zeit.de\/nsu-prozess-blog\/#website\"},\"datePublished\":\"2016-07-21T05:00:01+00:00\",\"dateModified\":\"2016-07-14T20:03:49+00:00\",\"author\":{\"@id\":\"https:\/\/blog.zeit.de\/nsu-prozess-blog\/#\/schema\/person\/553ea9bb5d1fc2ae054c589bd59380a5\"},\"breadcrumb\":{\"@id\":\"https:\/\/blog.zeit.de\/nsu-prozess-blog\/2016\/07\/21\/301-prozesstag-schlaegerei-in-jena\/#breadcrumb\"},\"inLanguage\":\"de\",\"potentialAction\":[{\"@type\":\"ReadAction\",\"target\":[\"https:\/\/blog.zeit.de\/nsu-prozess-blog\/2016\/07\/21\/301-prozesstag-schlaegerei-in-jena\/\"]}]},{\"@type\":\"BreadcrumbList\",\"@id\":\"https:\/\/blog.zeit.de\/nsu-prozess-blog\/2016\/07\/21\/301-prozesstag-schlaegerei-in-jena\/#breadcrumb\",\"itemListElement\":[{\"@type\":\"ListItem\",\"position\":1,\"name\":\"Startseite\",\"item\":\"https:\/\/blog.zeit.de\/nsu-prozess-blog\/\"},{\"@type\":\"ListItem\",\"position\":2,\"name\":\"301. Prozesstag \u2013 Schl\u00e4gerei in Jena\"}]},{\"@type\":\"WebSite\",\"@id\":\"https:\/\/blog.zeit.de\/nsu-prozess-blog\/#website\",\"url\":\"https:\/\/blog.zeit.de\/nsu-prozess-blog\/\",\"name\":\"Das NSU-Prozess-Blog\",\"description\":\"Alle Berichte zum Terrorverfahren in M\u00fcnchen\",\"potentialAction\":[{\"@type\":\"SearchAction\",\"target\":{\"@type\":\"EntryPoint\",\"urlTemplate\":\"https:\/\/blog.zeit.de\/nsu-prozess-blog\/?s={search_term_string}\"},\"query-input\":\"required name=search_term_string\"}],\"inLanguage\":\"de\"},{\"@type\":\"Person\",\"@id\":\"https:\/\/blog.zeit.de\/nsu-prozess-blog\/#\/schema\/person\/553ea9bb5d1fc2ae054c589bd59380a5\",\"name\":\"Tom Sundermann\",\"image\":{\"@type\":\"ImageObject\",\"inLanguage\":\"de\",\"@id\":\"https:\/\/blog.zeit.de\/nsu-prozess-blog\/#\/schema\/person\/image\/\",\"url\":\"https:\/\/secure.gravatar.com\/avatar\/e108a3dc18766f719b2f797dc5d19093f06a1870c55b553ab6b7563f1f9a5e68?s=96&d=mm&r=g\",\"contentUrl\":\"https:\/\/secure.gravatar.com\/avatar\/e108a3dc18766f719b2f797dc5d19093f06a1870c55b553ab6b7563f1f9a5e68?s=96&d=mm&r=g\",\"caption\":\"Tom Sundermann\"},\"sameAs\":[\"https:\/\/twitter.com\/messeticker\"],\"url\":\"https:\/\/blog.zeit.de\/nsu-prozess-blog\/author\/tsundermann\/\"}]}<\/script>\n<!-- \/ Yoast SEO plugin. -->","yoast_head_json":{"title":"301. Prozesstag \u2013 Schl\u00e4gerei in Jena - Das NSU-Prozess-Blog","robots":{"index":"index","follow":"follow","max-snippet":"max-snippet:-1","max-image-preview":"max-image-preview:large","max-video-preview":"max-video-preview:-1"},"canonical":"https:\/\/blog.zeit.de\/nsu-prozess-blog\/2016\/07\/21\/301-prozesstag-schlaegerei-in-jena\/","og_locale":"de_DE","og_type":"article","og_title":"301. Prozesstag \u2013 Schl\u00e4gerei in Jena - Das NSU-Prozess-Blog","og_description":"Drei Zeugen m\u00fcssen am Donnerstag zu einem lange zur\u00fcckliegenden Ereignis aussagen: In den neunziger Jahren gingen Neonazis an einer Stra\u00dfenbahnhaltestelle im Jenaer Stadtteil Winzerla auf eine Gruppe Jugendlicher los \u2013 beteiligt gewesen sein sollen auch die drei, unter ihnen Christian K., der Bruder des Zeugen Andr\u00e9 K. Die Schl\u00e4gerei endete mit schweren Verletzungen f\u00fcr die [&hellip;]","og_url":"https:\/\/blog.zeit.de\/nsu-prozess-blog\/2016\/07\/21\/301-prozesstag-schlaegerei-in-jena\/","og_site_name":"Das NSU-Prozess-Blog","article_published_time":"2016-07-21T05:00:01+00:00","article_modified_time":"2016-07-14T20:03:49+00:00","author":"Tom Sundermann","twitter_misc":{"Geschrieben von":"Tom Sundermann","Gesch\u00e4tzte Lesezeit":"1\u00a0Minute"},"schema":{"@context":"https:\/\/schema.org","@graph":[{"@type":"WebPage","@id":"https:\/\/blog.zeit.de\/nsu-prozess-blog\/2016\/07\/21\/301-prozesstag-schlaegerei-in-jena\/","url":"https:\/\/blog.zeit.de\/nsu-prozess-blog\/2016\/07\/21\/301-prozesstag-schlaegerei-in-jena\/","name":"301. Prozesstag \u2013 Schl\u00e4gerei in Jena - Das NSU-Prozess-Blog","isPartOf":{"@id":"https:\/\/blog.zeit.de\/nsu-prozess-blog\/#website"},"datePublished":"2016-07-21T05:00:01+00:00","dateModified":"2016-07-14T20:03:49+00:00","author":{"@id":"https:\/\/blog.zeit.de\/nsu-prozess-blog\/#\/schema\/person\/553ea9bb5d1fc2ae054c589bd59380a5"},"breadcrumb":{"@id":"https:\/\/blog.zeit.de\/nsu-prozess-blog\/2016\/07\/21\/301-prozesstag-schlaegerei-in-jena\/#breadcrumb"},"inLanguage":"de","potentialAction":[{"@type":"ReadAction","target":["https:\/\/blog.zeit.de\/nsu-prozess-blog\/2016\/07\/21\/301-prozesstag-schlaegerei-in-jena\/"]}]},{"@type":"BreadcrumbList","@id":"https:\/\/blog.zeit.de\/nsu-prozess-blog\/2016\/07\/21\/301-prozesstag-schlaegerei-in-jena\/#breadcrumb","itemListElement":[{"@type":"ListItem","position":1,"name":"Startseite","item":"https:\/\/blog.zeit.de\/nsu-prozess-blog\/"},{"@type":"ListItem","position":2,"name":"301. Prozesstag \u2013 Schl\u00e4gerei in Jena"}]},{"@type":"WebSite","@id":"https:\/\/blog.zeit.de\/nsu-prozess-blog\/#website","url":"https:\/\/blog.zeit.de\/nsu-prozess-blog\/","name":"Das NSU-Prozess-Blog","description":"Alle Berichte zum Terrorverfahren in M\u00fcnchen","potentialAction":[{"@type":"SearchAction","target":{"@type":"EntryPoint","urlTemplate":"https:\/\/blog.zeit.de\/nsu-prozess-blog\/?s={search_term_string}"},"query-input":"required name=search_term_string"}],"inLanguage":"de"},{"@type":"Person","@id":"https:\/\/blog.zeit.de\/nsu-prozess-blog\/#\/schema\/person\/553ea9bb5d1fc2ae054c589bd59380a5","name":"Tom Sundermann","image":{"@type":"ImageObject","inLanguage":"de","@id":"https:\/\/blog.zeit.de\/nsu-prozess-blog\/#\/schema\/person\/image\/","url":"https:\/\/secure.gravatar.com\/avatar\/e108a3dc18766f719b2f797dc5d19093f06a1870c55b553ab6b7563f1f9a5e68?s=96&d=mm&r=g","contentUrl":"https:\/\/secure.gravatar.com\/avatar\/e108a3dc18766f719b2f797dc5d19093f06a1870c55b553ab6b7563f1f9a5e68?s=96&d=mm&r=g","caption":"Tom Sundermann"},"sameAs":["https:\/\/twitter.com\/messeticker"],"url":"https:\/\/blog.zeit.de\/nsu-prozess-blog\/author\/tsundermann\/"}]}},"jetpack_featured_media_url":"","jetpack_sharing_enabled":true,"_links":{"self":[{"href":"https:\/\/blog.zeit.de\/nsu-prozess-blog\/wp-json\/wp\/v2\/posts\/11686","targetHints":{"allow":["GET"]}}],"collection":[{"href":"https:\/\/blog.zeit.de\/nsu-prozess-blog\/wp-json\/wp\/v2\/posts"}],"about":[{"href":"https:\/\/blog.zeit.de\/nsu-prozess-blog\/wp-json\/wp\/v2\/types\/post"}],"author":[{"embeddable":true,"href":"https:\/\/blog.zeit.de\/nsu-prozess-blog\/wp-json\/wp\/v2\/users\/435"}],"replies":[{"embeddable":true,"href":"https:\/\/blog.zeit.de\/nsu-prozess-blog\/wp-json\/wp\/v2\/comments?post=11686"}],"version-history":[{"count":2,"href":"https:\/\/blog.zeit.de\/nsu-prozess-blog\/wp-json\/wp\/v2\/posts\/11686\/revisions"}],"predecessor-version":[{"id":11769,"href":"https:\/\/blog.zeit.de\/nsu-prozess-blog\/wp-json\/wp\/v2\/posts\/11686\/revisions\/11769"}],"wp:attachment":[{"href":"https:\/\/blog.zeit.de\/nsu-prozess-blog\/wp-json\/wp\/v2\/media?parent=11686"}],"wp:term":[{"taxonomy":"category","embeddable":true,"href":"https:\/\/blog.zeit.de\/nsu-prozess-blog\/wp-json\/wp\/v2\/categories?post=11686"},{"taxonomy":"post_tag","embeddable":true,"href":"https:\/\/blog.zeit.de\/nsu-prozess-blog\/wp-json\/wp\/v2\/tags?post=11686"}],"curies":[{"name":"wp","href":"https:\/\/api.w.org\/{rel}","templated":true}]}}