{"id":11689,"date":"2016-07-18T10:50:47","date_gmt":"2016-07-18T08:50:47","guid":{"rendered":"http:\/\/blog.zeit.de\/nsu-prozess-blog\/?p=11689"},"modified":"2016-07-26T18:40:15","modified_gmt":"2016-07-26T16:40:15","slug":"ueberschrifrt-das-medienlog-vom-montag-18-juli-2016","status":"publish","type":"post","link":"https:\/\/blog.zeit.de\/nsu-prozess-blog\/2016\/07\/18\/ueberschrifrt-das-medienlog-vom-montag-18-juli-2016\/","title":{"rendered":"Verhandlungstermine bis September 2017 \u2013 Das Medienlog vom Montag, 18. Juli 2016"},"content":{"rendered":"<p>Am Mittwoch ist der 300. Verhandlungstag. Die <em>Th\u00fcringer Allgemeine<\/em> nimmt das zum Anlass f\u00fcr eine Zwischenbilanz, in der Autor Kai Mudra beschreibt, was bisher \u00fcber die Angeklagten Beate Zsch\u00e4pe, Ralf Wohlleben, Carsten S., Holger G. und Andr\u00e9 E. bekannt geworden ist.<\/p>\n<p><em>An jedem Werktag sichten wir f\u00fcr das NSU-Prozess-Blog die Medien und stellen wichtige Berichte, Blogs, Videos und Tweets zusammen. Wir freuen uns \u00fcber Hinweise via Twitter mit dem Hashtag #nsublog \u2013 oder per E-Mail an <a href=\"mailto:nsublog@zeit.de\">nsublog@zeit.de<\/a>.<\/em><\/p>\n<p>Bis September 2017 hat sich der Staatsschutzsenat <a href=\"https:\/\/blog.zeit.de\/nsu-prozess-blog\/2016\/07\/14\/das-medienlog-vom-donnerstag-14-juli-2016\/\">Termine im Gericht gesichert<\/a>. Das hei\u00dft aber nicht, dass das Gericht so lange verhandeln will, <a href=\"http:\/\/www.thueringer-allgemeine.de\/web\/zgt\/leben\/detail\/-\/specific\/300-Verhandlungstage-im-NSU-Prozess-aber-noch-immer-kein-Ende-absehbar-835229465\">schreibt Mudra.<\/a> Fast vollst\u00e4ndig abgearbeitet sei die Liste von Zeugen, insgesamt 500 wurden befragt. Die Zahl der Gutachter, die noch aussagen m\u00fcssen, sei gesunken. Den nahenden Vortrag des Aachener Gutachters Henning Sa\u00df zur Hauptangeklagten Zsch\u00e4pe sieht Mudra als Zeichen, dass das Ende der Beweisaufnahme naht. Aktiv bleiben d\u00fcrfte jedoch die Verteidigung, die noch immer neue Antr\u00e4ge stellt.<\/p>\n<p>Das n\u00e4chste Medienlog erscheint am Dienstag, 19. Juli 2016.<\/p>\n","protected":false},"excerpt":{"rendered":"<p>Am Mittwoch ist der 300. Verhandlungstag. Die Th\u00fcringer Allgemeine nimmt das zum Anlass f\u00fcr eine Zwischenbilanz, in der Autor Kai Mudra beschreibt, was bisher \u00fcber die Angeklagten Beate Zsch\u00e4pe, Ralf Wohlleben, Carsten S., Holger G. und Andr\u00e9 E. bekannt geworden ist. An jedem Werktag sichten wir f\u00fcr das NSU-Prozess-Blog die Medien und stellen wichtige Berichte, [&hellip;]<\/p>\n","protected":false},"author":191,"featured_media":0,"comment_status":"open","ping_status":"open","sticky":false,"template":"","format":"standard","meta":{"_jetpack_memberships_contains_paid_content":false,"footnotes":""},"categories":[27531],"tags":[],"class_list":["post-11689","post","type-post","status-publish","format-standard","hentry","category-medienschau"],"yoast_head":"<!-- This site is optimized with the Yoast SEO plugin v21.0 - https:\/\/yoast.com\/wordpress\/plugins\/seo\/ -->\n<title>Verhandlungstermine bis September 2017 \u2013 Das Medienlog vom Montag, 18. Juli 2016 - Das NSU-Prozess-Blog<\/title>\n<meta name=\"robots\" content=\"index, follow, max-snippet:-1, max-image-preview:large, max-video-preview:-1\" \/>\n<link rel=\"canonical\" href=\"https:\/\/blog.zeit.de\/nsu-prozess-blog\/2016\/07\/18\/ueberschrifrt-das-medienlog-vom-montag-18-juli-2016\/\" \/>\n<meta property=\"og:locale\" content=\"de_DE\" \/>\n<meta property=\"og:type\" content=\"article\" \/>\n<meta property=\"og:title\" content=\"Verhandlungstermine bis September 2017 \u2013 Das Medienlog vom Montag, 18. Juli 2016 - Das NSU-Prozess-Blog\" \/>\n<meta property=\"og:description\" content=\"Am Mittwoch ist der 300. Verhandlungstag. Die Th\u00fcringer Allgemeine nimmt das zum Anlass f\u00fcr eine Zwischenbilanz, in der Autor Kai Mudra beschreibt, was bisher \u00fcber die Angeklagten Beate Zsch\u00e4pe, Ralf Wohlleben, Carsten S., Holger G. und Andr\u00e9 E. bekannt geworden ist. An jedem Werktag sichten wir f\u00fcr das NSU-Prozess-Blog die Medien und stellen wichtige Berichte, [&hellip;]\" \/>\n<meta property=\"og:url\" content=\"https:\/\/blog.zeit.de\/nsu-prozess-blog\/2016\/07\/18\/ueberschrifrt-das-medienlog-vom-montag-18-juli-2016\/\" \/>\n<meta property=\"og:site_name\" content=\"Das NSU-Prozess-Blog\" \/>\n<meta property=\"article:published_time\" content=\"2016-07-18T08:50:47+00:00\" \/>\n<meta property=\"article:modified_time\" content=\"2016-07-26T16:40:15+00:00\" \/>\n<meta name=\"author\" content=\"Tilman Steffen\" \/>\n<meta name=\"twitter:label1\" content=\"Geschrieben von\" \/>\n\t<meta name=\"twitter:data1\" content=\"Tilman Steffen\" \/>\n\t<meta name=\"twitter:label2\" content=\"Gesch\u00e4tzte Lesezeit\" \/>\n\t<meta name=\"twitter:data2\" content=\"1\u00a0Minute\" \/>\n<script type=\"application\/ld+json\" class=\"yoast-schema-graph\">{\"@context\":\"https:\/\/schema.org\",\"@graph\":[{\"@type\":\"WebPage\",\"@id\":\"https:\/\/blog.zeit.de\/nsu-prozess-blog\/2016\/07\/18\/ueberschrifrt-das-medienlog-vom-montag-18-juli-2016\/\",\"url\":\"https:\/\/blog.zeit.de\/nsu-prozess-blog\/2016\/07\/18\/ueberschrifrt-das-medienlog-vom-montag-18-juli-2016\/\",\"name\":\"Verhandlungstermine bis September 2017 \u2013 Das Medienlog vom Montag, 18. Juli 2016 - Das NSU-Prozess-Blog\",\"isPartOf\":{\"@id\":\"https:\/\/blog.zeit.de\/nsu-prozess-blog\/#website\"},\"datePublished\":\"2016-07-18T08:50:47+00:00\",\"dateModified\":\"2016-07-26T16:40:15+00:00\",\"author\":{\"@id\":\"https:\/\/blog.zeit.de\/nsu-prozess-blog\/#\/schema\/person\/110e2fe4d5ec4e01f71931b64f570c54\"},\"breadcrumb\":{\"@id\":\"https:\/\/blog.zeit.de\/nsu-prozess-blog\/2016\/07\/18\/ueberschrifrt-das-medienlog-vom-montag-18-juli-2016\/#breadcrumb\"},\"inLanguage\":\"de\",\"potentialAction\":[{\"@type\":\"ReadAction\",\"target\":[\"https:\/\/blog.zeit.de\/nsu-prozess-blog\/2016\/07\/18\/ueberschrifrt-das-medienlog-vom-montag-18-juli-2016\/\"]}]},{\"@type\":\"BreadcrumbList\",\"@id\":\"https:\/\/blog.zeit.de\/nsu-prozess-blog\/2016\/07\/18\/ueberschrifrt-das-medienlog-vom-montag-18-juli-2016\/#breadcrumb\",\"itemListElement\":[{\"@type\":\"ListItem\",\"position\":1,\"name\":\"Startseite\",\"item\":\"https:\/\/blog.zeit.de\/nsu-prozess-blog\/\"},{\"@type\":\"ListItem\",\"position\":2,\"name\":\"Verhandlungstermine bis September 2017 \u2013 Das Medienlog vom Montag, 18. Juli 2016\"}]},{\"@type\":\"WebSite\",\"@id\":\"https:\/\/blog.zeit.de\/nsu-prozess-blog\/#website\",\"url\":\"https:\/\/blog.zeit.de\/nsu-prozess-blog\/\",\"name\":\"Das NSU-Prozess-Blog\",\"description\":\"Alle Berichte zum Terrorverfahren in M\u00fcnchen\",\"potentialAction\":[{\"@type\":\"SearchAction\",\"target\":{\"@type\":\"EntryPoint\",\"urlTemplate\":\"https:\/\/blog.zeit.de\/nsu-prozess-blog\/?s={search_term_string}\"},\"query-input\":\"required name=search_term_string\"}],\"inLanguage\":\"de\"},{\"@type\":\"Person\",\"@id\":\"https:\/\/blog.zeit.de\/nsu-prozess-blog\/#\/schema\/person\/110e2fe4d5ec4e01f71931b64f570c54\",\"name\":\"Tilman Steffen\",\"image\":{\"@type\":\"ImageObject\",\"inLanguage\":\"de\",\"@id\":\"https:\/\/blog.zeit.de\/nsu-prozess-blog\/#\/schema\/person\/image\/\",\"url\":\"https:\/\/secure.gravatar.com\/avatar\/8c4becdd9d412e3bd74354093718744070721ed0cb4054b7a8b7b12fa1a4b347?s=96&d=mm&r=g\",\"contentUrl\":\"https:\/\/secure.gravatar.com\/avatar\/8c4becdd9d412e3bd74354093718744070721ed0cb4054b7a8b7b12fa1a4b347?s=96&d=mm&r=g\",\"caption\":\"Tilman Steffen\"},\"description\":\"Redakteur bei ZEIT ONLINE seit 2009. Zuvor bei der Netzeitung. Nach der Journalistenschule Arbeit als Printautor und Fotograf; Redakteur und Reporter f\u00fcr epd, Beitr\u00e4ge f\u00fcr ZDF, n-tv, XXP, Mitarbeiter bei Reuters TV. \u2013 Orgelbauer, Kulturmanager, Journalist. Geboren, als Willy Brandt die deutsche Teilung anerkannte. Gro\u00df geworden in Deutschlands S\u00fcdosten \u2013 erwachsen seit dem Mauerfall. Drei Berufe gelernt, zwei Kinder gezeugt, ein Kulturzentrum gegr\u00fcndet \u2013 und dabei zum Journalisten geworden.\",\"sameAs\":[\"http:\/\/www.tilmansteffen.de\"],\"url\":\"https:\/\/blog.zeit.de\/nsu-prozess-blog\/author\/tilman-steffen\/\"}]}<\/script>\n<!-- \/ Yoast SEO plugin. -->","yoast_head_json":{"title":"Verhandlungstermine bis September 2017 \u2013 Das Medienlog vom Montag, 18. Juli 2016 - Das NSU-Prozess-Blog","robots":{"index":"index","follow":"follow","max-snippet":"max-snippet:-1","max-image-preview":"max-image-preview:large","max-video-preview":"max-video-preview:-1"},"canonical":"https:\/\/blog.zeit.de\/nsu-prozess-blog\/2016\/07\/18\/ueberschrifrt-das-medienlog-vom-montag-18-juli-2016\/","og_locale":"de_DE","og_type":"article","og_title":"Verhandlungstermine bis September 2017 \u2013 Das Medienlog vom Montag, 18. Juli 2016 - Das NSU-Prozess-Blog","og_description":"Am Mittwoch ist der 300. Verhandlungstag. Die Th\u00fcringer Allgemeine nimmt das zum Anlass f\u00fcr eine Zwischenbilanz, in der Autor Kai Mudra beschreibt, was bisher \u00fcber die Angeklagten Beate Zsch\u00e4pe, Ralf Wohlleben, Carsten S., Holger G. und Andr\u00e9 E. bekannt geworden ist. An jedem Werktag sichten wir f\u00fcr das NSU-Prozess-Blog die Medien und stellen wichtige Berichte, [&hellip;]","og_url":"https:\/\/blog.zeit.de\/nsu-prozess-blog\/2016\/07\/18\/ueberschrifrt-das-medienlog-vom-montag-18-juli-2016\/","og_site_name":"Das NSU-Prozess-Blog","article_published_time":"2016-07-18T08:50:47+00:00","article_modified_time":"2016-07-26T16:40:15+00:00","author":"Tilman Steffen","twitter_misc":{"Geschrieben von":"Tilman Steffen","Gesch\u00e4tzte Lesezeit":"1\u00a0Minute"},"schema":{"@context":"https:\/\/schema.org","@graph":[{"@type":"WebPage","@id":"https:\/\/blog.zeit.de\/nsu-prozess-blog\/2016\/07\/18\/ueberschrifrt-das-medienlog-vom-montag-18-juli-2016\/","url":"https:\/\/blog.zeit.de\/nsu-prozess-blog\/2016\/07\/18\/ueberschrifrt-das-medienlog-vom-montag-18-juli-2016\/","name":"Verhandlungstermine bis September 2017 \u2013 Das Medienlog vom Montag, 18. Juli 2016 - Das NSU-Prozess-Blog","isPartOf":{"@id":"https:\/\/blog.zeit.de\/nsu-prozess-blog\/#website"},"datePublished":"2016-07-18T08:50:47+00:00","dateModified":"2016-07-26T16:40:15+00:00","author":{"@id":"https:\/\/blog.zeit.de\/nsu-prozess-blog\/#\/schema\/person\/110e2fe4d5ec4e01f71931b64f570c54"},"breadcrumb":{"@id":"https:\/\/blog.zeit.de\/nsu-prozess-blog\/2016\/07\/18\/ueberschrifrt-das-medienlog-vom-montag-18-juli-2016\/#breadcrumb"},"inLanguage":"de","potentialAction":[{"@type":"ReadAction","target":["https:\/\/blog.zeit.de\/nsu-prozess-blog\/2016\/07\/18\/ueberschrifrt-das-medienlog-vom-montag-18-juli-2016\/"]}]},{"@type":"BreadcrumbList","@id":"https:\/\/blog.zeit.de\/nsu-prozess-blog\/2016\/07\/18\/ueberschrifrt-das-medienlog-vom-montag-18-juli-2016\/#breadcrumb","itemListElement":[{"@type":"ListItem","position":1,"name":"Startseite","item":"https:\/\/blog.zeit.de\/nsu-prozess-blog\/"},{"@type":"ListItem","position":2,"name":"Verhandlungstermine bis September 2017 \u2013 Das Medienlog vom Montag, 18. Juli 2016"}]},{"@type":"WebSite","@id":"https:\/\/blog.zeit.de\/nsu-prozess-blog\/#website","url":"https:\/\/blog.zeit.de\/nsu-prozess-blog\/","name":"Das NSU-Prozess-Blog","description":"Alle Berichte zum Terrorverfahren in M\u00fcnchen","potentialAction":[{"@type":"SearchAction","target":{"@type":"EntryPoint","urlTemplate":"https:\/\/blog.zeit.de\/nsu-prozess-blog\/?s={search_term_string}"},"query-input":"required name=search_term_string"}],"inLanguage":"de"},{"@type":"Person","@id":"https:\/\/blog.zeit.de\/nsu-prozess-blog\/#\/schema\/person\/110e2fe4d5ec4e01f71931b64f570c54","name":"Tilman Steffen","image":{"@type":"ImageObject","inLanguage":"de","@id":"https:\/\/blog.zeit.de\/nsu-prozess-blog\/#\/schema\/person\/image\/","url":"https:\/\/secure.gravatar.com\/avatar\/8c4becdd9d412e3bd74354093718744070721ed0cb4054b7a8b7b12fa1a4b347?s=96&d=mm&r=g","contentUrl":"https:\/\/secure.gravatar.com\/avatar\/8c4becdd9d412e3bd74354093718744070721ed0cb4054b7a8b7b12fa1a4b347?s=96&d=mm&r=g","caption":"Tilman Steffen"},"description":"Redakteur bei ZEIT ONLINE seit 2009. Zuvor bei der Netzeitung. Nach der Journalistenschule Arbeit als Printautor und Fotograf; Redakteur und Reporter f\u00fcr epd, Beitr\u00e4ge f\u00fcr ZDF, n-tv, XXP, Mitarbeiter bei Reuters TV. \u2013 Orgelbauer, Kulturmanager, Journalist. Geboren, als Willy Brandt die deutsche Teilung anerkannte. Gro\u00df geworden in Deutschlands S\u00fcdosten \u2013 erwachsen seit dem Mauerfall. Drei Berufe gelernt, zwei Kinder gezeugt, ein Kulturzentrum gegr\u00fcndet \u2013 und dabei zum Journalisten geworden.","sameAs":["http:\/\/www.tilmansteffen.de"],"url":"https:\/\/blog.zeit.de\/nsu-prozess-blog\/author\/tilman-steffen\/"}]}},"jetpack_featured_media_url":"","jetpack_sharing_enabled":true,"_links":{"self":[{"href":"https:\/\/blog.zeit.de\/nsu-prozess-blog\/wp-json\/wp\/v2\/posts\/11689","targetHints":{"allow":["GET"]}}],"collection":[{"href":"https:\/\/blog.zeit.de\/nsu-prozess-blog\/wp-json\/wp\/v2\/posts"}],"about":[{"href":"https:\/\/blog.zeit.de\/nsu-prozess-blog\/wp-json\/wp\/v2\/types\/post"}],"author":[{"embeddable":true,"href":"https:\/\/blog.zeit.de\/nsu-prozess-blog\/wp-json\/wp\/v2\/users\/191"}],"replies":[{"embeddable":true,"href":"https:\/\/blog.zeit.de\/nsu-prozess-blog\/wp-json\/wp\/v2\/comments?post=11689"}],"version-history":[{"count":9,"href":"https:\/\/blog.zeit.de\/nsu-prozess-blog\/wp-json\/wp\/v2\/posts\/11689\/revisions"}],"predecessor-version":[{"id":11753,"href":"https:\/\/blog.zeit.de\/nsu-prozess-blog\/wp-json\/wp\/v2\/posts\/11689\/revisions\/11753"}],"wp:attachment":[{"href":"https:\/\/blog.zeit.de\/nsu-prozess-blog\/wp-json\/wp\/v2\/media?parent=11689"}],"wp:term":[{"taxonomy":"category","embeddable":true,"href":"https:\/\/blog.zeit.de\/nsu-prozess-blog\/wp-json\/wp\/v2\/categories?post=11689"},{"taxonomy":"post_tag","embeddable":true,"href":"https:\/\/blog.zeit.de\/nsu-prozess-blog\/wp-json\/wp\/v2\/tags?post=11689"}],"curies":[{"name":"wp","href":"https:\/\/api.w.org\/{rel}","templated":true}]}}