{"id":11722,"date":"2016-07-22T09:11:22","date_gmt":"2016-07-22T07:11:22","guid":{"rendered":"http:\/\/blog.zeit.de\/nsu-prozess-blog\/?p=11722"},"modified":"2016-07-22T09:32:27","modified_gmt":"2016-07-22T07:32:27","slug":"das-medienlog-vom-freitag-22-juli-2016","status":"publish","type":"post","link":"https:\/\/blog.zeit.de\/nsu-prozess-blog\/2016\/07\/22\/das-medienlog-vom-freitag-22-juli-2016\/","title":{"rendered":"Auswege aus dem Rechtsextremismus \u2013 das Medienlog vom Freitag, 22. Juli 2016"},"content":{"rendered":"<p>Wann denn Mathias Grasel dem Gericht die Antworten von Beate Zsch\u00e4pe \u00fcbermitteln werde, fragt Richter Manfred G\u00f6tzl regelm\u00e4\u00dfig \u2013 Antworten auf Fragen, die die Prozessbeteiligten der Hauptangeklagten gestellt haben. G\u00f6tzls Frage an Zsch\u00e4pes Rechtsbeistand sei schon ein Running Gag in dem Verfahren, schreibt Gisela Friedrichsen auf <em>Spiegel Online<\/em>. Denn Grasel behaupte regelm\u00e4\u00dfig, das dauere noch.<\/p>\n<p><!--more--><\/p>\n<p><em>An jedem Werktag sichten wir f\u00fcr das NSU-Prozess-Blog die Medien und stellen wichtige Berichte, Blogs, Videos und Tweets zusammen. Wir freuen uns \u00fcber Hinweise via Twitter mit dem Hashtag #nsublog \u2013 oder per E-Mail an <a href=\"mailto:nsublog@zeit.de\" target=\"_blank\">nsublog@zeit.de<\/a>.<\/em><\/p>\n<p>Vor der Sommerpause sei nichts von Zsch\u00e4pe zu erwarten. Weil das Thema Zsch\u00e4pe auf Eis liege, <a href=\"https:\/\/blog.zeit.de\/nsu-prozess-blog\/2016\/07\/21\/301-prozesstag-schlaegerei-in-jena\/\">befasst sich das Gericht<\/a> mit Ralf Wohlleben, <a href=\"http:\/\/www.spiegel.de\/panorama\/justiz\/nsu-prozess-zeuge-berichtet-von-schlaegerei-an-der-strassenbahn-a-1104142.html\" target=\"_blank\">schreibt Friedrichsen<\/a>. Und der Frage, ob er nicht doch gewaltt\u00e4tig und ausl\u00e4nderfeindlich gewesen sei, &#8222;was seine Verteidigung unter Aufbietung aller strategischen Kunst zu widerlegen versucht&#8220;. Ein Zeuge schilderte, welche Stellung Wohlleben und der Mitangeklagte Carsten S. in der Szene innehatten. Der Mann war ein junger Teenager, als er beide kennenlernte und erz\u00e4hlte, er habe &#8222;irgendwann nachgedacht&#8220; \u00fcber diese politische Einstellung. Die Aussage &#8222;war immerhin ein Beweis daf\u00fcr, dass es einen Weg aus dem Sumpf des Rechtsradikalismus gab&#8220;, schreibt Friedrichsen.<\/p>\n<p>Thema des Verhandlungstages war auch die Frage, inwieweit S. und Wohlleben in gewaltt\u00e4tige Auseinandersetzungen verwickelt waren \u2013 insbesondere in eine Schl\u00e4gerei an einer Tram-Endhaltestelle in Jena-Winzerla, die Carsten S. in seiner Aussage erw\u00e4hnt hatte. &#8222;Und \u00fcber allem stand die Frage: Wie glaubw\u00fcrdig ist Carsten S. bzw. wie glaubw\u00fcrdig ist Ralf Wohlleben, die sich in ihren Aussagen vor dem Oberlandesgericht gegenseitig belastet haben&#8220;, schreibt Thies Marsen <a href=\"http:\/\/www.br.de\/nachrichten\/nsu-prozess\/160721-nsu-prozess-301-verhandlungstag-100.html\" target=\"_blank\">vom Bayerischen Rundfunk<\/a>.<\/p>\n<p>Oft habe der Zeuge gesagt, sich nicht erinnern zu k\u00f6nnen, schreiben alle Prozessbeobachter. &#8222;Ganz offensichtlich habe er diese Zeit verdr\u00e4ngt und versp\u00fcrt nur wenig Lust, sich nun wieder damit auseinanderzusetzen&#8220;, meint auch Kai Mudra von der <a href=\"http:\/\/www.thueringer-allgemeine.de\/web\/zgt\/leben\/detail\/-\/specific\/Grosse-Gedaechtnisluecken-1658416729\" target=\"_blank\"><em>Th\u00fcringer Allgemeinen<\/em><\/a>.<\/p>\n<p>Die <a href=\"https:\/\/www.jungewelt.de\/loginFailed.php?ref=\/2016\/07-22\/016.php\" target=\"_blank\"><em>Junge Welt<\/em> (Paywall) beschrieb<\/a> den Auftritt von Marcel D. als Zeugen vom Mittwoch, der eine Mitarbeit f\u00fcr den Verfassungsschutz leugnete, obwohl die Beh\u00f6rde ihn als Quelle bezeichnet.<\/p>\n","protected":false},"excerpt":{"rendered":"<p>Wann denn Mathias Grasel dem Gericht die Antworten von Beate Zsch\u00e4pe \u00fcbermitteln werde, fragt Richter Manfred G\u00f6tzl regelm\u00e4\u00dfig \u2013 Antworten auf Fragen, die die Prozessbeteiligten der Hauptangeklagten gestellt haben. G\u00f6tzls Frage an Zsch\u00e4pes Rechtsbeistand sei schon ein Running Gag in dem Verfahren, schreibt Gisela Friedrichsen auf Spiegel Online. Denn Grasel behaupte regelm\u00e4\u00dfig, das dauere noch.<\/p>\n","protected":false},"author":191,"featured_media":0,"comment_status":"open","ping_status":"open","sticky":false,"template":"","format":"standard","meta":{"_jetpack_memberships_contains_paid_content":false,"footnotes":""},"categories":[27531],"tags":[],"class_list":["post-11722","post","type-post","status-publish","format-standard","hentry","category-medienschau"],"yoast_head":"<!-- This site is optimized with the Yoast SEO plugin v21.0 - https:\/\/yoast.com\/wordpress\/plugins\/seo\/ -->\n<title>Auswege aus dem Rechtsextremismus \u2013 das Medienlog vom Freitag, 22. Juli 2016 - Das NSU-Prozess-Blog<\/title>\n<meta name=\"robots\" content=\"index, follow, max-snippet:-1, max-image-preview:large, max-video-preview:-1\" \/>\n<link rel=\"canonical\" href=\"https:\/\/blog.zeit.de\/nsu-prozess-blog\/2016\/07\/22\/das-medienlog-vom-freitag-22-juli-2016\/\" \/>\n<meta property=\"og:locale\" content=\"de_DE\" \/>\n<meta property=\"og:type\" content=\"article\" \/>\n<meta property=\"og:title\" content=\"Auswege aus dem Rechtsextremismus \u2013 das Medienlog vom Freitag, 22. Juli 2016 - Das NSU-Prozess-Blog\" \/>\n<meta property=\"og:description\" content=\"Wann denn Mathias Grasel dem Gericht die Antworten von Beate Zsch\u00e4pe \u00fcbermitteln werde, fragt Richter Manfred G\u00f6tzl regelm\u00e4\u00dfig \u2013 Antworten auf Fragen, die die Prozessbeteiligten der Hauptangeklagten gestellt haben. G\u00f6tzls Frage an Zsch\u00e4pes Rechtsbeistand sei schon ein Running Gag in dem Verfahren, schreibt Gisela Friedrichsen auf Spiegel Online. Denn Grasel behaupte regelm\u00e4\u00dfig, das dauere noch.\" \/>\n<meta property=\"og:url\" content=\"https:\/\/blog.zeit.de\/nsu-prozess-blog\/2016\/07\/22\/das-medienlog-vom-freitag-22-juli-2016\/\" \/>\n<meta property=\"og:site_name\" content=\"Das NSU-Prozess-Blog\" \/>\n<meta property=\"article:published_time\" content=\"2016-07-22T07:11:22+00:00\" \/>\n<meta property=\"article:modified_time\" content=\"2016-07-22T07:32:27+00:00\" \/>\n<meta name=\"author\" content=\"Tilman Steffen\" \/>\n<meta name=\"twitter:label1\" content=\"Geschrieben von\" \/>\n\t<meta name=\"twitter:data1\" content=\"Tilman Steffen\" \/>\n\t<meta name=\"twitter:label2\" content=\"Gesch\u00e4tzte Lesezeit\" \/>\n\t<meta name=\"twitter:data2\" content=\"2\u00a0Minuten\" \/>\n<script type=\"application\/ld+json\" class=\"yoast-schema-graph\">{\"@context\":\"https:\/\/schema.org\",\"@graph\":[{\"@type\":\"WebPage\",\"@id\":\"https:\/\/blog.zeit.de\/nsu-prozess-blog\/2016\/07\/22\/das-medienlog-vom-freitag-22-juli-2016\/\",\"url\":\"https:\/\/blog.zeit.de\/nsu-prozess-blog\/2016\/07\/22\/das-medienlog-vom-freitag-22-juli-2016\/\",\"name\":\"Auswege aus dem Rechtsextremismus \u2013 das Medienlog vom Freitag, 22. Juli 2016 - Das NSU-Prozess-Blog\",\"isPartOf\":{\"@id\":\"https:\/\/blog.zeit.de\/nsu-prozess-blog\/#website\"},\"datePublished\":\"2016-07-22T07:11:22+00:00\",\"dateModified\":\"2016-07-22T07:32:27+00:00\",\"author\":{\"@id\":\"https:\/\/blog.zeit.de\/nsu-prozess-blog\/#\/schema\/person\/110e2fe4d5ec4e01f71931b64f570c54\"},\"breadcrumb\":{\"@id\":\"https:\/\/blog.zeit.de\/nsu-prozess-blog\/2016\/07\/22\/das-medienlog-vom-freitag-22-juli-2016\/#breadcrumb\"},\"inLanguage\":\"de\",\"potentialAction\":[{\"@type\":\"ReadAction\",\"target\":[\"https:\/\/blog.zeit.de\/nsu-prozess-blog\/2016\/07\/22\/das-medienlog-vom-freitag-22-juli-2016\/\"]}]},{\"@type\":\"BreadcrumbList\",\"@id\":\"https:\/\/blog.zeit.de\/nsu-prozess-blog\/2016\/07\/22\/das-medienlog-vom-freitag-22-juli-2016\/#breadcrumb\",\"itemListElement\":[{\"@type\":\"ListItem\",\"position\":1,\"name\":\"Startseite\",\"item\":\"https:\/\/blog.zeit.de\/nsu-prozess-blog\/\"},{\"@type\":\"ListItem\",\"position\":2,\"name\":\"Auswege aus dem Rechtsextremismus \u2013 das Medienlog vom Freitag, 22. Juli 2016\"}]},{\"@type\":\"WebSite\",\"@id\":\"https:\/\/blog.zeit.de\/nsu-prozess-blog\/#website\",\"url\":\"https:\/\/blog.zeit.de\/nsu-prozess-blog\/\",\"name\":\"Das NSU-Prozess-Blog\",\"description\":\"Alle Berichte zum Terrorverfahren in M\u00fcnchen\",\"potentialAction\":[{\"@type\":\"SearchAction\",\"target\":{\"@type\":\"EntryPoint\",\"urlTemplate\":\"https:\/\/blog.zeit.de\/nsu-prozess-blog\/?s={search_term_string}\"},\"query-input\":\"required name=search_term_string\"}],\"inLanguage\":\"de\"},{\"@type\":\"Person\",\"@id\":\"https:\/\/blog.zeit.de\/nsu-prozess-blog\/#\/schema\/person\/110e2fe4d5ec4e01f71931b64f570c54\",\"name\":\"Tilman Steffen\",\"image\":{\"@type\":\"ImageObject\",\"inLanguage\":\"de\",\"@id\":\"https:\/\/blog.zeit.de\/nsu-prozess-blog\/#\/schema\/person\/image\/\",\"url\":\"https:\/\/secure.gravatar.com\/avatar\/8c4becdd9d412e3bd74354093718744070721ed0cb4054b7a8b7b12fa1a4b347?s=96&d=mm&r=g\",\"contentUrl\":\"https:\/\/secure.gravatar.com\/avatar\/8c4becdd9d412e3bd74354093718744070721ed0cb4054b7a8b7b12fa1a4b347?s=96&d=mm&r=g\",\"caption\":\"Tilman Steffen\"},\"description\":\"Redakteur bei ZEIT ONLINE seit 2009. Zuvor bei der Netzeitung. Nach der Journalistenschule Arbeit als Printautor und Fotograf; Redakteur und Reporter f\u00fcr epd, Beitr\u00e4ge f\u00fcr ZDF, n-tv, XXP, Mitarbeiter bei Reuters TV. \u2013 Orgelbauer, Kulturmanager, Journalist. Geboren, als Willy Brandt die deutsche Teilung anerkannte. Gro\u00df geworden in Deutschlands S\u00fcdosten \u2013 erwachsen seit dem Mauerfall. Drei Berufe gelernt, zwei Kinder gezeugt, ein Kulturzentrum gegr\u00fcndet \u2013 und dabei zum Journalisten geworden.\",\"sameAs\":[\"http:\/\/www.tilmansteffen.de\"],\"url\":\"https:\/\/blog.zeit.de\/nsu-prozess-blog\/author\/tilman-steffen\/\"}]}<\/script>\n<!-- \/ Yoast SEO plugin. -->","yoast_head_json":{"title":"Auswege aus dem Rechtsextremismus \u2013 das Medienlog vom Freitag, 22. Juli 2016 - Das NSU-Prozess-Blog","robots":{"index":"index","follow":"follow","max-snippet":"max-snippet:-1","max-image-preview":"max-image-preview:large","max-video-preview":"max-video-preview:-1"},"canonical":"https:\/\/blog.zeit.de\/nsu-prozess-blog\/2016\/07\/22\/das-medienlog-vom-freitag-22-juli-2016\/","og_locale":"de_DE","og_type":"article","og_title":"Auswege aus dem Rechtsextremismus \u2013 das Medienlog vom Freitag, 22. Juli 2016 - Das NSU-Prozess-Blog","og_description":"Wann denn Mathias Grasel dem Gericht die Antworten von Beate Zsch\u00e4pe \u00fcbermitteln werde, fragt Richter Manfred G\u00f6tzl regelm\u00e4\u00dfig \u2013 Antworten auf Fragen, die die Prozessbeteiligten der Hauptangeklagten gestellt haben. G\u00f6tzls Frage an Zsch\u00e4pes Rechtsbeistand sei schon ein Running Gag in dem Verfahren, schreibt Gisela Friedrichsen auf Spiegel Online. Denn Grasel behaupte regelm\u00e4\u00dfig, das dauere noch.","og_url":"https:\/\/blog.zeit.de\/nsu-prozess-blog\/2016\/07\/22\/das-medienlog-vom-freitag-22-juli-2016\/","og_site_name":"Das NSU-Prozess-Blog","article_published_time":"2016-07-22T07:11:22+00:00","article_modified_time":"2016-07-22T07:32:27+00:00","author":"Tilman Steffen","twitter_misc":{"Geschrieben von":"Tilman Steffen","Gesch\u00e4tzte Lesezeit":"2\u00a0Minuten"},"schema":{"@context":"https:\/\/schema.org","@graph":[{"@type":"WebPage","@id":"https:\/\/blog.zeit.de\/nsu-prozess-blog\/2016\/07\/22\/das-medienlog-vom-freitag-22-juli-2016\/","url":"https:\/\/blog.zeit.de\/nsu-prozess-blog\/2016\/07\/22\/das-medienlog-vom-freitag-22-juli-2016\/","name":"Auswege aus dem Rechtsextremismus \u2013 das Medienlog vom Freitag, 22. Juli 2016 - Das NSU-Prozess-Blog","isPartOf":{"@id":"https:\/\/blog.zeit.de\/nsu-prozess-blog\/#website"},"datePublished":"2016-07-22T07:11:22+00:00","dateModified":"2016-07-22T07:32:27+00:00","author":{"@id":"https:\/\/blog.zeit.de\/nsu-prozess-blog\/#\/schema\/person\/110e2fe4d5ec4e01f71931b64f570c54"},"breadcrumb":{"@id":"https:\/\/blog.zeit.de\/nsu-prozess-blog\/2016\/07\/22\/das-medienlog-vom-freitag-22-juli-2016\/#breadcrumb"},"inLanguage":"de","potentialAction":[{"@type":"ReadAction","target":["https:\/\/blog.zeit.de\/nsu-prozess-blog\/2016\/07\/22\/das-medienlog-vom-freitag-22-juli-2016\/"]}]},{"@type":"BreadcrumbList","@id":"https:\/\/blog.zeit.de\/nsu-prozess-blog\/2016\/07\/22\/das-medienlog-vom-freitag-22-juli-2016\/#breadcrumb","itemListElement":[{"@type":"ListItem","position":1,"name":"Startseite","item":"https:\/\/blog.zeit.de\/nsu-prozess-blog\/"},{"@type":"ListItem","position":2,"name":"Auswege aus dem Rechtsextremismus \u2013 das Medienlog vom Freitag, 22. Juli 2016"}]},{"@type":"WebSite","@id":"https:\/\/blog.zeit.de\/nsu-prozess-blog\/#website","url":"https:\/\/blog.zeit.de\/nsu-prozess-blog\/","name":"Das NSU-Prozess-Blog","description":"Alle Berichte zum Terrorverfahren in M\u00fcnchen","potentialAction":[{"@type":"SearchAction","target":{"@type":"EntryPoint","urlTemplate":"https:\/\/blog.zeit.de\/nsu-prozess-blog\/?s={search_term_string}"},"query-input":"required name=search_term_string"}],"inLanguage":"de"},{"@type":"Person","@id":"https:\/\/blog.zeit.de\/nsu-prozess-blog\/#\/schema\/person\/110e2fe4d5ec4e01f71931b64f570c54","name":"Tilman Steffen","image":{"@type":"ImageObject","inLanguage":"de","@id":"https:\/\/blog.zeit.de\/nsu-prozess-blog\/#\/schema\/person\/image\/","url":"https:\/\/secure.gravatar.com\/avatar\/8c4becdd9d412e3bd74354093718744070721ed0cb4054b7a8b7b12fa1a4b347?s=96&d=mm&r=g","contentUrl":"https:\/\/secure.gravatar.com\/avatar\/8c4becdd9d412e3bd74354093718744070721ed0cb4054b7a8b7b12fa1a4b347?s=96&d=mm&r=g","caption":"Tilman Steffen"},"description":"Redakteur bei ZEIT ONLINE seit 2009. Zuvor bei der Netzeitung. Nach der Journalistenschule Arbeit als Printautor und Fotograf; Redakteur und Reporter f\u00fcr epd, Beitr\u00e4ge f\u00fcr ZDF, n-tv, XXP, Mitarbeiter bei Reuters TV. \u2013 Orgelbauer, Kulturmanager, Journalist. Geboren, als Willy Brandt die deutsche Teilung anerkannte. Gro\u00df geworden in Deutschlands S\u00fcdosten \u2013 erwachsen seit dem Mauerfall. Drei Berufe gelernt, zwei Kinder gezeugt, ein Kulturzentrum gegr\u00fcndet \u2013 und dabei zum Journalisten geworden.","sameAs":["http:\/\/www.tilmansteffen.de"],"url":"https:\/\/blog.zeit.de\/nsu-prozess-blog\/author\/tilman-steffen\/"}]}},"jetpack_featured_media_url":"","jetpack_sharing_enabled":true,"_links":{"self":[{"href":"https:\/\/blog.zeit.de\/nsu-prozess-blog\/wp-json\/wp\/v2\/posts\/11722","targetHints":{"allow":["GET"]}}],"collection":[{"href":"https:\/\/blog.zeit.de\/nsu-prozess-blog\/wp-json\/wp\/v2\/posts"}],"about":[{"href":"https:\/\/blog.zeit.de\/nsu-prozess-blog\/wp-json\/wp\/v2\/types\/post"}],"author":[{"embeddable":true,"href":"https:\/\/blog.zeit.de\/nsu-prozess-blog\/wp-json\/wp\/v2\/users\/191"}],"replies":[{"embeddable":true,"href":"https:\/\/blog.zeit.de\/nsu-prozess-blog\/wp-json\/wp\/v2\/comments?post=11722"}],"version-history":[{"count":6,"href":"https:\/\/blog.zeit.de\/nsu-prozess-blog\/wp-json\/wp\/v2\/posts\/11722\/revisions"}],"predecessor-version":[{"id":11729,"href":"https:\/\/blog.zeit.de\/nsu-prozess-blog\/wp-json\/wp\/v2\/posts\/11722\/revisions\/11729"}],"wp:attachment":[{"href":"https:\/\/blog.zeit.de\/nsu-prozess-blog\/wp-json\/wp\/v2\/media?parent=11722"}],"wp:term":[{"taxonomy":"category","embeddable":true,"href":"https:\/\/blog.zeit.de\/nsu-prozess-blog\/wp-json\/wp\/v2\/categories?post=11722"},{"taxonomy":"post_tag","embeddable":true,"href":"https:\/\/blog.zeit.de\/nsu-prozess-blog\/wp-json\/wp\/v2\/tags?post=11722"}],"curies":[{"name":"wp","href":"https:\/\/api.w.org\/{rel}","templated":true}]}}