{"id":11748,"date":"2016-07-27T08:34:03","date_gmt":"2016-07-27T06:34:03","guid":{"rendered":"http:\/\/blog.zeit.de\/nsu-prozess-blog\/?p=11748"},"modified":"2016-07-27T09:27:05","modified_gmt":"2016-07-27T07:27:05","slug":"medienlog-anwalt-zeuge-erinnerung-nsu","status":"publish","type":"post","link":"https:\/\/blog.zeit.de\/nsu-prozess-blog\/2016\/07\/27\/medienlog-anwalt-zeuge-erinnerung-nsu\/","title":{"rendered":"Gericht wirft Anwalt aus dem Saal \u2013 Das Medienlog vom Mittwoch, 27. Juli 2016"},"content":{"rendered":"<p>Eklat im NSU-Prozess: Das Gericht hat den Anwalt eines Zeugen aus der Verhandlung ausgeschlossen, weil er seinem Mandanten eine Antwort vorgesagt haben soll. Der 33-j\u00e4hrige Torsten W. erhielt 2002 nach eigenen Angaben einen Brief und eine <a href=\"https:\/\/blog.zeit.de\/nsu-prozess-blog\/2016\/07\/13\/gruss-an-die-terrorgruppe\/\">Spende vom NSU-Trio<\/a>. Auf die Frage, ob er die drei gekannt habe, sagte der Zeugenbeistand nach Erinnerung einiger Prozessbeteiligter: &#8222;Sagen Sie, dass Sie sich nicht erinnern.&#8220; Allerdings wollen andere im Saal den Ablauf etwas anders mitbekommen haben. &#8222;Die Erinnerung scheint schon innerhalb k\u00fcrzester Zeit zu verblassen&#8220;, schreibt Wiebke Ramm auf <a href=\"http:\/\/www.spiegel.de\/panorama\/justiz\/nsu-prozess-zeuge-sagt-zum-brief-von-2002-aus-a-1104829.html\" target=\"_blank\"><em>Spiegel Online<\/em><\/a>. Sollte der Anwalt dem Zeugen tats\u00e4chlich die Aussage eingefl\u00fcstert haben, h\u00e4tte er sich damit strafbar gemacht.<\/p>\n<p><!--more--><\/p>\n<p><em>An jedem Werktag sichten wir f\u00fcr das NSU-Prozess-Blog die Medien und stellen wichtige Berichte, Blogs, Videos und Tweets zusammen. Wir freuen uns \u00fcber Hinweise via Twitter mit dem Hashtag #nsublog \u2013 oder per E-Mail an <a href=\"mailto:nsublog@zeit.de\">nsublog@zeit.de<\/a>.<\/em><\/p>\n<p>Der Anwalt selbst behauptete, W. habe ihm gesagt, er k\u00f6nne sich nicht erinnern \u2013 daraufhin habe er ihm geraten, genau das zu antworten. Im Sitzungsprotokoll allerdings wurde der strittige Satz, anders als von der Bundesanwaltschaft gefordert, nicht festgehalten. Damit bleibt von dem Fall zun\u00e4chst: &#8222;Ungenaue Erinnerungen auf allen Seiten&#8220;, schreibt Ramm. Mitte September muss W. erneut aussagen.<\/p>\n<p>&#8222;F\u00fcr die Prozessbeobachter wurden Erinnerungen an fr\u00fchere Verhandlungstage wach, in denen das Gericht rechten Szenezeugen mit angeblichen Ged\u00e4chtnisl\u00fccken nicht am Zeug flicken konnte&#8220;, merkt Eckhart Querner vom <a href=\"http:\/\/www.br.de\/nachrichten\/nsu-prozess\/160726-tagebuch-gerichtsreporter-100.html\" target=\"_blank\">Bayerischen Rundfunk<\/a> an. Dieses Mal sei die Vernehmung jedoch anders verlaufen. F\u00fcr den Anwalt sei sein Ratschlag an den Mandanten ein &#8222;folgenschwerer Fehler&#8220; gewesen. Zum n\u00e4chsten Termin in M\u00fcnchen muss Zeuge W. einen anderen Beistand mitbringen.<\/p>\n<p><em>Das n\u00e4chste Medienlog erscheint am Donnerstag, 28. Juli 2016.<\/em><\/p>\n","protected":false},"excerpt":{"rendered":"<p>Eklat im NSU-Prozess: Das Gericht hat den Anwalt eines Zeugen aus der Verhandlung ausgeschlossen, weil er seinem Mandanten eine Antwort vorgesagt haben soll. Der 33-j\u00e4hrige Torsten W. erhielt 2002 nach eigenen Angaben einen Brief und eine Spende vom NSU-Trio. Auf die Frage, ob er die drei gekannt habe, sagte der Zeugenbeistand nach Erinnerung einiger Prozessbeteiligter: [&hellip;]<\/p>\n","protected":false},"author":435,"featured_media":11759,"comment_status":"open","ping_status":"open","sticky":false,"template":"","format":"standard","meta":{"_jetpack_memberships_contains_paid_content":false,"footnotes":""},"categories":[27531],"tags":[29424,32039,1449,35415],"class_list":["post-11748","post","type-post","status-publish","format-standard","has-post-thumbnail","hentry","category-medienschau","tag-anwalte","tag-spende","tag-unterstutzer","tag-zeugenbeistand"],"yoast_head":"<!-- This site is optimized with the Yoast SEO plugin v21.0 - https:\/\/yoast.com\/wordpress\/plugins\/seo\/ -->\n<title>Gericht wirft Anwalt aus dem Saal \u2013 Das Medienlog vom Mittwoch, 27. Juli 2016 - Das NSU-Prozess-Blog<\/title>\n<meta name=\"robots\" content=\"index, follow, max-snippet:-1, max-image-preview:large, max-video-preview:-1\" \/>\n<link rel=\"canonical\" href=\"https:\/\/blog.zeit.de\/nsu-prozess-blog\/2016\/07\/27\/medienlog-anwalt-zeuge-erinnerung-nsu\/\" \/>\n<meta property=\"og:locale\" content=\"de_DE\" \/>\n<meta property=\"og:type\" content=\"article\" \/>\n<meta property=\"og:title\" content=\"Gericht wirft Anwalt aus dem Saal \u2013 Das Medienlog vom Mittwoch, 27. Juli 2016 - Das NSU-Prozess-Blog\" \/>\n<meta property=\"og:description\" content=\"Eklat im NSU-Prozess: Das Gericht hat den Anwalt eines Zeugen aus der Verhandlung ausgeschlossen, weil er seinem Mandanten eine Antwort vorgesagt haben soll. Der 33-j\u00e4hrige Torsten W. erhielt 2002 nach eigenen Angaben einen Brief und eine Spende vom NSU-Trio. Auf die Frage, ob er die drei gekannt habe, sagte der Zeugenbeistand nach Erinnerung einiger Prozessbeteiligter: [&hellip;]\" \/>\n<meta property=\"og:url\" content=\"https:\/\/blog.zeit.de\/nsu-prozess-blog\/2016\/07\/27\/medienlog-anwalt-zeuge-erinnerung-nsu\/\" \/>\n<meta property=\"og:site_name\" content=\"Das NSU-Prozess-Blog\" \/>\n<meta property=\"article:published_time\" content=\"2016-07-27T06:34:03+00:00\" \/>\n<meta property=\"article:modified_time\" content=\"2016-07-27T07:27:05+00:00\" \/>\n<meta property=\"og:image\" content=\"https:\/\/blog.zeit.de\/nsu-prozess-blog\/files\/2016\/07\/raw.jpg\" \/>\n\t<meta property=\"og:image:width\" content=\"1000\" \/>\n\t<meta property=\"og:image:height\" content=\"562\" \/>\n\t<meta property=\"og:image:type\" content=\"image\/jpeg\" \/>\n<meta name=\"author\" content=\"Tom Sundermann\" \/>\n<meta name=\"twitter:label1\" content=\"Geschrieben von\" \/>\n\t<meta name=\"twitter:data1\" content=\"Tom Sundermann\" \/>\n\t<meta name=\"twitter:label2\" content=\"Gesch\u00e4tzte Lesezeit\" \/>\n\t<meta name=\"twitter:data2\" content=\"1\u00a0Minute\" \/>\n<script type=\"application\/ld+json\" class=\"yoast-schema-graph\">{\"@context\":\"https:\/\/schema.org\",\"@graph\":[{\"@type\":\"WebPage\",\"@id\":\"https:\/\/blog.zeit.de\/nsu-prozess-blog\/2016\/07\/27\/medienlog-anwalt-zeuge-erinnerung-nsu\/\",\"url\":\"https:\/\/blog.zeit.de\/nsu-prozess-blog\/2016\/07\/27\/medienlog-anwalt-zeuge-erinnerung-nsu\/\",\"name\":\"Gericht wirft Anwalt aus dem Saal \u2013 Das Medienlog vom Mittwoch, 27. Juli 2016 - Das NSU-Prozess-Blog\",\"isPartOf\":{\"@id\":\"https:\/\/blog.zeit.de\/nsu-prozess-blog\/#website\"},\"datePublished\":\"2016-07-27T06:34:03+00:00\",\"dateModified\":\"2016-07-27T07:27:05+00:00\",\"author\":{\"@id\":\"https:\/\/blog.zeit.de\/nsu-prozess-blog\/#\/schema\/person\/553ea9bb5d1fc2ae054c589bd59380a5\"},\"breadcrumb\":{\"@id\":\"https:\/\/blog.zeit.de\/nsu-prozess-blog\/2016\/07\/27\/medienlog-anwalt-zeuge-erinnerung-nsu\/#breadcrumb\"},\"inLanguage\":\"de\",\"potentialAction\":[{\"@type\":\"ReadAction\",\"target\":[\"https:\/\/blog.zeit.de\/nsu-prozess-blog\/2016\/07\/27\/medienlog-anwalt-zeuge-erinnerung-nsu\/\"]}]},{\"@type\":\"BreadcrumbList\",\"@id\":\"https:\/\/blog.zeit.de\/nsu-prozess-blog\/2016\/07\/27\/medienlog-anwalt-zeuge-erinnerung-nsu\/#breadcrumb\",\"itemListElement\":[{\"@type\":\"ListItem\",\"position\":1,\"name\":\"Startseite\",\"item\":\"https:\/\/blog.zeit.de\/nsu-prozess-blog\/\"},{\"@type\":\"ListItem\",\"position\":2,\"name\":\"Gericht wirft Anwalt aus dem Saal \u2013 Das Medienlog vom Mittwoch, 27. Juli 2016\"}]},{\"@type\":\"WebSite\",\"@id\":\"https:\/\/blog.zeit.de\/nsu-prozess-blog\/#website\",\"url\":\"https:\/\/blog.zeit.de\/nsu-prozess-blog\/\",\"name\":\"Das NSU-Prozess-Blog\",\"description\":\"Alle Berichte zum Terrorverfahren in M\u00fcnchen\",\"potentialAction\":[{\"@type\":\"SearchAction\",\"target\":{\"@type\":\"EntryPoint\",\"urlTemplate\":\"https:\/\/blog.zeit.de\/nsu-prozess-blog\/?s={search_term_string}\"},\"query-input\":\"required name=search_term_string\"}],\"inLanguage\":\"de\"},{\"@type\":\"Person\",\"@id\":\"https:\/\/blog.zeit.de\/nsu-prozess-blog\/#\/schema\/person\/553ea9bb5d1fc2ae054c589bd59380a5\",\"name\":\"Tom Sundermann\",\"image\":{\"@type\":\"ImageObject\",\"inLanguage\":\"de\",\"@id\":\"https:\/\/blog.zeit.de\/nsu-prozess-blog\/#\/schema\/person\/image\/\",\"url\":\"https:\/\/secure.gravatar.com\/avatar\/e108a3dc18766f719b2f797dc5d19093f06a1870c55b553ab6b7563f1f9a5e68?s=96&d=mm&r=g\",\"contentUrl\":\"https:\/\/secure.gravatar.com\/avatar\/e108a3dc18766f719b2f797dc5d19093f06a1870c55b553ab6b7563f1f9a5e68?s=96&d=mm&r=g\",\"caption\":\"Tom Sundermann\"},\"sameAs\":[\"https:\/\/twitter.com\/messeticker\"],\"url\":\"https:\/\/blog.zeit.de\/nsu-prozess-blog\/author\/tsundermann\/\"}]}<\/script>\n<!-- \/ Yoast SEO plugin. -->","yoast_head_json":{"title":"Gericht wirft Anwalt aus dem Saal \u2013 Das Medienlog vom Mittwoch, 27. Juli 2016 - Das NSU-Prozess-Blog","robots":{"index":"index","follow":"follow","max-snippet":"max-snippet:-1","max-image-preview":"max-image-preview:large","max-video-preview":"max-video-preview:-1"},"canonical":"https:\/\/blog.zeit.de\/nsu-prozess-blog\/2016\/07\/27\/medienlog-anwalt-zeuge-erinnerung-nsu\/","og_locale":"de_DE","og_type":"article","og_title":"Gericht wirft Anwalt aus dem Saal \u2013 Das Medienlog vom Mittwoch, 27. Juli 2016 - Das NSU-Prozess-Blog","og_description":"Eklat im NSU-Prozess: Das Gericht hat den Anwalt eines Zeugen aus der Verhandlung ausgeschlossen, weil er seinem Mandanten eine Antwort vorgesagt haben soll. Der 33-j\u00e4hrige Torsten W. erhielt 2002 nach eigenen Angaben einen Brief und eine Spende vom NSU-Trio. Auf die Frage, ob er die drei gekannt habe, sagte der Zeugenbeistand nach Erinnerung einiger Prozessbeteiligter: [&hellip;]","og_url":"https:\/\/blog.zeit.de\/nsu-prozess-blog\/2016\/07\/27\/medienlog-anwalt-zeuge-erinnerung-nsu\/","og_site_name":"Das NSU-Prozess-Blog","article_published_time":"2016-07-27T06:34:03+00:00","article_modified_time":"2016-07-27T07:27:05+00:00","og_image":[{"width":1000,"height":562,"url":"https:\/\/blog.zeit.de\/nsu-prozess-blog\/files\/2016\/07\/raw.jpg","type":"image\/jpeg"}],"author":"Tom Sundermann","twitter_misc":{"Geschrieben von":"Tom Sundermann","Gesch\u00e4tzte Lesezeit":"1\u00a0Minute"},"schema":{"@context":"https:\/\/schema.org","@graph":[{"@type":"WebPage","@id":"https:\/\/blog.zeit.de\/nsu-prozess-blog\/2016\/07\/27\/medienlog-anwalt-zeuge-erinnerung-nsu\/","url":"https:\/\/blog.zeit.de\/nsu-prozess-blog\/2016\/07\/27\/medienlog-anwalt-zeuge-erinnerung-nsu\/","name":"Gericht wirft Anwalt aus dem Saal \u2013 Das Medienlog vom Mittwoch, 27. Juli 2016 - Das NSU-Prozess-Blog","isPartOf":{"@id":"https:\/\/blog.zeit.de\/nsu-prozess-blog\/#website"},"datePublished":"2016-07-27T06:34:03+00:00","dateModified":"2016-07-27T07:27:05+00:00","author":{"@id":"https:\/\/blog.zeit.de\/nsu-prozess-blog\/#\/schema\/person\/553ea9bb5d1fc2ae054c589bd59380a5"},"breadcrumb":{"@id":"https:\/\/blog.zeit.de\/nsu-prozess-blog\/2016\/07\/27\/medienlog-anwalt-zeuge-erinnerung-nsu\/#breadcrumb"},"inLanguage":"de","potentialAction":[{"@type":"ReadAction","target":["https:\/\/blog.zeit.de\/nsu-prozess-blog\/2016\/07\/27\/medienlog-anwalt-zeuge-erinnerung-nsu\/"]}]},{"@type":"BreadcrumbList","@id":"https:\/\/blog.zeit.de\/nsu-prozess-blog\/2016\/07\/27\/medienlog-anwalt-zeuge-erinnerung-nsu\/#breadcrumb","itemListElement":[{"@type":"ListItem","position":1,"name":"Startseite","item":"https:\/\/blog.zeit.de\/nsu-prozess-blog\/"},{"@type":"ListItem","position":2,"name":"Gericht wirft Anwalt aus dem Saal \u2013 Das Medienlog vom Mittwoch, 27. Juli 2016"}]},{"@type":"WebSite","@id":"https:\/\/blog.zeit.de\/nsu-prozess-blog\/#website","url":"https:\/\/blog.zeit.de\/nsu-prozess-blog\/","name":"Das NSU-Prozess-Blog","description":"Alle Berichte zum Terrorverfahren in M\u00fcnchen","potentialAction":[{"@type":"SearchAction","target":{"@type":"EntryPoint","urlTemplate":"https:\/\/blog.zeit.de\/nsu-prozess-blog\/?s={search_term_string}"},"query-input":"required name=search_term_string"}],"inLanguage":"de"},{"@type":"Person","@id":"https:\/\/blog.zeit.de\/nsu-prozess-blog\/#\/schema\/person\/553ea9bb5d1fc2ae054c589bd59380a5","name":"Tom Sundermann","image":{"@type":"ImageObject","inLanguage":"de","@id":"https:\/\/blog.zeit.de\/nsu-prozess-blog\/#\/schema\/person\/image\/","url":"https:\/\/secure.gravatar.com\/avatar\/e108a3dc18766f719b2f797dc5d19093f06a1870c55b553ab6b7563f1f9a5e68?s=96&d=mm&r=g","contentUrl":"https:\/\/secure.gravatar.com\/avatar\/e108a3dc18766f719b2f797dc5d19093f06a1870c55b553ab6b7563f1f9a5e68?s=96&d=mm&r=g","caption":"Tom Sundermann"},"sameAs":["https:\/\/twitter.com\/messeticker"],"url":"https:\/\/blog.zeit.de\/nsu-prozess-blog\/author\/tsundermann\/"}]}},"jetpack_featured_media_url":"https:\/\/blog.zeit.de\/nsu-prozess-blog\/files\/2016\/07\/raw.jpg","jetpack_sharing_enabled":true,"_links":{"self":[{"href":"https:\/\/blog.zeit.de\/nsu-prozess-blog\/wp-json\/wp\/v2\/posts\/11748","targetHints":{"allow":["GET"]}}],"collection":[{"href":"https:\/\/blog.zeit.de\/nsu-prozess-blog\/wp-json\/wp\/v2\/posts"}],"about":[{"href":"https:\/\/blog.zeit.de\/nsu-prozess-blog\/wp-json\/wp\/v2\/types\/post"}],"author":[{"embeddable":true,"href":"https:\/\/blog.zeit.de\/nsu-prozess-blog\/wp-json\/wp\/v2\/users\/435"}],"replies":[{"embeddable":true,"href":"https:\/\/blog.zeit.de\/nsu-prozess-blog\/wp-json\/wp\/v2\/comments?post=11748"}],"version-history":[{"count":4,"href":"https:\/\/blog.zeit.de\/nsu-prozess-blog\/wp-json\/wp\/v2\/posts\/11748\/revisions"}],"predecessor-version":[{"id":11758,"href":"https:\/\/blog.zeit.de\/nsu-prozess-blog\/wp-json\/wp\/v2\/posts\/11748\/revisions\/11758"}],"wp:featuredmedia":[{"embeddable":true,"href":"https:\/\/blog.zeit.de\/nsu-prozess-blog\/wp-json\/wp\/v2\/media\/11759"}],"wp:attachment":[{"href":"https:\/\/blog.zeit.de\/nsu-prozess-blog\/wp-json\/wp\/v2\/media?parent=11748"}],"wp:term":[{"taxonomy":"category","embeddable":true,"href":"https:\/\/blog.zeit.de\/nsu-prozess-blog\/wp-json\/wp\/v2\/categories?post=11748"},{"taxonomy":"post_tag","embeddable":true,"href":"https:\/\/blog.zeit.de\/nsu-prozess-blog\/wp-json\/wp\/v2\/tags?post=11748"}],"curies":[{"name":"wp","href":"https:\/\/api.w.org\/{rel}","templated":true}]}}