{"id":11779,"date":"2016-08-01T17:46:14","date_gmt":"2016-08-01T15:46:14","guid":{"rendered":"http:\/\/blog.zeit.de\/nsu-prozess-blog\/?p=11779"},"modified":"2016-08-01T18:12:49","modified_gmt":"2016-08-01T16:12:49","slug":"verteidiger-wirft-bundesanwaltschaft-einseitige-ermittlungen-vor","status":"publish","type":"post","link":"https:\/\/blog.zeit.de\/nsu-prozess-blog\/2016\/08\/01\/verteidiger-wirft-bundesanwaltschaft-einseitige-ermittlungen-vor\/","title":{"rendered":"Verteidiger wirft Bundesanwaltschaft einseitige Ermittlungen vor"},"content":{"rendered":"<p><strong>Hat die Bundesanwaltschaft im NSU-Prozess entlastende Aussagen unterschlagen? Der Verteidiger des Mitangeklagten Ralf Wohlleben wirft den Ankl\u00e4gern vor, seinen Mandanten gezielt in ein schlechtes Licht ger\u00fcckt zu haben.<\/strong><\/p>\n<p>Wann es genau geschah, daran kann sich Carsten S. heute nicht mehr erinnern. Irgendwann in den neunziger Jahren, als er noch in der rechten Szene von Jena steckte und mit seinen Gesinnungsgenossen um die H\u00e4user zog. Da beschimpften Jugendliche einen von ihnen als \u201eSchei\u00dfnazi\u201c. Die rechte Truppe verwandelte sich in einen braunen Mob, traktierte die Rufer mit Schl\u00e4gen und Tritten und fl\u00fcchtete, bevor Polizei und Krankenwagen kamen.<\/p>\n<p>In seiner Aussage zu Beginn des NSU-Prozesses im Mai 2013 erw\u00e4hnte S. die Episode beinahe beil\u00e4ufig. Nun, mehr als drei Jahre sp\u00e4ter, sorgt sie f\u00fcr einen Eklat im Terrorprozess. Dabei geht es um die Glaubw\u00fcrdigkeit von S. und die des ebenfalls auf der Anklagebank sitzenden Ralf Wohlleben.<\/p>\n<p><!--more--><\/p>\n<p>Gemeinsam sollen S. und Wohlleben im Jahr 1999 oder 2000 die Pistole Ceska 83 besorgt haben, mit der die NSU-Mitglieder Uwe Mundlos und Uwe B\u00f6hnhardt neun Menschen erschossen haben sollen. S. hatte zu Prozessbeginn ausgesagt, dass Wohlleben ihm den Auftrag erteilt und das Geld gegeben habe. Er habe die Waffe gekauft und sie dem NSU \u00fcberbracht, hatte S. gesagt. Wohlleben stritt das in seiner eigenen Aussage vom Dezember vergangenen Jahres ab.<\/p>\n<p>Wegen des Gest\u00e4ndnisses ist Wohlleben in einer unangenehmen Situation. Mehrmals haben die Richter angedeutet, dass sie die Vorw\u00fcrfe gegen ihn f\u00fcr plausibel halten. Seine Anw\u00e4lte versuchen dieser Tage darum immer wieder, S. als unglaubw\u00fcrdig darzustellen. Daf\u00fcr w\u00e4re es hilfreich, ihn einer unwahren Aussage zu \u00fcberf\u00fchren. Das ist bislang nicht gelungen.<\/p>\n<p>In der Sitzung vom heutigen Montag nahm Wohllebens Anwalt Olaf Klemke sich viel Zeit, um zu sezieren, wie vor Gericht mit der Pr\u00fcgelei von Jena umgegangen wurde. Im Fokus seines Anlaufs stand dieses Mal die Bundesanwaltschaft. Die Vertreter der Karlsruher Anklagebeh\u00f6rde, glaubt Klemke, haben Material unterschlagen, das ihren Mandanten entlastet.<\/p>\n<p>Zur Pr\u00fcfung der Glaubw\u00fcrdigkeit von S. hatten Ermittler des Bundeskriminalamts zweimal den Zeugen Sven K. vernommen, der nach Wissen von S. bei der Schl\u00e4gerei mitgemacht hatte. Laut Klemke sagte K. bei der ersten Vernehmung noch vor Prozessbeginn auf die Frage nach dem Vorfall: \u201eIch habe mich an so einer Schl\u00e4gerei nie beteiligt.\u201c Er habe allerdings gro\u00dfe Schwierigkeiten, sich an die Zeit zu erinnern.<\/p>\n<p>Im Oktober 2013, nach dem Gest\u00e4ndnis von S. in der Verhandlung, wurde K. erneut beim BKA vorgeladen. Dabei wurde er in aller Deutlichkeit befragt: \u201eErinnern Sie sich vielleicht jetzt an die Schl\u00e4gerei?\u201c Die Erinnerung bei K. kam nicht zur\u00fcck, er r\u00e4umte aber zumindest ein: \u201eDas kann schon sein, dass das so war.\u201c<\/p>\n<p>F\u00fcr Klemke ist klar, dass durch den Vorhalt von S.&#8216; Aussage Erinnerungen \u201everf\u00e4lscht oder kreiert\u201c worden sind. Die Vernehmungsbeamten h\u00e4tten K.s deutliche Distanzierung von der Tat \u201eausb\u00fcgeln\u201c wollen. Der wahre Skandal habe aber erst im Anschluss begonnen: Von den Protokollen der BKA-Befragung gab die Bundesanwaltschaft demnach nur eines an das Gericht weiter \u2013 und zwar das zweite. Dadurch wirkte die Erinnerung von K. m\u00f6glicherweise viel schwammiger, als sie es sonst getan h\u00e4tte.<\/p>\n<p>Anwalt Klemke kritisierte, die Anklagebeh\u00f6rde habe nicht riskieren wollen, ihren \u201eKronzeugen\u201c Carsten S. zu diskreditieren, da dies den Tatvorwurf gegen Wohlleben schw\u00e4chen k\u00f6nnte. \u201eDas wirft alles in allem kein gutes Licht auf die Bundesanwaltschaft\u201c, sagt er.<\/p>\n<p>Die Karlsruher t\u00e4ten gut daran, eine Erkl\u00e4rung zu liefern: Da wird ein Zeuge befragt, Anlass ist das Ermittlungsverfahren im NSU-Komplex \u2013 doch die Abschrift des Gespr\u00e4chs landet zun\u00e4chst in einer Schublade statt auf dem Richtertisch? Tats\u00e4chlich mag eine Vernehmung unspektakul\u00e4r erscheinen, in der ein Zeuge angibt, zur Sache nichts sagen zu k\u00f6nnen. Doch dass unvollst\u00e4ndige Ermittlungsakten sp\u00e4ter zum Problem werden k\u00f6nnen, h\u00e4tten Deutschlands oberste Staatsanw\u00e4lte ahnen k\u00f6nnen.<\/p>\n<p>F\u00fcr Klemke d\u00fcrfte damit dennoch wenig gewonnen sein: Das Ereignis kann locker zwei Jahrzehnte zur\u00fcckliegen \u2013 eine Zeit, in der Ged\u00e4chtnisschwund oder einander widersprechende Erinnerungen auftreten k\u00f6nnen. Zeuge K. hatte denn auch ausgesagt, dass gewaltt\u00e4tige Auseinandersetzungen damals st\u00e4ndig vorkamen. Carsten S. d\u00fcrfte in den Augen der Richter genauso glaubw\u00fcrdig dastehen wie zuvor. Und dennoch verschie\u00dft Klemke in einer zweiten Stellungnahme noch spitzere Giftpfeile: Das Verhalten der Bundesanwaltschaft sei eine Unversch\u00e4mtheit, an der Aussage sei eine \u201efalsche Etikettierung\u201c angebracht worden.<\/p>\n<p>Er endet mit einer Warnung an die Richter um den Vorsitzenden Manfred G\u00f6tzl: Sollte das Gericht die Ankl\u00e4ger nicht zur Ordnung rufen und deren Verhalten billigen, \u201emuss es gewahr sein, dass mal jemand sagt: Herr Wohlleben hat kein faires Verfahren gehabt\u201c. Die Botschaft: Folgen die Richter nicht Klemkes Sichtweise, wird der Anwalt versuchen, das Urteil in der Revision anzugreifen. Das d\u00fcrfte er aber ohnehin wegen etlicher anderer vermeintlicher Fehler vorhaben.<\/p>\n<p>Zu Wort meldeten sich am Montag auch die drei Altverteidiger der Hauptangeklagten Beate Zsch\u00e4pe. Anwalt Wolfgang Heer beantragte, etliche Fragen als nicht zul\u00e4ssig zur\u00fcckzuweisen, die Vertreter der NSU-Opfer seiner Mandantin Anfang Juli gestellt hatten. Zsch\u00e4pe, die seit \u00fcber einem Jahr nicht mehr mit den dreien redet, war der Vorsto\u00df offensichtlich nicht bekannt: Ihr Wahlverteidiger Hermann Borchert hatte geplant, in der Sitzung erste Antworten auf die Fragen zu verlesen.<\/p>\n","protected":false},"excerpt":{"rendered":"<p>Hat die Bundesanwaltschaft im NSU-Prozess entlastende Aussagen unterschlagen? Der Verteidiger des Mitangeklagten Ralf Wohlleben wirft den Ankl\u00e4gern vor, seinen Mandanten gezielt in ein schlechtes Licht ger\u00fcckt zu haben. Wann es genau geschah, daran kann sich Carsten S. heute nicht mehr erinnern. Irgendwann in den neunziger Jahren, als er noch in der rechten Szene von Jena [&hellip;]<\/p>\n","protected":false},"author":435,"featured_media":11783,"comment_status":"open","ping_status":"open","sticky":false,"template":"","format":"standard","meta":{"_jetpack_memberships_contains_paid_content":false,"footnotes":""},"categories":[27532],"tags":[],"class_list":["post-11779","post","type-post","status-publish","format-standard","has-post-thumbnail","hentry","category-prozesstage"],"yoast_head":"<!-- This site is optimized with the Yoast SEO plugin v21.0 - https:\/\/yoast.com\/wordpress\/plugins\/seo\/ -->\n<title>Verteidiger wirft Bundesanwaltschaft einseitige Ermittlungen vor - Das NSU-Prozess-Blog<\/title>\n<meta name=\"robots\" content=\"index, follow, max-snippet:-1, max-image-preview:large, max-video-preview:-1\" \/>\n<link rel=\"canonical\" href=\"https:\/\/blog.zeit.de\/nsu-prozess-blog\/2016\/08\/01\/verteidiger-wirft-bundesanwaltschaft-einseitige-ermittlungen-vor\/\" \/>\n<meta property=\"og:locale\" content=\"de_DE\" \/>\n<meta property=\"og:type\" content=\"article\" \/>\n<meta property=\"og:title\" content=\"Verteidiger wirft Bundesanwaltschaft einseitige Ermittlungen vor - Das NSU-Prozess-Blog\" \/>\n<meta property=\"og:description\" content=\"Hat die Bundesanwaltschaft im NSU-Prozess entlastende Aussagen unterschlagen? Der Verteidiger des Mitangeklagten Ralf Wohlleben wirft den Ankl\u00e4gern vor, seinen Mandanten gezielt in ein schlechtes Licht ger\u00fcckt zu haben. Wann es genau geschah, daran kann sich Carsten S. heute nicht mehr erinnern. Irgendwann in den neunziger Jahren, als er noch in der rechten Szene von Jena [&hellip;]\" \/>\n<meta property=\"og:url\" content=\"https:\/\/blog.zeit.de\/nsu-prozess-blog\/2016\/08\/01\/verteidiger-wirft-bundesanwaltschaft-einseitige-ermittlungen-vor\/\" \/>\n<meta property=\"og:site_name\" content=\"Das NSU-Prozess-Blog\" \/>\n<meta property=\"article:published_time\" content=\"2016-08-01T15:46:14+00:00\" \/>\n<meta property=\"article:modified_time\" content=\"2016-08-01T16:12:49+00:00\" \/>\n<meta property=\"og:image\" content=\"https:\/\/blog.zeit.de\/nsu-prozess-blog\/files\/2016\/08\/raw.jpg\" \/>\n\t<meta property=\"og:image:width\" content=\"1000\" \/>\n\t<meta property=\"og:image:height\" content=\"562\" \/>\n\t<meta property=\"og:image:type\" content=\"image\/jpeg\" \/>\n<meta name=\"author\" content=\"Tom Sundermann\" \/>\n<meta name=\"twitter:label1\" content=\"Geschrieben von\" \/>\n\t<meta name=\"twitter:data1\" content=\"Tom Sundermann\" \/>\n\t<meta name=\"twitter:label2\" content=\"Gesch\u00e4tzte Lesezeit\" \/>\n\t<meta name=\"twitter:data2\" content=\"4\u00a0Minuten\" \/>\n<script type=\"application\/ld+json\" class=\"yoast-schema-graph\">{\"@context\":\"https:\/\/schema.org\",\"@graph\":[{\"@type\":\"WebPage\",\"@id\":\"https:\/\/blog.zeit.de\/nsu-prozess-blog\/2016\/08\/01\/verteidiger-wirft-bundesanwaltschaft-einseitige-ermittlungen-vor\/\",\"url\":\"https:\/\/blog.zeit.de\/nsu-prozess-blog\/2016\/08\/01\/verteidiger-wirft-bundesanwaltschaft-einseitige-ermittlungen-vor\/\",\"name\":\"Verteidiger wirft Bundesanwaltschaft einseitige Ermittlungen vor - Das NSU-Prozess-Blog\",\"isPartOf\":{\"@id\":\"https:\/\/blog.zeit.de\/nsu-prozess-blog\/#website\"},\"datePublished\":\"2016-08-01T15:46:14+00:00\",\"dateModified\":\"2016-08-01T16:12:49+00:00\",\"author\":{\"@id\":\"https:\/\/blog.zeit.de\/nsu-prozess-blog\/#\/schema\/person\/553ea9bb5d1fc2ae054c589bd59380a5\"},\"breadcrumb\":{\"@id\":\"https:\/\/blog.zeit.de\/nsu-prozess-blog\/2016\/08\/01\/verteidiger-wirft-bundesanwaltschaft-einseitige-ermittlungen-vor\/#breadcrumb\"},\"inLanguage\":\"de\",\"potentialAction\":[{\"@type\":\"ReadAction\",\"target\":[\"https:\/\/blog.zeit.de\/nsu-prozess-blog\/2016\/08\/01\/verteidiger-wirft-bundesanwaltschaft-einseitige-ermittlungen-vor\/\"]}]},{\"@type\":\"BreadcrumbList\",\"@id\":\"https:\/\/blog.zeit.de\/nsu-prozess-blog\/2016\/08\/01\/verteidiger-wirft-bundesanwaltschaft-einseitige-ermittlungen-vor\/#breadcrumb\",\"itemListElement\":[{\"@type\":\"ListItem\",\"position\":1,\"name\":\"Startseite\",\"item\":\"https:\/\/blog.zeit.de\/nsu-prozess-blog\/\"},{\"@type\":\"ListItem\",\"position\":2,\"name\":\"Verteidiger wirft Bundesanwaltschaft einseitige Ermittlungen vor\"}]},{\"@type\":\"WebSite\",\"@id\":\"https:\/\/blog.zeit.de\/nsu-prozess-blog\/#website\",\"url\":\"https:\/\/blog.zeit.de\/nsu-prozess-blog\/\",\"name\":\"Das NSU-Prozess-Blog\",\"description\":\"Alle Berichte zum Terrorverfahren in M\u00fcnchen\",\"potentialAction\":[{\"@type\":\"SearchAction\",\"target\":{\"@type\":\"EntryPoint\",\"urlTemplate\":\"https:\/\/blog.zeit.de\/nsu-prozess-blog\/?s={search_term_string}\"},\"query-input\":\"required name=search_term_string\"}],\"inLanguage\":\"de\"},{\"@type\":\"Person\",\"@id\":\"https:\/\/blog.zeit.de\/nsu-prozess-blog\/#\/schema\/person\/553ea9bb5d1fc2ae054c589bd59380a5\",\"name\":\"Tom Sundermann\",\"image\":{\"@type\":\"ImageObject\",\"inLanguage\":\"de\",\"@id\":\"https:\/\/blog.zeit.de\/nsu-prozess-blog\/#\/schema\/person\/image\/\",\"url\":\"https:\/\/secure.gravatar.com\/avatar\/e108a3dc18766f719b2f797dc5d19093f06a1870c55b553ab6b7563f1f9a5e68?s=96&d=mm&r=g\",\"contentUrl\":\"https:\/\/secure.gravatar.com\/avatar\/e108a3dc18766f719b2f797dc5d19093f06a1870c55b553ab6b7563f1f9a5e68?s=96&d=mm&r=g\",\"caption\":\"Tom Sundermann\"},\"sameAs\":[\"https:\/\/twitter.com\/messeticker\"],\"url\":\"https:\/\/blog.zeit.de\/nsu-prozess-blog\/author\/tsundermann\/\"}]}<\/script>\n<!-- \/ Yoast SEO plugin. -->","yoast_head_json":{"title":"Verteidiger wirft Bundesanwaltschaft einseitige Ermittlungen vor - Das NSU-Prozess-Blog","robots":{"index":"index","follow":"follow","max-snippet":"max-snippet:-1","max-image-preview":"max-image-preview:large","max-video-preview":"max-video-preview:-1"},"canonical":"https:\/\/blog.zeit.de\/nsu-prozess-blog\/2016\/08\/01\/verteidiger-wirft-bundesanwaltschaft-einseitige-ermittlungen-vor\/","og_locale":"de_DE","og_type":"article","og_title":"Verteidiger wirft Bundesanwaltschaft einseitige Ermittlungen vor - Das NSU-Prozess-Blog","og_description":"Hat die Bundesanwaltschaft im NSU-Prozess entlastende Aussagen unterschlagen? Der Verteidiger des Mitangeklagten Ralf Wohlleben wirft den Ankl\u00e4gern vor, seinen Mandanten gezielt in ein schlechtes Licht ger\u00fcckt zu haben. Wann es genau geschah, daran kann sich Carsten S. heute nicht mehr erinnern. Irgendwann in den neunziger Jahren, als er noch in der rechten Szene von Jena [&hellip;]","og_url":"https:\/\/blog.zeit.de\/nsu-prozess-blog\/2016\/08\/01\/verteidiger-wirft-bundesanwaltschaft-einseitige-ermittlungen-vor\/","og_site_name":"Das NSU-Prozess-Blog","article_published_time":"2016-08-01T15:46:14+00:00","article_modified_time":"2016-08-01T16:12:49+00:00","og_image":[{"width":1000,"height":562,"url":"https:\/\/blog.zeit.de\/nsu-prozess-blog\/files\/2016\/08\/raw.jpg","type":"image\/jpeg"}],"author":"Tom Sundermann","twitter_misc":{"Geschrieben von":"Tom Sundermann","Gesch\u00e4tzte Lesezeit":"4\u00a0Minuten"},"schema":{"@context":"https:\/\/schema.org","@graph":[{"@type":"WebPage","@id":"https:\/\/blog.zeit.de\/nsu-prozess-blog\/2016\/08\/01\/verteidiger-wirft-bundesanwaltschaft-einseitige-ermittlungen-vor\/","url":"https:\/\/blog.zeit.de\/nsu-prozess-blog\/2016\/08\/01\/verteidiger-wirft-bundesanwaltschaft-einseitige-ermittlungen-vor\/","name":"Verteidiger wirft Bundesanwaltschaft einseitige Ermittlungen vor - Das NSU-Prozess-Blog","isPartOf":{"@id":"https:\/\/blog.zeit.de\/nsu-prozess-blog\/#website"},"datePublished":"2016-08-01T15:46:14+00:00","dateModified":"2016-08-01T16:12:49+00:00","author":{"@id":"https:\/\/blog.zeit.de\/nsu-prozess-blog\/#\/schema\/person\/553ea9bb5d1fc2ae054c589bd59380a5"},"breadcrumb":{"@id":"https:\/\/blog.zeit.de\/nsu-prozess-blog\/2016\/08\/01\/verteidiger-wirft-bundesanwaltschaft-einseitige-ermittlungen-vor\/#breadcrumb"},"inLanguage":"de","potentialAction":[{"@type":"ReadAction","target":["https:\/\/blog.zeit.de\/nsu-prozess-blog\/2016\/08\/01\/verteidiger-wirft-bundesanwaltschaft-einseitige-ermittlungen-vor\/"]}]},{"@type":"BreadcrumbList","@id":"https:\/\/blog.zeit.de\/nsu-prozess-blog\/2016\/08\/01\/verteidiger-wirft-bundesanwaltschaft-einseitige-ermittlungen-vor\/#breadcrumb","itemListElement":[{"@type":"ListItem","position":1,"name":"Startseite","item":"https:\/\/blog.zeit.de\/nsu-prozess-blog\/"},{"@type":"ListItem","position":2,"name":"Verteidiger wirft Bundesanwaltschaft einseitige Ermittlungen vor"}]},{"@type":"WebSite","@id":"https:\/\/blog.zeit.de\/nsu-prozess-blog\/#website","url":"https:\/\/blog.zeit.de\/nsu-prozess-blog\/","name":"Das NSU-Prozess-Blog","description":"Alle Berichte zum Terrorverfahren in M\u00fcnchen","potentialAction":[{"@type":"SearchAction","target":{"@type":"EntryPoint","urlTemplate":"https:\/\/blog.zeit.de\/nsu-prozess-blog\/?s={search_term_string}"},"query-input":"required name=search_term_string"}],"inLanguage":"de"},{"@type":"Person","@id":"https:\/\/blog.zeit.de\/nsu-prozess-blog\/#\/schema\/person\/553ea9bb5d1fc2ae054c589bd59380a5","name":"Tom Sundermann","image":{"@type":"ImageObject","inLanguage":"de","@id":"https:\/\/blog.zeit.de\/nsu-prozess-blog\/#\/schema\/person\/image\/","url":"https:\/\/secure.gravatar.com\/avatar\/e108a3dc18766f719b2f797dc5d19093f06a1870c55b553ab6b7563f1f9a5e68?s=96&d=mm&r=g","contentUrl":"https:\/\/secure.gravatar.com\/avatar\/e108a3dc18766f719b2f797dc5d19093f06a1870c55b553ab6b7563f1f9a5e68?s=96&d=mm&r=g","caption":"Tom Sundermann"},"sameAs":["https:\/\/twitter.com\/messeticker"],"url":"https:\/\/blog.zeit.de\/nsu-prozess-blog\/author\/tsundermann\/"}]}},"jetpack_featured_media_url":"https:\/\/blog.zeit.de\/nsu-prozess-blog\/files\/2016\/08\/raw.jpg","jetpack_sharing_enabled":true,"_links":{"self":[{"href":"https:\/\/blog.zeit.de\/nsu-prozess-blog\/wp-json\/wp\/v2\/posts\/11779","targetHints":{"allow":["GET"]}}],"collection":[{"href":"https:\/\/blog.zeit.de\/nsu-prozess-blog\/wp-json\/wp\/v2\/posts"}],"about":[{"href":"https:\/\/blog.zeit.de\/nsu-prozess-blog\/wp-json\/wp\/v2\/types\/post"}],"author":[{"embeddable":true,"href":"https:\/\/blog.zeit.de\/nsu-prozess-blog\/wp-json\/wp\/v2\/users\/435"}],"replies":[{"embeddable":true,"href":"https:\/\/blog.zeit.de\/nsu-prozess-blog\/wp-json\/wp\/v2\/comments?post=11779"}],"version-history":[{"count":8,"href":"https:\/\/blog.zeit.de\/nsu-prozess-blog\/wp-json\/wp\/v2\/posts\/11779\/revisions"}],"predecessor-version":[{"id":11788,"href":"https:\/\/blog.zeit.de\/nsu-prozess-blog\/wp-json\/wp\/v2\/posts\/11779\/revisions\/11788"}],"wp:featuredmedia":[{"embeddable":true,"href":"https:\/\/blog.zeit.de\/nsu-prozess-blog\/wp-json\/wp\/v2\/media\/11783"}],"wp:attachment":[{"href":"https:\/\/blog.zeit.de\/nsu-prozess-blog\/wp-json\/wp\/v2\/media?parent=11779"}],"wp:term":[{"taxonomy":"category","embeddable":true,"href":"https:\/\/blog.zeit.de\/nsu-prozess-blog\/wp-json\/wp\/v2\/categories?post=11779"},{"taxonomy":"post_tag","embeddable":true,"href":"https:\/\/blog.zeit.de\/nsu-prozess-blog\/wp-json\/wp\/v2\/tags?post=11779"}],"curies":[{"name":"wp","href":"https:\/\/api.w.org\/{rel}","templated":true}]}}