{"id":1185,"date":"2013-06-14T08:52:08","date_gmt":"2013-06-14T06:52:08","guid":{"rendered":"http:\/\/blog.zeit.de\/nsu-prozess-blog\/?p=1185"},"modified":"2013-06-14T08:52:08","modified_gmt":"2013-06-14T06:52:08","slug":"streit-wohlleben-carsten","status":"publish","type":"post","link":"https:\/\/blog.zeit.de\/nsu-prozess-blog\/2013\/06\/14\/streit-wohlleben-carsten\/","title":{"rendered":"Keine Antworten ohne Wohlleben \u2013 das NSU-Medienlog vom Freitag 14. Juni 2013"},"content":{"rendered":"<p>Die Berichte \u00fcber den zehnten Prozesstag besch\u00e4ftigen sich mit der weiteren Vernehmung des Angeklagten Carsten S., der unter anderem von den Anw\u00e4lten der Nebenkl\u00e4ger befragt wurde.<\/p>\n<p style=\"padding-left: 30px;\"><em>An jedem Werktag fassen wir im NSU-Prozess-Blog die wichtigsten Medienberichte, Blogs, Videos und Tweets zusammen. Wir freuen uns \u00fcber Hinweise via Twitter mit dem Hashtag #nsublog \u2013 oder per E-Mail an nsublog@zeit.de.<\/em><\/p>\n<p>Carsten S. und seine Verteidiger haben das Team von Ralf Wohlleben auflaufen lassen, schreibt Tom Sundermann auf <a href=\"http:\/\/www.zeit.de\/gesellschaft\/zeitgeschehen\/2013-06\/nsu-prozess-carsten-s-nebenklaeger\" target=\"_blank\">ZEIT ONLINE<\/a>. Nur wenn Wohlleben sich umfassend zu seiner Person und zum Tatvorwurf \u00e4u\u00dfere, werde auch S. sich den Fragen stellen, teilten die Anw\u00e4lte vor Gericht mit. Holger Schmidt sch\u00e4tzt den Erfolg dieser Forderung a<a href=\"http:\/\/www.swr.de\/blog\/terrorismus\/2013\/06\/13\/nsu-aussage-ich-hab-mich-komplett-nackig-gemacht\/\" target=\"_blank\">uf seinem Blog<\/a> als gering ein.<\/p>\n<p>Mit der Weigerung auf die Fragen der Wohlleben-Anw\u00e4lte zu antworten, besch\u00e4ftigen sich auch die <a href=\"http:\/\/www.faz.net\/aktuell\/politik\/inland\/nsu-prozess-carsten-s-fordert-aussage-von-wohlleben-12220253.html\" target=\"_blank\"><em>Frankfurter Allgemeine Zeitung, <\/em><\/a>die t\u00fcrkische Zeitung <a href=\"http:\/\/zaman-online.de\/34179\/carsten-s-sanik-wohllebenin-sorularini-reddetti\" target=\"_blank\"><em>Zaman<\/em><\/a> und der <a href=\"http:\/\/www.tagesspiegel.de\/politik\/nsu-prozess-zwei-angeklagte-die-von-freunden-zu-feinden-wurden\/8345148.html\" target=\"_blank\"><em>Tagesspiegel<\/em>. (<em>&#8222;Zwei Angeklagte, die von Feinden zu Freunden wurden.&#8220;<\/em>),<\/a> Zudem betont Frank Jansen im <em>Tagesspiegel<\/em>: &#8222;Von Wohlleben allerdings, ehemals Vizechef der NPD in Th\u00fcringen, ist kein Abschied aus dem Rechtsextremismus bekannt.&#8220; Stefan Geiger von der<a href=\"http:\/\/www.berliner-zeitung.de\/neonazi-terror\/nsu-prozess-die-zwei-bilder-von-carsten-s-,11151296,23299162.html?utm_source=twitterfeed&amp;utm_medium=twitter\"><em> Berliner Zeitung<\/em><\/a> beobachtete, die Anw\u00e4lte der Nebenkl\u00e4ger h\u00e4tten S. nicht schonend aber sachlich befragt.<\/p>\n<p>Die Europa-Ausgabe der t\u00fcrkischsprachigen Zeitung <a href=\"http:\/\/www.sabah.de\/turklerle-arkadas-oldum.html\" target=\"_blank\"><em>Sabah<\/em><\/a> fasst den Prozesstag unter dem Titel <em>&#8222;Ich habe mich mit T\u00fcrken angefreundet&#8220;<\/em>, zusammen. Die Zeitung hebt hervor, dass S. ausgesagt hat, er kenne T\u00fcrken inzwischen auch pers\u00f6nlich und T\u00fcrken geh\u00f6rten inzwischen auch zu seinem Freundeskreis.<\/p>\n<p>Tanjev Schultz erinnert in der <a href=\"http:\/\/www.sueddeutsche.de\/politik\/nsu-prozess-in-muenchen-angeklagter-fordert-waffengleichheit-1.1695509\" target=\"_blank\"><em>S\u00fcddeutschen Zeitung<\/em><\/a> noch einmal an die Vers\u00e4umnisse der letzten Jahre: Polizei und Verfassungsschutz h\u00e4tten <strong>zehn Jahre verstreichen lassen, ohne Carsten S. zu den untergetauchten Neonazis zu befragen.<\/strong> Das Vers\u00e4umnis der Beh\u00f6rden sei deshalb so gro\u00df, weil dem Th\u00fcringer Verfassungsschutz 1999, also nachdem die NSU-Mitglieder untergetaucht waren, Hinweise dar\u00fcber vorlagen, dass S. den Fl\u00fcchtigen geholfen hat. &#8222;Nach seinem Ausstieg aus der rechten Szene Ende 2000 h\u00e4tte die M\u00f6glichkeit bestanden, etwas von ihm zu erfahren. Stattdessen f\u00fchrte er unbehelligt ein vermeintlich neues Leben&#8220;, schreibt Schultz<em>.<\/em><\/p>\n<p><a href=\"https:\/\/twitter.com\/TheSlothrop\/status\/345190090923991040\">https:\/\/twitter.com\/TheSlothrop\/status\/345190090923991040<\/a><\/p>\n<p><strong>Schlechtes Gewissen:<\/strong> Auch das ZEITmagazin besch\u00e4ftigt sich in einem <a href=\"http:\/\/www.zeit.de\/2013\/25\/nsu-mordserie-ermittlungen-thueringen-lka-verfassungsschutz\" target=\"_blank\">ausf\u00fchrlichen Artikel<\/a> mit der Aufarbeitung der Fehler und Ermittlungspannen, die den Morden des NSU vorausgingen. Zwei Polizisten schildern die Geschehnisse des 26. Januar 1998 in Jena. Bei einer Hausdurchsuchung wurde Uwe B\u00f6hnhard das letzte Mal gesehen und konnte ungehindert entkommen. Ein brisantes Detail in der Geschichte: Die Garage des Hauses, die durchsucht wurde, hatte ein Jenaer Polizeibeamte an Beate Zsch\u00e4pe vermietet.<\/p>\n<p>Die Vermietung der Garage durch die Polizei greifen auch die<a href=\"http:\/\/www.sabah.com.tr\/Dunya\/2013\/06\/14\/neonazi-isbirlikcisi-polis-memuru-cikti\" target=\"_blank\"><em> Sabah<\/em><\/a> und das Online-Portal <a href=\"http:\/\/www.dunyabulteni.net\/?aType=haber&amp;ArticleID=263599\" target=\"_blank\"><em>D\u00fcnya B\u00fclenti<\/em><\/a> in einer Meldung auf.<\/p>\n<p title=\"Bundesgerichtshof\">Englischsprachige Onlinemedien ver\u00f6ffentlichten erneut keine Berichte \u00fcber den Prozess.<\/p>\n<p>\u00a0<em>Das n\u00e4chste Medienlog erscheint am Montag, den 17. Juni.<\/em><\/p>\n","protected":false},"excerpt":{"rendered":"<p>Die Berichte \u00fcber den zehnten Prozesstag besch\u00e4ftigen sich mit der weiteren Vernehmung des Angeklagten Carsten S., der unter anderem von den Anw\u00e4lten der Nebenkl\u00e4ger befragt wurde. An jedem Werktag fassen wir im NSU-Prozess-Blog die wichtigsten Medienberichte, Blogs, Videos und Tweets zusammen. Wir freuen uns \u00fcber Hinweise via Twitter mit dem Hashtag #nsublog \u2013 oder per [&hellip;]<\/p>\n","protected":false},"author":410,"featured_media":0,"comment_status":"closed","ping_status":"closed","sticky":false,"template":"","format":"standard","meta":{"_jetpack_memberships_contains_paid_content":false,"footnotes":""},"categories":[27531],"tags":[],"class_list":["post-1185","post","type-post","status-publish","format-standard","hentry","category-medienschau"],"yoast_head":"<!-- This site is optimized with the Yoast SEO plugin v21.0 - https:\/\/yoast.com\/wordpress\/plugins\/seo\/ -->\n<title>Keine Antworten ohne Wohlleben \u2013 das NSU-Medienlog vom Freitag 14. Juni 2013 - Das NSU-Prozess-Blog<\/title>\n<meta name=\"robots\" content=\"index, follow, max-snippet:-1, max-image-preview:large, max-video-preview:-1\" \/>\n<link rel=\"canonical\" href=\"https:\/\/blog.zeit.de\/nsu-prozess-blog\/2013\/06\/14\/streit-wohlleben-carsten\/\" \/>\n<meta property=\"og:locale\" content=\"de_DE\" \/>\n<meta property=\"og:type\" content=\"article\" \/>\n<meta property=\"og:title\" content=\"Keine Antworten ohne Wohlleben \u2013 das NSU-Medienlog vom Freitag 14. Juni 2013 - Das NSU-Prozess-Blog\" \/>\n<meta property=\"og:description\" content=\"Die Berichte \u00fcber den zehnten Prozesstag besch\u00e4ftigen sich mit der weiteren Vernehmung des Angeklagten Carsten S., der unter anderem von den Anw\u00e4lten der Nebenkl\u00e4ger befragt wurde. An jedem Werktag fassen wir im NSU-Prozess-Blog die wichtigsten Medienberichte, Blogs, Videos und Tweets zusammen. Wir freuen uns \u00fcber Hinweise via Twitter mit dem Hashtag #nsublog \u2013 oder per [&hellip;]\" \/>\n<meta property=\"og:url\" content=\"https:\/\/blog.zeit.de\/nsu-prozess-blog\/2013\/06\/14\/streit-wohlleben-carsten\/\" \/>\n<meta property=\"og:site_name\" content=\"Das NSU-Prozess-Blog\" \/>\n<meta property=\"article:published_time\" content=\"2013-06-14T06:52:08+00:00\" \/>\n<meta name=\"author\" content=\"Mirjam Schmitt\" \/>\n<meta name=\"twitter:label1\" content=\"Geschrieben von\" \/>\n\t<meta name=\"twitter:data1\" content=\"Mirjam Schmitt\" \/>\n\t<meta name=\"twitter:label2\" content=\"Gesch\u00e4tzte Lesezeit\" \/>\n\t<meta name=\"twitter:data2\" content=\"2\u00a0Minuten\" \/>\n<script type=\"application\/ld+json\" class=\"yoast-schema-graph\">{\"@context\":\"https:\/\/schema.org\",\"@graph\":[{\"@type\":\"WebPage\",\"@id\":\"https:\/\/blog.zeit.de\/nsu-prozess-blog\/2013\/06\/14\/streit-wohlleben-carsten\/\",\"url\":\"https:\/\/blog.zeit.de\/nsu-prozess-blog\/2013\/06\/14\/streit-wohlleben-carsten\/\",\"name\":\"Keine Antworten ohne Wohlleben \u2013 das NSU-Medienlog vom Freitag 14. Juni 2013 - Das NSU-Prozess-Blog\",\"isPartOf\":{\"@id\":\"https:\/\/blog.zeit.de\/nsu-prozess-blog\/#website\"},\"datePublished\":\"2013-06-14T06:52:08+00:00\",\"dateModified\":\"2013-06-14T06:52:08+00:00\",\"author\":{\"@id\":\"https:\/\/blog.zeit.de\/nsu-prozess-blog\/#\/schema\/person\/45acffb344ee326a2ebea3f5c0ad3ae8\"},\"breadcrumb\":{\"@id\":\"https:\/\/blog.zeit.de\/nsu-prozess-blog\/2013\/06\/14\/streit-wohlleben-carsten\/#breadcrumb\"},\"inLanguage\":\"de\",\"potentialAction\":[{\"@type\":\"ReadAction\",\"target\":[\"https:\/\/blog.zeit.de\/nsu-prozess-blog\/2013\/06\/14\/streit-wohlleben-carsten\/\"]}]},{\"@type\":\"BreadcrumbList\",\"@id\":\"https:\/\/blog.zeit.de\/nsu-prozess-blog\/2013\/06\/14\/streit-wohlleben-carsten\/#breadcrumb\",\"itemListElement\":[{\"@type\":\"ListItem\",\"position\":1,\"name\":\"Startseite\",\"item\":\"https:\/\/blog.zeit.de\/nsu-prozess-blog\/\"},{\"@type\":\"ListItem\",\"position\":2,\"name\":\"Keine Antworten ohne Wohlleben \u2013 das NSU-Medienlog vom Freitag 14. Juni 2013\"}]},{\"@type\":\"WebSite\",\"@id\":\"https:\/\/blog.zeit.de\/nsu-prozess-blog\/#website\",\"url\":\"https:\/\/blog.zeit.de\/nsu-prozess-blog\/\",\"name\":\"Das NSU-Prozess-Blog\",\"description\":\"Alle Berichte zum Terrorverfahren in M\u00fcnchen\",\"potentialAction\":[{\"@type\":\"SearchAction\",\"target\":{\"@type\":\"EntryPoint\",\"urlTemplate\":\"https:\/\/blog.zeit.de\/nsu-prozess-blog\/?s={search_term_string}\"},\"query-input\":\"required name=search_term_string\"}],\"inLanguage\":\"de\"},{\"@type\":\"Person\",\"@id\":\"https:\/\/blog.zeit.de\/nsu-prozess-blog\/#\/schema\/person\/45acffb344ee326a2ebea3f5c0ad3ae8\",\"name\":\"Mirjam Schmitt\",\"image\":{\"@type\":\"ImageObject\",\"inLanguage\":\"de\",\"@id\":\"https:\/\/blog.zeit.de\/nsu-prozess-blog\/#\/schema\/person\/image\/\",\"url\":\"https:\/\/secure.gravatar.com\/avatar\/21ea3e922b6404f0cab7bb919e2b401850e5cef2e7155dba6caa935b66c5688b?s=96&d=mm&r=g\",\"contentUrl\":\"https:\/\/secure.gravatar.com\/avatar\/21ea3e922b6404f0cab7bb919e2b401850e5cef2e7155dba6caa935b66c5688b?s=96&d=mm&r=g\",\"caption\":\"Mirjam Schmitt\"},\"url\":\"https:\/\/blog.zeit.de\/nsu-prozess-blog\/author\/mschmitt\/\"}]}<\/script>\n<!-- \/ Yoast SEO plugin. -->","yoast_head_json":{"title":"Keine Antworten ohne Wohlleben \u2013 das NSU-Medienlog vom Freitag 14. Juni 2013 - Das NSU-Prozess-Blog","robots":{"index":"index","follow":"follow","max-snippet":"max-snippet:-1","max-image-preview":"max-image-preview:large","max-video-preview":"max-video-preview:-1"},"canonical":"https:\/\/blog.zeit.de\/nsu-prozess-blog\/2013\/06\/14\/streit-wohlleben-carsten\/","og_locale":"de_DE","og_type":"article","og_title":"Keine Antworten ohne Wohlleben \u2013 das NSU-Medienlog vom Freitag 14. Juni 2013 - Das NSU-Prozess-Blog","og_description":"Die Berichte \u00fcber den zehnten Prozesstag besch\u00e4ftigen sich mit der weiteren Vernehmung des Angeklagten Carsten S., der unter anderem von den Anw\u00e4lten der Nebenkl\u00e4ger befragt wurde. An jedem Werktag fassen wir im NSU-Prozess-Blog die wichtigsten Medienberichte, Blogs, Videos und Tweets zusammen. Wir freuen uns \u00fcber Hinweise via Twitter mit dem Hashtag #nsublog \u2013 oder per [&hellip;]","og_url":"https:\/\/blog.zeit.de\/nsu-prozess-blog\/2013\/06\/14\/streit-wohlleben-carsten\/","og_site_name":"Das NSU-Prozess-Blog","article_published_time":"2013-06-14T06:52:08+00:00","author":"Mirjam Schmitt","twitter_misc":{"Geschrieben von":"Mirjam Schmitt","Gesch\u00e4tzte Lesezeit":"2\u00a0Minuten"},"schema":{"@context":"https:\/\/schema.org","@graph":[{"@type":"WebPage","@id":"https:\/\/blog.zeit.de\/nsu-prozess-blog\/2013\/06\/14\/streit-wohlleben-carsten\/","url":"https:\/\/blog.zeit.de\/nsu-prozess-blog\/2013\/06\/14\/streit-wohlleben-carsten\/","name":"Keine Antworten ohne Wohlleben \u2013 das NSU-Medienlog vom Freitag 14. Juni 2013 - Das NSU-Prozess-Blog","isPartOf":{"@id":"https:\/\/blog.zeit.de\/nsu-prozess-blog\/#website"},"datePublished":"2013-06-14T06:52:08+00:00","dateModified":"2013-06-14T06:52:08+00:00","author":{"@id":"https:\/\/blog.zeit.de\/nsu-prozess-blog\/#\/schema\/person\/45acffb344ee326a2ebea3f5c0ad3ae8"},"breadcrumb":{"@id":"https:\/\/blog.zeit.de\/nsu-prozess-blog\/2013\/06\/14\/streit-wohlleben-carsten\/#breadcrumb"},"inLanguage":"de","potentialAction":[{"@type":"ReadAction","target":["https:\/\/blog.zeit.de\/nsu-prozess-blog\/2013\/06\/14\/streit-wohlleben-carsten\/"]}]},{"@type":"BreadcrumbList","@id":"https:\/\/blog.zeit.de\/nsu-prozess-blog\/2013\/06\/14\/streit-wohlleben-carsten\/#breadcrumb","itemListElement":[{"@type":"ListItem","position":1,"name":"Startseite","item":"https:\/\/blog.zeit.de\/nsu-prozess-blog\/"},{"@type":"ListItem","position":2,"name":"Keine Antworten ohne Wohlleben \u2013 das NSU-Medienlog vom Freitag 14. Juni 2013"}]},{"@type":"WebSite","@id":"https:\/\/blog.zeit.de\/nsu-prozess-blog\/#website","url":"https:\/\/blog.zeit.de\/nsu-prozess-blog\/","name":"Das NSU-Prozess-Blog","description":"Alle Berichte zum Terrorverfahren in M\u00fcnchen","potentialAction":[{"@type":"SearchAction","target":{"@type":"EntryPoint","urlTemplate":"https:\/\/blog.zeit.de\/nsu-prozess-blog\/?s={search_term_string}"},"query-input":"required name=search_term_string"}],"inLanguage":"de"},{"@type":"Person","@id":"https:\/\/blog.zeit.de\/nsu-prozess-blog\/#\/schema\/person\/45acffb344ee326a2ebea3f5c0ad3ae8","name":"Mirjam Schmitt","image":{"@type":"ImageObject","inLanguage":"de","@id":"https:\/\/blog.zeit.de\/nsu-prozess-blog\/#\/schema\/person\/image\/","url":"https:\/\/secure.gravatar.com\/avatar\/21ea3e922b6404f0cab7bb919e2b401850e5cef2e7155dba6caa935b66c5688b?s=96&d=mm&r=g","contentUrl":"https:\/\/secure.gravatar.com\/avatar\/21ea3e922b6404f0cab7bb919e2b401850e5cef2e7155dba6caa935b66c5688b?s=96&d=mm&r=g","caption":"Mirjam Schmitt"},"url":"https:\/\/blog.zeit.de\/nsu-prozess-blog\/author\/mschmitt\/"}]}},"jetpack_featured_media_url":"","jetpack_sharing_enabled":true,"_links":{"self":[{"href":"https:\/\/blog.zeit.de\/nsu-prozess-blog\/wp-json\/wp\/v2\/posts\/1185","targetHints":{"allow":["GET"]}}],"collection":[{"href":"https:\/\/blog.zeit.de\/nsu-prozess-blog\/wp-json\/wp\/v2\/posts"}],"about":[{"href":"https:\/\/blog.zeit.de\/nsu-prozess-blog\/wp-json\/wp\/v2\/types\/post"}],"author":[{"embeddable":true,"href":"https:\/\/blog.zeit.de\/nsu-prozess-blog\/wp-json\/wp\/v2\/users\/410"}],"replies":[{"embeddable":true,"href":"https:\/\/blog.zeit.de\/nsu-prozess-blog\/wp-json\/wp\/v2\/comments?post=1185"}],"version-history":[{"count":29,"href":"https:\/\/blog.zeit.de\/nsu-prozess-blog\/wp-json\/wp\/v2\/posts\/1185\/revisions"}],"predecessor-version":[{"id":1214,"href":"https:\/\/blog.zeit.de\/nsu-prozess-blog\/wp-json\/wp\/v2\/posts\/1185\/revisions\/1214"}],"wp:attachment":[{"href":"https:\/\/blog.zeit.de\/nsu-prozess-blog\/wp-json\/wp\/v2\/media?parent=1185"}],"wp:term":[{"taxonomy":"category","embeddable":true,"href":"https:\/\/blog.zeit.de\/nsu-prozess-blog\/wp-json\/wp\/v2\/categories?post=1185"},{"taxonomy":"post_tag","embeddable":true,"href":"https:\/\/blog.zeit.de\/nsu-prozess-blog\/wp-json\/wp\/v2\/tags?post=1185"}],"curies":[{"name":"wp","href":"https:\/\/api.w.org\/{rel}","templated":true}]}}