{"id":11856,"date":"2016-08-29T08:43:14","date_gmt":"2016-08-29T06:43:14","guid":{"rendered":"http:\/\/blog.zeit.de\/nsu-prozess-blog\/?p=11856"},"modified":"2016-08-29T08:49:10","modified_gmt":"2016-08-29T06:49:10","slug":"medienlog-prozessdauer-gutachten-nsu","status":"publish","type":"post","link":"https:\/\/blog.zeit.de\/nsu-prozess-blog\/2016\/08\/29\/medienlog-prozessdauer-gutachten-nsu\/","title":{"rendered":"Genugtuung ist nicht zu erwarten \u2013 Das Medienlog vom Montag, 29. August 2016"},"content":{"rendered":"<p>Am Mittwoch nimmt der NSU-Prozess nach rund einem Monat Sommerpause die Arbeit wieder auf. Mittlerweile dauert das Verfahren schon mehr als drei Jahre. Eine Zumutung sei die Dauer f\u00fcr die Angeh\u00f6rigen der Mordopfer, au\u00dferdem &#8222;eine der schwierigsten Herausforderungen f\u00fcr diesen Rechtsstaat&#8220;, meint Pascal Durain von der <a href=\"http:\/\/www.mittelbayerische.de\/bayern-nachrichten\/lang-aber-angemessen-21705-art1424271.html\" target=\"_blank\"><em>Mittelbayerischen Zeitung<\/em><\/a>. Genugtuung sei f\u00fcr die Hinterbliebenen jedoch nicht zu erwarten, da in dem Verfahren in erster Linie ein Strafma\u00df gefunden werden solle. &#8222;Allerdings ist der NSU-Prozess schon immer mehr als das gewesen&#8220;, da er sich auch mit dem Versagen der Beh\u00f6rden besch\u00e4ftigt habe.<\/p>\n<p><!--more--><\/p>\n<p><em>An jedem Werktag sichten wir f\u00fcr das NSU-Prozess-Blog die Medien und stellen wichtige Berichte, Blogs, Videos und Tweets zusammen. Wir freuen uns \u00fcber Hinweise via Twitter mit dem Hashtag #nsublog \u2013 oder per E-Mail an <a href=\"mailto:nsublog@zeit.de\">nsublog@zeit.de<\/a>.<\/em><\/p>\n<p>Ginge es ausschlie\u00dflich nach dem Willen der Richter, &#8222;w\u00fcrde der Prozess wohl z\u00fcgig beendet werden&#8220;, zumal diese die Anklage erkennbar f\u00fcr plausibel befunden h\u00e4tten, <a href=\"http:\/\/www.augsburger-allgemeine.de\/bayern\/Der-NSU-Prozess-naehert-sich-der-Zielgeraden-id38911447.html\" target=\"_blank\">schreibt dpa-Reporter<\/a> Christoph Lemmer. Allerdings versuchten die Angeklagten <a href=\"http:\/\/www.zeit.de\/politik\/ausland\/2015-12\/beate-schaepe-aussage-bewertung\">Beate Zsch\u00e4pe<\/a> und <a href=\"https:\/\/blog.zeit.de\/nsu-prozess-blog\/2015\/12\/16\/aussage-nach-zschapes-vorbild\/\">Ralf Wohlleben<\/a> weiter, das Urteil zu ihren Gunsten zu beeinflussen. Das dauere. Allerdings soll das Gericht bei dem psychiatrischen Gutachter Henning Sa\u00df angefragt haben, wann eine Expertise \u00fcber Zsch\u00e4pes Psyche fertig werden k\u00f6nnte. Eine solche markiere \u00fcblicherweise das Ende der Beweisaufnahme.<\/p>\n<p><em>Das n\u00e4chste Medienlog erscheint am Dienstag, 30. August 2016.<\/em><\/p>\n","protected":false},"excerpt":{"rendered":"<p>Am Mittwoch nimmt der NSU-Prozess nach rund einem Monat Sommerpause die Arbeit wieder auf. Mittlerweile dauert das Verfahren schon mehr als drei Jahre. Eine Zumutung sei die Dauer f\u00fcr die Angeh\u00f6rigen der Mordopfer, au\u00dferdem &#8222;eine der schwierigsten Herausforderungen f\u00fcr diesen Rechtsstaat&#8220;, meint Pascal Durain von der Mittelbayerischen Zeitung. Genugtuung sei f\u00fcr die Hinterbliebenen jedoch nicht [&hellip;]<\/p>\n","protected":false},"author":435,"featured_media":0,"comment_status":"open","ping_status":"open","sticky":false,"template":"","format":"standard","meta":{"_jetpack_memberships_contains_paid_content":false,"footnotes":""},"categories":[27531],"tags":[1105,33605,27593,33589,6388],"class_list":["post-11856","post","type-post","status-publish","format-standard","hentry","category-medienschau","tag-gutachten","tag-henning-sass","tag-nebenklager","tag-psychiater","tag-urteil"],"yoast_head":"<!-- This site is optimized with the Yoast SEO plugin v21.0 - https:\/\/yoast.com\/wordpress\/plugins\/seo\/ -->\n<title>Genugtuung ist nicht zu erwarten \u2013 Das Medienlog vom Montag, 29. August 2016 - Das NSU-Prozess-Blog<\/title>\n<meta name=\"robots\" content=\"index, follow, max-snippet:-1, max-image-preview:large, max-video-preview:-1\" \/>\n<link rel=\"canonical\" href=\"https:\/\/blog.zeit.de\/nsu-prozess-blog\/2016\/08\/29\/medienlog-prozessdauer-gutachten-nsu\/\" \/>\n<meta property=\"og:locale\" content=\"de_DE\" \/>\n<meta property=\"og:type\" content=\"article\" \/>\n<meta property=\"og:title\" content=\"Genugtuung ist nicht zu erwarten \u2013 Das Medienlog vom Montag, 29. August 2016 - Das NSU-Prozess-Blog\" \/>\n<meta property=\"og:description\" content=\"Am Mittwoch nimmt der NSU-Prozess nach rund einem Monat Sommerpause die Arbeit wieder auf. Mittlerweile dauert das Verfahren schon mehr als drei Jahre. Eine Zumutung sei die Dauer f\u00fcr die Angeh\u00f6rigen der Mordopfer, au\u00dferdem &#8222;eine der schwierigsten Herausforderungen f\u00fcr diesen Rechtsstaat&#8220;, meint Pascal Durain von der Mittelbayerischen Zeitung. Genugtuung sei f\u00fcr die Hinterbliebenen jedoch nicht [&hellip;]\" \/>\n<meta property=\"og:url\" content=\"https:\/\/blog.zeit.de\/nsu-prozess-blog\/2016\/08\/29\/medienlog-prozessdauer-gutachten-nsu\/\" \/>\n<meta property=\"og:site_name\" content=\"Das NSU-Prozess-Blog\" \/>\n<meta property=\"article:published_time\" content=\"2016-08-29T06:43:14+00:00\" \/>\n<meta property=\"article:modified_time\" content=\"2016-08-29T06:49:10+00:00\" \/>\n<meta name=\"author\" content=\"Tom Sundermann\" \/>\n<meta name=\"twitter:label1\" content=\"Geschrieben von\" \/>\n\t<meta name=\"twitter:data1\" content=\"Tom Sundermann\" \/>\n\t<meta name=\"twitter:label2\" content=\"Gesch\u00e4tzte Lesezeit\" \/>\n\t<meta name=\"twitter:data2\" content=\"1\u00a0Minute\" \/>\n<script type=\"application\/ld+json\" class=\"yoast-schema-graph\">{\"@context\":\"https:\/\/schema.org\",\"@graph\":[{\"@type\":\"WebPage\",\"@id\":\"https:\/\/blog.zeit.de\/nsu-prozess-blog\/2016\/08\/29\/medienlog-prozessdauer-gutachten-nsu\/\",\"url\":\"https:\/\/blog.zeit.de\/nsu-prozess-blog\/2016\/08\/29\/medienlog-prozessdauer-gutachten-nsu\/\",\"name\":\"Genugtuung ist nicht zu erwarten \u2013 Das Medienlog vom Montag, 29. August 2016 - Das NSU-Prozess-Blog\",\"isPartOf\":{\"@id\":\"https:\/\/blog.zeit.de\/nsu-prozess-blog\/#website\"},\"datePublished\":\"2016-08-29T06:43:14+00:00\",\"dateModified\":\"2016-08-29T06:49:10+00:00\",\"author\":{\"@id\":\"https:\/\/blog.zeit.de\/nsu-prozess-blog\/#\/schema\/person\/553ea9bb5d1fc2ae054c589bd59380a5\"},\"breadcrumb\":{\"@id\":\"https:\/\/blog.zeit.de\/nsu-prozess-blog\/2016\/08\/29\/medienlog-prozessdauer-gutachten-nsu\/#breadcrumb\"},\"inLanguage\":\"de\",\"potentialAction\":[{\"@type\":\"ReadAction\",\"target\":[\"https:\/\/blog.zeit.de\/nsu-prozess-blog\/2016\/08\/29\/medienlog-prozessdauer-gutachten-nsu\/\"]}]},{\"@type\":\"BreadcrumbList\",\"@id\":\"https:\/\/blog.zeit.de\/nsu-prozess-blog\/2016\/08\/29\/medienlog-prozessdauer-gutachten-nsu\/#breadcrumb\",\"itemListElement\":[{\"@type\":\"ListItem\",\"position\":1,\"name\":\"Startseite\",\"item\":\"https:\/\/blog.zeit.de\/nsu-prozess-blog\/\"},{\"@type\":\"ListItem\",\"position\":2,\"name\":\"Genugtuung ist nicht zu erwarten \u2013 Das Medienlog vom Montag, 29. August 2016\"}]},{\"@type\":\"WebSite\",\"@id\":\"https:\/\/blog.zeit.de\/nsu-prozess-blog\/#website\",\"url\":\"https:\/\/blog.zeit.de\/nsu-prozess-blog\/\",\"name\":\"Das NSU-Prozess-Blog\",\"description\":\"Alle Berichte zum Terrorverfahren in M\u00fcnchen\",\"potentialAction\":[{\"@type\":\"SearchAction\",\"target\":{\"@type\":\"EntryPoint\",\"urlTemplate\":\"https:\/\/blog.zeit.de\/nsu-prozess-blog\/?s={search_term_string}\"},\"query-input\":\"required name=search_term_string\"}],\"inLanguage\":\"de\"},{\"@type\":\"Person\",\"@id\":\"https:\/\/blog.zeit.de\/nsu-prozess-blog\/#\/schema\/person\/553ea9bb5d1fc2ae054c589bd59380a5\",\"name\":\"Tom Sundermann\",\"image\":{\"@type\":\"ImageObject\",\"inLanguage\":\"de\",\"@id\":\"https:\/\/blog.zeit.de\/nsu-prozess-blog\/#\/schema\/person\/image\/\",\"url\":\"https:\/\/secure.gravatar.com\/avatar\/e108a3dc18766f719b2f797dc5d19093f06a1870c55b553ab6b7563f1f9a5e68?s=96&d=mm&r=g\",\"contentUrl\":\"https:\/\/secure.gravatar.com\/avatar\/e108a3dc18766f719b2f797dc5d19093f06a1870c55b553ab6b7563f1f9a5e68?s=96&d=mm&r=g\",\"caption\":\"Tom Sundermann\"},\"sameAs\":[\"https:\/\/twitter.com\/messeticker\"],\"url\":\"https:\/\/blog.zeit.de\/nsu-prozess-blog\/author\/tsundermann\/\"}]}<\/script>\n<!-- \/ Yoast SEO plugin. -->","yoast_head_json":{"title":"Genugtuung ist nicht zu erwarten \u2013 Das Medienlog vom Montag, 29. August 2016 - Das NSU-Prozess-Blog","robots":{"index":"index","follow":"follow","max-snippet":"max-snippet:-1","max-image-preview":"max-image-preview:large","max-video-preview":"max-video-preview:-1"},"canonical":"https:\/\/blog.zeit.de\/nsu-prozess-blog\/2016\/08\/29\/medienlog-prozessdauer-gutachten-nsu\/","og_locale":"de_DE","og_type":"article","og_title":"Genugtuung ist nicht zu erwarten \u2013 Das Medienlog vom Montag, 29. August 2016 - Das NSU-Prozess-Blog","og_description":"Am Mittwoch nimmt der NSU-Prozess nach rund einem Monat Sommerpause die Arbeit wieder auf. Mittlerweile dauert das Verfahren schon mehr als drei Jahre. Eine Zumutung sei die Dauer f\u00fcr die Angeh\u00f6rigen der Mordopfer, au\u00dferdem &#8222;eine der schwierigsten Herausforderungen f\u00fcr diesen Rechtsstaat&#8220;, meint Pascal Durain von der Mittelbayerischen Zeitung. Genugtuung sei f\u00fcr die Hinterbliebenen jedoch nicht [&hellip;]","og_url":"https:\/\/blog.zeit.de\/nsu-prozess-blog\/2016\/08\/29\/medienlog-prozessdauer-gutachten-nsu\/","og_site_name":"Das NSU-Prozess-Blog","article_published_time":"2016-08-29T06:43:14+00:00","article_modified_time":"2016-08-29T06:49:10+00:00","author":"Tom Sundermann","twitter_misc":{"Geschrieben von":"Tom Sundermann","Gesch\u00e4tzte Lesezeit":"1\u00a0Minute"},"schema":{"@context":"https:\/\/schema.org","@graph":[{"@type":"WebPage","@id":"https:\/\/blog.zeit.de\/nsu-prozess-blog\/2016\/08\/29\/medienlog-prozessdauer-gutachten-nsu\/","url":"https:\/\/blog.zeit.de\/nsu-prozess-blog\/2016\/08\/29\/medienlog-prozessdauer-gutachten-nsu\/","name":"Genugtuung ist nicht zu erwarten \u2013 Das Medienlog vom Montag, 29. August 2016 - Das NSU-Prozess-Blog","isPartOf":{"@id":"https:\/\/blog.zeit.de\/nsu-prozess-blog\/#website"},"datePublished":"2016-08-29T06:43:14+00:00","dateModified":"2016-08-29T06:49:10+00:00","author":{"@id":"https:\/\/blog.zeit.de\/nsu-prozess-blog\/#\/schema\/person\/553ea9bb5d1fc2ae054c589bd59380a5"},"breadcrumb":{"@id":"https:\/\/blog.zeit.de\/nsu-prozess-blog\/2016\/08\/29\/medienlog-prozessdauer-gutachten-nsu\/#breadcrumb"},"inLanguage":"de","potentialAction":[{"@type":"ReadAction","target":["https:\/\/blog.zeit.de\/nsu-prozess-blog\/2016\/08\/29\/medienlog-prozessdauer-gutachten-nsu\/"]}]},{"@type":"BreadcrumbList","@id":"https:\/\/blog.zeit.de\/nsu-prozess-blog\/2016\/08\/29\/medienlog-prozessdauer-gutachten-nsu\/#breadcrumb","itemListElement":[{"@type":"ListItem","position":1,"name":"Startseite","item":"https:\/\/blog.zeit.de\/nsu-prozess-blog\/"},{"@type":"ListItem","position":2,"name":"Genugtuung ist nicht zu erwarten \u2013 Das Medienlog vom Montag, 29. August 2016"}]},{"@type":"WebSite","@id":"https:\/\/blog.zeit.de\/nsu-prozess-blog\/#website","url":"https:\/\/blog.zeit.de\/nsu-prozess-blog\/","name":"Das NSU-Prozess-Blog","description":"Alle Berichte zum Terrorverfahren in M\u00fcnchen","potentialAction":[{"@type":"SearchAction","target":{"@type":"EntryPoint","urlTemplate":"https:\/\/blog.zeit.de\/nsu-prozess-blog\/?s={search_term_string}"},"query-input":"required name=search_term_string"}],"inLanguage":"de"},{"@type":"Person","@id":"https:\/\/blog.zeit.de\/nsu-prozess-blog\/#\/schema\/person\/553ea9bb5d1fc2ae054c589bd59380a5","name":"Tom Sundermann","image":{"@type":"ImageObject","inLanguage":"de","@id":"https:\/\/blog.zeit.de\/nsu-prozess-blog\/#\/schema\/person\/image\/","url":"https:\/\/secure.gravatar.com\/avatar\/e108a3dc18766f719b2f797dc5d19093f06a1870c55b553ab6b7563f1f9a5e68?s=96&d=mm&r=g","contentUrl":"https:\/\/secure.gravatar.com\/avatar\/e108a3dc18766f719b2f797dc5d19093f06a1870c55b553ab6b7563f1f9a5e68?s=96&d=mm&r=g","caption":"Tom Sundermann"},"sameAs":["https:\/\/twitter.com\/messeticker"],"url":"https:\/\/blog.zeit.de\/nsu-prozess-blog\/author\/tsundermann\/"}]}},"jetpack_featured_media_url":"","jetpack_sharing_enabled":true,"_links":{"self":[{"href":"https:\/\/blog.zeit.de\/nsu-prozess-blog\/wp-json\/wp\/v2\/posts\/11856","targetHints":{"allow":["GET"]}}],"collection":[{"href":"https:\/\/blog.zeit.de\/nsu-prozess-blog\/wp-json\/wp\/v2\/posts"}],"about":[{"href":"https:\/\/blog.zeit.de\/nsu-prozess-blog\/wp-json\/wp\/v2\/types\/post"}],"author":[{"embeddable":true,"href":"https:\/\/blog.zeit.de\/nsu-prozess-blog\/wp-json\/wp\/v2\/users\/435"}],"replies":[{"embeddable":true,"href":"https:\/\/blog.zeit.de\/nsu-prozess-blog\/wp-json\/wp\/v2\/comments?post=11856"}],"version-history":[{"count":3,"href":"https:\/\/blog.zeit.de\/nsu-prozess-blog\/wp-json\/wp\/v2\/posts\/11856\/revisions"}],"predecessor-version":[{"id":11861,"href":"https:\/\/blog.zeit.de\/nsu-prozess-blog\/wp-json\/wp\/v2\/posts\/11856\/revisions\/11861"}],"wp:attachment":[{"href":"https:\/\/blog.zeit.de\/nsu-prozess-blog\/wp-json\/wp\/v2\/media?parent=11856"}],"wp:term":[{"taxonomy":"category","embeddable":true,"href":"https:\/\/blog.zeit.de\/nsu-prozess-blog\/wp-json\/wp\/v2\/categories?post=11856"},{"taxonomy":"post_tag","embeddable":true,"href":"https:\/\/blog.zeit.de\/nsu-prozess-blog\/wp-json\/wp\/v2\/tags?post=11856"}],"curies":[{"name":"wp","href":"https:\/\/api.w.org\/{rel}","templated":true}]}}