{"id":11865,"date":"2016-08-31T08:34:14","date_gmt":"2016-08-31T06:34:14","guid":{"rendered":"http:\/\/blog.zeit.de\/nsu-prozess-blog\/?p=11865"},"modified":"2016-08-31T09:15:47","modified_gmt":"2016-08-31T07:15:47","slug":"medienlog-sommerpause-nebenklage-fragen-nsu","status":"publish","type":"post","link":"https:\/\/blog.zeit.de\/nsu-prozess-blog\/2016\/08\/31\/medienlog-sommerpause-nebenklage-fragen-nsu\/","title":{"rendered":"Eine gro\u00dfe Frage bleibt \u2013 Das Medienlog vom Mittwoch, 31. August 2016"},"content":{"rendered":"<p>Nach knapp einem Monat Sommerpause wird heute der NSU-Prozess fortgesetzt. Mittlerweile ist das Verfahren an einem Punkt angelangt, an dem weite Teile des Urteils bereits feststehen d\u00fcrften. Tats\u00e4chlich mache der Prozess derzeit &#8222;kaum Fortschritte&#8220;, kommentiert Harald Biskup vom <a href=\"http:\/\/www.ksta.de\/politik\/der-endlose-nsu-prozess-beate-zschaepe-spielt-auf-zeit-24666222\" target=\"_blank\"><em>K\u00f6lner Stadtanzeiger<\/em><\/a>. Es stehen hunderte <a href=\"https:\/\/blog.zeit.de\/nsu-prozess-blog\/2016\/07\/06\/nsu-opfer-verlangen-antworten\/\">Fragen an die Hauptangeklagte Beate Zsch\u00e4pe<\/a> im Raum, die Vertreter der Nebenklage gestellt haben. Mit der Beantwortung haben sich Zsch\u00e4pe und ihre Verteidiger bislang Zeit gelassen. &#8222;Eine ganz zentrale Frage ist bislang unbeantwortet: Wie hat die Terrorzelle ihre Mordopfer ausgew\u00e4hlt?&#8220;, merkt Biskup an. Das Informationsbed\u00fcrfnis der Opferanw\u00e4lte habe der Vorsitzende Richter Manfred G\u00f6tzl in der Vergangenheit unterst\u00fctzt \u2013 in der Hoffnung, so doch noch Informationen \u00fcber die in ihren Angaben \u00e4u\u00dferst zur\u00fcckhaltende Angeklagte zu bekommen.<\/p>\n<p><em>An jedem Werktag sichten wir f\u00fcr das NSU-Prozess-Blog die Medien und stellen wichtige Berichte, Blogs, Videos und Tweets zusammen. Wir freuen uns \u00fcber Hinweise via Twitter mit dem Hashtag #nsublog \u2013 oder per E-Mail an <a href=\"mailto:nsublog@zeit.de\">nsublog@zeit.de<\/a>.<\/em><\/p>\n<p><em>Das n\u00e4chste Medienlog erscheint am Donnerstag, 1. September 2016.<\/em><\/p>\n","protected":false},"excerpt":{"rendered":"<p>Nach knapp einem Monat Sommerpause wird heute der NSU-Prozess fortgesetzt. Mittlerweile ist das Verfahren an einem Punkt angelangt, an dem weite Teile des Urteils bereits feststehen d\u00fcrften. Tats\u00e4chlich mache der Prozess derzeit &#8222;kaum Fortschritte&#8220;, kommentiert Harald Biskup vom K\u00f6lner Stadtanzeiger. Es stehen hunderte Fragen an die Hauptangeklagte Beate Zsch\u00e4pe im Raum, die Vertreter der Nebenklage [&hellip;]<\/p>\n","protected":false},"author":435,"featured_media":0,"comment_status":"open","ping_status":"open","sticky":false,"template":"","format":"standard","meta":{"_jetpack_memberships_contains_paid_content":false,"footnotes":""},"categories":[27531],"tags":[29426],"class_list":["post-11865","post","type-post","status-publish","format-standard","hentry","category-medienschau","tag-nebenklage"],"yoast_head":"<!-- This site is optimized with the Yoast SEO plugin v21.0 - https:\/\/yoast.com\/wordpress\/plugins\/seo\/ -->\n<title>Eine gro\u00dfe Frage bleibt \u2013 Das Medienlog vom Mittwoch, 31. August 2016 - Das NSU-Prozess-Blog<\/title>\n<meta name=\"robots\" content=\"index, follow, max-snippet:-1, max-image-preview:large, max-video-preview:-1\" \/>\n<link rel=\"canonical\" href=\"https:\/\/blog.zeit.de\/nsu-prozess-blog\/2016\/08\/31\/medienlog-sommerpause-nebenklage-fragen-nsu\/\" \/>\n<meta property=\"og:locale\" content=\"de_DE\" \/>\n<meta property=\"og:type\" content=\"article\" \/>\n<meta property=\"og:title\" content=\"Eine gro\u00dfe Frage bleibt \u2013 Das Medienlog vom Mittwoch, 31. August 2016 - Das NSU-Prozess-Blog\" \/>\n<meta property=\"og:description\" content=\"Nach knapp einem Monat Sommerpause wird heute der NSU-Prozess fortgesetzt. Mittlerweile ist das Verfahren an einem Punkt angelangt, an dem weite Teile des Urteils bereits feststehen d\u00fcrften. Tats\u00e4chlich mache der Prozess derzeit &#8222;kaum Fortschritte&#8220;, kommentiert Harald Biskup vom K\u00f6lner Stadtanzeiger. Es stehen hunderte Fragen an die Hauptangeklagte Beate Zsch\u00e4pe im Raum, die Vertreter der Nebenklage [&hellip;]\" \/>\n<meta property=\"og:url\" content=\"https:\/\/blog.zeit.de\/nsu-prozess-blog\/2016\/08\/31\/medienlog-sommerpause-nebenklage-fragen-nsu\/\" \/>\n<meta property=\"og:site_name\" content=\"Das NSU-Prozess-Blog\" \/>\n<meta property=\"article:published_time\" content=\"2016-08-31T06:34:14+00:00\" \/>\n<meta property=\"article:modified_time\" content=\"2016-08-31T07:15:47+00:00\" \/>\n<meta name=\"author\" content=\"Tom Sundermann\" \/>\n<meta name=\"twitter:label1\" content=\"Geschrieben von\" \/>\n\t<meta name=\"twitter:data1\" content=\"Tom Sundermann\" \/>\n\t<meta name=\"twitter:label2\" content=\"Gesch\u00e4tzte Lesezeit\" \/>\n\t<meta name=\"twitter:data2\" content=\"1\u00a0Minute\" \/>\n<script type=\"application\/ld+json\" class=\"yoast-schema-graph\">{\"@context\":\"https:\/\/schema.org\",\"@graph\":[{\"@type\":\"WebPage\",\"@id\":\"https:\/\/blog.zeit.de\/nsu-prozess-blog\/2016\/08\/31\/medienlog-sommerpause-nebenklage-fragen-nsu\/\",\"url\":\"https:\/\/blog.zeit.de\/nsu-prozess-blog\/2016\/08\/31\/medienlog-sommerpause-nebenklage-fragen-nsu\/\",\"name\":\"Eine gro\u00dfe Frage bleibt \u2013 Das Medienlog vom Mittwoch, 31. August 2016 - Das NSU-Prozess-Blog\",\"isPartOf\":{\"@id\":\"https:\/\/blog.zeit.de\/nsu-prozess-blog\/#website\"},\"datePublished\":\"2016-08-31T06:34:14+00:00\",\"dateModified\":\"2016-08-31T07:15:47+00:00\",\"author\":{\"@id\":\"https:\/\/blog.zeit.de\/nsu-prozess-blog\/#\/schema\/person\/553ea9bb5d1fc2ae054c589bd59380a5\"},\"breadcrumb\":{\"@id\":\"https:\/\/blog.zeit.de\/nsu-prozess-blog\/2016\/08\/31\/medienlog-sommerpause-nebenklage-fragen-nsu\/#breadcrumb\"},\"inLanguage\":\"de\",\"potentialAction\":[{\"@type\":\"ReadAction\",\"target\":[\"https:\/\/blog.zeit.de\/nsu-prozess-blog\/2016\/08\/31\/medienlog-sommerpause-nebenklage-fragen-nsu\/\"]}]},{\"@type\":\"BreadcrumbList\",\"@id\":\"https:\/\/blog.zeit.de\/nsu-prozess-blog\/2016\/08\/31\/medienlog-sommerpause-nebenklage-fragen-nsu\/#breadcrumb\",\"itemListElement\":[{\"@type\":\"ListItem\",\"position\":1,\"name\":\"Startseite\",\"item\":\"https:\/\/blog.zeit.de\/nsu-prozess-blog\/\"},{\"@type\":\"ListItem\",\"position\":2,\"name\":\"Eine gro\u00dfe Frage bleibt \u2013 Das Medienlog vom Mittwoch, 31. August 2016\"}]},{\"@type\":\"WebSite\",\"@id\":\"https:\/\/blog.zeit.de\/nsu-prozess-blog\/#website\",\"url\":\"https:\/\/blog.zeit.de\/nsu-prozess-blog\/\",\"name\":\"Das NSU-Prozess-Blog\",\"description\":\"Alle Berichte zum Terrorverfahren in M\u00fcnchen\",\"potentialAction\":[{\"@type\":\"SearchAction\",\"target\":{\"@type\":\"EntryPoint\",\"urlTemplate\":\"https:\/\/blog.zeit.de\/nsu-prozess-blog\/?s={search_term_string}\"},\"query-input\":\"required name=search_term_string\"}],\"inLanguage\":\"de\"},{\"@type\":\"Person\",\"@id\":\"https:\/\/blog.zeit.de\/nsu-prozess-blog\/#\/schema\/person\/553ea9bb5d1fc2ae054c589bd59380a5\",\"name\":\"Tom Sundermann\",\"image\":{\"@type\":\"ImageObject\",\"inLanguage\":\"de\",\"@id\":\"https:\/\/blog.zeit.de\/nsu-prozess-blog\/#\/schema\/person\/image\/\",\"url\":\"https:\/\/secure.gravatar.com\/avatar\/e108a3dc18766f719b2f797dc5d19093f06a1870c55b553ab6b7563f1f9a5e68?s=96&d=mm&r=g\",\"contentUrl\":\"https:\/\/secure.gravatar.com\/avatar\/e108a3dc18766f719b2f797dc5d19093f06a1870c55b553ab6b7563f1f9a5e68?s=96&d=mm&r=g\",\"caption\":\"Tom Sundermann\"},\"sameAs\":[\"https:\/\/twitter.com\/messeticker\"],\"url\":\"https:\/\/blog.zeit.de\/nsu-prozess-blog\/author\/tsundermann\/\"}]}<\/script>\n<!-- \/ Yoast SEO plugin. -->","yoast_head_json":{"title":"Eine gro\u00dfe Frage bleibt \u2013 Das Medienlog vom Mittwoch, 31. August 2016 - Das NSU-Prozess-Blog","robots":{"index":"index","follow":"follow","max-snippet":"max-snippet:-1","max-image-preview":"max-image-preview:large","max-video-preview":"max-video-preview:-1"},"canonical":"https:\/\/blog.zeit.de\/nsu-prozess-blog\/2016\/08\/31\/medienlog-sommerpause-nebenklage-fragen-nsu\/","og_locale":"de_DE","og_type":"article","og_title":"Eine gro\u00dfe Frage bleibt \u2013 Das Medienlog vom Mittwoch, 31. August 2016 - Das NSU-Prozess-Blog","og_description":"Nach knapp einem Monat Sommerpause wird heute der NSU-Prozess fortgesetzt. Mittlerweile ist das Verfahren an einem Punkt angelangt, an dem weite Teile des Urteils bereits feststehen d\u00fcrften. Tats\u00e4chlich mache der Prozess derzeit &#8222;kaum Fortschritte&#8220;, kommentiert Harald Biskup vom K\u00f6lner Stadtanzeiger. Es stehen hunderte Fragen an die Hauptangeklagte Beate Zsch\u00e4pe im Raum, die Vertreter der Nebenklage [&hellip;]","og_url":"https:\/\/blog.zeit.de\/nsu-prozess-blog\/2016\/08\/31\/medienlog-sommerpause-nebenklage-fragen-nsu\/","og_site_name":"Das NSU-Prozess-Blog","article_published_time":"2016-08-31T06:34:14+00:00","article_modified_time":"2016-08-31T07:15:47+00:00","author":"Tom Sundermann","twitter_misc":{"Geschrieben von":"Tom Sundermann","Gesch\u00e4tzte Lesezeit":"1\u00a0Minute"},"schema":{"@context":"https:\/\/schema.org","@graph":[{"@type":"WebPage","@id":"https:\/\/blog.zeit.de\/nsu-prozess-blog\/2016\/08\/31\/medienlog-sommerpause-nebenklage-fragen-nsu\/","url":"https:\/\/blog.zeit.de\/nsu-prozess-blog\/2016\/08\/31\/medienlog-sommerpause-nebenklage-fragen-nsu\/","name":"Eine gro\u00dfe Frage bleibt \u2013 Das Medienlog vom Mittwoch, 31. August 2016 - Das NSU-Prozess-Blog","isPartOf":{"@id":"https:\/\/blog.zeit.de\/nsu-prozess-blog\/#website"},"datePublished":"2016-08-31T06:34:14+00:00","dateModified":"2016-08-31T07:15:47+00:00","author":{"@id":"https:\/\/blog.zeit.de\/nsu-prozess-blog\/#\/schema\/person\/553ea9bb5d1fc2ae054c589bd59380a5"},"breadcrumb":{"@id":"https:\/\/blog.zeit.de\/nsu-prozess-blog\/2016\/08\/31\/medienlog-sommerpause-nebenklage-fragen-nsu\/#breadcrumb"},"inLanguage":"de","potentialAction":[{"@type":"ReadAction","target":["https:\/\/blog.zeit.de\/nsu-prozess-blog\/2016\/08\/31\/medienlog-sommerpause-nebenklage-fragen-nsu\/"]}]},{"@type":"BreadcrumbList","@id":"https:\/\/blog.zeit.de\/nsu-prozess-blog\/2016\/08\/31\/medienlog-sommerpause-nebenklage-fragen-nsu\/#breadcrumb","itemListElement":[{"@type":"ListItem","position":1,"name":"Startseite","item":"https:\/\/blog.zeit.de\/nsu-prozess-blog\/"},{"@type":"ListItem","position":2,"name":"Eine gro\u00dfe Frage bleibt \u2013 Das Medienlog vom Mittwoch, 31. August 2016"}]},{"@type":"WebSite","@id":"https:\/\/blog.zeit.de\/nsu-prozess-blog\/#website","url":"https:\/\/blog.zeit.de\/nsu-prozess-blog\/","name":"Das NSU-Prozess-Blog","description":"Alle Berichte zum Terrorverfahren in M\u00fcnchen","potentialAction":[{"@type":"SearchAction","target":{"@type":"EntryPoint","urlTemplate":"https:\/\/blog.zeit.de\/nsu-prozess-blog\/?s={search_term_string}"},"query-input":"required name=search_term_string"}],"inLanguage":"de"},{"@type":"Person","@id":"https:\/\/blog.zeit.de\/nsu-prozess-blog\/#\/schema\/person\/553ea9bb5d1fc2ae054c589bd59380a5","name":"Tom Sundermann","image":{"@type":"ImageObject","inLanguage":"de","@id":"https:\/\/blog.zeit.de\/nsu-prozess-blog\/#\/schema\/person\/image\/","url":"https:\/\/secure.gravatar.com\/avatar\/e108a3dc18766f719b2f797dc5d19093f06a1870c55b553ab6b7563f1f9a5e68?s=96&d=mm&r=g","contentUrl":"https:\/\/secure.gravatar.com\/avatar\/e108a3dc18766f719b2f797dc5d19093f06a1870c55b553ab6b7563f1f9a5e68?s=96&d=mm&r=g","caption":"Tom Sundermann"},"sameAs":["https:\/\/twitter.com\/messeticker"],"url":"https:\/\/blog.zeit.de\/nsu-prozess-blog\/author\/tsundermann\/"}]}},"jetpack_featured_media_url":"","jetpack_sharing_enabled":true,"_links":{"self":[{"href":"https:\/\/blog.zeit.de\/nsu-prozess-blog\/wp-json\/wp\/v2\/posts\/11865","targetHints":{"allow":["GET"]}}],"collection":[{"href":"https:\/\/blog.zeit.de\/nsu-prozess-blog\/wp-json\/wp\/v2\/posts"}],"about":[{"href":"https:\/\/blog.zeit.de\/nsu-prozess-blog\/wp-json\/wp\/v2\/types\/post"}],"author":[{"embeddable":true,"href":"https:\/\/blog.zeit.de\/nsu-prozess-blog\/wp-json\/wp\/v2\/users\/435"}],"replies":[{"embeddable":true,"href":"https:\/\/blog.zeit.de\/nsu-prozess-blog\/wp-json\/wp\/v2\/comments?post=11865"}],"version-history":[{"count":4,"href":"https:\/\/blog.zeit.de\/nsu-prozess-blog\/wp-json\/wp\/v2\/posts\/11865\/revisions"}],"predecessor-version":[{"id":11868,"href":"https:\/\/blog.zeit.de\/nsu-prozess-blog\/wp-json\/wp\/v2\/posts\/11865\/revisions\/11868"}],"wp:attachment":[{"href":"https:\/\/blog.zeit.de\/nsu-prozess-blog\/wp-json\/wp\/v2\/media?parent=11865"}],"wp:term":[{"taxonomy":"category","embeddable":true,"href":"https:\/\/blog.zeit.de\/nsu-prozess-blog\/wp-json\/wp\/v2\/categories?post=11865"},{"taxonomy":"post_tag","embeddable":true,"href":"https:\/\/blog.zeit.de\/nsu-prozess-blog\/wp-json\/wp\/v2\/tags?post=11865"}],"curies":[{"name":"wp","href":"https:\/\/api.w.org\/{rel}","templated":true}]}}