{"id":11873,"date":"2016-09-01T21:20:12","date_gmt":"2016-09-01T19:20:12","guid":{"rendered":"http:\/\/blog.zeit.de\/nsu-prozess-blog\/?p=11873"},"modified":"2016-09-02T08:18:45","modified_gmt":"2016-09-02T06:18:45","slug":"luegentest-fuer-den-kronzeugen","status":"publish","type":"post","link":"https:\/\/blog.zeit.de\/nsu-prozess-blog\/2016\/09\/01\/luegentest-fuer-den-kronzeugen\/","title":{"rendered":"L\u00fcgentest f\u00fcr den Kronzeugen"},"content":{"rendered":"<p><strong>Im NSU-Prozess streiten Anw\u00e4lte \u00fcber die Glaubw\u00fcrdigkeit des Belastungszeugen Carsten S. Dessen Aussagen k\u00f6nnten den Schuldspruch f\u00fcr einen Mitangeklagten begr\u00fcnden.<\/strong><\/p>\n<p>Unter den f\u00fcnf Angeklagten im NSU-Prozess nimmt Carsten S. eine Sonderrolle ein: Angeklagt, weil er f\u00fcr das Trio aus Beate Zsch\u00e4pe, Uwe Mundlos und Uwe B\u00f6hnhardt im Jahr 2000 eine Pistole gekauft und \u00fcberbracht haben soll, sagte er sowohl bei der Polizei als auch im Gericht vollumf\u00e4nglich aus. Kein anderer Angeklagter \u00e4u\u00dferte sich so bereitwillig und vor allem so fr\u00fch. S. ist der Kronzeuge. Er kann mit einer Bew\u00e4hrungsstrafe rechnen.<\/p>\n<p><!--more--><\/p>\n<p>In einer komfortablen Position sind S. und seine zwei Anw\u00e4lte aber nur scheinbar. Tats\u00e4chlich m\u00fcssen sie sich derzeit fast t\u00e4glich Angriffen der Verteidiger des Mitangeklagten Ralf Wohlleben erwehren, die alles daran setzen, S.&#8216; Glaubw\u00fcrdigkeit zu ersch\u00fcttern.<br \/>\nZum Kronzeugen wurde der Angeklagte n\u00e4mlich, weil er seinen damaligen Kameraden Wohlleben in seiner Aussage zu Prozessbeginn 2013 belastet hatte \u2013 dieser habe ihn mit dem Kauf beauftragt und ihm das Geld f\u00fcr die Pistole gegeben. Mit der Waffe soll der NSU in den Jahren 2000 bis 2007 neun Morde ver\u00fcbt haben.<\/p>\n<p>Statt mit einer tats\u00e4chlichen Aufkl\u00e4rung des NSU-Komplexes ist das Gericht derzeit regelm\u00e4\u00dfig damit besch\u00e4ftigt, auf Antrag von Wohllebens Verteidigung andere Angaben von S. zu \u00fcberpr\u00fcfen. So hatte S. eine Unterhaltung mit Wohlleben geschildert, in der dieser behauptet habe, Mundlos und B\u00f6hnhardt h\u00e4tten &#8222;einen angeschossen&#8220;. &#8222;Hoffentlich nicht mit dieser Waffe&#8220;, dachte S. damals laut seiner Angaben.<\/p>\n<p>Wer damals angeschossen worden sein soll, ist unklar \u2013 daher beauftragte die Bundesanwaltschaft eigens einen Ermittler des Bundeskriminalamts, der am Donnerstag aussagte. Der lie\u00df von s\u00e4mtlichen Landeskriminal\u00e4mtern ungekl\u00e4rte Straftaten mit Schusswaffengebrauch aus dem fraglichen Zeitraum auswerten. Von 80 infrage kommenden F\u00e4llen passte laut des Kommissars jedoch keiner zur Vorgehensweise von Mundlos und B\u00f6hnhardt.<\/p>\n<p>Ob die Aussage von S. dadurch nun angreifbar ist, darf jedoch als zweifelhaft gelten \u2013 zumal die R\u00fcckmeldungen der LKAs auff\u00e4llig unterschiedlich ausgefallen waren: W\u00e4hrend aus Baden-W\u00fcrttemberg Taten wie Raub\u00fcberf\u00e4lle als m\u00f6glicherweise passend an das Bundeskriminalamt gemeldet wurden, schickte Berlin eine Liste, auf der ausschlie\u00dflich Morde vorhanden waren. Offenbar hatte jedes Amt sehr eigene Bewertungskriterien angewandt.<\/p>\n<p>Wohllebens Anwalt Olaf Klemke erkannte wohl, dass er mit der Aussage wenig anfangen konnte und echauffierte sich im Anschluss dar\u00fcber, dass die Bundesanwaltschaft die Ermittlungen unter einem anderen Aktenzeichen f\u00fchrte und das Ergebnis erst auf Anfrage an das Gericht weitergab. &#8222;Mit einem fairen, rechtsstaatlichen Verfahren hat eine solche Verfahrensweise nichts zu tun&#8220;, sagte Klemke.<\/p>\n<p>Ein anderes Indiz d\u00fcrfte als eindeutig positiv f\u00fcr Carsten S. zu werten sein: Der Nebenklageanwalt Hardy Langer hatte am Vortag einen Artikel aus der <em>Ostth\u00fcringer Zeitung<\/em> vom Juli 1998 pr\u00e4sentiert, in dem ein Pr\u00fcgelangriff von sieben oder acht jungen M\u00e4nnern auf zwei Opfer an einer Endhaltestelle im Jenaer Stadtteil Winzerla geschildert wird.<\/p>\n<p>Von derselben Schl\u00e4gerei hatte S. bereits in seiner Aussage berichtet \u2013 auch Wohlleben hatte demnach daran teilgenommen und im Anschluss berichtet, er sei einem der Jugendlichen &#8222;auf dem Gesicht rumgesprungen&#8220;. Von mehreren bislang geladenen Zeugen hatte keiner den Vorfall best\u00e4tigen k\u00f6nnen oder wollen \u2013 nach Langers Recherche in einer Bibliothek liegt nun jedoch ein Beweis vor. Unter dem Titel &#8222;Noch immer keine Spur von den Schl\u00e4gertypen&#8220; wird in dem Text der Vorfall passend zur Aussage beschrieben.<\/p>\n<p>Bei Wohllebens Verteidigern w\u00e4chst augenscheinlich die Nervosit\u00e4t. Mitte Juli hatte der Bundesgerichtshof eine Beschwerde gegen die Untersuchungshaft ihres Mandanten verworfen \u2013 mit der Begr\u00fcndung, dass ein Schuldspruch vor dem M\u00fcnchner Oberlandesgericht wahrscheinlich sei. Es ist nicht das erste Mal, dass die Anw\u00e4lte mit einer Haftbeschwerde scheiterten. Die M\u00fcnchner Richter lie\u00dfen stets erkennen, dass sie S. f\u00fcr wesentlich glaubw\u00fcrdiger halten als Wohlleben, der in seiner Aussage vom Dezember 2015 die Schuld von sich wies.<\/p>\n<p>Zweifelhaften Erfolg hatte am Donnerstag auch ein weiterer Versuch, den Kronzeugen zu demontieren. Ins Gericht geladen war Mirko S., der laut Carsten S. ebenfalls an der Schl\u00e4gerei von 1998 teilgenommen haben soll. Der plump und wortkarg auftretende Zeuge konnte sich nach eigenen Angaben ebenfalls an nichts erinnern. Allerdings gab er sich auch in anderen Fragen so zugekn\u00f6pft, dass die Richter Schwierigkeiten haben d\u00fcrften, all seine Angaben f\u00fcr bare M\u00fcnze zu nehmen.<\/p>\n<p>Der Zeuge selber habe sich gelegentlich mal gepr\u00fcgelt, und zwar &#8222;betrunken, jugendlich und dumm&#8220;, doch der Vorfall von Jena sei ihm nicht pr\u00e4sent. Sowohl Carsten S. als auch Ralf Wohlleben wollte er &#8222;ab und zu mal gesehen&#8220; haben. Im Jahr 2010 habe er vielleicht das letzte Mal ein Bier mit Wohlleben getrunken.<\/p>\n<p>Wie im Laufe der Befragung durch die Nebenklageanw\u00e4lte herauskommt, pflegte er in Wahrheit ein inniges Verh\u00e4ltnis zu dem heutigen Angeklagten. So unterhielt er sich per Chat mit Wohlleben, als die ersten Verdachtsmomente gegen diesen aufkamen. Nach der Inhaftierung trat er auf einem Liederabend auf, bei dem Geld f\u00fcr Wohllebens Unterst\u00fctzung gesammelt wurde.<\/p>\n<p>Es w\u00e4re wohl eine \u00dcberraschung gewesen, h\u00e4tte Carsten S. ausgerechnet von dem offensichtlich stark in der rechten Szene engagierten Zeugen Sch\u00fctzenhilfe bekommen.<\/p>\n","protected":false},"excerpt":{"rendered":"<p>Im NSU-Prozess streiten Anw\u00e4lte \u00fcber die Glaubw\u00fcrdigkeit des Belastungszeugen Carsten S. Dessen Aussagen k\u00f6nnten den Schuldspruch f\u00fcr einen Mitangeklagten begr\u00fcnden. Unter den f\u00fcnf Angeklagten im NSU-Prozess nimmt Carsten S. eine Sonderrolle ein: Angeklagt, weil er f\u00fcr das Trio aus Beate Zsch\u00e4pe, Uwe Mundlos und Uwe B\u00f6hnhardt im Jahr 2000 eine Pistole gekauft und \u00fcberbracht haben [&hellip;]<\/p>\n","protected":false},"author":435,"featured_media":0,"comment_status":"open","ping_status":"open","sticky":false,"template":"","format":"standard","meta":{"_jetpack_memberships_contains_paid_content":false,"footnotes":""},"categories":[27532],"tags":[],"class_list":["post-11873","post","type-post","status-publish","format-standard","hentry","category-prozesstage"],"yoast_head":"<!-- This site is optimized with the Yoast SEO plugin v21.0 - https:\/\/yoast.com\/wordpress\/plugins\/seo\/ -->\n<title>L\u00fcgentest f\u00fcr den Kronzeugen - Das NSU-Prozess-Blog<\/title>\n<meta name=\"robots\" content=\"index, follow, max-snippet:-1, max-image-preview:large, max-video-preview:-1\" \/>\n<link rel=\"canonical\" href=\"https:\/\/blog.zeit.de\/nsu-prozess-blog\/2016\/09\/01\/luegentest-fuer-den-kronzeugen\/\" \/>\n<meta property=\"og:locale\" content=\"de_DE\" \/>\n<meta property=\"og:type\" content=\"article\" \/>\n<meta property=\"og:title\" content=\"L\u00fcgentest f\u00fcr den Kronzeugen - Das NSU-Prozess-Blog\" \/>\n<meta property=\"og:description\" content=\"Im NSU-Prozess streiten Anw\u00e4lte \u00fcber die Glaubw\u00fcrdigkeit des Belastungszeugen Carsten S. Dessen Aussagen k\u00f6nnten den Schuldspruch f\u00fcr einen Mitangeklagten begr\u00fcnden. Unter den f\u00fcnf Angeklagten im NSU-Prozess nimmt Carsten S. eine Sonderrolle ein: Angeklagt, weil er f\u00fcr das Trio aus Beate Zsch\u00e4pe, Uwe Mundlos und Uwe B\u00f6hnhardt im Jahr 2000 eine Pistole gekauft und \u00fcberbracht haben [&hellip;]\" \/>\n<meta property=\"og:url\" content=\"https:\/\/blog.zeit.de\/nsu-prozess-blog\/2016\/09\/01\/luegentest-fuer-den-kronzeugen\/\" \/>\n<meta property=\"og:site_name\" content=\"Das NSU-Prozess-Blog\" \/>\n<meta property=\"article:published_time\" content=\"2016-09-01T19:20:12+00:00\" \/>\n<meta property=\"article:modified_time\" content=\"2016-09-02T06:18:45+00:00\" \/>\n<meta name=\"author\" content=\"Tom Sundermann\" \/>\n<meta name=\"twitter:label1\" content=\"Geschrieben von\" \/>\n\t<meta name=\"twitter:data1\" content=\"Tom Sundermann\" \/>\n\t<meta name=\"twitter:label2\" content=\"Gesch\u00e4tzte Lesezeit\" \/>\n\t<meta name=\"twitter:data2\" content=\"4\u00a0Minuten\" \/>\n<script type=\"application\/ld+json\" class=\"yoast-schema-graph\">{\"@context\":\"https:\/\/schema.org\",\"@graph\":[{\"@type\":\"WebPage\",\"@id\":\"https:\/\/blog.zeit.de\/nsu-prozess-blog\/2016\/09\/01\/luegentest-fuer-den-kronzeugen\/\",\"url\":\"https:\/\/blog.zeit.de\/nsu-prozess-blog\/2016\/09\/01\/luegentest-fuer-den-kronzeugen\/\",\"name\":\"L\u00fcgentest f\u00fcr den Kronzeugen - Das NSU-Prozess-Blog\",\"isPartOf\":{\"@id\":\"https:\/\/blog.zeit.de\/nsu-prozess-blog\/#website\"},\"datePublished\":\"2016-09-01T19:20:12+00:00\",\"dateModified\":\"2016-09-02T06:18:45+00:00\",\"author\":{\"@id\":\"https:\/\/blog.zeit.de\/nsu-prozess-blog\/#\/schema\/person\/553ea9bb5d1fc2ae054c589bd59380a5\"},\"breadcrumb\":{\"@id\":\"https:\/\/blog.zeit.de\/nsu-prozess-blog\/2016\/09\/01\/luegentest-fuer-den-kronzeugen\/#breadcrumb\"},\"inLanguage\":\"de\",\"potentialAction\":[{\"@type\":\"ReadAction\",\"target\":[\"https:\/\/blog.zeit.de\/nsu-prozess-blog\/2016\/09\/01\/luegentest-fuer-den-kronzeugen\/\"]}]},{\"@type\":\"BreadcrumbList\",\"@id\":\"https:\/\/blog.zeit.de\/nsu-prozess-blog\/2016\/09\/01\/luegentest-fuer-den-kronzeugen\/#breadcrumb\",\"itemListElement\":[{\"@type\":\"ListItem\",\"position\":1,\"name\":\"Startseite\",\"item\":\"https:\/\/blog.zeit.de\/nsu-prozess-blog\/\"},{\"@type\":\"ListItem\",\"position\":2,\"name\":\"L\u00fcgentest f\u00fcr den Kronzeugen\"}]},{\"@type\":\"WebSite\",\"@id\":\"https:\/\/blog.zeit.de\/nsu-prozess-blog\/#website\",\"url\":\"https:\/\/blog.zeit.de\/nsu-prozess-blog\/\",\"name\":\"Das NSU-Prozess-Blog\",\"description\":\"Alle Berichte zum Terrorverfahren in M\u00fcnchen\",\"potentialAction\":[{\"@type\":\"SearchAction\",\"target\":{\"@type\":\"EntryPoint\",\"urlTemplate\":\"https:\/\/blog.zeit.de\/nsu-prozess-blog\/?s={search_term_string}\"},\"query-input\":\"required name=search_term_string\"}],\"inLanguage\":\"de\"},{\"@type\":\"Person\",\"@id\":\"https:\/\/blog.zeit.de\/nsu-prozess-blog\/#\/schema\/person\/553ea9bb5d1fc2ae054c589bd59380a5\",\"name\":\"Tom Sundermann\",\"image\":{\"@type\":\"ImageObject\",\"inLanguage\":\"de\",\"@id\":\"https:\/\/blog.zeit.de\/nsu-prozess-blog\/#\/schema\/person\/image\/\",\"url\":\"https:\/\/secure.gravatar.com\/avatar\/e108a3dc18766f719b2f797dc5d19093f06a1870c55b553ab6b7563f1f9a5e68?s=96&d=mm&r=g\",\"contentUrl\":\"https:\/\/secure.gravatar.com\/avatar\/e108a3dc18766f719b2f797dc5d19093f06a1870c55b553ab6b7563f1f9a5e68?s=96&d=mm&r=g\",\"caption\":\"Tom Sundermann\"},\"sameAs\":[\"https:\/\/twitter.com\/messeticker\"],\"url\":\"https:\/\/blog.zeit.de\/nsu-prozess-blog\/author\/tsundermann\/\"}]}<\/script>\n<!-- \/ Yoast SEO plugin. -->","yoast_head_json":{"title":"L\u00fcgentest f\u00fcr den Kronzeugen - Das NSU-Prozess-Blog","robots":{"index":"index","follow":"follow","max-snippet":"max-snippet:-1","max-image-preview":"max-image-preview:large","max-video-preview":"max-video-preview:-1"},"canonical":"https:\/\/blog.zeit.de\/nsu-prozess-blog\/2016\/09\/01\/luegentest-fuer-den-kronzeugen\/","og_locale":"de_DE","og_type":"article","og_title":"L\u00fcgentest f\u00fcr den Kronzeugen - Das NSU-Prozess-Blog","og_description":"Im NSU-Prozess streiten Anw\u00e4lte \u00fcber die Glaubw\u00fcrdigkeit des Belastungszeugen Carsten S. Dessen Aussagen k\u00f6nnten den Schuldspruch f\u00fcr einen Mitangeklagten begr\u00fcnden. Unter den f\u00fcnf Angeklagten im NSU-Prozess nimmt Carsten S. eine Sonderrolle ein: Angeklagt, weil er f\u00fcr das Trio aus Beate Zsch\u00e4pe, Uwe Mundlos und Uwe B\u00f6hnhardt im Jahr 2000 eine Pistole gekauft und \u00fcberbracht haben [&hellip;]","og_url":"https:\/\/blog.zeit.de\/nsu-prozess-blog\/2016\/09\/01\/luegentest-fuer-den-kronzeugen\/","og_site_name":"Das NSU-Prozess-Blog","article_published_time":"2016-09-01T19:20:12+00:00","article_modified_time":"2016-09-02T06:18:45+00:00","author":"Tom Sundermann","twitter_misc":{"Geschrieben von":"Tom Sundermann","Gesch\u00e4tzte Lesezeit":"4\u00a0Minuten"},"schema":{"@context":"https:\/\/schema.org","@graph":[{"@type":"WebPage","@id":"https:\/\/blog.zeit.de\/nsu-prozess-blog\/2016\/09\/01\/luegentest-fuer-den-kronzeugen\/","url":"https:\/\/blog.zeit.de\/nsu-prozess-blog\/2016\/09\/01\/luegentest-fuer-den-kronzeugen\/","name":"L\u00fcgentest f\u00fcr den Kronzeugen - Das NSU-Prozess-Blog","isPartOf":{"@id":"https:\/\/blog.zeit.de\/nsu-prozess-blog\/#website"},"datePublished":"2016-09-01T19:20:12+00:00","dateModified":"2016-09-02T06:18:45+00:00","author":{"@id":"https:\/\/blog.zeit.de\/nsu-prozess-blog\/#\/schema\/person\/553ea9bb5d1fc2ae054c589bd59380a5"},"breadcrumb":{"@id":"https:\/\/blog.zeit.de\/nsu-prozess-blog\/2016\/09\/01\/luegentest-fuer-den-kronzeugen\/#breadcrumb"},"inLanguage":"de","potentialAction":[{"@type":"ReadAction","target":["https:\/\/blog.zeit.de\/nsu-prozess-blog\/2016\/09\/01\/luegentest-fuer-den-kronzeugen\/"]}]},{"@type":"BreadcrumbList","@id":"https:\/\/blog.zeit.de\/nsu-prozess-blog\/2016\/09\/01\/luegentest-fuer-den-kronzeugen\/#breadcrumb","itemListElement":[{"@type":"ListItem","position":1,"name":"Startseite","item":"https:\/\/blog.zeit.de\/nsu-prozess-blog\/"},{"@type":"ListItem","position":2,"name":"L\u00fcgentest f\u00fcr den Kronzeugen"}]},{"@type":"WebSite","@id":"https:\/\/blog.zeit.de\/nsu-prozess-blog\/#website","url":"https:\/\/blog.zeit.de\/nsu-prozess-blog\/","name":"Das NSU-Prozess-Blog","description":"Alle Berichte zum Terrorverfahren in M\u00fcnchen","potentialAction":[{"@type":"SearchAction","target":{"@type":"EntryPoint","urlTemplate":"https:\/\/blog.zeit.de\/nsu-prozess-blog\/?s={search_term_string}"},"query-input":"required name=search_term_string"}],"inLanguage":"de"},{"@type":"Person","@id":"https:\/\/blog.zeit.de\/nsu-prozess-blog\/#\/schema\/person\/553ea9bb5d1fc2ae054c589bd59380a5","name":"Tom Sundermann","image":{"@type":"ImageObject","inLanguage":"de","@id":"https:\/\/blog.zeit.de\/nsu-prozess-blog\/#\/schema\/person\/image\/","url":"https:\/\/secure.gravatar.com\/avatar\/e108a3dc18766f719b2f797dc5d19093f06a1870c55b553ab6b7563f1f9a5e68?s=96&d=mm&r=g","contentUrl":"https:\/\/secure.gravatar.com\/avatar\/e108a3dc18766f719b2f797dc5d19093f06a1870c55b553ab6b7563f1f9a5e68?s=96&d=mm&r=g","caption":"Tom Sundermann"},"sameAs":["https:\/\/twitter.com\/messeticker"],"url":"https:\/\/blog.zeit.de\/nsu-prozess-blog\/author\/tsundermann\/"}]}},"jetpack_featured_media_url":"","jetpack_sharing_enabled":true,"_links":{"self":[{"href":"https:\/\/blog.zeit.de\/nsu-prozess-blog\/wp-json\/wp\/v2\/posts\/11873","targetHints":{"allow":["GET"]}}],"collection":[{"href":"https:\/\/blog.zeit.de\/nsu-prozess-blog\/wp-json\/wp\/v2\/posts"}],"about":[{"href":"https:\/\/blog.zeit.de\/nsu-prozess-blog\/wp-json\/wp\/v2\/types\/post"}],"author":[{"embeddable":true,"href":"https:\/\/blog.zeit.de\/nsu-prozess-blog\/wp-json\/wp\/v2\/users\/435"}],"replies":[{"embeddable":true,"href":"https:\/\/blog.zeit.de\/nsu-prozess-blog\/wp-json\/wp\/v2\/comments?post=11873"}],"version-history":[{"count":5,"href":"https:\/\/blog.zeit.de\/nsu-prozess-blog\/wp-json\/wp\/v2\/posts\/11873\/revisions"}],"predecessor-version":[{"id":11882,"href":"https:\/\/blog.zeit.de\/nsu-prozess-blog\/wp-json\/wp\/v2\/posts\/11873\/revisions\/11882"}],"wp:attachment":[{"href":"https:\/\/blog.zeit.de\/nsu-prozess-blog\/wp-json\/wp\/v2\/media?parent=11873"}],"wp:term":[{"taxonomy":"category","embeddable":true,"href":"https:\/\/blog.zeit.de\/nsu-prozess-blog\/wp-json\/wp\/v2\/categories?post=11873"},{"taxonomy":"post_tag","embeddable":true,"href":"https:\/\/blog.zeit.de\/nsu-prozess-blog\/wp-json\/wp\/v2\/tags?post=11873"}],"curies":[{"name":"wp","href":"https:\/\/api.w.org\/{rel}","templated":true}]}}