{"id":11875,"date":"2016-09-02T08:47:00","date_gmt":"2016-09-02T06:47:00","guid":{"rendered":"http:\/\/blog.zeit.de\/nsu-prozess-blog\/?p=11875"},"modified":"2016-09-02T09:54:24","modified_gmt":"2016-09-02T07:54:24","slug":"medienlog-opfer-bka-nsu","status":"publish","type":"post","link":"https:\/\/blog.zeit.de\/nsu-prozess-blog\/2016\/09\/02\/medienlog-opfer-bka-nsu\/","title":{"rendered":"Gab es weitere Opfer des NSU? \u2013 Das Medienlog vom Freitag, 2. September 2016"},"content":{"rendered":"<p>Hat der als Waffenbeschaffer angeklagte Carsten S. in seiner <a href=\"http:\/\/www.zeit.de\/gesellschaft\/zeitgeschehen\/2013-06\/nsu-prozess-tag-5\">Aussage zu Prozessbeginn<\/a> gelogen? Das vermuten die Anw\u00e4lte des von S. schwer belasteten <a href=\"https:\/\/blog.zeit.de\/nsu-prozess-blog\/2015\/12\/16\/aussage-nach-zschapes-vorbild\/\">Ralf Wohlleben<\/a> und lie\u00dfen am Donnerstag eine seiner Angaben \u00fcberpr\u00fcfen. Demnach h\u00e4tten Uwe Mundlos und Uwe B\u00f6hnhardt &#8222;einen angeschossen&#8220;, wie Wohlleben im Jahr 2000 zu S. gesagt haben soll. Gab es also noch weitere NSU-Opfer? Eine Untersuchung, gef\u00fchrt von einem Ermittler des Bundeskriminalamts, konnte das nicht erh\u00e4rten. &#8222;Seine Ermittlungen erscheinen aber eher oberfl\u00e4chlich&#8220;, merkt Tim A\u00dfmann vom <a href=\"http:\/\/www.br.de\/nachrichten\/nsu-prozess\/160901-nsu-prozess-verhandlungstag-305-100.html\" target=\"_blank\">Bayerischen Rundfunk<\/a> an.<\/p>\n<p><!--more--><\/p>\n<p><em>An jedem Werktag sichten wir f\u00fcr das NSU-Prozess-Blog die Medien und stellen wichtige Berichte, Blogs, Videos und Tweets zusammen. Wir freuen uns \u00fcber Hinweise via Twitter mit dem Hashtag #nsublog \u2013 oder per E-Mail an <a href=\"mailto:nsublog@zeit.de\">nsublog@zeit.de<\/a>.<\/em><\/p>\n<p>Grund dieser Bewertung: Der Kommissar lie\u00df sich ungekl\u00e4rte F\u00e4lle von Schusswaffenkriminalit\u00e4t von den Landeskriminal\u00e4mtern vorlegen \u2013 aus Berlin aber wurden etwa nur Mordf\u00e4lle vorgelegt, obwohl die Rede ja von &#8222;angeschossen&#8220; war. Merkw\u00fcrdigkeiten wurden &#8222;nicht hinterfragt, obwohl offenkundig ist, dass sie die ungekl\u00e4rten F\u00e4lle jeweils nach v\u00f6llig unterschiedlichen Kriterien \u00fcberpr\u00fcften&#8220;, schreibt A\u00dfmann. Es sei zweifelhaft, dass der BKA-Mann die NSU-Taten f\u00fcr einen Vergleich gut genug gekannt habe.<\/p>\n<p>&#8222;Tats\u00e4chlich entsteht an diesem Tag der Eindruck, das BKA habe lediglich halbherzig gesucht&#8220;, schreibt Wiebke Ramm auf <a href=\"http:\/\/www.spiegel.de\/panorama\/justiz\/nsu-prozess-bka-ueberpruefung-ungeloester-faelle-bringt-keinen-bezug-zum-nsu-a-1110539.html\" target=\"_blank\"><em>Spiegel Online<\/em><\/a>. Schlie\u00dflich h\u00e4tten die Ermittler in zwei Runden nach bislang unentdeckten NSU-Taten gesucht, ohne etwas zu finden. Ein Hinweis auf einen weiteren Fall kam dann von Carsten S. \u2013 ein <a href=\"https:\/\/blog.zeit.de\/nsu-prozess-blog\/2014\/12\/17\/noch-ein-weiterer-nsu-anschlag\/\">Bombenanschlag auf eine N\u00fcrnberger Kneipe<\/a> mit einem Verletzten.<\/p>\n<p>Auch wir bei <a href=\"https:\/\/blog.zeit.de\/nsu-prozess-blog\/2016\/09\/01\/luegentest-fuer-den-kronzeugen\/\" target=\"_blank\">ZEIT ONLINE<\/a> merken an, dass &#8222;die R\u00fcckmeldungen der LKAs auff\u00e4llig unterschiedlich ausgefallen waren&#8220;. Letztlich gibt es keinen sicheren Hinweis, dass Mundlos und B\u00f6hnhardt in einem bislang nicht bekannten Fall geschossen h\u00e4tten. &#8222;Ob die Aussage von S. dadurch nun angreifbar ist, darf jedoch als zweifelhaft gelten&#8220;, nachdem die Nachermittlungen so d\u00fcrftig gef\u00fchrt worden waren.<\/p>\n<p>Im Fall des Verfassungssch\u00fctzers <a href=\"https:\/\/blog.zeit.de\/nsu-prozess-blog\/2014\/10\/06\/die-verstrickungen-des-toten-v-manns\/\">Thomas R. alias Corelli<\/a> hat der Sonderermittler des Bundestags seine Untersuchung abgeschlossen. Darin ging es auch um <a href=\"https:\/\/blog.zeit.de\/nsu-prozess-blog\/2016\/05\/12\/medienlog-v-mann-primus-zschaepe-haft-nsu\/\">Handys<\/a> und <a href=\"https:\/\/blog.zeit.de\/nsu-prozess-blog\/2016\/06\/02\/medienlog-ceska-bka-befragung-nsu\/\">SIM-Karten<\/a> des Informanten, die \u00fcberraschend beim Verfassungsschutz gefunden worden waren. Das Ergebnis: Auf den Medien finden sich keine Spuren zum NSU. Corelli hatte dem Bundesamt f\u00fcr Verfassungsschutz im Jahr 2005 eine CD mit der Aufschrift &#8222;NSU\/NSDAP&#8220; \u00fcbergeben. Im Jahr 2014 wurde er im Alter von 39 Jahren tot in seiner Wohnung aufgefunden.<\/p>\n<p>Besucher und Berichterstatter im NSU-Verfahren m\u00fcssen k\u00fcnftig auf eine Annehmlichkeit verzichten: Im Pausenraum neben dem Sitzungssaal werden keine Br\u00f6tchen und andere Snacks mehr verkauft \u2013 weil im Laufe der Jahre Essen im Wert von mehreren Tausend Euro von dem unbewachten Selbstbedienungsstand geklaut wurde, wie das Oberlandesgericht am Donnerstag mitteilte. Denkbar ist freilich auch, dass diebische Besucher in die Kasse, eine einfache Keramikschale, griffen. Die &#8222;Abgr\u00fcnde am Rande des NSU-Prozesses&#8220; (<a href=\"https:\/\/www.neues-deutschland.de\/artikel\/1024074.abgruende-am-rande-des-nsu-prozesses.html\" target=\"_blank\"><em>Neues Deutschland<\/em><\/a>) sieht Frank Jansen vom <a href=\"http:\/\/www.tagesspiegel.de\/weltspiegel\/catering-in-muenchen-eingestellt-beobachter-des-nsu-prozesses-klauen-fuer-tausende-euro-essen\/14485740.html\" target=\"_blank\"><em>Tagesspiegel<\/em><\/a> als eine &#8222;Alltagssch\u00e4bigkeit. Doch auch die widert an. Als w\u00e4re der Prozess nicht schon trist genug&#8220;.<\/p>\n<p><em>Das n\u00e4chste Medienlog erscheint am Montag, 5. September 2016.<\/em><\/p>\n","protected":false},"excerpt":{"rendered":"<p>Hat der als Waffenbeschaffer angeklagte Carsten S. in seiner Aussage zu Prozessbeginn gelogen? Das vermuten die Anw\u00e4lte des von S. schwer belasteten Ralf Wohlleben und lie\u00dfen am Donnerstag eine seiner Angaben \u00fcberpr\u00fcfen. Demnach h\u00e4tten Uwe Mundlos und Uwe B\u00f6hnhardt &#8222;einen angeschossen&#8220;, wie Wohlleben im Jahr 2000 zu S. gesagt haben soll. Gab es also noch [&hellip;]<\/p>\n","protected":false},"author":435,"featured_media":0,"comment_status":"open","ping_status":"open","sticky":false,"template":"","format":"standard","meta":{"_jetpack_memberships_contains_paid_content":false,"footnotes":""},"categories":[27531],"tags":[27562,27772,27541,29550,28282,17772,17899,1836,29492],"class_list":["post-11875","post","type-post","status-publish","format-standard","hentry","category-medienschau","tag-bka","tag-bundesverfassungsschutz","tag-carsten-s","tag-corelli","tag-lka","tag-ralf-wohlleben","tag-v-mann","tag-verfassungsschutz","tag-waffe"],"yoast_head":"<!-- This site is optimized with the Yoast SEO plugin v21.0 - https:\/\/yoast.com\/wordpress\/plugins\/seo\/ -->\n<title>Gab es weitere Opfer des NSU? \u2013 Das Medienlog vom Freitag, 2. September 2016 - Das NSU-Prozess-Blog<\/title>\n<meta name=\"robots\" content=\"index, follow, max-snippet:-1, max-image-preview:large, max-video-preview:-1\" \/>\n<link rel=\"canonical\" href=\"https:\/\/blog.zeit.de\/nsu-prozess-blog\/2016\/09\/02\/medienlog-opfer-bka-nsu\/\" \/>\n<meta property=\"og:locale\" content=\"de_DE\" \/>\n<meta property=\"og:type\" content=\"article\" \/>\n<meta property=\"og:title\" content=\"Gab es weitere Opfer des NSU? \u2013 Das Medienlog vom Freitag, 2. September 2016 - Das NSU-Prozess-Blog\" \/>\n<meta property=\"og:description\" content=\"Hat der als Waffenbeschaffer angeklagte Carsten S. in seiner Aussage zu Prozessbeginn gelogen? Das vermuten die Anw\u00e4lte des von S. schwer belasteten Ralf Wohlleben und lie\u00dfen am Donnerstag eine seiner Angaben \u00fcberpr\u00fcfen. Demnach h\u00e4tten Uwe Mundlos und Uwe B\u00f6hnhardt &#8222;einen angeschossen&#8220;, wie Wohlleben im Jahr 2000 zu S. gesagt haben soll. Gab es also noch [&hellip;]\" \/>\n<meta property=\"og:url\" content=\"https:\/\/blog.zeit.de\/nsu-prozess-blog\/2016\/09\/02\/medienlog-opfer-bka-nsu\/\" \/>\n<meta property=\"og:site_name\" content=\"Das NSU-Prozess-Blog\" \/>\n<meta property=\"article:published_time\" content=\"2016-09-02T06:47:00+00:00\" \/>\n<meta property=\"article:modified_time\" content=\"2016-09-02T07:54:24+00:00\" \/>\n<meta name=\"author\" content=\"Tom Sundermann\" \/>\n<meta name=\"twitter:label1\" content=\"Geschrieben von\" \/>\n\t<meta name=\"twitter:data1\" content=\"Tom Sundermann\" \/>\n\t<meta name=\"twitter:label2\" content=\"Gesch\u00e4tzte Lesezeit\" \/>\n\t<meta name=\"twitter:data2\" content=\"3\u00a0Minuten\" \/>\n<script type=\"application\/ld+json\" class=\"yoast-schema-graph\">{\"@context\":\"https:\/\/schema.org\",\"@graph\":[{\"@type\":\"WebPage\",\"@id\":\"https:\/\/blog.zeit.de\/nsu-prozess-blog\/2016\/09\/02\/medienlog-opfer-bka-nsu\/\",\"url\":\"https:\/\/blog.zeit.de\/nsu-prozess-blog\/2016\/09\/02\/medienlog-opfer-bka-nsu\/\",\"name\":\"Gab es weitere Opfer des NSU? \u2013 Das Medienlog vom Freitag, 2. September 2016 - Das NSU-Prozess-Blog\",\"isPartOf\":{\"@id\":\"https:\/\/blog.zeit.de\/nsu-prozess-blog\/#website\"},\"datePublished\":\"2016-09-02T06:47:00+00:00\",\"dateModified\":\"2016-09-02T07:54:24+00:00\",\"author\":{\"@id\":\"https:\/\/blog.zeit.de\/nsu-prozess-blog\/#\/schema\/person\/553ea9bb5d1fc2ae054c589bd59380a5\"},\"breadcrumb\":{\"@id\":\"https:\/\/blog.zeit.de\/nsu-prozess-blog\/2016\/09\/02\/medienlog-opfer-bka-nsu\/#breadcrumb\"},\"inLanguage\":\"de\",\"potentialAction\":[{\"@type\":\"ReadAction\",\"target\":[\"https:\/\/blog.zeit.de\/nsu-prozess-blog\/2016\/09\/02\/medienlog-opfer-bka-nsu\/\"]}]},{\"@type\":\"BreadcrumbList\",\"@id\":\"https:\/\/blog.zeit.de\/nsu-prozess-blog\/2016\/09\/02\/medienlog-opfer-bka-nsu\/#breadcrumb\",\"itemListElement\":[{\"@type\":\"ListItem\",\"position\":1,\"name\":\"Startseite\",\"item\":\"https:\/\/blog.zeit.de\/nsu-prozess-blog\/\"},{\"@type\":\"ListItem\",\"position\":2,\"name\":\"Gab es weitere Opfer des NSU? \u2013 Das Medienlog vom Freitag, 2. September 2016\"}]},{\"@type\":\"WebSite\",\"@id\":\"https:\/\/blog.zeit.de\/nsu-prozess-blog\/#website\",\"url\":\"https:\/\/blog.zeit.de\/nsu-prozess-blog\/\",\"name\":\"Das NSU-Prozess-Blog\",\"description\":\"Alle Berichte zum Terrorverfahren in M\u00fcnchen\",\"potentialAction\":[{\"@type\":\"SearchAction\",\"target\":{\"@type\":\"EntryPoint\",\"urlTemplate\":\"https:\/\/blog.zeit.de\/nsu-prozess-blog\/?s={search_term_string}\"},\"query-input\":\"required name=search_term_string\"}],\"inLanguage\":\"de\"},{\"@type\":\"Person\",\"@id\":\"https:\/\/blog.zeit.de\/nsu-prozess-blog\/#\/schema\/person\/553ea9bb5d1fc2ae054c589bd59380a5\",\"name\":\"Tom Sundermann\",\"image\":{\"@type\":\"ImageObject\",\"inLanguage\":\"de\",\"@id\":\"https:\/\/blog.zeit.de\/nsu-prozess-blog\/#\/schema\/person\/image\/\",\"url\":\"https:\/\/secure.gravatar.com\/avatar\/e108a3dc18766f719b2f797dc5d19093f06a1870c55b553ab6b7563f1f9a5e68?s=96&d=mm&r=g\",\"contentUrl\":\"https:\/\/secure.gravatar.com\/avatar\/e108a3dc18766f719b2f797dc5d19093f06a1870c55b553ab6b7563f1f9a5e68?s=96&d=mm&r=g\",\"caption\":\"Tom Sundermann\"},\"sameAs\":[\"https:\/\/twitter.com\/messeticker\"],\"url\":\"https:\/\/blog.zeit.de\/nsu-prozess-blog\/author\/tsundermann\/\"}]}<\/script>\n<!-- \/ Yoast SEO plugin. -->","yoast_head_json":{"title":"Gab es weitere Opfer des NSU? \u2013 Das Medienlog vom Freitag, 2. September 2016 - Das NSU-Prozess-Blog","robots":{"index":"index","follow":"follow","max-snippet":"max-snippet:-1","max-image-preview":"max-image-preview:large","max-video-preview":"max-video-preview:-1"},"canonical":"https:\/\/blog.zeit.de\/nsu-prozess-blog\/2016\/09\/02\/medienlog-opfer-bka-nsu\/","og_locale":"de_DE","og_type":"article","og_title":"Gab es weitere Opfer des NSU? \u2013 Das Medienlog vom Freitag, 2. September 2016 - Das NSU-Prozess-Blog","og_description":"Hat der als Waffenbeschaffer angeklagte Carsten S. in seiner Aussage zu Prozessbeginn gelogen? Das vermuten die Anw\u00e4lte des von S. schwer belasteten Ralf Wohlleben und lie\u00dfen am Donnerstag eine seiner Angaben \u00fcberpr\u00fcfen. Demnach h\u00e4tten Uwe Mundlos und Uwe B\u00f6hnhardt &#8222;einen angeschossen&#8220;, wie Wohlleben im Jahr 2000 zu S. gesagt haben soll. Gab es also noch [&hellip;]","og_url":"https:\/\/blog.zeit.de\/nsu-prozess-blog\/2016\/09\/02\/medienlog-opfer-bka-nsu\/","og_site_name":"Das NSU-Prozess-Blog","article_published_time":"2016-09-02T06:47:00+00:00","article_modified_time":"2016-09-02T07:54:24+00:00","author":"Tom Sundermann","twitter_misc":{"Geschrieben von":"Tom Sundermann","Gesch\u00e4tzte Lesezeit":"3\u00a0Minuten"},"schema":{"@context":"https:\/\/schema.org","@graph":[{"@type":"WebPage","@id":"https:\/\/blog.zeit.de\/nsu-prozess-blog\/2016\/09\/02\/medienlog-opfer-bka-nsu\/","url":"https:\/\/blog.zeit.de\/nsu-prozess-blog\/2016\/09\/02\/medienlog-opfer-bka-nsu\/","name":"Gab es weitere Opfer des NSU? \u2013 Das Medienlog vom Freitag, 2. September 2016 - Das NSU-Prozess-Blog","isPartOf":{"@id":"https:\/\/blog.zeit.de\/nsu-prozess-blog\/#website"},"datePublished":"2016-09-02T06:47:00+00:00","dateModified":"2016-09-02T07:54:24+00:00","author":{"@id":"https:\/\/blog.zeit.de\/nsu-prozess-blog\/#\/schema\/person\/553ea9bb5d1fc2ae054c589bd59380a5"},"breadcrumb":{"@id":"https:\/\/blog.zeit.de\/nsu-prozess-blog\/2016\/09\/02\/medienlog-opfer-bka-nsu\/#breadcrumb"},"inLanguage":"de","potentialAction":[{"@type":"ReadAction","target":["https:\/\/blog.zeit.de\/nsu-prozess-blog\/2016\/09\/02\/medienlog-opfer-bka-nsu\/"]}]},{"@type":"BreadcrumbList","@id":"https:\/\/blog.zeit.de\/nsu-prozess-blog\/2016\/09\/02\/medienlog-opfer-bka-nsu\/#breadcrumb","itemListElement":[{"@type":"ListItem","position":1,"name":"Startseite","item":"https:\/\/blog.zeit.de\/nsu-prozess-blog\/"},{"@type":"ListItem","position":2,"name":"Gab es weitere Opfer des NSU? \u2013 Das Medienlog vom Freitag, 2. September 2016"}]},{"@type":"WebSite","@id":"https:\/\/blog.zeit.de\/nsu-prozess-blog\/#website","url":"https:\/\/blog.zeit.de\/nsu-prozess-blog\/","name":"Das NSU-Prozess-Blog","description":"Alle Berichte zum Terrorverfahren in M\u00fcnchen","potentialAction":[{"@type":"SearchAction","target":{"@type":"EntryPoint","urlTemplate":"https:\/\/blog.zeit.de\/nsu-prozess-blog\/?s={search_term_string}"},"query-input":"required name=search_term_string"}],"inLanguage":"de"},{"@type":"Person","@id":"https:\/\/blog.zeit.de\/nsu-prozess-blog\/#\/schema\/person\/553ea9bb5d1fc2ae054c589bd59380a5","name":"Tom Sundermann","image":{"@type":"ImageObject","inLanguage":"de","@id":"https:\/\/blog.zeit.de\/nsu-prozess-blog\/#\/schema\/person\/image\/","url":"https:\/\/secure.gravatar.com\/avatar\/e108a3dc18766f719b2f797dc5d19093f06a1870c55b553ab6b7563f1f9a5e68?s=96&d=mm&r=g","contentUrl":"https:\/\/secure.gravatar.com\/avatar\/e108a3dc18766f719b2f797dc5d19093f06a1870c55b553ab6b7563f1f9a5e68?s=96&d=mm&r=g","caption":"Tom Sundermann"},"sameAs":["https:\/\/twitter.com\/messeticker"],"url":"https:\/\/blog.zeit.de\/nsu-prozess-blog\/author\/tsundermann\/"}]}},"jetpack_featured_media_url":"","jetpack_sharing_enabled":true,"_links":{"self":[{"href":"https:\/\/blog.zeit.de\/nsu-prozess-blog\/wp-json\/wp\/v2\/posts\/11875","targetHints":{"allow":["GET"]}}],"collection":[{"href":"https:\/\/blog.zeit.de\/nsu-prozess-blog\/wp-json\/wp\/v2\/posts"}],"about":[{"href":"https:\/\/blog.zeit.de\/nsu-prozess-blog\/wp-json\/wp\/v2\/types\/post"}],"author":[{"embeddable":true,"href":"https:\/\/blog.zeit.de\/nsu-prozess-blog\/wp-json\/wp\/v2\/users\/435"}],"replies":[{"embeddable":true,"href":"https:\/\/blog.zeit.de\/nsu-prozess-blog\/wp-json\/wp\/v2\/comments?post=11875"}],"version-history":[{"count":7,"href":"https:\/\/blog.zeit.de\/nsu-prozess-blog\/wp-json\/wp\/v2\/posts\/11875\/revisions"}],"predecessor-version":[{"id":11886,"href":"https:\/\/blog.zeit.de\/nsu-prozess-blog\/wp-json\/wp\/v2\/posts\/11875\/revisions\/11886"}],"wp:attachment":[{"href":"https:\/\/blog.zeit.de\/nsu-prozess-blog\/wp-json\/wp\/v2\/media?parent=11875"}],"wp:term":[{"taxonomy":"category","embeddable":true,"href":"https:\/\/blog.zeit.de\/nsu-prozess-blog\/wp-json\/wp\/v2\/categories?post=11875"},{"taxonomy":"post_tag","embeddable":true,"href":"https:\/\/blog.zeit.de\/nsu-prozess-blog\/wp-json\/wp\/v2\/tags?post=11875"}],"curies":[{"name":"wp","href":"https:\/\/api.w.org\/{rel}","templated":true}]}}