{"id":11889,"date":"2016-09-06T08:47:59","date_gmt":"2016-09-06T06:47:59","guid":{"rendered":"http:\/\/blog.zeit.de\/nsu-prozess-blog\/?p=11889"},"modified":"2016-09-11T16:44:41","modified_gmt":"2016-09-11T14:44:41","slug":"medienlog-binninger-helfer-dna-nsu","status":"publish","type":"post","link":"https:\/\/blog.zeit.de\/nsu-prozess-blog\/2016\/09\/06\/medienlog-binninger-helfer-dna-nsu\/","title":{"rendered":"Der NSU: Mehr als drei? \u2013 Das Medienlog vom Dienstag, 6. September 2016"},"content":{"rendered":"<p>Dass der NSU <a href=\"https:\/\/blog.zeit.de\/nsu-prozess-blog\/die-helfer\/\">Helfer hatte<\/a>, ist bekannt. Rund ein Dutzend Ermittlungsverfahren l\u00e4uft gegen Unterst\u00fctzer von Beate Zsch\u00e4pe, Uwe Mundlos und Uwe B\u00f6hnhardt. Clemens Binninger, Vorsitzender des NSU-Untersuchungsausschusses im Bundestag, glaubt allerdings an noch weitergehende Hilfeleistungen: Er sei &#8222;zutiefst davon \u00fcberzeugt, dass der NSU nicht nur aus drei Leuten bestand&#8220; und dass die Gruppe &#8222;Mitt\u00e4ter&#8220; gehabt habe, sagte er der <a href=\"http:\/\/www.fr-online.de\/neonazi-terror\/nsu-prozess--nsu-bestand-nicht-nur-aus-drei-leuten-,1477338,34710676.html\" target=\"_blank\"><em>Frankfurter Rundschau<\/em><\/a>. Diese Vermutung war in der Vergangenheit <a href=\"https:\/\/blog.zeit.de\/nsu-prozess-blog\/2014\/06\/26\/wer-brachte-die-bombe-in-den-lebensmittelladen\/\">immer wieder aufgekommen<\/a>. Auch Binninger meint, an den jeweiligen Tatorten habe es Helfer gegeben.<\/p>\n<p>Der CDU-Mann forderte, den mutma\u00dflichen NSU-Unterst\u00fctzern DNA-Proben abzunehmen. Diese sollten mit Spuren von den Tatorten verglichen werden. Von rund 100 m\u00f6glichen Helfern seien nur 19 Proben ihres Erbmaterials abgenommen worden. Gezwungen werden k\u00f6nnten zur Spurenabgabe nur Beschuldigte \u2013 die restlichen jedoch sollten zun\u00e4chst darum gebeten werden.<\/p>\n<p><em>An jedem Werktag sichten wir f\u00fcr das NSU-Prozess-Blog die Medien und stellen wichtige Berichte, Blogs, Videos und Tweets zusammen. Wir freuen uns \u00fcber Hinweise via Twitter mit dem Hashtag #nsublog \u2013 oder per E-Mail an <a href=\"mailto:nsublog@zeit.de\">nsublog@zeit.de<\/a>.<\/em><\/p>\n<p><em>Das n\u00e4chste Medienlog erscheint am Mittwoch, 7. September 2016.<\/em><\/p>\n","protected":false},"excerpt":{"rendered":"<p>Dass der NSU Helfer hatte, ist bekannt. Rund ein Dutzend Ermittlungsverfahren l\u00e4uft gegen Unterst\u00fctzer von Beate Zsch\u00e4pe, Uwe Mundlos und Uwe B\u00f6hnhardt. Clemens Binninger, Vorsitzender des NSU-Untersuchungsausschusses im Bundestag, glaubt allerdings an noch weitergehende Hilfeleistungen: Er sei &#8222;zutiefst davon \u00fcberzeugt, dass der NSU nicht nur aus drei Leuten bestand&#8220; und dass die Gruppe &#8222;Mitt\u00e4ter&#8220; gehabt [&hellip;]<\/p>\n","protected":false},"author":435,"featured_media":0,"comment_status":"open","ping_status":"open","sticky":false,"template":"","format":"standard","meta":{"_jetpack_memberships_contains_paid_content":false,"footnotes":""},"categories":[27531],"tags":[35417,17963,1449,27536],"class_list":["post-11889","post","type-post","status-publish","format-standard","hentry","category-medienschau","tag-clemens-binninger","tag-dna","tag-unterstutzer","tag-untersuchungsausschuss"],"yoast_head":"<!-- This site is optimized with the Yoast SEO plugin v21.0 - https:\/\/yoast.com\/wordpress\/plugins\/seo\/ -->\n<title>Der NSU: Mehr als drei? \u2013 Das Medienlog vom Dienstag, 6. September 2016 - Das NSU-Prozess-Blog<\/title>\n<meta name=\"robots\" content=\"index, follow, max-snippet:-1, max-image-preview:large, max-video-preview:-1\" \/>\n<link rel=\"canonical\" href=\"https:\/\/blog.zeit.de\/nsu-prozess-blog\/2016\/09\/06\/medienlog-binninger-helfer-dna-nsu\/\" \/>\n<meta property=\"og:locale\" content=\"de_DE\" \/>\n<meta property=\"og:type\" content=\"article\" \/>\n<meta property=\"og:title\" content=\"Der NSU: Mehr als drei? \u2013 Das Medienlog vom Dienstag, 6. September 2016 - Das NSU-Prozess-Blog\" \/>\n<meta property=\"og:description\" content=\"Dass der NSU Helfer hatte, ist bekannt. Rund ein Dutzend Ermittlungsverfahren l\u00e4uft gegen Unterst\u00fctzer von Beate Zsch\u00e4pe, Uwe Mundlos und Uwe B\u00f6hnhardt. Clemens Binninger, Vorsitzender des NSU-Untersuchungsausschusses im Bundestag, glaubt allerdings an noch weitergehende Hilfeleistungen: Er sei &#8222;zutiefst davon \u00fcberzeugt, dass der NSU nicht nur aus drei Leuten bestand&#8220; und dass die Gruppe &#8222;Mitt\u00e4ter&#8220; gehabt [&hellip;]\" \/>\n<meta property=\"og:url\" content=\"https:\/\/blog.zeit.de\/nsu-prozess-blog\/2016\/09\/06\/medienlog-binninger-helfer-dna-nsu\/\" \/>\n<meta property=\"og:site_name\" content=\"Das NSU-Prozess-Blog\" \/>\n<meta property=\"article:published_time\" content=\"2016-09-06T06:47:59+00:00\" \/>\n<meta property=\"article:modified_time\" content=\"2016-09-11T14:44:41+00:00\" \/>\n<meta name=\"author\" content=\"Tom Sundermann\" \/>\n<meta name=\"twitter:label1\" content=\"Geschrieben von\" \/>\n\t<meta name=\"twitter:data1\" content=\"Tom Sundermann\" \/>\n\t<meta name=\"twitter:label2\" content=\"Gesch\u00e4tzte Lesezeit\" \/>\n\t<meta name=\"twitter:data2\" content=\"1\u00a0Minute\" \/>\n<script type=\"application\/ld+json\" class=\"yoast-schema-graph\">{\"@context\":\"https:\/\/schema.org\",\"@graph\":[{\"@type\":\"WebPage\",\"@id\":\"https:\/\/blog.zeit.de\/nsu-prozess-blog\/2016\/09\/06\/medienlog-binninger-helfer-dna-nsu\/\",\"url\":\"https:\/\/blog.zeit.de\/nsu-prozess-blog\/2016\/09\/06\/medienlog-binninger-helfer-dna-nsu\/\",\"name\":\"Der NSU: Mehr als drei? \u2013 Das Medienlog vom Dienstag, 6. September 2016 - Das NSU-Prozess-Blog\",\"isPartOf\":{\"@id\":\"https:\/\/blog.zeit.de\/nsu-prozess-blog\/#website\"},\"datePublished\":\"2016-09-06T06:47:59+00:00\",\"dateModified\":\"2016-09-11T14:44:41+00:00\",\"author\":{\"@id\":\"https:\/\/blog.zeit.de\/nsu-prozess-blog\/#\/schema\/person\/553ea9bb5d1fc2ae054c589bd59380a5\"},\"breadcrumb\":{\"@id\":\"https:\/\/blog.zeit.de\/nsu-prozess-blog\/2016\/09\/06\/medienlog-binninger-helfer-dna-nsu\/#breadcrumb\"},\"inLanguage\":\"de\",\"potentialAction\":[{\"@type\":\"ReadAction\",\"target\":[\"https:\/\/blog.zeit.de\/nsu-prozess-blog\/2016\/09\/06\/medienlog-binninger-helfer-dna-nsu\/\"]}]},{\"@type\":\"BreadcrumbList\",\"@id\":\"https:\/\/blog.zeit.de\/nsu-prozess-blog\/2016\/09\/06\/medienlog-binninger-helfer-dna-nsu\/#breadcrumb\",\"itemListElement\":[{\"@type\":\"ListItem\",\"position\":1,\"name\":\"Startseite\",\"item\":\"https:\/\/blog.zeit.de\/nsu-prozess-blog\/\"},{\"@type\":\"ListItem\",\"position\":2,\"name\":\"Der NSU: Mehr als drei? \u2013 Das Medienlog vom Dienstag, 6. September 2016\"}]},{\"@type\":\"WebSite\",\"@id\":\"https:\/\/blog.zeit.de\/nsu-prozess-blog\/#website\",\"url\":\"https:\/\/blog.zeit.de\/nsu-prozess-blog\/\",\"name\":\"Das NSU-Prozess-Blog\",\"description\":\"Alle Berichte zum Terrorverfahren in M\u00fcnchen\",\"potentialAction\":[{\"@type\":\"SearchAction\",\"target\":{\"@type\":\"EntryPoint\",\"urlTemplate\":\"https:\/\/blog.zeit.de\/nsu-prozess-blog\/?s={search_term_string}\"},\"query-input\":\"required name=search_term_string\"}],\"inLanguage\":\"de\"},{\"@type\":\"Person\",\"@id\":\"https:\/\/blog.zeit.de\/nsu-prozess-blog\/#\/schema\/person\/553ea9bb5d1fc2ae054c589bd59380a5\",\"name\":\"Tom Sundermann\",\"image\":{\"@type\":\"ImageObject\",\"inLanguage\":\"de\",\"@id\":\"https:\/\/blog.zeit.de\/nsu-prozess-blog\/#\/schema\/person\/image\/\",\"url\":\"https:\/\/secure.gravatar.com\/avatar\/e108a3dc18766f719b2f797dc5d19093f06a1870c55b553ab6b7563f1f9a5e68?s=96&d=mm&r=g\",\"contentUrl\":\"https:\/\/secure.gravatar.com\/avatar\/e108a3dc18766f719b2f797dc5d19093f06a1870c55b553ab6b7563f1f9a5e68?s=96&d=mm&r=g\",\"caption\":\"Tom Sundermann\"},\"sameAs\":[\"https:\/\/twitter.com\/messeticker\"],\"url\":\"https:\/\/blog.zeit.de\/nsu-prozess-blog\/author\/tsundermann\/\"}]}<\/script>\n<!-- \/ Yoast SEO plugin. -->","yoast_head_json":{"title":"Der NSU: Mehr als drei? \u2013 Das Medienlog vom Dienstag, 6. September 2016 - Das NSU-Prozess-Blog","robots":{"index":"index","follow":"follow","max-snippet":"max-snippet:-1","max-image-preview":"max-image-preview:large","max-video-preview":"max-video-preview:-1"},"canonical":"https:\/\/blog.zeit.de\/nsu-prozess-blog\/2016\/09\/06\/medienlog-binninger-helfer-dna-nsu\/","og_locale":"de_DE","og_type":"article","og_title":"Der NSU: Mehr als drei? \u2013 Das Medienlog vom Dienstag, 6. September 2016 - Das NSU-Prozess-Blog","og_description":"Dass der NSU Helfer hatte, ist bekannt. Rund ein Dutzend Ermittlungsverfahren l\u00e4uft gegen Unterst\u00fctzer von Beate Zsch\u00e4pe, Uwe Mundlos und Uwe B\u00f6hnhardt. Clemens Binninger, Vorsitzender des NSU-Untersuchungsausschusses im Bundestag, glaubt allerdings an noch weitergehende Hilfeleistungen: Er sei &#8222;zutiefst davon \u00fcberzeugt, dass der NSU nicht nur aus drei Leuten bestand&#8220; und dass die Gruppe &#8222;Mitt\u00e4ter&#8220; gehabt [&hellip;]","og_url":"https:\/\/blog.zeit.de\/nsu-prozess-blog\/2016\/09\/06\/medienlog-binninger-helfer-dna-nsu\/","og_site_name":"Das NSU-Prozess-Blog","article_published_time":"2016-09-06T06:47:59+00:00","article_modified_time":"2016-09-11T14:44:41+00:00","author":"Tom Sundermann","twitter_misc":{"Geschrieben von":"Tom Sundermann","Gesch\u00e4tzte Lesezeit":"1\u00a0Minute"},"schema":{"@context":"https:\/\/schema.org","@graph":[{"@type":"WebPage","@id":"https:\/\/blog.zeit.de\/nsu-prozess-blog\/2016\/09\/06\/medienlog-binninger-helfer-dna-nsu\/","url":"https:\/\/blog.zeit.de\/nsu-prozess-blog\/2016\/09\/06\/medienlog-binninger-helfer-dna-nsu\/","name":"Der NSU: Mehr als drei? \u2013 Das Medienlog vom Dienstag, 6. September 2016 - Das NSU-Prozess-Blog","isPartOf":{"@id":"https:\/\/blog.zeit.de\/nsu-prozess-blog\/#website"},"datePublished":"2016-09-06T06:47:59+00:00","dateModified":"2016-09-11T14:44:41+00:00","author":{"@id":"https:\/\/blog.zeit.de\/nsu-prozess-blog\/#\/schema\/person\/553ea9bb5d1fc2ae054c589bd59380a5"},"breadcrumb":{"@id":"https:\/\/blog.zeit.de\/nsu-prozess-blog\/2016\/09\/06\/medienlog-binninger-helfer-dna-nsu\/#breadcrumb"},"inLanguage":"de","potentialAction":[{"@type":"ReadAction","target":["https:\/\/blog.zeit.de\/nsu-prozess-blog\/2016\/09\/06\/medienlog-binninger-helfer-dna-nsu\/"]}]},{"@type":"BreadcrumbList","@id":"https:\/\/blog.zeit.de\/nsu-prozess-blog\/2016\/09\/06\/medienlog-binninger-helfer-dna-nsu\/#breadcrumb","itemListElement":[{"@type":"ListItem","position":1,"name":"Startseite","item":"https:\/\/blog.zeit.de\/nsu-prozess-blog\/"},{"@type":"ListItem","position":2,"name":"Der NSU: Mehr als drei? \u2013 Das Medienlog vom Dienstag, 6. September 2016"}]},{"@type":"WebSite","@id":"https:\/\/blog.zeit.de\/nsu-prozess-blog\/#website","url":"https:\/\/blog.zeit.de\/nsu-prozess-blog\/","name":"Das NSU-Prozess-Blog","description":"Alle Berichte zum Terrorverfahren in M\u00fcnchen","potentialAction":[{"@type":"SearchAction","target":{"@type":"EntryPoint","urlTemplate":"https:\/\/blog.zeit.de\/nsu-prozess-blog\/?s={search_term_string}"},"query-input":"required name=search_term_string"}],"inLanguage":"de"},{"@type":"Person","@id":"https:\/\/blog.zeit.de\/nsu-prozess-blog\/#\/schema\/person\/553ea9bb5d1fc2ae054c589bd59380a5","name":"Tom Sundermann","image":{"@type":"ImageObject","inLanguage":"de","@id":"https:\/\/blog.zeit.de\/nsu-prozess-blog\/#\/schema\/person\/image\/","url":"https:\/\/secure.gravatar.com\/avatar\/e108a3dc18766f719b2f797dc5d19093f06a1870c55b553ab6b7563f1f9a5e68?s=96&d=mm&r=g","contentUrl":"https:\/\/secure.gravatar.com\/avatar\/e108a3dc18766f719b2f797dc5d19093f06a1870c55b553ab6b7563f1f9a5e68?s=96&d=mm&r=g","caption":"Tom Sundermann"},"sameAs":["https:\/\/twitter.com\/messeticker"],"url":"https:\/\/blog.zeit.de\/nsu-prozess-blog\/author\/tsundermann\/"}]}},"jetpack_featured_media_url":"","jetpack_sharing_enabled":true,"_links":{"self":[{"href":"https:\/\/blog.zeit.de\/nsu-prozess-blog\/wp-json\/wp\/v2\/posts\/11889","targetHints":{"allow":["GET"]}}],"collection":[{"href":"https:\/\/blog.zeit.de\/nsu-prozess-blog\/wp-json\/wp\/v2\/posts"}],"about":[{"href":"https:\/\/blog.zeit.de\/nsu-prozess-blog\/wp-json\/wp\/v2\/types\/post"}],"author":[{"embeddable":true,"href":"https:\/\/blog.zeit.de\/nsu-prozess-blog\/wp-json\/wp\/v2\/users\/435"}],"replies":[{"embeddable":true,"href":"https:\/\/blog.zeit.de\/nsu-prozess-blog\/wp-json\/wp\/v2\/comments?post=11889"}],"version-history":[{"count":5,"href":"https:\/\/blog.zeit.de\/nsu-prozess-blog\/wp-json\/wp\/v2\/posts\/11889\/revisions"}],"predecessor-version":[{"id":11912,"href":"https:\/\/blog.zeit.de\/nsu-prozess-blog\/wp-json\/wp\/v2\/posts\/11889\/revisions\/11912"}],"wp:attachment":[{"href":"https:\/\/blog.zeit.de\/nsu-prozess-blog\/wp-json\/wp\/v2\/media?parent=11889"}],"wp:term":[{"taxonomy":"category","embeddable":true,"href":"https:\/\/blog.zeit.de\/nsu-prozess-blog\/wp-json\/wp\/v2\/categories?post=11889"},{"taxonomy":"post_tag","embeddable":true,"href":"https:\/\/blog.zeit.de\/nsu-prozess-blog\/wp-json\/wp\/v2\/tags?post=11889"}],"curies":[{"name":"wp","href":"https:\/\/api.w.org\/{rel}","templated":true}]}}