{"id":11916,"date":"2016-09-13T08:32:06","date_gmt":"2016-09-13T06:32:06","guid":{"rendered":"http:\/\/blog.zeit.de\/nsu-prozess-blog\/?p=11916"},"modified":"2016-09-13T08:47:23","modified_gmt":"2016-09-13T06:47:23","slug":"medienlog-zschaepe-sommerpause-primus-nsu","status":"publish","type":"post","link":"https:\/\/blog.zeit.de\/nsu-prozess-blog\/2016\/09\/13\/medienlog-zschaepe-sommerpause-primus-nsu\/","title":{"rendered":"Zsch\u00e4pes nichtssagende Antworten \u2013 Das Medienlog vom Dienstag, 13. September 2016"},"content":{"rendered":"<p>Wenn der NSU-Prozess heute am Ende der bayerischen Sommerferien wieder den regul\u00e4ren Betrieb aufnimmt, d\u00fcrfte die Hauptangeklagte Beate Zsch\u00e4pe <a href=\"https:\/\/blog.zeit.de\/nsu-prozess-blog\/2016\/07\/06\/nsu-opfer-verlangen-antworten\/\">bald Fragen der Opferanw\u00e4lte beantworten<\/a>. Doch was darf man sich davon versprechen? Zsch\u00e4pe habe bislang &#8222;nur Nichtssagendes von sich gegeben&#8220;, kommentieren Stefan Braun und Annette Ramelsberger von der <a href=\"http:\/\/www.sueddeutsche.de\/politik\/beate-zschaepe-nsu-prozess-die-phalanx-des-schweigens-steht-noch-immer-1.3158277\" target=\"_blank\"><em>S\u00fcddeutschen Zeitung<\/em><\/a>. Ihre Antworten h\u00e4tten die Hintergr\u00fcnde der NSU-Taten komplett ausgeblendet.<\/p>\n<p><!--more--><\/p>\n<p><em>An jedem Werktag sichten wir f\u00fcr das NSU-Prozess-Blog die Medien und stellen wichtige Berichte, Blogs, Videos und Tweets zusammen. Wir freuen uns \u00fcber Hinweise via Twitter mit dem Hashtag #nsublog \u2013 oder per E-Mail an <a href=\"mailto:nsublog@zeit.de\">nsublog@zeit.de<\/a>.<\/em><\/p>\n<p>Bleibt an Erkenntnissen das, was der Vorsitzende Richter Manfred G\u00f6tzl in den vergangenen drei Jahren Prozess ermitteln konnte. Auff\u00e4llig sei dabei gewesen: Er habe Zeugen besonders aus dem rechten Milieu &#8222;mit einer an Zerm\u00fcrbungstaktik grenzenden Geduld befragt \u2013 aber er hat selbst bei offensichtlichen L\u00fcgen von jeglicher Strafe abgesehen. Das hat immer wieder Verwunderung ausgel\u00f6st&#8220;. Ob allerdings <a href=\"https:\/\/blog.zeit.de\/nsu-prozess-blog\/2016\/09\/06\/medienlog-binninger-helfer-dna-nsu\/\">ein gr\u00f6\u00dferer Kreis von Mitt\u00e4tern beteiligt war<\/a>, sei nicht klar. Viele Nebenklage-Anw\u00e4lte seien aufgrund ausgebliebener Aufkl\u00e4rung entt\u00e4uscht.<\/p>\n<p>Trotz fortgeschrittener Dauer des Verfahrens: &#8222;Das Ende ist v\u00f6llig unklar&#8220;, merkt Nina Gut vom <a href=\"http:\/\/www.merkur.de\/politik\/nsu-prozess-unendliche-geschichte-6735250.html\" target=\"_blank\"><em>M\u00fcnchner Merkur<\/em><\/a> an. Schlie\u00dflich sei es dabei immer wieder zu &#8222;\u00dcberraschungen und Verz\u00f6gerungen&#8220; gekommen \u2013 dazu z\u00e4hlt die Autorin auch <a href=\"http:\/\/www.zeit.de\/politik\/ausland\/2015-12\/beate-schaepe-aussage-bewertung\">Zsch\u00e4pes Aussage<\/a> vom Dezember vergangenen Jahres. Die Zeit, die bislang ins Land gezogen sei, m\u00fcsse jedoch kein Manko sein, \u00e4u\u00dfert sich dazu der Opferanwalt Mehmet Daimag\u00fcler: &#8222;Ein kurzer Prozess ist meistens ein schlechter Prozess&#8220;, sagt er.<\/p>\n<p>So schnell wie die Hoffnung auf eine <a href=\"https:\/\/blog.zeit.de\/nsu-prozess-blog\/2016\/09\/09\/medienlog-primus-auslieferung-nsu\/\">Auslieferung des fr\u00fcheren V-Manns Ralf Marschner alias Primus<\/a> aufgekeimt war, ist sie wieder vorbei: Die Schweiz wird den dort lebenden Rechtsextremisten nicht \u00fcberstellen, wie das <a href=\"https:\/\/www.neues-deutschland.de\/artikel\/1025202.schweiz-liefert-v-mann-primus-nicht-aus.html\" target=\"_blank\"><em>Neue Deutschland<\/em><\/a> berichtet. Die Entscheidung best\u00e4tigte ein Sprecher des Schweizer Bundesamtes f\u00fcr Justiz. Gegen Marschner lag in Deutschland ein Strafbefehl wegen Insolvenzverschleppung vor. Da das Delikt in der Schweiz nicht strafbar ist, wurde die Auslieferung abgelehnt. Der ehemalige Verfassungsschutzinformant soll <a href=\"https:\/\/blog.zeit.de\/nsu-prozess-blog\/2016\/04\/08\/medienlog-zschaepe-mundlos-v-mann-nsu\/\">Uwe Mundlos von 2000 bis 2001 in seiner Baufirma besch\u00e4ftigt haben<\/a>.<\/p>\n<p><em>Das n\u00e4chste Medienlog erscheint am Mittwoch, 14. September 2016.<\/em><\/p>\n","protected":false},"excerpt":{"rendered":"<p>Wenn der NSU-Prozess heute am Ende der bayerischen Sommerferien wieder den regul\u00e4ren Betrieb aufnimmt, d\u00fcrfte die Hauptangeklagte Beate Zsch\u00e4pe bald Fragen der Opferanw\u00e4lte beantworten. Doch was darf man sich davon versprechen? Zsch\u00e4pe habe bislang &#8222;nur Nichtssagendes von sich gegeben&#8220;, kommentieren Stefan Braun und Annette Ramelsberger von der S\u00fcddeutschen Zeitung. Ihre Antworten h\u00e4tten die Hintergr\u00fcnde der [&hellip;]<\/p>\n","protected":false},"author":435,"featured_media":0,"comment_status":"open","ping_status":"open","sticky":false,"template":"","format":"standard","meta":{"_jetpack_memberships_contains_paid_content":false,"footnotes":""},"categories":[27531],"tags":[17793,27559,35418,29426,35403,1209,1449,17899],"class_list":["post-11916","post","type-post","status-publish","format-standard","hentry","category-medienschau","tag-beate-zschape","tag-manfred-gotzl","tag-mittaeter","tag-nebenklage","tag-ralf-m","tag-schweiz","tag-unterstutzer","tag-v-mann"],"yoast_head":"<!-- This site is optimized with the Yoast SEO plugin v21.0 - https:\/\/yoast.com\/wordpress\/plugins\/seo\/ -->\n<title>Zsch\u00e4pes nichtssagende Antworten \u2013 Das Medienlog vom Dienstag, 13. September 2016 - Das NSU-Prozess-Blog<\/title>\n<meta name=\"robots\" content=\"index, follow, max-snippet:-1, max-image-preview:large, max-video-preview:-1\" \/>\n<link rel=\"canonical\" href=\"https:\/\/blog.zeit.de\/nsu-prozess-blog\/2016\/09\/13\/medienlog-zschaepe-sommerpause-primus-nsu\/\" \/>\n<meta property=\"og:locale\" content=\"de_DE\" \/>\n<meta property=\"og:type\" content=\"article\" \/>\n<meta property=\"og:title\" content=\"Zsch\u00e4pes nichtssagende Antworten \u2013 Das Medienlog vom Dienstag, 13. September 2016 - Das NSU-Prozess-Blog\" \/>\n<meta property=\"og:description\" content=\"Wenn der NSU-Prozess heute am Ende der bayerischen Sommerferien wieder den regul\u00e4ren Betrieb aufnimmt, d\u00fcrfte die Hauptangeklagte Beate Zsch\u00e4pe bald Fragen der Opferanw\u00e4lte beantworten. Doch was darf man sich davon versprechen? Zsch\u00e4pe habe bislang &#8222;nur Nichtssagendes von sich gegeben&#8220;, kommentieren Stefan Braun und Annette Ramelsberger von der S\u00fcddeutschen Zeitung. Ihre Antworten h\u00e4tten die Hintergr\u00fcnde der [&hellip;]\" \/>\n<meta property=\"og:url\" content=\"https:\/\/blog.zeit.de\/nsu-prozess-blog\/2016\/09\/13\/medienlog-zschaepe-sommerpause-primus-nsu\/\" \/>\n<meta property=\"og:site_name\" content=\"Das NSU-Prozess-Blog\" \/>\n<meta property=\"article:published_time\" content=\"2016-09-13T06:32:06+00:00\" \/>\n<meta property=\"article:modified_time\" content=\"2016-09-13T06:47:23+00:00\" \/>\n<meta name=\"author\" content=\"Tom Sundermann\" \/>\n<meta name=\"twitter:label1\" content=\"Geschrieben von\" \/>\n\t<meta name=\"twitter:data1\" content=\"Tom Sundermann\" \/>\n\t<meta name=\"twitter:label2\" content=\"Gesch\u00e4tzte Lesezeit\" \/>\n\t<meta name=\"twitter:data2\" content=\"2\u00a0Minuten\" \/>\n<script type=\"application\/ld+json\" class=\"yoast-schema-graph\">{\"@context\":\"https:\/\/schema.org\",\"@graph\":[{\"@type\":\"WebPage\",\"@id\":\"https:\/\/blog.zeit.de\/nsu-prozess-blog\/2016\/09\/13\/medienlog-zschaepe-sommerpause-primus-nsu\/\",\"url\":\"https:\/\/blog.zeit.de\/nsu-prozess-blog\/2016\/09\/13\/medienlog-zschaepe-sommerpause-primus-nsu\/\",\"name\":\"Zsch\u00e4pes nichtssagende Antworten \u2013 Das Medienlog vom Dienstag, 13. September 2016 - Das NSU-Prozess-Blog\",\"isPartOf\":{\"@id\":\"https:\/\/blog.zeit.de\/nsu-prozess-blog\/#website\"},\"datePublished\":\"2016-09-13T06:32:06+00:00\",\"dateModified\":\"2016-09-13T06:47:23+00:00\",\"author\":{\"@id\":\"https:\/\/blog.zeit.de\/nsu-prozess-blog\/#\/schema\/person\/553ea9bb5d1fc2ae054c589bd59380a5\"},\"breadcrumb\":{\"@id\":\"https:\/\/blog.zeit.de\/nsu-prozess-blog\/2016\/09\/13\/medienlog-zschaepe-sommerpause-primus-nsu\/#breadcrumb\"},\"inLanguage\":\"de\",\"potentialAction\":[{\"@type\":\"ReadAction\",\"target\":[\"https:\/\/blog.zeit.de\/nsu-prozess-blog\/2016\/09\/13\/medienlog-zschaepe-sommerpause-primus-nsu\/\"]}]},{\"@type\":\"BreadcrumbList\",\"@id\":\"https:\/\/blog.zeit.de\/nsu-prozess-blog\/2016\/09\/13\/medienlog-zschaepe-sommerpause-primus-nsu\/#breadcrumb\",\"itemListElement\":[{\"@type\":\"ListItem\",\"position\":1,\"name\":\"Startseite\",\"item\":\"https:\/\/blog.zeit.de\/nsu-prozess-blog\/\"},{\"@type\":\"ListItem\",\"position\":2,\"name\":\"Zsch\u00e4pes nichtssagende Antworten \u2013 Das Medienlog vom Dienstag, 13. September 2016\"}]},{\"@type\":\"WebSite\",\"@id\":\"https:\/\/blog.zeit.de\/nsu-prozess-blog\/#website\",\"url\":\"https:\/\/blog.zeit.de\/nsu-prozess-blog\/\",\"name\":\"Das NSU-Prozess-Blog\",\"description\":\"Alle Berichte zum Terrorverfahren in M\u00fcnchen\",\"potentialAction\":[{\"@type\":\"SearchAction\",\"target\":{\"@type\":\"EntryPoint\",\"urlTemplate\":\"https:\/\/blog.zeit.de\/nsu-prozess-blog\/?s={search_term_string}\"},\"query-input\":\"required name=search_term_string\"}],\"inLanguage\":\"de\"},{\"@type\":\"Person\",\"@id\":\"https:\/\/blog.zeit.de\/nsu-prozess-blog\/#\/schema\/person\/553ea9bb5d1fc2ae054c589bd59380a5\",\"name\":\"Tom Sundermann\",\"image\":{\"@type\":\"ImageObject\",\"inLanguage\":\"de\",\"@id\":\"https:\/\/blog.zeit.de\/nsu-prozess-blog\/#\/schema\/person\/image\/\",\"url\":\"https:\/\/secure.gravatar.com\/avatar\/e108a3dc18766f719b2f797dc5d19093f06a1870c55b553ab6b7563f1f9a5e68?s=96&d=mm&r=g\",\"contentUrl\":\"https:\/\/secure.gravatar.com\/avatar\/e108a3dc18766f719b2f797dc5d19093f06a1870c55b553ab6b7563f1f9a5e68?s=96&d=mm&r=g\",\"caption\":\"Tom Sundermann\"},\"sameAs\":[\"https:\/\/twitter.com\/messeticker\"],\"url\":\"https:\/\/blog.zeit.de\/nsu-prozess-blog\/author\/tsundermann\/\"}]}<\/script>\n<!-- \/ Yoast SEO plugin. -->","yoast_head_json":{"title":"Zsch\u00e4pes nichtssagende Antworten \u2013 Das Medienlog vom Dienstag, 13. September 2016 - Das NSU-Prozess-Blog","robots":{"index":"index","follow":"follow","max-snippet":"max-snippet:-1","max-image-preview":"max-image-preview:large","max-video-preview":"max-video-preview:-1"},"canonical":"https:\/\/blog.zeit.de\/nsu-prozess-blog\/2016\/09\/13\/medienlog-zschaepe-sommerpause-primus-nsu\/","og_locale":"de_DE","og_type":"article","og_title":"Zsch\u00e4pes nichtssagende Antworten \u2013 Das Medienlog vom Dienstag, 13. September 2016 - Das NSU-Prozess-Blog","og_description":"Wenn der NSU-Prozess heute am Ende der bayerischen Sommerferien wieder den regul\u00e4ren Betrieb aufnimmt, d\u00fcrfte die Hauptangeklagte Beate Zsch\u00e4pe bald Fragen der Opferanw\u00e4lte beantworten. Doch was darf man sich davon versprechen? Zsch\u00e4pe habe bislang &#8222;nur Nichtssagendes von sich gegeben&#8220;, kommentieren Stefan Braun und Annette Ramelsberger von der S\u00fcddeutschen Zeitung. Ihre Antworten h\u00e4tten die Hintergr\u00fcnde der [&hellip;]","og_url":"https:\/\/blog.zeit.de\/nsu-prozess-blog\/2016\/09\/13\/medienlog-zschaepe-sommerpause-primus-nsu\/","og_site_name":"Das NSU-Prozess-Blog","article_published_time":"2016-09-13T06:32:06+00:00","article_modified_time":"2016-09-13T06:47:23+00:00","author":"Tom Sundermann","twitter_misc":{"Geschrieben von":"Tom Sundermann","Gesch\u00e4tzte Lesezeit":"2\u00a0Minuten"},"schema":{"@context":"https:\/\/schema.org","@graph":[{"@type":"WebPage","@id":"https:\/\/blog.zeit.de\/nsu-prozess-blog\/2016\/09\/13\/medienlog-zschaepe-sommerpause-primus-nsu\/","url":"https:\/\/blog.zeit.de\/nsu-prozess-blog\/2016\/09\/13\/medienlog-zschaepe-sommerpause-primus-nsu\/","name":"Zsch\u00e4pes nichtssagende Antworten \u2013 Das Medienlog vom Dienstag, 13. September 2016 - Das NSU-Prozess-Blog","isPartOf":{"@id":"https:\/\/blog.zeit.de\/nsu-prozess-blog\/#website"},"datePublished":"2016-09-13T06:32:06+00:00","dateModified":"2016-09-13T06:47:23+00:00","author":{"@id":"https:\/\/blog.zeit.de\/nsu-prozess-blog\/#\/schema\/person\/553ea9bb5d1fc2ae054c589bd59380a5"},"breadcrumb":{"@id":"https:\/\/blog.zeit.de\/nsu-prozess-blog\/2016\/09\/13\/medienlog-zschaepe-sommerpause-primus-nsu\/#breadcrumb"},"inLanguage":"de","potentialAction":[{"@type":"ReadAction","target":["https:\/\/blog.zeit.de\/nsu-prozess-blog\/2016\/09\/13\/medienlog-zschaepe-sommerpause-primus-nsu\/"]}]},{"@type":"BreadcrumbList","@id":"https:\/\/blog.zeit.de\/nsu-prozess-blog\/2016\/09\/13\/medienlog-zschaepe-sommerpause-primus-nsu\/#breadcrumb","itemListElement":[{"@type":"ListItem","position":1,"name":"Startseite","item":"https:\/\/blog.zeit.de\/nsu-prozess-blog\/"},{"@type":"ListItem","position":2,"name":"Zsch\u00e4pes nichtssagende Antworten \u2013 Das Medienlog vom Dienstag, 13. September 2016"}]},{"@type":"WebSite","@id":"https:\/\/blog.zeit.de\/nsu-prozess-blog\/#website","url":"https:\/\/blog.zeit.de\/nsu-prozess-blog\/","name":"Das NSU-Prozess-Blog","description":"Alle Berichte zum Terrorverfahren in M\u00fcnchen","potentialAction":[{"@type":"SearchAction","target":{"@type":"EntryPoint","urlTemplate":"https:\/\/blog.zeit.de\/nsu-prozess-blog\/?s={search_term_string}"},"query-input":"required name=search_term_string"}],"inLanguage":"de"},{"@type":"Person","@id":"https:\/\/blog.zeit.de\/nsu-prozess-blog\/#\/schema\/person\/553ea9bb5d1fc2ae054c589bd59380a5","name":"Tom Sundermann","image":{"@type":"ImageObject","inLanguage":"de","@id":"https:\/\/blog.zeit.de\/nsu-prozess-blog\/#\/schema\/person\/image\/","url":"https:\/\/secure.gravatar.com\/avatar\/e108a3dc18766f719b2f797dc5d19093f06a1870c55b553ab6b7563f1f9a5e68?s=96&d=mm&r=g","contentUrl":"https:\/\/secure.gravatar.com\/avatar\/e108a3dc18766f719b2f797dc5d19093f06a1870c55b553ab6b7563f1f9a5e68?s=96&d=mm&r=g","caption":"Tom Sundermann"},"sameAs":["https:\/\/twitter.com\/messeticker"],"url":"https:\/\/blog.zeit.de\/nsu-prozess-blog\/author\/tsundermann\/"}]}},"jetpack_featured_media_url":"","jetpack_sharing_enabled":true,"_links":{"self":[{"href":"https:\/\/blog.zeit.de\/nsu-prozess-blog\/wp-json\/wp\/v2\/posts\/11916","targetHints":{"allow":["GET"]}}],"collection":[{"href":"https:\/\/blog.zeit.de\/nsu-prozess-blog\/wp-json\/wp\/v2\/posts"}],"about":[{"href":"https:\/\/blog.zeit.de\/nsu-prozess-blog\/wp-json\/wp\/v2\/types\/post"}],"author":[{"embeddable":true,"href":"https:\/\/blog.zeit.de\/nsu-prozess-blog\/wp-json\/wp\/v2\/users\/435"}],"replies":[{"embeddable":true,"href":"https:\/\/blog.zeit.de\/nsu-prozess-blog\/wp-json\/wp\/v2\/comments?post=11916"}],"version-history":[{"count":4,"href":"https:\/\/blog.zeit.de\/nsu-prozess-blog\/wp-json\/wp\/v2\/posts\/11916\/revisions"}],"predecessor-version":[{"id":11920,"href":"https:\/\/blog.zeit.de\/nsu-prozess-blog\/wp-json\/wp\/v2\/posts\/11916\/revisions\/11920"}],"wp:attachment":[{"href":"https:\/\/blog.zeit.de\/nsu-prozess-blog\/wp-json\/wp\/v2\/media?parent=11916"}],"wp:term":[{"taxonomy":"category","embeddable":true,"href":"https:\/\/blog.zeit.de\/nsu-prozess-blog\/wp-json\/wp\/v2\/categories?post=11916"},{"taxonomy":"post_tag","embeddable":true,"href":"https:\/\/blog.zeit.de\/nsu-prozess-blog\/wp-json\/wp\/v2\/tags?post=11916"}],"curies":[{"name":"wp","href":"https:\/\/api.w.org\/{rel}","templated":true}]}}