{"id":11929,"date":"2016-09-14T08:53:18","date_gmt":"2016-09-14T06:53:18","guid":{"rendered":"http:\/\/blog.zeit.de\/nsu-prozess-blog\/?p=11929"},"modified":"2016-09-14T09:18:01","modified_gmt":"2016-09-14T07:18:01","slug":"medienlog-fragen-zschaepe-goetzl-nsu","status":"publish","type":"post","link":"https:\/\/blog.zeit.de\/nsu-prozess-blog\/2016\/09\/14\/medienlog-fragen-zschaepe-goetzl-nsu\/","title":{"rendered":"Teilerfolg f\u00fcr Zsch\u00e4pes Altverteidiger \u2013 Das Medienlog vom Mittwoch, 14. September 2016"},"content":{"rendered":"<p>Beate Zsch\u00e4pe soll heute durch ihre Anw\u00e4lte Antworten auf die <a href=\"https:\/\/blog.zeit.de\/nsu-prozess-blog\/2016\/07\/06\/nsu-opfer-verlangen-antworten\/\">Fragen von Nebenklageanw\u00e4lten<\/a> liefern. Am Vortag hatte Richter Manfred G\u00f6tzl einige dieser Hundert Fragen auf Beschwerde von Zsch\u00e4pes Altverteidigern f\u00fcr unzul\u00e4ssig erkl\u00e4rt, andere hingegen zugelassen. F\u00fcr die Anw\u00e4lte &#8222;bedeutet das einen Teilerfolg&#8220;, kommentiert Tanjev Schultz von der <a href=\"http:\/\/www.sueddeutsche.de\/politik\/nsu-prozess-die-fragen-die-beate-zschaepe-nie-beantworten-muss-1.3160206\" target=\"_blank\"><em>S\u00fcddeutschen Zeitung<\/em><\/a>. Besonders interessant darunter sei die Frage, ob Zsch\u00e4pe die Rechte f\u00fcr ein Interview oder eine Biografie verkauft habe oder das plane. G\u00f6tzl erkl\u00e4rte sie f\u00fcr rechtens.<\/p>\n<p><!--more--><\/p>\n<p><em>An jedem Werktag sichten wir f\u00fcr das NSU-Prozess-Blog die Medien und stellen wichtige Berichte, Blogs, Videos und Tweets zusammen. Wir freuen uns \u00fcber Hinweise via Twitter mit dem Hashtag #nsublog \u2013 oder per E-Mail an <a href=\"mailto:nsublog@zeit.de\">nsublog@zeit.de<\/a>.<\/em><\/p>\n<p>Sollte die Angeklagte die Frage nach der Biografie &#8222;mit einem Ja beantworten, w\u00e4re das f\u00fcr Zsch\u00e4pe sicherlich kein Pluspunkt&#8220;, merkt Mira Barthelmann vom <a href=\"http:\/\/www.br.de\/nachrichten\/nsu-prozess\/160913-tagebuch-gerichtsreporter-100.html\" target=\"_blank\">Bayerischen Rundfunk<\/a> an und analysiert die Folgen, die es h\u00e4tte, wenn eine entsprechende Ver\u00f6ffentlichung auf den Markt k\u00e4me. Viel h\u00e4tte sie wohl nicht zu erz\u00e4hlen. &#8222;Denn Belastendes aus der eigenen Feder vor Ablauf der etwaigen Verj\u00e4hrungsfristen w\u00fcrde die Bundesanwaltschaft erneut auf den Plan rufen.&#8220; Die gemeinsame Zeit mit Uwe Mundlos und Uwe B\u00f6hnhardt im Untergrund vor Gericht zu verheimlichen und f\u00fcr ein Buch aufzusparen, sei sowohl dumm als auch dreist.<\/p>\n<p>In den Fragen, die G\u00f6tzl f\u00fcr zul\u00e4ssig erkl\u00e4rte, finden sich &#8222;Hinweise darauf, welche Gebiete die Richter des Strafsenats besonders interessieren \u2013 und welche f\u00fcr das nahende Urteil keine Bedeutung mehr haben d\u00fcrften&#8220;, hei\u00dft es bei uns auf <a href=\"https:\/\/blog.zeit.de\/nsu-prozess-blog\/2016\/09\/13\/exklusiv-interview-mit-zschaepe\/\" target=\"_blank\">ZEIT ONLINE<\/a>. So sei zu merken, dass die Zeit im Untergrund von besonderem Interesse sei. Eingedenk der vorigen <a href=\"https:\/\/blog.zeit.de\/nsu-prozess-blog\/2016\/03\/16\/prugel-von-uwe-bohnhardt\/\">Antworten auf Fragen des Gerichts<\/a> &#8222;ist kein Erkenntnisgewinn zu erwarten&#8220; \u2013 schlie\u00dflich hatten die Angeklagte und ihre Anw\u00e4lte mit ihrer Strategie vager Antworten und ausweichender Formulierungen &#8222;best\u00e4ndig den Eindruck verst\u00e4rkt, etwas zu verbergen zu haben&#8220;.<\/p>\n<p>Nach den gerade erst zugelassenen Fragen m\u00fcssten Zsch\u00e4pe und ihre beiden neuen Verteidiger Mathias Grasel und Hermann Borchert die vorbereitete Erkl\u00e4rung wom\u00f6glich noch hastig anpassen, mutma\u00dft Gisela Friedrichsen auf <a href=\"http:\/\/www.spiegel.de\/panorama\/justiz\/nsu-prozess-anwalt-kuendigt-antworten-von-beate-zschaepe-an-a-1112144.html\" target=\"_blank\"><em>Spiegel Online<\/em><\/a>. Das k\u00f6nnte sich als Fehler erweisen: &#8222;Die Alt-Verteidiger hatten Zsch\u00e4pe von einer solchen &#8217;schlanken Einlassung&#8216; stets abgeraten.&#8220; Bislang habe das Frage-Antwort-Spiel, das ausschlie\u00dflich mit schriftlichen und verlesenen Antworten lief, das Verfahren gebremst \u2013 in der Folge sei der Prozess schlecht vorangekommen.<\/p>\n<p><em>Das n\u00e4chste Medienlog erscheint am Donnerstag, 15. September 2016.<\/em><\/p>\n","protected":false},"excerpt":{"rendered":"<p>Beate Zsch\u00e4pe soll heute durch ihre Anw\u00e4lte Antworten auf die Fragen von Nebenklageanw\u00e4lten liefern. Am Vortag hatte Richter Manfred G\u00f6tzl einige dieser Hundert Fragen auf Beschwerde von Zsch\u00e4pes Altverteidigern f\u00fcr unzul\u00e4ssig erkl\u00e4rt, andere hingegen zugelassen. F\u00fcr die Anw\u00e4lte &#8222;bedeutet das einen Teilerfolg&#8220;, kommentiert Tanjev Schultz von der S\u00fcddeutschen Zeitung. Besonders interessant darunter sei die Frage, [&hellip;]<\/p>\n","protected":false},"author":435,"featured_media":0,"comment_status":"open","ping_status":"open","sticky":false,"template":"","format":"standard","meta":{"_jetpack_memberships_contains_paid_content":false,"footnotes":""},"categories":[27531],"tags":[29424,17793,29426,35391],"class_list":["post-11929","post","type-post","status-publish","format-standard","hentry","category-medienschau","tag-anwalte","tag-beate-zschape","tag-nebenklage","tag-zschape-aussage"],"yoast_head":"<!-- This site is optimized with the Yoast SEO plugin v21.0 - https:\/\/yoast.com\/wordpress\/plugins\/seo\/ -->\n<title>Teilerfolg f\u00fcr Zsch\u00e4pes Altverteidiger \u2013 Das Medienlog vom Mittwoch, 14. September 2016 - Das NSU-Prozess-Blog<\/title>\n<meta name=\"robots\" content=\"index, follow, max-snippet:-1, max-image-preview:large, max-video-preview:-1\" \/>\n<link rel=\"canonical\" href=\"https:\/\/blog.zeit.de\/nsu-prozess-blog\/2016\/09\/14\/medienlog-fragen-zschaepe-goetzl-nsu\/\" \/>\n<meta property=\"og:locale\" content=\"de_DE\" \/>\n<meta property=\"og:type\" content=\"article\" \/>\n<meta property=\"og:title\" content=\"Teilerfolg f\u00fcr Zsch\u00e4pes Altverteidiger \u2013 Das Medienlog vom Mittwoch, 14. September 2016 - Das NSU-Prozess-Blog\" \/>\n<meta property=\"og:description\" content=\"Beate Zsch\u00e4pe soll heute durch ihre Anw\u00e4lte Antworten auf die Fragen von Nebenklageanw\u00e4lten liefern. Am Vortag hatte Richter Manfred G\u00f6tzl einige dieser Hundert Fragen auf Beschwerde von Zsch\u00e4pes Altverteidigern f\u00fcr unzul\u00e4ssig erkl\u00e4rt, andere hingegen zugelassen. F\u00fcr die Anw\u00e4lte &#8222;bedeutet das einen Teilerfolg&#8220;, kommentiert Tanjev Schultz von der S\u00fcddeutschen Zeitung. Besonders interessant darunter sei die Frage, [&hellip;]\" \/>\n<meta property=\"og:url\" content=\"https:\/\/blog.zeit.de\/nsu-prozess-blog\/2016\/09\/14\/medienlog-fragen-zschaepe-goetzl-nsu\/\" \/>\n<meta property=\"og:site_name\" content=\"Das NSU-Prozess-Blog\" \/>\n<meta property=\"article:published_time\" content=\"2016-09-14T06:53:18+00:00\" \/>\n<meta property=\"article:modified_time\" content=\"2016-09-14T07:18:01+00:00\" \/>\n<meta name=\"author\" content=\"Tom Sundermann\" \/>\n<meta name=\"twitter:label1\" content=\"Geschrieben von\" \/>\n\t<meta name=\"twitter:data1\" content=\"Tom Sundermann\" \/>\n\t<meta name=\"twitter:label2\" content=\"Gesch\u00e4tzte Lesezeit\" \/>\n\t<meta name=\"twitter:data2\" content=\"2\u00a0Minuten\" \/>\n<script type=\"application\/ld+json\" class=\"yoast-schema-graph\">{\"@context\":\"https:\/\/schema.org\",\"@graph\":[{\"@type\":\"WebPage\",\"@id\":\"https:\/\/blog.zeit.de\/nsu-prozess-blog\/2016\/09\/14\/medienlog-fragen-zschaepe-goetzl-nsu\/\",\"url\":\"https:\/\/blog.zeit.de\/nsu-prozess-blog\/2016\/09\/14\/medienlog-fragen-zschaepe-goetzl-nsu\/\",\"name\":\"Teilerfolg f\u00fcr Zsch\u00e4pes Altverteidiger \u2013 Das Medienlog vom Mittwoch, 14. September 2016 - Das NSU-Prozess-Blog\",\"isPartOf\":{\"@id\":\"https:\/\/blog.zeit.de\/nsu-prozess-blog\/#website\"},\"datePublished\":\"2016-09-14T06:53:18+00:00\",\"dateModified\":\"2016-09-14T07:18:01+00:00\",\"author\":{\"@id\":\"https:\/\/blog.zeit.de\/nsu-prozess-blog\/#\/schema\/person\/553ea9bb5d1fc2ae054c589bd59380a5\"},\"breadcrumb\":{\"@id\":\"https:\/\/blog.zeit.de\/nsu-prozess-blog\/2016\/09\/14\/medienlog-fragen-zschaepe-goetzl-nsu\/#breadcrumb\"},\"inLanguage\":\"de\",\"potentialAction\":[{\"@type\":\"ReadAction\",\"target\":[\"https:\/\/blog.zeit.de\/nsu-prozess-blog\/2016\/09\/14\/medienlog-fragen-zschaepe-goetzl-nsu\/\"]}]},{\"@type\":\"BreadcrumbList\",\"@id\":\"https:\/\/blog.zeit.de\/nsu-prozess-blog\/2016\/09\/14\/medienlog-fragen-zschaepe-goetzl-nsu\/#breadcrumb\",\"itemListElement\":[{\"@type\":\"ListItem\",\"position\":1,\"name\":\"Startseite\",\"item\":\"https:\/\/blog.zeit.de\/nsu-prozess-blog\/\"},{\"@type\":\"ListItem\",\"position\":2,\"name\":\"Teilerfolg f\u00fcr Zsch\u00e4pes Altverteidiger \u2013 Das Medienlog vom Mittwoch, 14. September 2016\"}]},{\"@type\":\"WebSite\",\"@id\":\"https:\/\/blog.zeit.de\/nsu-prozess-blog\/#website\",\"url\":\"https:\/\/blog.zeit.de\/nsu-prozess-blog\/\",\"name\":\"Das NSU-Prozess-Blog\",\"description\":\"Alle Berichte zum Terrorverfahren in M\u00fcnchen\",\"potentialAction\":[{\"@type\":\"SearchAction\",\"target\":{\"@type\":\"EntryPoint\",\"urlTemplate\":\"https:\/\/blog.zeit.de\/nsu-prozess-blog\/?s={search_term_string}\"},\"query-input\":\"required name=search_term_string\"}],\"inLanguage\":\"de\"},{\"@type\":\"Person\",\"@id\":\"https:\/\/blog.zeit.de\/nsu-prozess-blog\/#\/schema\/person\/553ea9bb5d1fc2ae054c589bd59380a5\",\"name\":\"Tom Sundermann\",\"image\":{\"@type\":\"ImageObject\",\"inLanguage\":\"de\",\"@id\":\"https:\/\/blog.zeit.de\/nsu-prozess-blog\/#\/schema\/person\/image\/\",\"url\":\"https:\/\/secure.gravatar.com\/avatar\/e108a3dc18766f719b2f797dc5d19093f06a1870c55b553ab6b7563f1f9a5e68?s=96&d=mm&r=g\",\"contentUrl\":\"https:\/\/secure.gravatar.com\/avatar\/e108a3dc18766f719b2f797dc5d19093f06a1870c55b553ab6b7563f1f9a5e68?s=96&d=mm&r=g\",\"caption\":\"Tom Sundermann\"},\"sameAs\":[\"https:\/\/twitter.com\/messeticker\"],\"url\":\"https:\/\/blog.zeit.de\/nsu-prozess-blog\/author\/tsundermann\/\"}]}<\/script>\n<!-- \/ Yoast SEO plugin. -->","yoast_head_json":{"title":"Teilerfolg f\u00fcr Zsch\u00e4pes Altverteidiger \u2013 Das Medienlog vom Mittwoch, 14. September 2016 - Das NSU-Prozess-Blog","robots":{"index":"index","follow":"follow","max-snippet":"max-snippet:-1","max-image-preview":"max-image-preview:large","max-video-preview":"max-video-preview:-1"},"canonical":"https:\/\/blog.zeit.de\/nsu-prozess-blog\/2016\/09\/14\/medienlog-fragen-zschaepe-goetzl-nsu\/","og_locale":"de_DE","og_type":"article","og_title":"Teilerfolg f\u00fcr Zsch\u00e4pes Altverteidiger \u2013 Das Medienlog vom Mittwoch, 14. September 2016 - Das NSU-Prozess-Blog","og_description":"Beate Zsch\u00e4pe soll heute durch ihre Anw\u00e4lte Antworten auf die Fragen von Nebenklageanw\u00e4lten liefern. Am Vortag hatte Richter Manfred G\u00f6tzl einige dieser Hundert Fragen auf Beschwerde von Zsch\u00e4pes Altverteidigern f\u00fcr unzul\u00e4ssig erkl\u00e4rt, andere hingegen zugelassen. F\u00fcr die Anw\u00e4lte &#8222;bedeutet das einen Teilerfolg&#8220;, kommentiert Tanjev Schultz von der S\u00fcddeutschen Zeitung. Besonders interessant darunter sei die Frage, [&hellip;]","og_url":"https:\/\/blog.zeit.de\/nsu-prozess-blog\/2016\/09\/14\/medienlog-fragen-zschaepe-goetzl-nsu\/","og_site_name":"Das NSU-Prozess-Blog","article_published_time":"2016-09-14T06:53:18+00:00","article_modified_time":"2016-09-14T07:18:01+00:00","author":"Tom Sundermann","twitter_misc":{"Geschrieben von":"Tom Sundermann","Gesch\u00e4tzte Lesezeit":"2\u00a0Minuten"},"schema":{"@context":"https:\/\/schema.org","@graph":[{"@type":"WebPage","@id":"https:\/\/blog.zeit.de\/nsu-prozess-blog\/2016\/09\/14\/medienlog-fragen-zschaepe-goetzl-nsu\/","url":"https:\/\/blog.zeit.de\/nsu-prozess-blog\/2016\/09\/14\/medienlog-fragen-zschaepe-goetzl-nsu\/","name":"Teilerfolg f\u00fcr Zsch\u00e4pes Altverteidiger \u2013 Das Medienlog vom Mittwoch, 14. September 2016 - Das NSU-Prozess-Blog","isPartOf":{"@id":"https:\/\/blog.zeit.de\/nsu-prozess-blog\/#website"},"datePublished":"2016-09-14T06:53:18+00:00","dateModified":"2016-09-14T07:18:01+00:00","author":{"@id":"https:\/\/blog.zeit.de\/nsu-prozess-blog\/#\/schema\/person\/553ea9bb5d1fc2ae054c589bd59380a5"},"breadcrumb":{"@id":"https:\/\/blog.zeit.de\/nsu-prozess-blog\/2016\/09\/14\/medienlog-fragen-zschaepe-goetzl-nsu\/#breadcrumb"},"inLanguage":"de","potentialAction":[{"@type":"ReadAction","target":["https:\/\/blog.zeit.de\/nsu-prozess-blog\/2016\/09\/14\/medienlog-fragen-zschaepe-goetzl-nsu\/"]}]},{"@type":"BreadcrumbList","@id":"https:\/\/blog.zeit.de\/nsu-prozess-blog\/2016\/09\/14\/medienlog-fragen-zschaepe-goetzl-nsu\/#breadcrumb","itemListElement":[{"@type":"ListItem","position":1,"name":"Startseite","item":"https:\/\/blog.zeit.de\/nsu-prozess-blog\/"},{"@type":"ListItem","position":2,"name":"Teilerfolg f\u00fcr Zsch\u00e4pes Altverteidiger \u2013 Das Medienlog vom Mittwoch, 14. September 2016"}]},{"@type":"WebSite","@id":"https:\/\/blog.zeit.de\/nsu-prozess-blog\/#website","url":"https:\/\/blog.zeit.de\/nsu-prozess-blog\/","name":"Das NSU-Prozess-Blog","description":"Alle Berichte zum Terrorverfahren in M\u00fcnchen","potentialAction":[{"@type":"SearchAction","target":{"@type":"EntryPoint","urlTemplate":"https:\/\/blog.zeit.de\/nsu-prozess-blog\/?s={search_term_string}"},"query-input":"required name=search_term_string"}],"inLanguage":"de"},{"@type":"Person","@id":"https:\/\/blog.zeit.de\/nsu-prozess-blog\/#\/schema\/person\/553ea9bb5d1fc2ae054c589bd59380a5","name":"Tom Sundermann","image":{"@type":"ImageObject","inLanguage":"de","@id":"https:\/\/blog.zeit.de\/nsu-prozess-blog\/#\/schema\/person\/image\/","url":"https:\/\/secure.gravatar.com\/avatar\/e108a3dc18766f719b2f797dc5d19093f06a1870c55b553ab6b7563f1f9a5e68?s=96&d=mm&r=g","contentUrl":"https:\/\/secure.gravatar.com\/avatar\/e108a3dc18766f719b2f797dc5d19093f06a1870c55b553ab6b7563f1f9a5e68?s=96&d=mm&r=g","caption":"Tom Sundermann"},"sameAs":["https:\/\/twitter.com\/messeticker"],"url":"https:\/\/blog.zeit.de\/nsu-prozess-blog\/author\/tsundermann\/"}]}},"jetpack_featured_media_url":"","jetpack_sharing_enabled":true,"_links":{"self":[{"href":"https:\/\/blog.zeit.de\/nsu-prozess-blog\/wp-json\/wp\/v2\/posts\/11929","targetHints":{"allow":["GET"]}}],"collection":[{"href":"https:\/\/blog.zeit.de\/nsu-prozess-blog\/wp-json\/wp\/v2\/posts"}],"about":[{"href":"https:\/\/blog.zeit.de\/nsu-prozess-blog\/wp-json\/wp\/v2\/types\/post"}],"author":[{"embeddable":true,"href":"https:\/\/blog.zeit.de\/nsu-prozess-blog\/wp-json\/wp\/v2\/users\/435"}],"replies":[{"embeddable":true,"href":"https:\/\/blog.zeit.de\/nsu-prozess-blog\/wp-json\/wp\/v2\/comments?post=11929"}],"version-history":[{"count":2,"href":"https:\/\/blog.zeit.de\/nsu-prozess-blog\/wp-json\/wp\/v2\/posts\/11929\/revisions"}],"predecessor-version":[{"id":11932,"href":"https:\/\/blog.zeit.de\/nsu-prozess-blog\/wp-json\/wp\/v2\/posts\/11929\/revisions\/11932"}],"wp:attachment":[{"href":"https:\/\/blog.zeit.de\/nsu-prozess-blog\/wp-json\/wp\/v2\/media?parent=11929"}],"wp:term":[{"taxonomy":"category","embeddable":true,"href":"https:\/\/blog.zeit.de\/nsu-prozess-blog\/wp-json\/wp\/v2\/categories?post=11929"},{"taxonomy":"post_tag","embeddable":true,"href":"https:\/\/blog.zeit.de\/nsu-prozess-blog\/wp-json\/wp\/v2\/tags?post=11929"}],"curies":[{"name":"wp","href":"https:\/\/api.w.org\/{rel}","templated":true}]}}