{"id":11985,"date":"2016-09-22T17:01:14","date_gmt":"2016-09-22T15:01:14","guid":{"rendered":"http:\/\/blog.zeit.de\/nsu-prozess-blog\/?p=11985"},"modified":"2016-09-22T21:29:07","modified_gmt":"2016-09-22T19:29:07","slug":"das-benebelte-leben-von-beate-zschaepe","status":"publish","type":"post","link":"https:\/\/blog.zeit.de\/nsu-prozess-blog\/2016\/09\/22\/das-benebelte-leben-von-beate-zschaepe\/","title":{"rendered":"Benebelt im Untergrund"},"content":{"rendered":"<p><strong>Beate Zsch\u00e4pe war Alkoholikerin. Als sie das Zwickauer Haus des NSU in Brand steckte, hatte sie sich wohl mehrere Promille angetrunken. Doch wusste sie deshalb nicht, was sie tat?<\/strong><\/p>\n<p>Am Morgen des 4. November 2011 steht Beate Zsch\u00e4pe um 8 Uhr auf. Um 9 Uhr entkorkt sie eine Flasche Sekt. Das Fr\u00fchst\u00fcck f\u00e4llt aus. Ihre Mitbewohner Uwe Mundlos und Uwe B\u00f6hnhardt sind weg, es gibt nichts zu feiern, der Sekt ist vom Discounter. Zsch\u00e4pe setzt sich vor den Computer und f\u00e4ngt an zu trinken, in kleinen Schlucken. Bis 15 Uhr schafft sie eine Flasche.<\/p>\n<p>Dann gie\u00dft sie mehrere Liter Benzin in ihrer Zwickauer Wohnung aus und entz\u00fcndet sie mit einem Feuerzeug. Das Mehrfamilienhaus in der Zwickauer Fr\u00fchlingsstra\u00dfe geht in Flammen auf.<\/p>\n<p><!--more--><\/p>\n<p>Zsch\u00e4pes Alkoholkonsum nimmt im M\u00fcnchner NSU-Prozess breiten Raum ein. Mehrmals hat die Hauptangeklagte durch ihre Anw\u00e4lte auf Fragen des Vorsitzenden Richters Manfred G\u00f6tzl geantwortet. Zsch\u00e4pe trank suchtartig. Es ging um Mengen, Gewohnheiten, Abstinenzphasen. Und die Frage: War sie wom\u00f6glich unzurechnungsf\u00e4hig, als sie an dem Novembertag vom Tod ihrer Komplizen Mundlos und B\u00f6hnhardt erfuhr und die Wohnung ansteckte, um Beweise zu vernichten?<\/p>\n<p>Zur Kl\u00e4rung hat das Gericht den medizinischen Gutachter Oliver Peschel einbestellt, der Zsch\u00e4pes Alkoholpegel und ihren Zustand am Tag der Brandstiftung nachtr\u00e4glich beurteilen soll. Das Thema ist bedeutend, weil Zsch\u00e4pe mit dem Feuer eine alte Nachbarin und zwei Handwerker in Gefahr brachte. Die Anklage gegen sie lautet deshalb auch auf versuchten Mord.<\/p>\n<p>Peschel hat l\u00e4ngere Berechnungen angestellt, seine Zahlen bilden Mindest- und Maximal-Alkoholpegel ab, je nach unterstelltem Gewicht, Lebert\u00e4tigkeit und anderen Faktoren. Der Sachverst\u00e4ndige geht auf Grundlage von Zsch\u00e4pes Angaben davon aus, dass sie damals 58 Kilo wog. Demnach war Zsch\u00e4pe am Vorabend nach drei Flaschen Sekt mit mindestens 1,94 Promille ins Bett gegangen, wahrscheinlich aber mehr als drei. Beim Aufwachen blieb ein betr\u00e4chtlicher Restpegel.<\/p>\n<p>\u00dcber den Tag trank sich die Angeklagte wieder etwas an. Zum Zeitpunkt der Brandstiftung lag ihr Alkoholpegel laut Peschel bei mindestens 0,38 Promille, wahrscheinlich 2,58 Promille und h\u00f6chstens 4,76 Promille.<\/p>\n<p>Die Werte sind erheblich. Allerdings macht Peschel in seinem Gutachten keine Aussagen dazu, welche Rolle die gewohnheitsm\u00e4\u00dfige Alkoholtoleranz gespielt haben k\u00f6nnte. Lange Zeiten im Untergrund verbrachte Zsch\u00e4pe offenbar benebelt.<\/p>\n<p><strong>Zwei bis drei Flaschen am Tag<\/strong><\/p>\n<p>Mit 15 f\u00e4ngt sie ihrer Aussage zufolge an, unregelm\u00e4\u00dfig Sekt zu trinken, etwa abends beim Kartenspielen. Nachdem sie 1998 mit Mundlos und B\u00f6hnhardt vor der Polizei aus Jena gefl\u00fcchtet ist und in Chemnitz untertaucht, h\u00f6rt sie auf. Erst nachdem das Trio 2001 nach Zwickau gezogen ist, f\u00e4ngt sie wieder an. Am Anfang jeden zweiten Tag eine Flasche Wein. Mundlos und B\u00f6hnhardt sind dagegen, sie halten sich fit, leben abstinent. H\u00f6chstens beim Grillen im Urlaub machen sie sich ein Bier auf.<\/p>\n<p>Zsch\u00e4pe trinkt heimlich, in ihrem Zimmer der Terror-WG. Sie schwenkt auf Sekt um, steigert sich auf zwei bis drei Flaschen am Tag. Die Flaschen entsorgt sie heimlich. Wenn Mundlos und B\u00f6hnhardt in der Wohnung sind, h\u00e4lt sie sich zur\u00fcck. Sind die beiden unterwegs, zu einem Mord oder einem Bank\u00fcberfall, spielt sie den ganzen Tag Computerspiele und trinkt, bis sie einschl\u00e4ft.<\/p>\n<p>Laut ihrer Aussage erz\u00e4hlen ihr Mundlos und B\u00f6hnhardt stets erst im Nachhinein von den Straftaten. Wenn es wieder geschehen ist, bet\u00e4ubt sie sich mit noch gr\u00f6\u00dferen Mengen. Manchmal erinnert sie sich nicht mehr, wie sie ins Bett gekommen ist, und wacht in ihrer Tageskleidung auf.<\/p>\n<p>Klar ist jedoch: Die Brandstiftung war keine klassische Rauschtat. Zsch\u00e4pe will Mundlos und B\u00f6hnhardt versprochen haben, die Wohnung anzuz\u00fcnden, falls die beiden zu Tode kommen. Die Uwes h\u00e4tten sich gew\u00fcnscht, dass alle Spuren ihres Lebens mit Ausnahme des NSU-Bekennervideos gel\u00f6scht werden.<\/p>\n<p>Zeugen, die vor dem lodernden Haus auf Zsch\u00e4pe trafen, erinnern sich nicht an einen schwankenden Gang, Lallen oder ger\u00f6tete Augen. Auch Zsch\u00e4pe selbst sagt, sie habe keine Ausfallerscheinungen gezeigt. Das h\u00e4lt Peschel f\u00fcr plausibel. Er kann bei der Angeklagten &#8222;keine relevanten Beeintr\u00e4chtigungen der physischen oder der kognitiven Leistungsf\u00e4higkeit&#8220; feststellen. Sprich: Zsch\u00e4pe wusste genau, was sie tat. Dass sie allerdings den m\u00f6glichen Tod der anderen Menschen im Haus in Kauf genommen habe, bestreitet sie. So will sie die damals 89 Jahre alte Nachbarin durch Klingeln an der T\u00fcr gewarnt haben. Die betagte Dame wurde sp\u00e4ter von ihren Nichten gerettet.<\/p>\n<p>Auf das Alkohol-Gutachten soll demn\u00e4chst eine Expertise des psychiatrischen Gutachters Henning Sa\u00df folgen, der Zsch\u00e4pe den Prozess \u00fcber beobachtet hat. Seine Fragen hat die Angeklagte nicht beantwortet. Sein Gutachten soll kl\u00e4ren, ob Zsch\u00e4pe nach einer m\u00f6glichen Haftstrafe in der Sicherungsverwahrung untergebracht werden muss.<\/p>\n<p>Als G\u00f6tzl das Gutachten anspricht, meldet sich Zsch\u00e4pes Verteidiger Wolfgang Stahl: &#8222;Ist das Beweisprogramm seitens des Senats beendet?&#8220;, fragt er. Tats\u00e4chlich markiert das psychiatrische Gutachten in der Regel das Ende der Beweisaufnahme. G\u00f6tzl beantwortet die Frage nicht, weist nur darauf hin, dass der Sa\u00df-Bericht zun\u00e4chst nur vorl\u00e4ufig w\u00e4re. Tats\u00e4chlich aber scheint der NSU-Prozess endg\u00fcltig auf ein Urteil zuzugehen.<\/p>\n","protected":false},"excerpt":{"rendered":"<p>Beate Zsch\u00e4pe war Alkoholikerin. Als sie das Zwickauer Haus des NSU in Brand steckte, hatte sie sich wohl mehrere Promille angetrunken. Doch wusste sie deshalb nicht, was sie tat? Am Morgen des 4. November 2011 steht Beate Zsch\u00e4pe um 8 Uhr auf. Um 9 Uhr entkorkt sie eine Flasche Sekt. Das Fr\u00fchst\u00fcck f\u00e4llt aus. Ihre [&hellip;]<\/p>\n","protected":false},"author":435,"featured_media":11992,"comment_status":"open","ping_status":"open","sticky":false,"template":"","format":"standard","meta":{"_jetpack_memberships_contains_paid_content":false,"footnotes":""},"categories":[27532],"tags":[],"class_list":["post-11985","post","type-post","status-publish","format-standard","has-post-thumbnail","hentry","category-prozesstage"],"yoast_head":"<!-- This site is optimized with the Yoast SEO plugin v21.0 - https:\/\/yoast.com\/wordpress\/plugins\/seo\/ -->\n<title>Benebelt im Untergrund - Das NSU-Prozess-Blog<\/title>\n<meta name=\"robots\" content=\"index, follow, max-snippet:-1, max-image-preview:large, max-video-preview:-1\" \/>\n<link rel=\"canonical\" href=\"https:\/\/blog.zeit.de\/nsu-prozess-blog\/2016\/09\/22\/das-benebelte-leben-von-beate-zschaepe\/\" \/>\n<meta property=\"og:locale\" content=\"de_DE\" \/>\n<meta property=\"og:type\" content=\"article\" \/>\n<meta property=\"og:title\" content=\"Benebelt im Untergrund - Das NSU-Prozess-Blog\" \/>\n<meta property=\"og:description\" content=\"Beate Zsch\u00e4pe war Alkoholikerin. Als sie das Zwickauer Haus des NSU in Brand steckte, hatte sie sich wohl mehrere Promille angetrunken. Doch wusste sie deshalb nicht, was sie tat? Am Morgen des 4. November 2011 steht Beate Zsch\u00e4pe um 8 Uhr auf. Um 9 Uhr entkorkt sie eine Flasche Sekt. Das Fr\u00fchst\u00fcck f\u00e4llt aus. Ihre [&hellip;]\" \/>\n<meta property=\"og:url\" content=\"https:\/\/blog.zeit.de\/nsu-prozess-blog\/2016\/09\/22\/das-benebelte-leben-von-beate-zschaepe\/\" \/>\n<meta property=\"og:site_name\" content=\"Das NSU-Prozess-Blog\" \/>\n<meta property=\"article:published_time\" content=\"2016-09-22T15:01:14+00:00\" \/>\n<meta property=\"article:modified_time\" content=\"2016-09-22T19:29:07+00:00\" \/>\n<meta property=\"og:image\" content=\"https:\/\/blog.zeit.de\/nsu-prozess-blog\/files\/2016\/09\/beate.jpg\" \/>\n\t<meta property=\"og:image:width\" content=\"3696\" \/>\n\t<meta property=\"og:image:height\" content=\"2316\" \/>\n\t<meta property=\"og:image:type\" content=\"image\/jpeg\" \/>\n<meta name=\"author\" content=\"Tom Sundermann\" \/>\n<meta name=\"twitter:label1\" content=\"Geschrieben von\" \/>\n\t<meta name=\"twitter:data1\" content=\"Tom Sundermann\" \/>\n\t<meta name=\"twitter:label2\" content=\"Gesch\u00e4tzte Lesezeit\" \/>\n\t<meta name=\"twitter:data2\" content=\"4\u00a0Minuten\" \/>\n<script type=\"application\/ld+json\" class=\"yoast-schema-graph\">{\"@context\":\"https:\/\/schema.org\",\"@graph\":[{\"@type\":\"WebPage\",\"@id\":\"https:\/\/blog.zeit.de\/nsu-prozess-blog\/2016\/09\/22\/das-benebelte-leben-von-beate-zschaepe\/\",\"url\":\"https:\/\/blog.zeit.de\/nsu-prozess-blog\/2016\/09\/22\/das-benebelte-leben-von-beate-zschaepe\/\",\"name\":\"Benebelt im Untergrund - Das NSU-Prozess-Blog\",\"isPartOf\":{\"@id\":\"https:\/\/blog.zeit.de\/nsu-prozess-blog\/#website\"},\"datePublished\":\"2016-09-22T15:01:14+00:00\",\"dateModified\":\"2016-09-22T19:29:07+00:00\",\"author\":{\"@id\":\"https:\/\/blog.zeit.de\/nsu-prozess-blog\/#\/schema\/person\/553ea9bb5d1fc2ae054c589bd59380a5\"},\"breadcrumb\":{\"@id\":\"https:\/\/blog.zeit.de\/nsu-prozess-blog\/2016\/09\/22\/das-benebelte-leben-von-beate-zschaepe\/#breadcrumb\"},\"inLanguage\":\"de\",\"potentialAction\":[{\"@type\":\"ReadAction\",\"target\":[\"https:\/\/blog.zeit.de\/nsu-prozess-blog\/2016\/09\/22\/das-benebelte-leben-von-beate-zschaepe\/\"]}]},{\"@type\":\"BreadcrumbList\",\"@id\":\"https:\/\/blog.zeit.de\/nsu-prozess-blog\/2016\/09\/22\/das-benebelte-leben-von-beate-zschaepe\/#breadcrumb\",\"itemListElement\":[{\"@type\":\"ListItem\",\"position\":1,\"name\":\"Startseite\",\"item\":\"https:\/\/blog.zeit.de\/nsu-prozess-blog\/\"},{\"@type\":\"ListItem\",\"position\":2,\"name\":\"Benebelt im Untergrund\"}]},{\"@type\":\"WebSite\",\"@id\":\"https:\/\/blog.zeit.de\/nsu-prozess-blog\/#website\",\"url\":\"https:\/\/blog.zeit.de\/nsu-prozess-blog\/\",\"name\":\"Das NSU-Prozess-Blog\",\"description\":\"Alle Berichte zum Terrorverfahren in M\u00fcnchen\",\"potentialAction\":[{\"@type\":\"SearchAction\",\"target\":{\"@type\":\"EntryPoint\",\"urlTemplate\":\"https:\/\/blog.zeit.de\/nsu-prozess-blog\/?s={search_term_string}\"},\"query-input\":\"required name=search_term_string\"}],\"inLanguage\":\"de\"},{\"@type\":\"Person\",\"@id\":\"https:\/\/blog.zeit.de\/nsu-prozess-blog\/#\/schema\/person\/553ea9bb5d1fc2ae054c589bd59380a5\",\"name\":\"Tom Sundermann\",\"image\":{\"@type\":\"ImageObject\",\"inLanguage\":\"de\",\"@id\":\"https:\/\/blog.zeit.de\/nsu-prozess-blog\/#\/schema\/person\/image\/\",\"url\":\"https:\/\/secure.gravatar.com\/avatar\/e108a3dc18766f719b2f797dc5d19093f06a1870c55b553ab6b7563f1f9a5e68?s=96&d=mm&r=g\",\"contentUrl\":\"https:\/\/secure.gravatar.com\/avatar\/e108a3dc18766f719b2f797dc5d19093f06a1870c55b553ab6b7563f1f9a5e68?s=96&d=mm&r=g\",\"caption\":\"Tom Sundermann\"},\"sameAs\":[\"https:\/\/twitter.com\/messeticker\"],\"url\":\"https:\/\/blog.zeit.de\/nsu-prozess-blog\/author\/tsundermann\/\"}]}<\/script>\n<!-- \/ Yoast SEO plugin. -->","yoast_head_json":{"title":"Benebelt im Untergrund - Das NSU-Prozess-Blog","robots":{"index":"index","follow":"follow","max-snippet":"max-snippet:-1","max-image-preview":"max-image-preview:large","max-video-preview":"max-video-preview:-1"},"canonical":"https:\/\/blog.zeit.de\/nsu-prozess-blog\/2016\/09\/22\/das-benebelte-leben-von-beate-zschaepe\/","og_locale":"de_DE","og_type":"article","og_title":"Benebelt im Untergrund - Das NSU-Prozess-Blog","og_description":"Beate Zsch\u00e4pe war Alkoholikerin. Als sie das Zwickauer Haus des NSU in Brand steckte, hatte sie sich wohl mehrere Promille angetrunken. Doch wusste sie deshalb nicht, was sie tat? Am Morgen des 4. November 2011 steht Beate Zsch\u00e4pe um 8 Uhr auf. Um 9 Uhr entkorkt sie eine Flasche Sekt. Das Fr\u00fchst\u00fcck f\u00e4llt aus. Ihre [&hellip;]","og_url":"https:\/\/blog.zeit.de\/nsu-prozess-blog\/2016\/09\/22\/das-benebelte-leben-von-beate-zschaepe\/","og_site_name":"Das NSU-Prozess-Blog","article_published_time":"2016-09-22T15:01:14+00:00","article_modified_time":"2016-09-22T19:29:07+00:00","og_image":[{"width":3696,"height":2316,"url":"https:\/\/blog.zeit.de\/nsu-prozess-blog\/files\/2016\/09\/beate.jpg","type":"image\/jpeg"}],"author":"Tom Sundermann","twitter_misc":{"Geschrieben von":"Tom Sundermann","Gesch\u00e4tzte Lesezeit":"4\u00a0Minuten"},"schema":{"@context":"https:\/\/schema.org","@graph":[{"@type":"WebPage","@id":"https:\/\/blog.zeit.de\/nsu-prozess-blog\/2016\/09\/22\/das-benebelte-leben-von-beate-zschaepe\/","url":"https:\/\/blog.zeit.de\/nsu-prozess-blog\/2016\/09\/22\/das-benebelte-leben-von-beate-zschaepe\/","name":"Benebelt im Untergrund - Das NSU-Prozess-Blog","isPartOf":{"@id":"https:\/\/blog.zeit.de\/nsu-prozess-blog\/#website"},"datePublished":"2016-09-22T15:01:14+00:00","dateModified":"2016-09-22T19:29:07+00:00","author":{"@id":"https:\/\/blog.zeit.de\/nsu-prozess-blog\/#\/schema\/person\/553ea9bb5d1fc2ae054c589bd59380a5"},"breadcrumb":{"@id":"https:\/\/blog.zeit.de\/nsu-prozess-blog\/2016\/09\/22\/das-benebelte-leben-von-beate-zschaepe\/#breadcrumb"},"inLanguage":"de","potentialAction":[{"@type":"ReadAction","target":["https:\/\/blog.zeit.de\/nsu-prozess-blog\/2016\/09\/22\/das-benebelte-leben-von-beate-zschaepe\/"]}]},{"@type":"BreadcrumbList","@id":"https:\/\/blog.zeit.de\/nsu-prozess-blog\/2016\/09\/22\/das-benebelte-leben-von-beate-zschaepe\/#breadcrumb","itemListElement":[{"@type":"ListItem","position":1,"name":"Startseite","item":"https:\/\/blog.zeit.de\/nsu-prozess-blog\/"},{"@type":"ListItem","position":2,"name":"Benebelt im Untergrund"}]},{"@type":"WebSite","@id":"https:\/\/blog.zeit.de\/nsu-prozess-blog\/#website","url":"https:\/\/blog.zeit.de\/nsu-prozess-blog\/","name":"Das NSU-Prozess-Blog","description":"Alle Berichte zum Terrorverfahren in M\u00fcnchen","potentialAction":[{"@type":"SearchAction","target":{"@type":"EntryPoint","urlTemplate":"https:\/\/blog.zeit.de\/nsu-prozess-blog\/?s={search_term_string}"},"query-input":"required name=search_term_string"}],"inLanguage":"de"},{"@type":"Person","@id":"https:\/\/blog.zeit.de\/nsu-prozess-blog\/#\/schema\/person\/553ea9bb5d1fc2ae054c589bd59380a5","name":"Tom Sundermann","image":{"@type":"ImageObject","inLanguage":"de","@id":"https:\/\/blog.zeit.de\/nsu-prozess-blog\/#\/schema\/person\/image\/","url":"https:\/\/secure.gravatar.com\/avatar\/e108a3dc18766f719b2f797dc5d19093f06a1870c55b553ab6b7563f1f9a5e68?s=96&d=mm&r=g","contentUrl":"https:\/\/secure.gravatar.com\/avatar\/e108a3dc18766f719b2f797dc5d19093f06a1870c55b553ab6b7563f1f9a5e68?s=96&d=mm&r=g","caption":"Tom Sundermann"},"sameAs":["https:\/\/twitter.com\/messeticker"],"url":"https:\/\/blog.zeit.de\/nsu-prozess-blog\/author\/tsundermann\/"}]}},"jetpack_featured_media_url":"https:\/\/blog.zeit.de\/nsu-prozess-blog\/files\/2016\/09\/beate.jpg","jetpack_sharing_enabled":true,"_links":{"self":[{"href":"https:\/\/blog.zeit.de\/nsu-prozess-blog\/wp-json\/wp\/v2\/posts\/11985","targetHints":{"allow":["GET"]}}],"collection":[{"href":"https:\/\/blog.zeit.de\/nsu-prozess-blog\/wp-json\/wp\/v2\/posts"}],"about":[{"href":"https:\/\/blog.zeit.de\/nsu-prozess-blog\/wp-json\/wp\/v2\/types\/post"}],"author":[{"embeddable":true,"href":"https:\/\/blog.zeit.de\/nsu-prozess-blog\/wp-json\/wp\/v2\/users\/435"}],"replies":[{"embeddable":true,"href":"https:\/\/blog.zeit.de\/nsu-prozess-blog\/wp-json\/wp\/v2\/comments?post=11985"}],"version-history":[{"count":7,"href":"https:\/\/blog.zeit.de\/nsu-prozess-blog\/wp-json\/wp\/v2\/posts\/11985\/revisions"}],"predecessor-version":[{"id":11995,"href":"https:\/\/blog.zeit.de\/nsu-prozess-blog\/wp-json\/wp\/v2\/posts\/11985\/revisions\/11995"}],"wp:featuredmedia":[{"embeddable":true,"href":"https:\/\/blog.zeit.de\/nsu-prozess-blog\/wp-json\/wp\/v2\/media\/11992"}],"wp:attachment":[{"href":"https:\/\/blog.zeit.de\/nsu-prozess-blog\/wp-json\/wp\/v2\/media?parent=11985"}],"wp:term":[{"taxonomy":"category","embeddable":true,"href":"https:\/\/blog.zeit.de\/nsu-prozess-blog\/wp-json\/wp\/v2\/categories?post=11985"},{"taxonomy":"post_tag","embeddable":true,"href":"https:\/\/blog.zeit.de\/nsu-prozess-blog\/wp-json\/wp\/v2\/tags?post=11985"}],"curies":[{"name":"wp","href":"https:\/\/api.w.org\/{rel}","templated":true}]}}