{"id":11993,"date":"2016-09-23T08:44:38","date_gmt":"2016-09-23T06:44:38","guid":{"rendered":"http:\/\/blog.zeit.de\/nsu-prozess-blog\/?p=11993"},"modified":"2016-09-23T09:31:48","modified_gmt":"2016-09-23T07:31:48","slug":"medienlog-zschaepe-alkohol-gutachten-nsu","status":"publish","type":"post","link":"https:\/\/blog.zeit.de\/nsu-prozess-blog\/2016\/09\/23\/medienlog-zschaepe-alkohol-gutachten-nsu\/","title":{"rendered":"Alkoholgutachten: Zsch\u00e4pe wusste, was sie tat \u2013 Das Medienlog vom Freitag, 23. September 2016"},"content":{"rendered":"<p>Hauptthema des 312. Prozesstags war ein Gutachten \u00fcber Beate Zsch\u00e4pes Alkoholpegel: Wie hoch war er, als sie am 4. November 2011 <a href=\"http:\/\/www.zeit.de\/gesellschaft\/zeitgeschehen\/2013-06\/nsu-prozess-wohnung-brand\">die Wohnung des NSU-Trios in Zwickau anz\u00fcndete?<\/a> Zsch\u00e4pe trank regelm\u00e4\u00dfig, am besagten Tag eine Flasche Sekt. Dem Bericht des Sachverst\u00e4ndigen Oliver Peschel zufolge hatte die Angeklagte bei der Brandstiftung wahrscheinlich rund 2,6 Promille Alkohol im Blut, wobei jedoch gr\u00f6\u00dfere Abweichungen m\u00f6glich sind. &#8222;Ihre Bem\u00fchungen, sich mit einem angeblich zunehmenden Alkoholkonsum (\u2026) zu verteidigen, sind offensichtlich gescheitert&#8220;, analysiert Gisela Friedrichsen auf <a href=\"http:\/\/www.spiegel.de\/panorama\/justiz\/nsu-prozess-gutachter-ueber-den-alkoholkonsum-von-beate-zschaepe-a-1113534.html\" target=\"_blank\"><em>Spiegel Online<\/em><\/a>. Sie k\u00f6nne nun nicht hoffen, dass die Richter eine verminderte Schuldf\u00e4higkeit erkennen, da sie laut Gutachten trotz erheblichen Alkoholspiegels &#8222;keine relevanten Einschr\u00e4nkungen&#8220; zeigte. Das hatte Zsch\u00e4pe so auch selbst angegeben.<\/p>\n<p><!--more--><\/p>\n<p><em>An jedem Werktag sichten wir f\u00fcr das NSU-Prozess-Blog die Medien und stellen wichtige Berichte, Blogs, Videos und Tweets zusammen. Wir freuen uns \u00fcber Hinweise via Twitter mit dem Hashtag #nsublog \u2013 oder per E-Mail an <a href=\"mailto:nsublog@zeit.de\">nsublog@zeit.de<\/a>.<\/em><\/p>\n<p>Sich mit Trunkenheit herauszureden habe Zsch\u00e4pe nie versucht, schreibt Tanjev Schultz von der <a href=\"http:\/\/www.sueddeutsche.de\/politik\/nsu-prozess-zschaepe-beantwortet-fragen-zu-ihrem-alkoholkonsum-1.3174452\" target=\"_blank\"><em>S\u00fcddeutschen Zeitung<\/em><\/a>: Aus ihrer Aussage k\u00f6nne man &#8222;keinen Versuch ablesen, sich als schuldunf\u00e4hig darzustellen&#8220;. Ihre <a href=\"http:\/\/www.zeit.de\/gesellschaft\/zeitgeschehen\/2015-11\/beate-zschaepe-nsu-prozess-aussage-live\">detaillierten Angaben<\/a> zum Tathergang damals lie\u00dfen darauf schlie\u00dfen, dass sie wusste, was sie tat. F\u00fcr das Urteil werde das Gutachten von Bedeutung sein.<\/p>\n<p>&#8222;Die Brandstiftung war keine klassische Rauschtat&#8220;, schlie\u00dfen auch wir auf <a href=\"https:\/\/blog.zeit.de\/nsu-prozess-blog\/2016\/09\/22\/das-benebelte-leben-von-beate-zschaepe\/\" target=\"_blank\">ZEIT ONLINE<\/a> aus der Expertise. Zsch\u00e4pe handelte demnach bewusst \u2013 sie bestreitet jedoch, mit der Brandstiftung <a href=\"http:\/\/www.zeit.de\/gesellschaft\/zeitgeschehen\/2013-07\/nsu-prozess-brand-zwickau-zschaepe-mord-rentnerin\">den m\u00f6glichen Tod einer Nachbarin<\/a> und zweier Handwerker in Kauf genommen zu haben. Diesen Vorwurf macht ihr die Bundesanwaltschaft, weshalb Zsch\u00e4pe auch wegen versuchten Mords angeklagt ist.<\/p>\n<p>Wichtig an diesem Verhandlungstag war auch eine scheinbare Fu\u00dfnote: Richter Manfred G\u00f6tzl teilte mit, dass das Gericht Mitte Oktober eine vorl\u00e4ufige Version des psychiatrischen Gutachtens \u00fcber Beate Zsch\u00e4pe erwartet \u2013 demnach steht das Ende der Beweisaufnahme kurz bevor. Als Sachverst\u00e4ndiger ist der Psychiater Henning Sa\u00df berufen, dem Zsch\u00e4pe <a href=\"https:\/\/blog.zeit.de\/nsu-prozess-blog\/2016\/09\/14\/zschaepe-faellt-zurueck-ins-schweigen\/\">Auskunft auf seine Fragen verweigert hat<\/a>. &#8222;Das Gutachten ist von zentraler Bedeutung f\u00fcr das Verfahren&#8220;, merkt Tim A\u00dfmann vom <a href=\"http:\/\/www.br.de\/nachrichten\/nsu-prozess\/160922-tagebuch-gerichtsreporter-100.html\" target=\"_blank\">Bayerischen Rundfunk<\/a> an. Es geht darin um die Pers\u00f6nlichkeit Zsch\u00e4pes, die sich in ihrer Aussage als Mitl\u00e4uferin und emotional abh\u00e4ngig von ihren Komplizen Uwe Mundlos und Uwe B\u00f6hnhardt dargestellt hatte.<\/p>\n<p>Auf die Frage von Zsch\u00e4pes Anwalt Wolfgang Stahl, ob &#8222;das Beweisprogramm&#8220; f\u00fcr das Gericht abgeschlossen sei, gab Richter G\u00f6tzl keine klare Antwort. Seine Mandantin soll am Donnerstag die neuen Fragen des Gerichts beantworten. Zuvor hat sie Zeit zur Vorbereitung: Die Gerichtstage am Dienstag und Mittwoch der kommenden Woche entfallen.<\/p>\n<p><em>Das n\u00e4chste Medienlog erscheint am Montag, 26. September 2016.<\/em><\/p>\n","protected":false},"excerpt":{"rendered":"<p>Hauptthema des 312. Prozesstags war ein Gutachten \u00fcber Beate Zsch\u00e4pes Alkoholpegel: Wie hoch war er, als sie am 4. November 2011 die Wohnung des NSU-Trios in Zwickau anz\u00fcndete? Zsch\u00e4pe trank regelm\u00e4\u00dfig, am besagten Tag eine Flasche Sekt. Dem Bericht des Sachverst\u00e4ndigen Oliver Peschel zufolge hatte die Angeklagte bei der Brandstiftung wahrscheinlich rund 2,6 Promille Alkohol [&hellip;]<\/p>\n","protected":false},"author":435,"featured_media":12002,"comment_status":"open","ping_status":"open","sticky":false,"template":"","format":"standard","meta":{"_jetpack_memberships_contains_paid_content":false,"footnotes":""},"categories":[27531],"tags":[767,17793,27573,1105,33589,6388,27560],"class_list":["post-11993","post","type-post","status-publish","format-standard","has-post-thumbnail","hentry","category-medienschau","tag-alkohol","tag-beate-zschape","tag-brand","tag-gutachten","tag-psychiater","tag-urteil","tag-zwickau"],"yoast_head":"<!-- This site is optimized with the Yoast SEO plugin v21.0 - https:\/\/yoast.com\/wordpress\/plugins\/seo\/ -->\n<title>Alkoholgutachten: Zsch\u00e4pe wusste, was sie tat \u2013 Das Medienlog vom Freitag, 23. September 2016 - Das NSU-Prozess-Blog<\/title>\n<meta name=\"robots\" content=\"index, follow, max-snippet:-1, max-image-preview:large, max-video-preview:-1\" \/>\n<link rel=\"canonical\" href=\"https:\/\/blog.zeit.de\/nsu-prozess-blog\/2016\/09\/23\/medienlog-zschaepe-alkohol-gutachten-nsu\/\" \/>\n<meta property=\"og:locale\" content=\"de_DE\" \/>\n<meta property=\"og:type\" content=\"article\" \/>\n<meta property=\"og:title\" content=\"Alkoholgutachten: Zsch\u00e4pe wusste, was sie tat \u2013 Das Medienlog vom Freitag, 23. September 2016 - Das NSU-Prozess-Blog\" \/>\n<meta property=\"og:description\" content=\"Hauptthema des 312. Prozesstags war ein Gutachten \u00fcber Beate Zsch\u00e4pes Alkoholpegel: Wie hoch war er, als sie am 4. November 2011 die Wohnung des NSU-Trios in Zwickau anz\u00fcndete? Zsch\u00e4pe trank regelm\u00e4\u00dfig, am besagten Tag eine Flasche Sekt. Dem Bericht des Sachverst\u00e4ndigen Oliver Peschel zufolge hatte die Angeklagte bei der Brandstiftung wahrscheinlich rund 2,6 Promille Alkohol [&hellip;]\" \/>\n<meta property=\"og:url\" content=\"https:\/\/blog.zeit.de\/nsu-prozess-blog\/2016\/09\/23\/medienlog-zschaepe-alkohol-gutachten-nsu\/\" \/>\n<meta property=\"og:site_name\" content=\"Das NSU-Prozess-Blog\" \/>\n<meta property=\"article:published_time\" content=\"2016-09-23T06:44:38+00:00\" \/>\n<meta property=\"article:modified_time\" content=\"2016-09-23T07:31:48+00:00\" \/>\n<meta property=\"og:image\" content=\"https:\/\/blog.zeit.de\/nsu-prozess-blog\/files\/2016\/09\/raw.jpg\" \/>\n\t<meta property=\"og:image:width\" content=\"969\" \/>\n\t<meta property=\"og:image:height\" content=\"545\" \/>\n\t<meta property=\"og:image:type\" content=\"image\/jpeg\" \/>\n<meta name=\"author\" content=\"Tom Sundermann\" \/>\n<meta name=\"twitter:label1\" content=\"Geschrieben von\" \/>\n\t<meta name=\"twitter:data1\" content=\"Tom Sundermann\" \/>\n\t<meta name=\"twitter:label2\" content=\"Gesch\u00e4tzte Lesezeit\" \/>\n\t<meta name=\"twitter:data2\" content=\"2\u00a0Minuten\" \/>\n<script type=\"application\/ld+json\" class=\"yoast-schema-graph\">{\"@context\":\"https:\/\/schema.org\",\"@graph\":[{\"@type\":\"WebPage\",\"@id\":\"https:\/\/blog.zeit.de\/nsu-prozess-blog\/2016\/09\/23\/medienlog-zschaepe-alkohol-gutachten-nsu\/\",\"url\":\"https:\/\/blog.zeit.de\/nsu-prozess-blog\/2016\/09\/23\/medienlog-zschaepe-alkohol-gutachten-nsu\/\",\"name\":\"Alkoholgutachten: Zsch\u00e4pe wusste, was sie tat \u2013 Das Medienlog vom Freitag, 23. September 2016 - Das NSU-Prozess-Blog\",\"isPartOf\":{\"@id\":\"https:\/\/blog.zeit.de\/nsu-prozess-blog\/#website\"},\"datePublished\":\"2016-09-23T06:44:38+00:00\",\"dateModified\":\"2016-09-23T07:31:48+00:00\",\"author\":{\"@id\":\"https:\/\/blog.zeit.de\/nsu-prozess-blog\/#\/schema\/person\/553ea9bb5d1fc2ae054c589bd59380a5\"},\"breadcrumb\":{\"@id\":\"https:\/\/blog.zeit.de\/nsu-prozess-blog\/2016\/09\/23\/medienlog-zschaepe-alkohol-gutachten-nsu\/#breadcrumb\"},\"inLanguage\":\"de\",\"potentialAction\":[{\"@type\":\"ReadAction\",\"target\":[\"https:\/\/blog.zeit.de\/nsu-prozess-blog\/2016\/09\/23\/medienlog-zschaepe-alkohol-gutachten-nsu\/\"]}]},{\"@type\":\"BreadcrumbList\",\"@id\":\"https:\/\/blog.zeit.de\/nsu-prozess-blog\/2016\/09\/23\/medienlog-zschaepe-alkohol-gutachten-nsu\/#breadcrumb\",\"itemListElement\":[{\"@type\":\"ListItem\",\"position\":1,\"name\":\"Startseite\",\"item\":\"https:\/\/blog.zeit.de\/nsu-prozess-blog\/\"},{\"@type\":\"ListItem\",\"position\":2,\"name\":\"Alkoholgutachten: Zsch\u00e4pe wusste, was sie tat \u2013 Das Medienlog vom Freitag, 23. September 2016\"}]},{\"@type\":\"WebSite\",\"@id\":\"https:\/\/blog.zeit.de\/nsu-prozess-blog\/#website\",\"url\":\"https:\/\/blog.zeit.de\/nsu-prozess-blog\/\",\"name\":\"Das NSU-Prozess-Blog\",\"description\":\"Alle Berichte zum Terrorverfahren in M\u00fcnchen\",\"potentialAction\":[{\"@type\":\"SearchAction\",\"target\":{\"@type\":\"EntryPoint\",\"urlTemplate\":\"https:\/\/blog.zeit.de\/nsu-prozess-blog\/?s={search_term_string}\"},\"query-input\":\"required name=search_term_string\"}],\"inLanguage\":\"de\"},{\"@type\":\"Person\",\"@id\":\"https:\/\/blog.zeit.de\/nsu-prozess-blog\/#\/schema\/person\/553ea9bb5d1fc2ae054c589bd59380a5\",\"name\":\"Tom Sundermann\",\"image\":{\"@type\":\"ImageObject\",\"inLanguage\":\"de\",\"@id\":\"https:\/\/blog.zeit.de\/nsu-prozess-blog\/#\/schema\/person\/image\/\",\"url\":\"https:\/\/secure.gravatar.com\/avatar\/e108a3dc18766f719b2f797dc5d19093f06a1870c55b553ab6b7563f1f9a5e68?s=96&d=mm&r=g\",\"contentUrl\":\"https:\/\/secure.gravatar.com\/avatar\/e108a3dc18766f719b2f797dc5d19093f06a1870c55b553ab6b7563f1f9a5e68?s=96&d=mm&r=g\",\"caption\":\"Tom Sundermann\"},\"sameAs\":[\"https:\/\/twitter.com\/messeticker\"],\"url\":\"https:\/\/blog.zeit.de\/nsu-prozess-blog\/author\/tsundermann\/\"}]}<\/script>\n<!-- \/ Yoast SEO plugin. -->","yoast_head_json":{"title":"Alkoholgutachten: Zsch\u00e4pe wusste, was sie tat \u2013 Das Medienlog vom Freitag, 23. September 2016 - Das NSU-Prozess-Blog","robots":{"index":"index","follow":"follow","max-snippet":"max-snippet:-1","max-image-preview":"max-image-preview:large","max-video-preview":"max-video-preview:-1"},"canonical":"https:\/\/blog.zeit.de\/nsu-prozess-blog\/2016\/09\/23\/medienlog-zschaepe-alkohol-gutachten-nsu\/","og_locale":"de_DE","og_type":"article","og_title":"Alkoholgutachten: Zsch\u00e4pe wusste, was sie tat \u2013 Das Medienlog vom Freitag, 23. September 2016 - Das NSU-Prozess-Blog","og_description":"Hauptthema des 312. Prozesstags war ein Gutachten \u00fcber Beate Zsch\u00e4pes Alkoholpegel: Wie hoch war er, als sie am 4. November 2011 die Wohnung des NSU-Trios in Zwickau anz\u00fcndete? Zsch\u00e4pe trank regelm\u00e4\u00dfig, am besagten Tag eine Flasche Sekt. Dem Bericht des Sachverst\u00e4ndigen Oliver Peschel zufolge hatte die Angeklagte bei der Brandstiftung wahrscheinlich rund 2,6 Promille Alkohol [&hellip;]","og_url":"https:\/\/blog.zeit.de\/nsu-prozess-blog\/2016\/09\/23\/medienlog-zschaepe-alkohol-gutachten-nsu\/","og_site_name":"Das NSU-Prozess-Blog","article_published_time":"2016-09-23T06:44:38+00:00","article_modified_time":"2016-09-23T07:31:48+00:00","og_image":[{"width":969,"height":545,"url":"https:\/\/blog.zeit.de\/nsu-prozess-blog\/files\/2016\/09\/raw.jpg","type":"image\/jpeg"}],"author":"Tom Sundermann","twitter_misc":{"Geschrieben von":"Tom Sundermann","Gesch\u00e4tzte Lesezeit":"2\u00a0Minuten"},"schema":{"@context":"https:\/\/schema.org","@graph":[{"@type":"WebPage","@id":"https:\/\/blog.zeit.de\/nsu-prozess-blog\/2016\/09\/23\/medienlog-zschaepe-alkohol-gutachten-nsu\/","url":"https:\/\/blog.zeit.de\/nsu-prozess-blog\/2016\/09\/23\/medienlog-zschaepe-alkohol-gutachten-nsu\/","name":"Alkoholgutachten: Zsch\u00e4pe wusste, was sie tat \u2013 Das Medienlog vom Freitag, 23. September 2016 - Das NSU-Prozess-Blog","isPartOf":{"@id":"https:\/\/blog.zeit.de\/nsu-prozess-blog\/#website"},"datePublished":"2016-09-23T06:44:38+00:00","dateModified":"2016-09-23T07:31:48+00:00","author":{"@id":"https:\/\/blog.zeit.de\/nsu-prozess-blog\/#\/schema\/person\/553ea9bb5d1fc2ae054c589bd59380a5"},"breadcrumb":{"@id":"https:\/\/blog.zeit.de\/nsu-prozess-blog\/2016\/09\/23\/medienlog-zschaepe-alkohol-gutachten-nsu\/#breadcrumb"},"inLanguage":"de","potentialAction":[{"@type":"ReadAction","target":["https:\/\/blog.zeit.de\/nsu-prozess-blog\/2016\/09\/23\/medienlog-zschaepe-alkohol-gutachten-nsu\/"]}]},{"@type":"BreadcrumbList","@id":"https:\/\/blog.zeit.de\/nsu-prozess-blog\/2016\/09\/23\/medienlog-zschaepe-alkohol-gutachten-nsu\/#breadcrumb","itemListElement":[{"@type":"ListItem","position":1,"name":"Startseite","item":"https:\/\/blog.zeit.de\/nsu-prozess-blog\/"},{"@type":"ListItem","position":2,"name":"Alkoholgutachten: Zsch\u00e4pe wusste, was sie tat \u2013 Das Medienlog vom Freitag, 23. September 2016"}]},{"@type":"WebSite","@id":"https:\/\/blog.zeit.de\/nsu-prozess-blog\/#website","url":"https:\/\/blog.zeit.de\/nsu-prozess-blog\/","name":"Das NSU-Prozess-Blog","description":"Alle Berichte zum Terrorverfahren in M\u00fcnchen","potentialAction":[{"@type":"SearchAction","target":{"@type":"EntryPoint","urlTemplate":"https:\/\/blog.zeit.de\/nsu-prozess-blog\/?s={search_term_string}"},"query-input":"required name=search_term_string"}],"inLanguage":"de"},{"@type":"Person","@id":"https:\/\/blog.zeit.de\/nsu-prozess-blog\/#\/schema\/person\/553ea9bb5d1fc2ae054c589bd59380a5","name":"Tom Sundermann","image":{"@type":"ImageObject","inLanguage":"de","@id":"https:\/\/blog.zeit.de\/nsu-prozess-blog\/#\/schema\/person\/image\/","url":"https:\/\/secure.gravatar.com\/avatar\/e108a3dc18766f719b2f797dc5d19093f06a1870c55b553ab6b7563f1f9a5e68?s=96&d=mm&r=g","contentUrl":"https:\/\/secure.gravatar.com\/avatar\/e108a3dc18766f719b2f797dc5d19093f06a1870c55b553ab6b7563f1f9a5e68?s=96&d=mm&r=g","caption":"Tom Sundermann"},"sameAs":["https:\/\/twitter.com\/messeticker"],"url":"https:\/\/blog.zeit.de\/nsu-prozess-blog\/author\/tsundermann\/"}]}},"jetpack_featured_media_url":"https:\/\/blog.zeit.de\/nsu-prozess-blog\/files\/2016\/09\/raw.jpg","jetpack_sharing_enabled":true,"_links":{"self":[{"href":"https:\/\/blog.zeit.de\/nsu-prozess-blog\/wp-json\/wp\/v2\/posts\/11993","targetHints":{"allow":["GET"]}}],"collection":[{"href":"https:\/\/blog.zeit.de\/nsu-prozess-blog\/wp-json\/wp\/v2\/posts"}],"about":[{"href":"https:\/\/blog.zeit.de\/nsu-prozess-blog\/wp-json\/wp\/v2\/types\/post"}],"author":[{"embeddable":true,"href":"https:\/\/blog.zeit.de\/nsu-prozess-blog\/wp-json\/wp\/v2\/users\/435"}],"replies":[{"embeddable":true,"href":"https:\/\/blog.zeit.de\/nsu-prozess-blog\/wp-json\/wp\/v2\/comments?post=11993"}],"version-history":[{"count":8,"href":"https:\/\/blog.zeit.de\/nsu-prozess-blog\/wp-json\/wp\/v2\/posts\/11993\/revisions"}],"predecessor-version":[{"id":12006,"href":"https:\/\/blog.zeit.de\/nsu-prozess-blog\/wp-json\/wp\/v2\/posts\/11993\/revisions\/12006"}],"wp:featuredmedia":[{"embeddable":true,"href":"https:\/\/blog.zeit.de\/nsu-prozess-blog\/wp-json\/wp\/v2\/media\/12002"}],"wp:attachment":[{"href":"https:\/\/blog.zeit.de\/nsu-prozess-blog\/wp-json\/wp\/v2\/media?parent=11993"}],"wp:term":[{"taxonomy":"category","embeddable":true,"href":"https:\/\/blog.zeit.de\/nsu-prozess-blog\/wp-json\/wp\/v2\/categories?post=11993"},{"taxonomy":"post_tag","embeddable":true,"href":"https:\/\/blog.zeit.de\/nsu-prozess-blog\/wp-json\/wp\/v2\/tags?post=11993"}],"curies":[{"name":"wp","href":"https:\/\/api.w.org\/{rel}","templated":true}]}}