{"id":12043,"date":"2016-10-04T08:13:39","date_gmt":"2016-10-04T06:13:39","guid":{"rendered":"http:\/\/blog.zeit.de\/nsu-prozess-blog\/?p=12043"},"modified":"2016-10-04T08:38:40","modified_gmt":"2016-10-04T06:38:40","slug":"medienlog-zschaepe-aussage-opfer-nsu","status":"publish","type":"post","link":"https:\/\/blog.zeit.de\/nsu-prozess-blog\/2016\/10\/04\/medienlog-zschaepe-aussage-opfer-nsu\/","title":{"rendered":"Zsch\u00e4pes Aussage: &#8222;Unglaubw\u00fcrdig von vorn bis hinten&#8220; \u2013 Das Medienlog vom Dienstag, 4. Oktober 2016"},"content":{"rendered":"<p>Im Nachgang zu <a href=\"http:\/\/www.zeit.de\/gesellschaft\/zeitgeschehen\/2016-09\/nsu-prozess-beate-zschaepe-schweigen-opfer\">Beate Zsch\u00e4pes pers\u00f6nlicher Aussage vor Gericht<\/a> haben weitere Medien die Wirkung der Hauptangeklagten analysiert. Zsch\u00e4pe mache &#8222;weder f\u00fcr sich und noch viel weniger f\u00fcr die Opfer etwas besser&#8220;, indem sie versuche, &#8222;das Unerkl\u00e4rbare zu erkl\u00e4ren&#8220;, schreibt Holger Schmidt <a href=\"http:\/\/www.swr.de\/blog\/terrorismus\/2016\/09\/30\/an-der-einstellung-meiner-mandantin-hat-sich-nichts-geaendert\/\" target=\"_blank\">vom SWR<\/a>. Mit ihren Aussagen wirkten Zsch\u00e4pe und ihre Verteidiger selbst an einem m\u00f6glichen Schuldspruch mit.<\/p>\n<p><!--more--><\/p>\n<p><em>An jedem Werktag sichten wir f\u00fcr das NSU-Prozess-Blog die Medien und stellen wichtige Berichte, Blogs, Videos und Tweets zusammen. Wir freuen uns \u00fcber Hinweise via Twitter mit dem Hashtag #nsublog \u2013 oder per E-Mail an <a href=\"mailto:nsublog@zeit.de\">nsublog@zeit.de<\/a>.<\/em><\/p>\n<p>In der Zeit im Untergrund fragte sich Zsch\u00e4pe nach eigenen Angaben, ob sie von einem Gericht als Mitt\u00e4terin bei den NSU-Verbrechen eingesch\u00e4tzt werden k\u00f6nnte. &#8222;Diese Frage wird ihr in n\u00e4chster Zeit der Senat beantworten. Und man kann sich die Antwort denken&#8220;, schreibt Schmidt.<\/p>\n<p>Tats\u00e4chlich haben sich die Hauptangeklagte und ihre Anw\u00e4lte bereits auf ein Urteil zur lebenslangen Freiheitsstrafe eingestellt, analysieren wir auf <a href=\"https:\/\/blog.zeit.de\/nsu-prozess-blog\/2016\/09\/30\/keine-hoffnung-mehr-im-zschaepe-lager\/\" target=\"_blank\">ZEIT ONLINE<\/a>. Dem Anschein nach richtete sich Zsch\u00e4pe mit ihrer Aussage n\u00e4mlich an den psychiatrischen Sachverst\u00e4ndigen Henning Sa\u00df, der einsch\u00e4tzen soll, ob Zsch\u00e4pe eine Gefahr darstellt und in Sicherungsverwahrung genommen werden soll. Demzufolge geht Zsch\u00e4pe selbst offenbar von einem Schuldspruch aus. Bei dieser wie auch bei vorigen Aussagen &#8222;war es der durchschaubare Zweck, der die Angeklagte so unglaubw\u00fcrdig erscheinen lie\u00df&#8220;.<\/p>\n<p>Zsch\u00e4pe distanzierte sich von den Taten, die Uwe Mundlos und Uwe B\u00f6hnhardt zugeschrieben werden. &#8222;Ohne Probleme h\u00e4tte Zsch\u00e4pe diese S\u00e4tze von Anfang an aussprechen k\u00f6nnen \u2013 wenn sie denn je ernst gemeint gewesen w\u00e4ren&#8220;, kommentiert Konrad Litschko von der <a href=\"http:\/\/www.taz.de\/!5340627\/\" target=\"_blank\"><em>taz<\/em><\/a>. Die Angeklagte sei erkennbar in die Defensive geraten und versuche nun, den Schaden f\u00fcr sich zu begrenzen. Gleichzeitig lie\u00df sie ihren Anwalt Mathias Grasel deutlich machen, dass sie weiterhin keine Fragen von der Nebenklage beantworten werde. F\u00fcr die Familien der Ermordeten m\u00fcsse der Tag ihrer Aussage &#8222;wieder ein schrecklicher Tag gewesen sein&#8220;, schreibt Litschko.<\/p>\n<p>Nach der Aussage meldete sich die Ombudsfrau der Bundesregierung f\u00fcr die NSU-Opfer, Barbara John, zu Wort. In der <a href=\"http:\/\/www.berliner-zeitung.de\/berlin\/ombudsfrau-john-nennt-zschaepes-aussage-unglaubwuerdig-24827834\" target=\"_blank\"><em>Berliner Zeitung<\/em><\/a> nannte sie Zsch\u00e4pes Angaben &#8222;unglaubw\u00fcrdig von vorn bis hinten&#8220;. Ihre Einlassung habe aus &#8222;sehr vagen Allgemeinpl\u00e4tzen&#8220; bestanden.<\/p>\n<p><em>Das n\u00e4chste Medienlog erscheint am Mittwoch, 5. Oktober 2016.<\/em><\/p>\n","protected":false},"excerpt":{"rendered":"<p>Im Nachgang zu Beate Zsch\u00e4pes pers\u00f6nlicher Aussage vor Gericht haben weitere Medien die Wirkung der Hauptangeklagten analysiert. Zsch\u00e4pe mache &#8222;weder f\u00fcr sich und noch viel weniger f\u00fcr die Opfer etwas besser&#8220;, indem sie versuche, &#8222;das Unerkl\u00e4rbare zu erkl\u00e4ren&#8220;, schreibt Holger Schmidt vom SWR. Mit ihren Aussagen wirkten Zsch\u00e4pe und ihre Verteidiger selbst an einem m\u00f6glichen [&hellip;]<\/p>\n","protected":false},"author":435,"featured_media":12053,"comment_status":"open","ping_status":"open","sticky":false,"template":"","format":"standard","meta":{"_jetpack_memberships_contains_paid_content":false,"footnotes":""},"categories":[27531],"tags":[27592,17793,27567,35391],"class_list":["post-12043","post","type-post","status-publish","format-standard","has-post-thumbnail","hentry","category-medienschau","tag-barbara-john","tag-beate-zschape","tag-holger-schmidt","tag-zschape-aussage"],"yoast_head":"<!-- This site is optimized with the Yoast SEO plugin v21.0 - https:\/\/yoast.com\/wordpress\/plugins\/seo\/ -->\n<title>Zsch\u00e4pes Aussage: &quot;Unglaubw\u00fcrdig von vorn bis hinten&quot; \u2013 Das Medienlog vom Dienstag, 4. Oktober 2016 - Das NSU-Prozess-Blog<\/title>\n<meta name=\"robots\" content=\"index, follow, max-snippet:-1, max-image-preview:large, max-video-preview:-1\" \/>\n<link rel=\"canonical\" href=\"https:\/\/blog.zeit.de\/nsu-prozess-blog\/2016\/10\/04\/medienlog-zschaepe-aussage-opfer-nsu\/\" \/>\n<meta property=\"og:locale\" content=\"de_DE\" \/>\n<meta property=\"og:type\" content=\"article\" \/>\n<meta property=\"og:title\" content=\"Zsch\u00e4pes Aussage: &quot;Unglaubw\u00fcrdig von vorn bis hinten&quot; \u2013 Das Medienlog vom Dienstag, 4. Oktober 2016 - Das NSU-Prozess-Blog\" \/>\n<meta property=\"og:description\" content=\"Im Nachgang zu Beate Zsch\u00e4pes pers\u00f6nlicher Aussage vor Gericht haben weitere Medien die Wirkung der Hauptangeklagten analysiert. Zsch\u00e4pe mache &#8222;weder f\u00fcr sich und noch viel weniger f\u00fcr die Opfer etwas besser&#8220;, indem sie versuche, &#8222;das Unerkl\u00e4rbare zu erkl\u00e4ren&#8220;, schreibt Holger Schmidt vom SWR. Mit ihren Aussagen wirkten Zsch\u00e4pe und ihre Verteidiger selbst an einem m\u00f6glichen [&hellip;]\" \/>\n<meta property=\"og:url\" content=\"https:\/\/blog.zeit.de\/nsu-prozess-blog\/2016\/10\/04\/medienlog-zschaepe-aussage-opfer-nsu\/\" \/>\n<meta property=\"og:site_name\" content=\"Das NSU-Prozess-Blog\" \/>\n<meta property=\"article:published_time\" content=\"2016-10-04T06:13:39+00:00\" \/>\n<meta property=\"article:modified_time\" content=\"2016-10-04T06:38:40+00:00\" \/>\n<meta property=\"og:image\" content=\"https:\/\/blog.zeit.de\/nsu-prozess-blog\/files\/2016\/10\/raw.jpg\" \/>\n\t<meta property=\"og:image:width\" content=\"734\" \/>\n\t<meta property=\"og:image:height\" content=\"412\" \/>\n\t<meta property=\"og:image:type\" content=\"image\/jpeg\" \/>\n<meta name=\"author\" content=\"Tom Sundermann\" \/>\n<meta name=\"twitter:label1\" content=\"Geschrieben von\" \/>\n\t<meta name=\"twitter:data1\" content=\"Tom Sundermann\" \/>\n\t<meta name=\"twitter:label2\" content=\"Gesch\u00e4tzte Lesezeit\" \/>\n\t<meta name=\"twitter:data2\" content=\"2\u00a0Minuten\" \/>\n<script type=\"application\/ld+json\" class=\"yoast-schema-graph\">{\"@context\":\"https:\/\/schema.org\",\"@graph\":[{\"@type\":\"WebPage\",\"@id\":\"https:\/\/blog.zeit.de\/nsu-prozess-blog\/2016\/10\/04\/medienlog-zschaepe-aussage-opfer-nsu\/\",\"url\":\"https:\/\/blog.zeit.de\/nsu-prozess-blog\/2016\/10\/04\/medienlog-zschaepe-aussage-opfer-nsu\/\",\"name\":\"Zsch\u00e4pes Aussage: \\\"Unglaubw\u00fcrdig von vorn bis hinten\\\" \u2013 Das Medienlog vom Dienstag, 4. Oktober 2016 - Das NSU-Prozess-Blog\",\"isPartOf\":{\"@id\":\"https:\/\/blog.zeit.de\/nsu-prozess-blog\/#website\"},\"datePublished\":\"2016-10-04T06:13:39+00:00\",\"dateModified\":\"2016-10-04T06:38:40+00:00\",\"author\":{\"@id\":\"https:\/\/blog.zeit.de\/nsu-prozess-blog\/#\/schema\/person\/553ea9bb5d1fc2ae054c589bd59380a5\"},\"breadcrumb\":{\"@id\":\"https:\/\/blog.zeit.de\/nsu-prozess-blog\/2016\/10\/04\/medienlog-zschaepe-aussage-opfer-nsu\/#breadcrumb\"},\"inLanguage\":\"de\",\"potentialAction\":[{\"@type\":\"ReadAction\",\"target\":[\"https:\/\/blog.zeit.de\/nsu-prozess-blog\/2016\/10\/04\/medienlog-zschaepe-aussage-opfer-nsu\/\"]}]},{\"@type\":\"BreadcrumbList\",\"@id\":\"https:\/\/blog.zeit.de\/nsu-prozess-blog\/2016\/10\/04\/medienlog-zschaepe-aussage-opfer-nsu\/#breadcrumb\",\"itemListElement\":[{\"@type\":\"ListItem\",\"position\":1,\"name\":\"Startseite\",\"item\":\"https:\/\/blog.zeit.de\/nsu-prozess-blog\/\"},{\"@type\":\"ListItem\",\"position\":2,\"name\":\"Zsch\u00e4pes Aussage: &#8222;Unglaubw\u00fcrdig von vorn bis hinten&#8220; \u2013 Das Medienlog vom Dienstag, 4. Oktober 2016\"}]},{\"@type\":\"WebSite\",\"@id\":\"https:\/\/blog.zeit.de\/nsu-prozess-blog\/#website\",\"url\":\"https:\/\/blog.zeit.de\/nsu-prozess-blog\/\",\"name\":\"Das NSU-Prozess-Blog\",\"description\":\"Alle Berichte zum Terrorverfahren in M\u00fcnchen\",\"potentialAction\":[{\"@type\":\"SearchAction\",\"target\":{\"@type\":\"EntryPoint\",\"urlTemplate\":\"https:\/\/blog.zeit.de\/nsu-prozess-blog\/?s={search_term_string}\"},\"query-input\":\"required name=search_term_string\"}],\"inLanguage\":\"de\"},{\"@type\":\"Person\",\"@id\":\"https:\/\/blog.zeit.de\/nsu-prozess-blog\/#\/schema\/person\/553ea9bb5d1fc2ae054c589bd59380a5\",\"name\":\"Tom Sundermann\",\"image\":{\"@type\":\"ImageObject\",\"inLanguage\":\"de\",\"@id\":\"https:\/\/blog.zeit.de\/nsu-prozess-blog\/#\/schema\/person\/image\/\",\"url\":\"https:\/\/secure.gravatar.com\/avatar\/e108a3dc18766f719b2f797dc5d19093f06a1870c55b553ab6b7563f1f9a5e68?s=96&d=mm&r=g\",\"contentUrl\":\"https:\/\/secure.gravatar.com\/avatar\/e108a3dc18766f719b2f797dc5d19093f06a1870c55b553ab6b7563f1f9a5e68?s=96&d=mm&r=g\",\"caption\":\"Tom Sundermann\"},\"sameAs\":[\"https:\/\/twitter.com\/messeticker\"],\"url\":\"https:\/\/blog.zeit.de\/nsu-prozess-blog\/author\/tsundermann\/\"}]}<\/script>\n<!-- \/ Yoast SEO plugin. -->","yoast_head_json":{"title":"Zsch\u00e4pes Aussage: \"Unglaubw\u00fcrdig von vorn bis hinten\" \u2013 Das Medienlog vom Dienstag, 4. Oktober 2016 - Das NSU-Prozess-Blog","robots":{"index":"index","follow":"follow","max-snippet":"max-snippet:-1","max-image-preview":"max-image-preview:large","max-video-preview":"max-video-preview:-1"},"canonical":"https:\/\/blog.zeit.de\/nsu-prozess-blog\/2016\/10\/04\/medienlog-zschaepe-aussage-opfer-nsu\/","og_locale":"de_DE","og_type":"article","og_title":"Zsch\u00e4pes Aussage: \"Unglaubw\u00fcrdig von vorn bis hinten\" \u2013 Das Medienlog vom Dienstag, 4. Oktober 2016 - Das NSU-Prozess-Blog","og_description":"Im Nachgang zu Beate Zsch\u00e4pes pers\u00f6nlicher Aussage vor Gericht haben weitere Medien die Wirkung der Hauptangeklagten analysiert. Zsch\u00e4pe mache &#8222;weder f\u00fcr sich und noch viel weniger f\u00fcr die Opfer etwas besser&#8220;, indem sie versuche, &#8222;das Unerkl\u00e4rbare zu erkl\u00e4ren&#8220;, schreibt Holger Schmidt vom SWR. Mit ihren Aussagen wirkten Zsch\u00e4pe und ihre Verteidiger selbst an einem m\u00f6glichen [&hellip;]","og_url":"https:\/\/blog.zeit.de\/nsu-prozess-blog\/2016\/10\/04\/medienlog-zschaepe-aussage-opfer-nsu\/","og_site_name":"Das NSU-Prozess-Blog","article_published_time":"2016-10-04T06:13:39+00:00","article_modified_time":"2016-10-04T06:38:40+00:00","og_image":[{"width":734,"height":412,"url":"https:\/\/blog.zeit.de\/nsu-prozess-blog\/files\/2016\/10\/raw.jpg","type":"image\/jpeg"}],"author":"Tom Sundermann","twitter_misc":{"Geschrieben von":"Tom Sundermann","Gesch\u00e4tzte Lesezeit":"2\u00a0Minuten"},"schema":{"@context":"https:\/\/schema.org","@graph":[{"@type":"WebPage","@id":"https:\/\/blog.zeit.de\/nsu-prozess-blog\/2016\/10\/04\/medienlog-zschaepe-aussage-opfer-nsu\/","url":"https:\/\/blog.zeit.de\/nsu-prozess-blog\/2016\/10\/04\/medienlog-zschaepe-aussage-opfer-nsu\/","name":"Zsch\u00e4pes Aussage: \"Unglaubw\u00fcrdig von vorn bis hinten\" \u2013 Das Medienlog vom Dienstag, 4. Oktober 2016 - Das NSU-Prozess-Blog","isPartOf":{"@id":"https:\/\/blog.zeit.de\/nsu-prozess-blog\/#website"},"datePublished":"2016-10-04T06:13:39+00:00","dateModified":"2016-10-04T06:38:40+00:00","author":{"@id":"https:\/\/blog.zeit.de\/nsu-prozess-blog\/#\/schema\/person\/553ea9bb5d1fc2ae054c589bd59380a5"},"breadcrumb":{"@id":"https:\/\/blog.zeit.de\/nsu-prozess-blog\/2016\/10\/04\/medienlog-zschaepe-aussage-opfer-nsu\/#breadcrumb"},"inLanguage":"de","potentialAction":[{"@type":"ReadAction","target":["https:\/\/blog.zeit.de\/nsu-prozess-blog\/2016\/10\/04\/medienlog-zschaepe-aussage-opfer-nsu\/"]}]},{"@type":"BreadcrumbList","@id":"https:\/\/blog.zeit.de\/nsu-prozess-blog\/2016\/10\/04\/medienlog-zschaepe-aussage-opfer-nsu\/#breadcrumb","itemListElement":[{"@type":"ListItem","position":1,"name":"Startseite","item":"https:\/\/blog.zeit.de\/nsu-prozess-blog\/"},{"@type":"ListItem","position":2,"name":"Zsch\u00e4pes Aussage: &#8222;Unglaubw\u00fcrdig von vorn bis hinten&#8220; \u2013 Das Medienlog vom Dienstag, 4. Oktober 2016"}]},{"@type":"WebSite","@id":"https:\/\/blog.zeit.de\/nsu-prozess-blog\/#website","url":"https:\/\/blog.zeit.de\/nsu-prozess-blog\/","name":"Das NSU-Prozess-Blog","description":"Alle Berichte zum Terrorverfahren in M\u00fcnchen","potentialAction":[{"@type":"SearchAction","target":{"@type":"EntryPoint","urlTemplate":"https:\/\/blog.zeit.de\/nsu-prozess-blog\/?s={search_term_string}"},"query-input":"required name=search_term_string"}],"inLanguage":"de"},{"@type":"Person","@id":"https:\/\/blog.zeit.de\/nsu-prozess-blog\/#\/schema\/person\/553ea9bb5d1fc2ae054c589bd59380a5","name":"Tom Sundermann","image":{"@type":"ImageObject","inLanguage":"de","@id":"https:\/\/blog.zeit.de\/nsu-prozess-blog\/#\/schema\/person\/image\/","url":"https:\/\/secure.gravatar.com\/avatar\/e108a3dc18766f719b2f797dc5d19093f06a1870c55b553ab6b7563f1f9a5e68?s=96&d=mm&r=g","contentUrl":"https:\/\/secure.gravatar.com\/avatar\/e108a3dc18766f719b2f797dc5d19093f06a1870c55b553ab6b7563f1f9a5e68?s=96&d=mm&r=g","caption":"Tom Sundermann"},"sameAs":["https:\/\/twitter.com\/messeticker"],"url":"https:\/\/blog.zeit.de\/nsu-prozess-blog\/author\/tsundermann\/"}]}},"jetpack_featured_media_url":"https:\/\/blog.zeit.de\/nsu-prozess-blog\/files\/2016\/10\/raw.jpg","jetpack_sharing_enabled":true,"_links":{"self":[{"href":"https:\/\/blog.zeit.de\/nsu-prozess-blog\/wp-json\/wp\/v2\/posts\/12043","targetHints":{"allow":["GET"]}}],"collection":[{"href":"https:\/\/blog.zeit.de\/nsu-prozess-blog\/wp-json\/wp\/v2\/posts"}],"about":[{"href":"https:\/\/blog.zeit.de\/nsu-prozess-blog\/wp-json\/wp\/v2\/types\/post"}],"author":[{"embeddable":true,"href":"https:\/\/blog.zeit.de\/nsu-prozess-blog\/wp-json\/wp\/v2\/users\/435"}],"replies":[{"embeddable":true,"href":"https:\/\/blog.zeit.de\/nsu-prozess-blog\/wp-json\/wp\/v2\/comments?post=12043"}],"version-history":[{"count":8,"href":"https:\/\/blog.zeit.de\/nsu-prozess-blog\/wp-json\/wp\/v2\/posts\/12043\/revisions"}],"predecessor-version":[{"id":12055,"href":"https:\/\/blog.zeit.de\/nsu-prozess-blog\/wp-json\/wp\/v2\/posts\/12043\/revisions\/12055"}],"wp:featuredmedia":[{"embeddable":true,"href":"https:\/\/blog.zeit.de\/nsu-prozess-blog\/wp-json\/wp\/v2\/media\/12053"}],"wp:attachment":[{"href":"https:\/\/blog.zeit.de\/nsu-prozess-blog\/wp-json\/wp\/v2\/media?parent=12043"}],"wp:term":[{"taxonomy":"category","embeddable":true,"href":"https:\/\/blog.zeit.de\/nsu-prozess-blog\/wp-json\/wp\/v2\/categories?post=12043"},{"taxonomy":"post_tag","embeddable":true,"href":"https:\/\/blog.zeit.de\/nsu-prozess-blog\/wp-json\/wp\/v2\/tags?post=12043"}],"curies":[{"name":"wp","href":"https:\/\/api.w.org\/{rel}","templated":true}]}}