{"id":12059,"date":"2016-10-06T07:58:48","date_gmt":"2016-10-06T05:58:48","guid":{"rendered":"http:\/\/blog.zeit.de\/nsu-prozess-blog\/?p=12059"},"modified":"2016-10-06T07:58:48","modified_gmt":"2016-10-06T05:58:48","slug":"medienlog-anzeige-akten-zschaepe-nsu","status":"publish","type":"post","link":"https:\/\/blog.zeit.de\/nsu-prozess-blog\/2016\/10\/06\/medienlog-anzeige-akten-zschaepe-nsu\/","title":{"rendered":"Neue Strafanzeige wegen Aktenvernichtung \u2013 Das Medienlog vom Donnerstag, 6. Oktober 2016"},"content":{"rendered":"<p>Erneut stehen strafrechtliche Ermittlungen an, weil im NSU-Komplex Akten vernichtet wurden: Angeh\u00f6rige des Mordopfers <a href=\"http:\/\/www.zeit.de\/gesellschaft\/zeitgeschehen\/2013-09\/nsu-prozesstag-zeugin-dortmund\">Mehmet Kubasik<\/a> haben Strafanzeige gegen einen Mitarbeiter des Bundesamts f\u00fcr Verfassungsschutz erstattet, wie die <a href=\"https:\/\/www.welt.de\/politik\/deutschland\/article158551905\/Opferfamilie-zeigt-Ex-Verfassungsschuetzer-an.html\" target=\"_blank\">&#8222;Welt&#8220;<\/a> berichtet. Der Mann mit dem Tarnnamen <a href=\"https:\/\/blog.zeit.de\/nsu-prozess-blog\/2015\/08\/03\/anwaelte-wollen-verfassungsschutz-durchleuchten\/\">Lothar Lingen<\/a> hatte gegen\u00fcber der Bundesanwaltschaft zugegeben, dass er im November 2011 Akten \u00fcber Th\u00fcringer V-M\u00e4nner habe schreddern lassen \u2013 kurz nach dem Auffliegen des NSU. Die Anzeige bei der Staatsanwaltschaft K\u00f6ln lautet auf Strafvereitelung und Urkundenunterdr\u00fcckung. In der vergangenen Woche war bereits bekannt geworden, dass Nebenklagevertreter in Karlsruhe <a href=\"https:\/\/blog.zeit.de\/nsu-prozess-blog\/2016\/09\/26\/medienlog-aktenvernichtung-anzeige-nsu\/\">Anzeige gegen die Bundesanwaltschaft<\/a> wegen einer anderen Vernichtungsaktion erstattet haben.<\/p>\n<p><!--more--><\/p>\n<p><em>An jedem Werktag sichten wir f\u00fcr das NSU-Prozess-Blog die Medien und stellen wichtige Berichte, Blogs, Videos und Tweets zusammen. Wir freuen uns \u00fcber Hinweise via Twitter mit dem Hashtag #nsublog \u2013 oder per E-Mail an <a href=\"mailto:nsublog@zeit.de\">nsublog@zeit.de<\/a>.<\/em><\/p>\n<p>In einem Gastbeitrag f\u00fcr den <a href=\"https:\/\/blog.zeit.de\/stoerungsmelder\/2016\/10\/05\/eine-distanzierung-die-keine-ist-zschaepe-und-das-nationalistische-gedankengut_22450\" target=\"_blank\"><em>St\u00f6rungsmelder<\/em><\/a> setzt sich der Sozialwissenschaftler Samuel Salzborn mit der pers\u00f6nlichen <a href=\"http:\/\/www.zeit.de\/gesellschaft\/zeitgeschehen\/2016-09\/nsu-prozess-beate-zschaepe-schweigen-opfer\">Aussage von Beate Zsch\u00e4pe<\/a> aus der Vorwoche auseinander. Salzborn zufolge ist Zsch\u00e4pes Einlassung, sie hege &#8222;keine Sympathien mehr f\u00fcr nationalistisches Gedankengut&#8220;, eigentlich keine Distanzierung sondern &#8222;eine wohl gew\u00e4hlte Chiffre, bei der sich die gesamte Nazi-Szene ins F\u00e4ustchen lacht&#8220;. &#8222;Nationalistisches&#8220; Gedankengut bezieht sich demnach auf das Wesen einer Nation, das Neonazis ablehnen. Sie forderten stattdessen die Gemeinschaft eines Volks, in der die Abstammung eines Menschen \u00fcber die Zugeh\u00f6rigkeit entscheidet.<\/p>\n<p><em>Das n\u00e4chste Medienlog erscheint am Freitag, 7. Oktober 2016.<\/em><\/p>\n","protected":false},"excerpt":{"rendered":"<p>Erneut stehen strafrechtliche Ermittlungen an, weil im NSU-Komplex Akten vernichtet wurden: Angeh\u00f6rige des Mordopfers Mehmet Kubasik haben Strafanzeige gegen einen Mitarbeiter des Bundesamts f\u00fcr Verfassungsschutz erstattet, wie die &#8222;Welt&#8220; berichtet. Der Mann mit dem Tarnnamen Lothar Lingen hatte gegen\u00fcber der Bundesanwaltschaft zugegeben, dass er im November 2011 Akten \u00fcber Th\u00fcringer V-M\u00e4nner habe schreddern lassen \u2013 [&hellip;]<\/p>\n","protected":false},"author":435,"featured_media":0,"comment_status":"open","ping_status":"open","sticky":false,"template":"","format":"standard","meta":{"_jetpack_memberships_contains_paid_content":false,"footnotes":""},"categories":[27531],"tags":[35375,28241,17793,27772,29426,27593,29540,1836,35391],"class_list":["post-12059","post","type-post","status-publish","format-standard","hentry","category-medienschau","tag-akten","tag-anzeige","tag-beate-zschape","tag-bundesverfassungsschutz","tag-nebenklage","tag-nebenklager","tag-thueringen","tag-verfassungsschutz","tag-zschape-aussage"],"yoast_head":"<!-- This site is optimized with the Yoast SEO plugin v21.0 - https:\/\/yoast.com\/wordpress\/plugins\/seo\/ -->\n<title>Neue Strafanzeige wegen Aktenvernichtung \u2013 Das Medienlog vom Donnerstag, 6. Oktober 2016 - Das NSU-Prozess-Blog<\/title>\n<meta name=\"robots\" content=\"index, follow, max-snippet:-1, max-image-preview:large, max-video-preview:-1\" \/>\n<link rel=\"canonical\" href=\"https:\/\/blog.zeit.de\/nsu-prozess-blog\/2016\/10\/06\/medienlog-anzeige-akten-zschaepe-nsu\/\" \/>\n<meta property=\"og:locale\" content=\"de_DE\" \/>\n<meta property=\"og:type\" content=\"article\" \/>\n<meta property=\"og:title\" content=\"Neue Strafanzeige wegen Aktenvernichtung \u2013 Das Medienlog vom Donnerstag, 6. Oktober 2016 - Das NSU-Prozess-Blog\" \/>\n<meta property=\"og:description\" content=\"Erneut stehen strafrechtliche Ermittlungen an, weil im NSU-Komplex Akten vernichtet wurden: Angeh\u00f6rige des Mordopfers Mehmet Kubasik haben Strafanzeige gegen einen Mitarbeiter des Bundesamts f\u00fcr Verfassungsschutz erstattet, wie die &#8222;Welt&#8220; berichtet. Der Mann mit dem Tarnnamen Lothar Lingen hatte gegen\u00fcber der Bundesanwaltschaft zugegeben, dass er im November 2011 Akten \u00fcber Th\u00fcringer V-M\u00e4nner habe schreddern lassen \u2013 [&hellip;]\" \/>\n<meta property=\"og:url\" content=\"https:\/\/blog.zeit.de\/nsu-prozess-blog\/2016\/10\/06\/medienlog-anzeige-akten-zschaepe-nsu\/\" \/>\n<meta property=\"og:site_name\" content=\"Das NSU-Prozess-Blog\" \/>\n<meta property=\"article:published_time\" content=\"2016-10-06T05:58:48+00:00\" \/>\n<meta name=\"author\" content=\"Tom Sundermann\" \/>\n<meta name=\"twitter:label1\" content=\"Geschrieben von\" \/>\n\t<meta name=\"twitter:data1\" content=\"Tom Sundermann\" \/>\n\t<meta name=\"twitter:label2\" content=\"Gesch\u00e4tzte Lesezeit\" \/>\n\t<meta name=\"twitter:data2\" content=\"1\u00a0Minute\" \/>\n<script type=\"application\/ld+json\" class=\"yoast-schema-graph\">{\"@context\":\"https:\/\/schema.org\",\"@graph\":[{\"@type\":\"WebPage\",\"@id\":\"https:\/\/blog.zeit.de\/nsu-prozess-blog\/2016\/10\/06\/medienlog-anzeige-akten-zschaepe-nsu\/\",\"url\":\"https:\/\/blog.zeit.de\/nsu-prozess-blog\/2016\/10\/06\/medienlog-anzeige-akten-zschaepe-nsu\/\",\"name\":\"Neue Strafanzeige wegen Aktenvernichtung \u2013 Das Medienlog vom Donnerstag, 6. Oktober 2016 - Das NSU-Prozess-Blog\",\"isPartOf\":{\"@id\":\"https:\/\/blog.zeit.de\/nsu-prozess-blog\/#website\"},\"datePublished\":\"2016-10-06T05:58:48+00:00\",\"dateModified\":\"2016-10-06T05:58:48+00:00\",\"author\":{\"@id\":\"https:\/\/blog.zeit.de\/nsu-prozess-blog\/#\/schema\/person\/553ea9bb5d1fc2ae054c589bd59380a5\"},\"breadcrumb\":{\"@id\":\"https:\/\/blog.zeit.de\/nsu-prozess-blog\/2016\/10\/06\/medienlog-anzeige-akten-zschaepe-nsu\/#breadcrumb\"},\"inLanguage\":\"de\",\"potentialAction\":[{\"@type\":\"ReadAction\",\"target\":[\"https:\/\/blog.zeit.de\/nsu-prozess-blog\/2016\/10\/06\/medienlog-anzeige-akten-zschaepe-nsu\/\"]}]},{\"@type\":\"BreadcrumbList\",\"@id\":\"https:\/\/blog.zeit.de\/nsu-prozess-blog\/2016\/10\/06\/medienlog-anzeige-akten-zschaepe-nsu\/#breadcrumb\",\"itemListElement\":[{\"@type\":\"ListItem\",\"position\":1,\"name\":\"Startseite\",\"item\":\"https:\/\/blog.zeit.de\/nsu-prozess-blog\/\"},{\"@type\":\"ListItem\",\"position\":2,\"name\":\"Neue Strafanzeige wegen Aktenvernichtung \u2013 Das Medienlog vom Donnerstag, 6. Oktober 2016\"}]},{\"@type\":\"WebSite\",\"@id\":\"https:\/\/blog.zeit.de\/nsu-prozess-blog\/#website\",\"url\":\"https:\/\/blog.zeit.de\/nsu-prozess-blog\/\",\"name\":\"Das NSU-Prozess-Blog\",\"description\":\"Alle Berichte zum Terrorverfahren in M\u00fcnchen\",\"potentialAction\":[{\"@type\":\"SearchAction\",\"target\":{\"@type\":\"EntryPoint\",\"urlTemplate\":\"https:\/\/blog.zeit.de\/nsu-prozess-blog\/?s={search_term_string}\"},\"query-input\":\"required name=search_term_string\"}],\"inLanguage\":\"de\"},{\"@type\":\"Person\",\"@id\":\"https:\/\/blog.zeit.de\/nsu-prozess-blog\/#\/schema\/person\/553ea9bb5d1fc2ae054c589bd59380a5\",\"name\":\"Tom Sundermann\",\"image\":{\"@type\":\"ImageObject\",\"inLanguage\":\"de\",\"@id\":\"https:\/\/blog.zeit.de\/nsu-prozess-blog\/#\/schema\/person\/image\/\",\"url\":\"https:\/\/secure.gravatar.com\/avatar\/e108a3dc18766f719b2f797dc5d19093f06a1870c55b553ab6b7563f1f9a5e68?s=96&d=mm&r=g\",\"contentUrl\":\"https:\/\/secure.gravatar.com\/avatar\/e108a3dc18766f719b2f797dc5d19093f06a1870c55b553ab6b7563f1f9a5e68?s=96&d=mm&r=g\",\"caption\":\"Tom Sundermann\"},\"sameAs\":[\"https:\/\/twitter.com\/messeticker\"],\"url\":\"https:\/\/blog.zeit.de\/nsu-prozess-blog\/author\/tsundermann\/\"}]}<\/script>\n<!-- \/ Yoast SEO plugin. -->","yoast_head_json":{"title":"Neue Strafanzeige wegen Aktenvernichtung \u2013 Das Medienlog vom Donnerstag, 6. Oktober 2016 - Das NSU-Prozess-Blog","robots":{"index":"index","follow":"follow","max-snippet":"max-snippet:-1","max-image-preview":"max-image-preview:large","max-video-preview":"max-video-preview:-1"},"canonical":"https:\/\/blog.zeit.de\/nsu-prozess-blog\/2016\/10\/06\/medienlog-anzeige-akten-zschaepe-nsu\/","og_locale":"de_DE","og_type":"article","og_title":"Neue Strafanzeige wegen Aktenvernichtung \u2013 Das Medienlog vom Donnerstag, 6. Oktober 2016 - Das NSU-Prozess-Blog","og_description":"Erneut stehen strafrechtliche Ermittlungen an, weil im NSU-Komplex Akten vernichtet wurden: Angeh\u00f6rige des Mordopfers Mehmet Kubasik haben Strafanzeige gegen einen Mitarbeiter des Bundesamts f\u00fcr Verfassungsschutz erstattet, wie die &#8222;Welt&#8220; berichtet. Der Mann mit dem Tarnnamen Lothar Lingen hatte gegen\u00fcber der Bundesanwaltschaft zugegeben, dass er im November 2011 Akten \u00fcber Th\u00fcringer V-M\u00e4nner habe schreddern lassen \u2013 [&hellip;]","og_url":"https:\/\/blog.zeit.de\/nsu-prozess-blog\/2016\/10\/06\/medienlog-anzeige-akten-zschaepe-nsu\/","og_site_name":"Das NSU-Prozess-Blog","article_published_time":"2016-10-06T05:58:48+00:00","author":"Tom Sundermann","twitter_misc":{"Geschrieben von":"Tom Sundermann","Gesch\u00e4tzte Lesezeit":"1\u00a0Minute"},"schema":{"@context":"https:\/\/schema.org","@graph":[{"@type":"WebPage","@id":"https:\/\/blog.zeit.de\/nsu-prozess-blog\/2016\/10\/06\/medienlog-anzeige-akten-zschaepe-nsu\/","url":"https:\/\/blog.zeit.de\/nsu-prozess-blog\/2016\/10\/06\/medienlog-anzeige-akten-zschaepe-nsu\/","name":"Neue Strafanzeige wegen Aktenvernichtung \u2013 Das Medienlog vom Donnerstag, 6. Oktober 2016 - Das NSU-Prozess-Blog","isPartOf":{"@id":"https:\/\/blog.zeit.de\/nsu-prozess-blog\/#website"},"datePublished":"2016-10-06T05:58:48+00:00","dateModified":"2016-10-06T05:58:48+00:00","author":{"@id":"https:\/\/blog.zeit.de\/nsu-prozess-blog\/#\/schema\/person\/553ea9bb5d1fc2ae054c589bd59380a5"},"breadcrumb":{"@id":"https:\/\/blog.zeit.de\/nsu-prozess-blog\/2016\/10\/06\/medienlog-anzeige-akten-zschaepe-nsu\/#breadcrumb"},"inLanguage":"de","potentialAction":[{"@type":"ReadAction","target":["https:\/\/blog.zeit.de\/nsu-prozess-blog\/2016\/10\/06\/medienlog-anzeige-akten-zschaepe-nsu\/"]}]},{"@type":"BreadcrumbList","@id":"https:\/\/blog.zeit.de\/nsu-prozess-blog\/2016\/10\/06\/medienlog-anzeige-akten-zschaepe-nsu\/#breadcrumb","itemListElement":[{"@type":"ListItem","position":1,"name":"Startseite","item":"https:\/\/blog.zeit.de\/nsu-prozess-blog\/"},{"@type":"ListItem","position":2,"name":"Neue Strafanzeige wegen Aktenvernichtung \u2013 Das Medienlog vom Donnerstag, 6. Oktober 2016"}]},{"@type":"WebSite","@id":"https:\/\/blog.zeit.de\/nsu-prozess-blog\/#website","url":"https:\/\/blog.zeit.de\/nsu-prozess-blog\/","name":"Das NSU-Prozess-Blog","description":"Alle Berichte zum Terrorverfahren in M\u00fcnchen","potentialAction":[{"@type":"SearchAction","target":{"@type":"EntryPoint","urlTemplate":"https:\/\/blog.zeit.de\/nsu-prozess-blog\/?s={search_term_string}"},"query-input":"required name=search_term_string"}],"inLanguage":"de"},{"@type":"Person","@id":"https:\/\/blog.zeit.de\/nsu-prozess-blog\/#\/schema\/person\/553ea9bb5d1fc2ae054c589bd59380a5","name":"Tom Sundermann","image":{"@type":"ImageObject","inLanguage":"de","@id":"https:\/\/blog.zeit.de\/nsu-prozess-blog\/#\/schema\/person\/image\/","url":"https:\/\/secure.gravatar.com\/avatar\/e108a3dc18766f719b2f797dc5d19093f06a1870c55b553ab6b7563f1f9a5e68?s=96&d=mm&r=g","contentUrl":"https:\/\/secure.gravatar.com\/avatar\/e108a3dc18766f719b2f797dc5d19093f06a1870c55b553ab6b7563f1f9a5e68?s=96&d=mm&r=g","caption":"Tom Sundermann"},"sameAs":["https:\/\/twitter.com\/messeticker"],"url":"https:\/\/blog.zeit.de\/nsu-prozess-blog\/author\/tsundermann\/"}]}},"jetpack_featured_media_url":"","jetpack_sharing_enabled":true,"_links":{"self":[{"href":"https:\/\/blog.zeit.de\/nsu-prozess-blog\/wp-json\/wp\/v2\/posts\/12059","targetHints":{"allow":["GET"]}}],"collection":[{"href":"https:\/\/blog.zeit.de\/nsu-prozess-blog\/wp-json\/wp\/v2\/posts"}],"about":[{"href":"https:\/\/blog.zeit.de\/nsu-prozess-blog\/wp-json\/wp\/v2\/types\/post"}],"author":[{"embeddable":true,"href":"https:\/\/blog.zeit.de\/nsu-prozess-blog\/wp-json\/wp\/v2\/users\/435"}],"replies":[{"embeddable":true,"href":"https:\/\/blog.zeit.de\/nsu-prozess-blog\/wp-json\/wp\/v2\/comments?post=12059"}],"version-history":[{"count":3,"href":"https:\/\/blog.zeit.de\/nsu-prozess-blog\/wp-json\/wp\/v2\/posts\/12059\/revisions"}],"predecessor-version":[{"id":12062,"href":"https:\/\/blog.zeit.de\/nsu-prozess-blog\/wp-json\/wp\/v2\/posts\/12059\/revisions\/12062"}],"wp:attachment":[{"href":"https:\/\/blog.zeit.de\/nsu-prozess-blog\/wp-json\/wp\/v2\/media?parent=12059"}],"wp:term":[{"taxonomy":"category","embeddable":true,"href":"https:\/\/blog.zeit.de\/nsu-prozess-blog\/wp-json\/wp\/v2\/categories?post=12059"},{"taxonomy":"post_tag","embeddable":true,"href":"https:\/\/blog.zeit.de\/nsu-prozess-blog\/wp-json\/wp\/v2\/tags?post=12059"}],"curies":[{"name":"wp","href":"https:\/\/api.w.org\/{rel}","templated":true}]}}