{"id":12098,"date":"2016-10-13T11:22:45","date_gmt":"2016-10-13T09:22:45","guid":{"rendered":"http:\/\/blog.zeit.de\/nsu-prozess-blog\/?p=12098"},"modified":"2016-10-13T13:29:59","modified_gmt":"2016-10-13T11:29:59","slug":"medienlog-zschaepe-frage-berlin-nsu","status":"publish","type":"post","link":"https:\/\/blog.zeit.de\/nsu-prozess-blog\/2016\/10\/13\/medienlog-zschaepe-frage-berlin-nsu\/","title":{"rendered":"G\u00f6tzl befragt Zsch\u00e4pe zum Vorfall in Berlin \u2013 Das Medienlog vom Donnerstag, 13. Oktober 2016"},"content":{"rendered":"<p>Erneut hat Richter Manfred G\u00f6tzl Fragen an <a href=\"http:\/\/www.zeit.de\/gesellschaft\/zeitgeschehen\/2016-09\/nsu-prozess-beate-zschaepe-schweigen-opfer\">Beate Zsch\u00e4pe<\/a> gestellt. Er wollte wissen, ob sie sich am 7. Mai 2000 in Berlin aufgehalten habe \u2013 und nahm damit Bezug auf den Beweisantrag, laut dem ein Polizist beobachtet hatte, wie sie an dem Tag gemeinsam mit anderen Personen <a href=\"https:\/\/blog.zeit.de\/nsu-prozess-blog\/2016\/10\/07\/medienlog-zschaepe-synagoge-antrag-nsu\/\">eine Synagoge in der Hauptstadt aussp\u00e4hte<\/a>. Ihr Anwalt Mathias Grasel k\u00fcndigte an, die Antwort schriftlich zu verfassen. \u00dcber die Frage berichtet Wiebke Ramm auf <a href=\"http:\/\/www.spiegel.de\/panorama\/justiz\/nsu-prozess-zschaepe-schweigt-zu-ausspaehvorwuerfen-a-1116336.html\" target=\"_blank\"><em>Spiegel Online<\/em><\/a>.<\/p>\n<p><!--more--><\/p>\n<p><em>An jedem Werktag sichten wir f\u00fcr das NSU-Prozess-Blog die Medien und stellen wichtige Berichte, Blogs, Videos und Tweets zusammen. Wir freuen uns \u00fcber Hinweise via Twitter mit dem Hashtag #nsublog \u2013 oder per E-Mail an <a href=\"mailto:nsublog@zeit.de\">nsublog@zeit.de<\/a>.<\/em><\/p>\n<p>Gleichzeitig schwelte der <a href=\"https:\/\/blog.zeit.de\/nsu-prozess-blog\/2015\/07\/20\/gegenschlag-der-anwaelte\/\">Konflikt<\/a> zwischen Beate Zsch\u00e4pes drei Altanw\u00e4lten und ihrem neuen Pflichtverteidiger <a href=\"https:\/\/blog.zeit.de\/nsu-prozess-blog\/2015\/07\/07\/anwalt-im-blindflug\/\">Mathias Grasel<\/a> weiter: Am Mittwoch beschwerten sich die urspr\u00fcnglichen drei Rechtsbeist\u00e4nde, weil sie vom Gericht nicht \u00fcber ein wichtiges Schreiben informiert wurden, Grasel hingegen schon. &#8222;Wir sind hier im Blindflug unterwegs&#8220;, emp\u00f6rte sich Anwalt Wolfgang Stahl. Den erneut offenkundig gewordenen Zwist beschreibt Ina Krau\u00df vom <a href=\"http:\/\/www.br.de\/nachrichten\/nsu-prozess\/161012-tagebuch-gerichtsreporter-100.html\" target=\"_blank\">Bayerischen Rundfunk<\/a>.<\/p>\n<p>Das Dokument ist brisant: Es handelt sich um eine Stellungnahme von Robin S., dem Beate Zsch\u00e4pe 2013 aus der Untersuchungshaft <a href=\"https:\/\/blog.zeit.de\/nsu-prozess-blog\/2013\/06\/13\/carsten-s-brief-zschape\/\">Briefe geschrieben hatte<\/a>. Ein Nebenklagevertreter fordert, <a href=\"https:\/\/blog.zeit.de\/nsu-prozess-blog\/2016\/09\/22\/medienlog-zschaepe-brief-antrag-nsu\/\">eins dieser Schreiben im Prozess zu verlesen<\/a>. In der Stellungnahme, verschickt bereits am 22. September, spricht sich S. dagegen aus. Erst heute wurde bekannt, dass das Gericht S. aufgefordert hatte, sich zu dem Antrag zu \u00e4u\u00dfern. Der Brief aus der Haft soll Einblicke in die Pers\u00f6nlichkeit der Angeklagten geben.<\/p>\n<p><em>Das n\u00e4chste Medienlog erscheint am Freitag, 14. Oktober 2016.<\/em><\/p>\n","protected":false},"excerpt":{"rendered":"<p>Erneut hat Richter Manfred G\u00f6tzl Fragen an Beate Zsch\u00e4pe gestellt. Er wollte wissen, ob sie sich am 7. Mai 2000 in Berlin aufgehalten habe \u2013 und nahm damit Bezug auf den Beweisantrag, laut dem ein Polizist beobachtet hatte, wie sie an dem Tag gemeinsam mit anderen Personen eine Synagoge in der Hauptstadt aussp\u00e4hte. Ihr Anwalt [&hellip;]<\/p>\n","protected":false},"author":435,"featured_media":0,"comment_status":"open","ping_status":"open","sticky":false,"template":"","format":"standard","meta":{"_jetpack_memberships_contains_paid_content":false,"footnotes":""},"categories":[27531],"tags":[17793,249,1981,35363,27570,35422,35391],"class_list":["post-12098","post","type-post","status-publish","format-standard","hentry","category-medienschau","tag-beate-zschape","tag-berlin","tag-brief","tag-mathias-grasel","tag-robin-s","tag-synagoge","tag-zschape-aussage"],"yoast_head":"<!-- This site is optimized with the Yoast SEO plugin v21.0 - https:\/\/yoast.com\/wordpress\/plugins\/seo\/ -->\n<title>G\u00f6tzl befragt Beate Zsch\u00e4pe zum Vorfall in Berlin<\/title>\n<meta name=\"description\" content=\"Erneut hat Richter Manfred G\u00f6tzl Fragen an Beate Zsch\u00e4pe gestellt. Er wollte wissen, ob sie sich am 7. Mai 2000 in Berlin aufgehalten habe.\" \/>\n<meta name=\"robots\" content=\"index, follow, max-snippet:-1, max-image-preview:large, max-video-preview:-1\" \/>\n<link rel=\"canonical\" href=\"https:\/\/blog.zeit.de\/nsu-prozess-blog\/2016\/10\/13\/medienlog-zschaepe-frage-berlin-nsu\/\" \/>\n<meta property=\"og:locale\" content=\"de_DE\" \/>\n<meta property=\"og:type\" content=\"article\" \/>\n<meta property=\"og:title\" content=\"G\u00f6tzl befragt Beate Zsch\u00e4pe zum Vorfall in Berlin\" \/>\n<meta property=\"og:description\" content=\"Erneut hat Richter Manfred G\u00f6tzl Fragen an Beate Zsch\u00e4pe gestellt. Er wollte wissen, ob sie sich am 7. Mai 2000 in Berlin aufgehalten habe.\" \/>\n<meta property=\"og:url\" content=\"https:\/\/blog.zeit.de\/nsu-prozess-blog\/2016\/10\/13\/medienlog-zschaepe-frage-berlin-nsu\/\" \/>\n<meta property=\"og:site_name\" content=\"Das NSU-Prozess-Blog\" \/>\n<meta property=\"article:published_time\" content=\"2016-10-13T09:22:45+00:00\" \/>\n<meta property=\"article:modified_time\" content=\"2016-10-13T11:29:59+00:00\" \/>\n<meta name=\"author\" content=\"Tom Sundermann\" \/>\n<meta name=\"twitter:label1\" content=\"Geschrieben von\" \/>\n\t<meta name=\"twitter:data1\" content=\"Tom Sundermann\" \/>\n\t<meta name=\"twitter:label2\" content=\"Gesch\u00e4tzte Lesezeit\" \/>\n\t<meta name=\"twitter:data2\" content=\"1\u00a0Minute\" \/>\n<script type=\"application\/ld+json\" class=\"yoast-schema-graph\">{\"@context\":\"https:\/\/schema.org\",\"@graph\":[{\"@type\":\"WebPage\",\"@id\":\"https:\/\/blog.zeit.de\/nsu-prozess-blog\/2016\/10\/13\/medienlog-zschaepe-frage-berlin-nsu\/\",\"url\":\"https:\/\/blog.zeit.de\/nsu-prozess-blog\/2016\/10\/13\/medienlog-zschaepe-frage-berlin-nsu\/\",\"name\":\"G\u00f6tzl befragt Beate Zsch\u00e4pe zum Vorfall in Berlin\",\"isPartOf\":{\"@id\":\"https:\/\/blog.zeit.de\/nsu-prozess-blog\/#website\"},\"datePublished\":\"2016-10-13T09:22:45+00:00\",\"dateModified\":\"2016-10-13T11:29:59+00:00\",\"author\":{\"@id\":\"https:\/\/blog.zeit.de\/nsu-prozess-blog\/#\/schema\/person\/553ea9bb5d1fc2ae054c589bd59380a5\"},\"description\":\"Erneut hat Richter Manfred G\u00f6tzl Fragen an Beate Zsch\u00e4pe gestellt. Er wollte wissen, ob sie sich am 7. Mai 2000 in Berlin aufgehalten habe.\",\"breadcrumb\":{\"@id\":\"https:\/\/blog.zeit.de\/nsu-prozess-blog\/2016\/10\/13\/medienlog-zschaepe-frage-berlin-nsu\/#breadcrumb\"},\"inLanguage\":\"de\",\"potentialAction\":[{\"@type\":\"ReadAction\",\"target\":[\"https:\/\/blog.zeit.de\/nsu-prozess-blog\/2016\/10\/13\/medienlog-zschaepe-frage-berlin-nsu\/\"]}]},{\"@type\":\"BreadcrumbList\",\"@id\":\"https:\/\/blog.zeit.de\/nsu-prozess-blog\/2016\/10\/13\/medienlog-zschaepe-frage-berlin-nsu\/#breadcrumb\",\"itemListElement\":[{\"@type\":\"ListItem\",\"position\":1,\"name\":\"Startseite\",\"item\":\"https:\/\/blog.zeit.de\/nsu-prozess-blog\/\"},{\"@type\":\"ListItem\",\"position\":2,\"name\":\"G\u00f6tzl befragt Zsch\u00e4pe zum Vorfall in Berlin \u2013 Das Medienlog vom Donnerstag, 13. Oktober 2016\"}]},{\"@type\":\"WebSite\",\"@id\":\"https:\/\/blog.zeit.de\/nsu-prozess-blog\/#website\",\"url\":\"https:\/\/blog.zeit.de\/nsu-prozess-blog\/\",\"name\":\"Das NSU-Prozess-Blog\",\"description\":\"Alle Berichte zum Terrorverfahren in M\u00fcnchen\",\"potentialAction\":[{\"@type\":\"SearchAction\",\"target\":{\"@type\":\"EntryPoint\",\"urlTemplate\":\"https:\/\/blog.zeit.de\/nsu-prozess-blog\/?s={search_term_string}\"},\"query-input\":\"required name=search_term_string\"}],\"inLanguage\":\"de\"},{\"@type\":\"Person\",\"@id\":\"https:\/\/blog.zeit.de\/nsu-prozess-blog\/#\/schema\/person\/553ea9bb5d1fc2ae054c589bd59380a5\",\"name\":\"Tom Sundermann\",\"image\":{\"@type\":\"ImageObject\",\"inLanguage\":\"de\",\"@id\":\"https:\/\/blog.zeit.de\/nsu-prozess-blog\/#\/schema\/person\/image\/\",\"url\":\"https:\/\/secure.gravatar.com\/avatar\/e108a3dc18766f719b2f797dc5d19093f06a1870c55b553ab6b7563f1f9a5e68?s=96&d=mm&r=g\",\"contentUrl\":\"https:\/\/secure.gravatar.com\/avatar\/e108a3dc18766f719b2f797dc5d19093f06a1870c55b553ab6b7563f1f9a5e68?s=96&d=mm&r=g\",\"caption\":\"Tom Sundermann\"},\"sameAs\":[\"https:\/\/twitter.com\/messeticker\"],\"url\":\"https:\/\/blog.zeit.de\/nsu-prozess-blog\/author\/tsundermann\/\"}]}<\/script>\n<!-- \/ Yoast SEO plugin. -->","yoast_head_json":{"title":"G\u00f6tzl befragt Beate Zsch\u00e4pe zum Vorfall in Berlin","description":"Erneut hat Richter Manfred G\u00f6tzl Fragen an Beate Zsch\u00e4pe gestellt. Er wollte wissen, ob sie sich am 7. Mai 2000 in Berlin aufgehalten habe.","robots":{"index":"index","follow":"follow","max-snippet":"max-snippet:-1","max-image-preview":"max-image-preview:large","max-video-preview":"max-video-preview:-1"},"canonical":"https:\/\/blog.zeit.de\/nsu-prozess-blog\/2016\/10\/13\/medienlog-zschaepe-frage-berlin-nsu\/","og_locale":"de_DE","og_type":"article","og_title":"G\u00f6tzl befragt Beate Zsch\u00e4pe zum Vorfall in Berlin","og_description":"Erneut hat Richter Manfred G\u00f6tzl Fragen an Beate Zsch\u00e4pe gestellt. Er wollte wissen, ob sie sich am 7. Mai 2000 in Berlin aufgehalten habe.","og_url":"https:\/\/blog.zeit.de\/nsu-prozess-blog\/2016\/10\/13\/medienlog-zschaepe-frage-berlin-nsu\/","og_site_name":"Das NSU-Prozess-Blog","article_published_time":"2016-10-13T09:22:45+00:00","article_modified_time":"2016-10-13T11:29:59+00:00","author":"Tom Sundermann","twitter_misc":{"Geschrieben von":"Tom Sundermann","Gesch\u00e4tzte Lesezeit":"1\u00a0Minute"},"schema":{"@context":"https:\/\/schema.org","@graph":[{"@type":"WebPage","@id":"https:\/\/blog.zeit.de\/nsu-prozess-blog\/2016\/10\/13\/medienlog-zschaepe-frage-berlin-nsu\/","url":"https:\/\/blog.zeit.de\/nsu-prozess-blog\/2016\/10\/13\/medienlog-zschaepe-frage-berlin-nsu\/","name":"G\u00f6tzl befragt Beate Zsch\u00e4pe zum Vorfall in Berlin","isPartOf":{"@id":"https:\/\/blog.zeit.de\/nsu-prozess-blog\/#website"},"datePublished":"2016-10-13T09:22:45+00:00","dateModified":"2016-10-13T11:29:59+00:00","author":{"@id":"https:\/\/blog.zeit.de\/nsu-prozess-blog\/#\/schema\/person\/553ea9bb5d1fc2ae054c589bd59380a5"},"description":"Erneut hat Richter Manfred G\u00f6tzl Fragen an Beate Zsch\u00e4pe gestellt. Er wollte wissen, ob sie sich am 7. Mai 2000 in Berlin aufgehalten habe.","breadcrumb":{"@id":"https:\/\/blog.zeit.de\/nsu-prozess-blog\/2016\/10\/13\/medienlog-zschaepe-frage-berlin-nsu\/#breadcrumb"},"inLanguage":"de","potentialAction":[{"@type":"ReadAction","target":["https:\/\/blog.zeit.de\/nsu-prozess-blog\/2016\/10\/13\/medienlog-zschaepe-frage-berlin-nsu\/"]}]},{"@type":"BreadcrumbList","@id":"https:\/\/blog.zeit.de\/nsu-prozess-blog\/2016\/10\/13\/medienlog-zschaepe-frage-berlin-nsu\/#breadcrumb","itemListElement":[{"@type":"ListItem","position":1,"name":"Startseite","item":"https:\/\/blog.zeit.de\/nsu-prozess-blog\/"},{"@type":"ListItem","position":2,"name":"G\u00f6tzl befragt Zsch\u00e4pe zum Vorfall in Berlin \u2013 Das Medienlog vom Donnerstag, 13. Oktober 2016"}]},{"@type":"WebSite","@id":"https:\/\/blog.zeit.de\/nsu-prozess-blog\/#website","url":"https:\/\/blog.zeit.de\/nsu-prozess-blog\/","name":"Das NSU-Prozess-Blog","description":"Alle Berichte zum Terrorverfahren in M\u00fcnchen","potentialAction":[{"@type":"SearchAction","target":{"@type":"EntryPoint","urlTemplate":"https:\/\/blog.zeit.de\/nsu-prozess-blog\/?s={search_term_string}"},"query-input":"required name=search_term_string"}],"inLanguage":"de"},{"@type":"Person","@id":"https:\/\/blog.zeit.de\/nsu-prozess-blog\/#\/schema\/person\/553ea9bb5d1fc2ae054c589bd59380a5","name":"Tom Sundermann","image":{"@type":"ImageObject","inLanguage":"de","@id":"https:\/\/blog.zeit.de\/nsu-prozess-blog\/#\/schema\/person\/image\/","url":"https:\/\/secure.gravatar.com\/avatar\/e108a3dc18766f719b2f797dc5d19093f06a1870c55b553ab6b7563f1f9a5e68?s=96&d=mm&r=g","contentUrl":"https:\/\/secure.gravatar.com\/avatar\/e108a3dc18766f719b2f797dc5d19093f06a1870c55b553ab6b7563f1f9a5e68?s=96&d=mm&r=g","caption":"Tom Sundermann"},"sameAs":["https:\/\/twitter.com\/messeticker"],"url":"https:\/\/blog.zeit.de\/nsu-prozess-blog\/author\/tsundermann\/"}]}},"jetpack_featured_media_url":"","jetpack_sharing_enabled":true,"_links":{"self":[{"href":"https:\/\/blog.zeit.de\/nsu-prozess-blog\/wp-json\/wp\/v2\/posts\/12098","targetHints":{"allow":["GET"]}}],"collection":[{"href":"https:\/\/blog.zeit.de\/nsu-prozess-blog\/wp-json\/wp\/v2\/posts"}],"about":[{"href":"https:\/\/blog.zeit.de\/nsu-prozess-blog\/wp-json\/wp\/v2\/types\/post"}],"author":[{"embeddable":true,"href":"https:\/\/blog.zeit.de\/nsu-prozess-blog\/wp-json\/wp\/v2\/users\/435"}],"replies":[{"embeddable":true,"href":"https:\/\/blog.zeit.de\/nsu-prozess-blog\/wp-json\/wp\/v2\/comments?post=12098"}],"version-history":[{"count":4,"href":"https:\/\/blog.zeit.de\/nsu-prozess-blog\/wp-json\/wp\/v2\/posts\/12098\/revisions"}],"predecessor-version":[{"id":12103,"href":"https:\/\/blog.zeit.de\/nsu-prozess-blog\/wp-json\/wp\/v2\/posts\/12098\/revisions\/12103"}],"wp:attachment":[{"href":"https:\/\/blog.zeit.de\/nsu-prozess-blog\/wp-json\/wp\/v2\/media?parent=12098"}],"wp:term":[{"taxonomy":"category","embeddable":true,"href":"https:\/\/blog.zeit.de\/nsu-prozess-blog\/wp-json\/wp\/v2\/categories?post=12098"},{"taxonomy":"post_tag","embeddable":true,"href":"https:\/\/blog.zeit.de\/nsu-prozess-blog\/wp-json\/wp\/v2\/tags?post=12098"}],"curies":[{"name":"wp","href":"https:\/\/api.w.org\/{rel}","templated":true}]}}