{"id":12245,"date":"2016-11-09T11:13:14","date_gmt":"2016-11-09T10:13:14","guid":{"rendered":"http:\/\/blog.zeit.de\/nsu-prozess-blog\/?p=12245"},"modified":"2016-11-09T14:00:08","modified_gmt":"2016-11-09T13:00:08","slug":"medienlog-carsten-s-wohlleben-gewalt-nsu","status":"publish","type":"post","link":"https:\/\/blog.zeit.de\/nsu-prozess-blog\/2016\/11\/09\/medienlog-carsten-s-wohlleben-gewalt-nsu\/","title":{"rendered":"Gewalt-Opfer st\u00fctzt NSU-Angeklagten \u2013 das Medienlog vom Mittwoch, 9. November 2016"},"content":{"rendered":"<p>Im NSU-Prozess hat am Dienstag das Opfer <a href=\"https:\/\/blog.zeit.de\/nsu-prozess-blog\/2016\/09\/01\/luegentest-fuer-den-kronzeugen\/\">eines schweren Gewaltangriffs<\/a> ausgesagt. Der Vorfall ereignete sich 1998 in Jena. Der Mitangeklagte Carsten S. hatte die Tat erstmals im M\u00fcnchner Gerichtsverfahren geschildert. Weil sich seine Aussagen dazu bislang jedoch nicht einwandfrei best\u00e4tigen lie\u00dfen, wollten die Verteidiger des ebenfalls angeklagten Ralf Wohlleben den Fall zur Glaubw\u00fcrdigkeitsprobe f\u00fcr den Kronzeugen S. machen. Doch die Anw\u00e4lte &#8222;scheiterten auf ganzer Linie&#8220;, kommentiert Thies Marsen vom <a href=\"http:\/\/www.br.de\/nachrichten\/nsu-prozess\/nsu-verhandlungstag-318-161027-100.html\" target=\"_blank\">Bayerischen Rundfunk<\/a>. Denn der Zeuge best\u00e4tigte die Angaben von S. bis zu dem Detail, dass er und ein Freund in einer Holzh\u00fctte zusammengetreten wurden.<\/p>\n<p><!--more--><\/p>\n<p><em>An jedem Werktag sichten wir f\u00fcr das NSU-Prozess-Blog die Medien und stellen wichtige Berichte, Blogs, Videos und Tweets zusammen. Wir freuen uns \u00fcber Hinweise via Twitter mit dem Hashtag #nsublog \u2013 oder per E-Mail an <a href=\"mailto:nsublog@zeit.de\">nsublog@zeit.de<\/a>.<\/em><\/p>\n<p>Das Opfer st\u00fctze &#8222;die Glaubhaftigkeit der Angaben des Angeklagten Carsten S. \u2013 und belastet indirekt den Mitangeklagten Ralf Wohlleben&#8220;, analysiert auch Wiebke Ramm in der <a href=\"http:\/\/www.sueddeutsche.de\/politik\/nsu-prozess-wahrheit-und-taeuschung-1.3240499\" target=\"_blank\"><em>S\u00fcddeutschen Zeitung<\/em><\/a>. Im Anschluss entschuldigte sich S. unter Tr\u00e4nen bei dem Mann, der damals schwerste Verletzungen erlitt und nach eigenen Angaben bis heute unter dem brutalen \u00dcberfall leidet. Der Schilderung von S. zufolge war nicht nur er selbst, sondern auch Wohlleben beteiligt.<\/p>\n<p>Nach dem Fund von DNA des NSU-Mitglieds Uwe B\u00f6hnhardt <a href=\"https:\/\/blog.zeit.de\/nsu-prozess-blog\/2016\/10\/28\/medienlog-zschaepe-gutachten-peggy-dna-nsu\/\">bei der Leiche von Peggy Knobloch<\/a> hat sich die Bundesanwaltschaft dagegen ausgesprochen, Akten der Mordermittlungen im NSU-Prozess beizuziehen. Der Fall sei nicht Teil der Aufkl\u00e4rung im Terrorverfahren, sagte Oberstaatsanw\u00e4ltin Anette Greger in der Sitzung vom Dienstag.<\/p>\n<p>Unterdessen dauern die Untersuchungen an. Bislang ist noch nicht gekl\u00e4rt, ob die Spur tats\u00e4chlich durch Verunreinigung an den Fundort des M\u00e4dchens gelangte, <a href=\"http:\/\/www.zeit.de\/gesellschaft\/zeitgeschehen\/2016-10\/uwe-boehnhardt-dna-peggy-knobloch-nsu-ermittler-fehler\">wie zuletzt gemutma\u00dft worden war<\/a>. Die Chronik der bisherigen Ermittlungen zeichnet Dirk Laabs in der <a href=\"https:\/\/www.welt.de\/politik\/deutschland\/article159339520\/Ermittler-nehmen-DNA-Probe-von-V-Mann-und-NSU-Helfer-Brandt.html#\" target=\"_blank\"><em>Welt<\/em><\/a> nach. Er berichtet auch, dass Ermittler daf\u00fcr eine DNA-Probe bei dem wegen Kindesmissbrauchs verurteilten NSU-Helfer <a href=\"https:\/\/blog.zeit.de\/nsu-prozess-blog\/2016\/06\/07\/die-raetselhafte-sonderaktion\/\">Tino Brandt<\/a> nahmen.<\/p>\n<p>Laabs <a href=\"https:\/\/www.welt.de\/politik\/deutschland\/article159353449\/Keine-Ermittlung-wegen-Schredderns-von-V-Mann-Akten.html\" target=\"_blank\">berichtet auch<\/a> \u00fcber die Ermittlungen nach einer <a href=\"https:\/\/blog.zeit.de\/nsu-prozess-blog\/2016\/10\/06\/medienlog-anzeige-akten-zschaepe-nsu\/\">Strafanzeige wegen der Aktenschredder-Aktion<\/a> beim Bundesamt f\u00fcr Verfassungsschutz: Demnach stellte die K\u00f6lner Staatsanwaltschaft das Verfahren ein, nachdem eine Opferfamilie einen Mitarbeiter der Beh\u00f6rde angezeigt hatte. Der Mann mit dem Tarnnamen <a href=\"https:\/\/blog.zeit.de\/nsu-prozess-blog\/2015\/08\/03\/anwaelte-wollen-verfassungsschutz-durchleuchten\/\">Lothar Lingen<\/a> gab gegen\u00fcber der Bundesanwaltschaft zu, dass er im November 2011 Akten \u00fcber Th\u00fcringer V-M\u00e4nner habe schreddern lassen \u2013 kurz nach dem Auffliegen des NSU.<\/p>\n<p><em>Das n\u00e4chste Medienlog erscheint am Donnerstag, 10. November 2016.<\/em><\/p>\n","protected":false},"excerpt":{"rendered":"<p>Im NSU-Prozess hat am Dienstag das Opfer eines schweren Gewaltangriffs ausgesagt. Der Vorfall ereignete sich 1998 in Jena. Der Mitangeklagte Carsten S. hatte die Tat erstmals im M\u00fcnchner Gerichtsverfahren geschildert. Weil sich seine Aussagen dazu bislang jedoch nicht einwandfrei best\u00e4tigen lie\u00dfen, wollten die Verteidiger des ebenfalls angeklagten Ralf Wohlleben den Fall zur Glaubw\u00fcrdigkeitsprobe f\u00fcr den [&hellip;]<\/p>\n","protected":false},"author":435,"featured_media":0,"comment_status":"open","ping_status":"open","sticky":false,"template":"","format":"standard","meta":{"_jetpack_memberships_contains_paid_content":false,"footnotes":""},"categories":[27531],"tags":[35375,28241,27772,27541,17963,1587,1626,29426,27593,35424,17772,12741,1836],"class_list":["post-12245","post","type-post","status-publish","format-standard","hentry","category-medienschau","tag-akten","tag-anzeige","tag-bundesverfassungsschutz","tag-carsten-s","tag-dna","tag-gewalt","tag-jena","tag-nebenklage","tag-nebenklager","tag-peggy","tag-ralf-wohlleben","tag-tino-brandt","tag-verfassungsschutz"],"yoast_head":"<!-- This site is optimized with the Yoast SEO plugin v21.0 - https:\/\/yoast.com\/wordpress\/plugins\/seo\/ -->\n<title>Gewalt-Opfer st\u00fctzt NSU-Angeklagten \u2013 das Medienlog vom Mittwoch, 9. November 2016 - Das NSU-Prozess-Blog<\/title>\n<meta name=\"robots\" content=\"index, follow, max-snippet:-1, max-image-preview:large, max-video-preview:-1\" \/>\n<link rel=\"canonical\" href=\"https:\/\/blog.zeit.de\/nsu-prozess-blog\/2016\/11\/09\/medienlog-carsten-s-wohlleben-gewalt-nsu\/\" \/>\n<meta property=\"og:locale\" content=\"de_DE\" \/>\n<meta property=\"og:type\" content=\"article\" \/>\n<meta property=\"og:title\" content=\"Gewalt-Opfer st\u00fctzt NSU-Angeklagten \u2013 das Medienlog vom Mittwoch, 9. November 2016 - Das NSU-Prozess-Blog\" \/>\n<meta property=\"og:description\" content=\"Im NSU-Prozess hat am Dienstag das Opfer eines schweren Gewaltangriffs ausgesagt. Der Vorfall ereignete sich 1998 in Jena. Der Mitangeklagte Carsten S. hatte die Tat erstmals im M\u00fcnchner Gerichtsverfahren geschildert. Weil sich seine Aussagen dazu bislang jedoch nicht einwandfrei best\u00e4tigen lie\u00dfen, wollten die Verteidiger des ebenfalls angeklagten Ralf Wohlleben den Fall zur Glaubw\u00fcrdigkeitsprobe f\u00fcr den [&hellip;]\" \/>\n<meta property=\"og:url\" content=\"https:\/\/blog.zeit.de\/nsu-prozess-blog\/2016\/11\/09\/medienlog-carsten-s-wohlleben-gewalt-nsu\/\" \/>\n<meta property=\"og:site_name\" content=\"Das NSU-Prozess-Blog\" \/>\n<meta property=\"article:published_time\" content=\"2016-11-09T10:13:14+00:00\" \/>\n<meta property=\"article:modified_time\" content=\"2016-11-09T13:00:08+00:00\" \/>\n<meta name=\"author\" content=\"Tom Sundermann\" \/>\n<meta name=\"twitter:label1\" content=\"Geschrieben von\" \/>\n\t<meta name=\"twitter:data1\" content=\"Tom Sundermann\" \/>\n\t<meta name=\"twitter:label2\" content=\"Gesch\u00e4tzte Lesezeit\" \/>\n\t<meta name=\"twitter:data2\" content=\"2\u00a0Minuten\" \/>\n<script type=\"application\/ld+json\" class=\"yoast-schema-graph\">{\"@context\":\"https:\/\/schema.org\",\"@graph\":[{\"@type\":\"WebPage\",\"@id\":\"https:\/\/blog.zeit.de\/nsu-prozess-blog\/2016\/11\/09\/medienlog-carsten-s-wohlleben-gewalt-nsu\/\",\"url\":\"https:\/\/blog.zeit.de\/nsu-prozess-blog\/2016\/11\/09\/medienlog-carsten-s-wohlleben-gewalt-nsu\/\",\"name\":\"Gewalt-Opfer st\u00fctzt NSU-Angeklagten \u2013 das Medienlog vom Mittwoch, 9. November 2016 - Das NSU-Prozess-Blog\",\"isPartOf\":{\"@id\":\"https:\/\/blog.zeit.de\/nsu-prozess-blog\/#website\"},\"datePublished\":\"2016-11-09T10:13:14+00:00\",\"dateModified\":\"2016-11-09T13:00:08+00:00\",\"author\":{\"@id\":\"https:\/\/blog.zeit.de\/nsu-prozess-blog\/#\/schema\/person\/553ea9bb5d1fc2ae054c589bd59380a5\"},\"breadcrumb\":{\"@id\":\"https:\/\/blog.zeit.de\/nsu-prozess-blog\/2016\/11\/09\/medienlog-carsten-s-wohlleben-gewalt-nsu\/#breadcrumb\"},\"inLanguage\":\"de\",\"potentialAction\":[{\"@type\":\"ReadAction\",\"target\":[\"https:\/\/blog.zeit.de\/nsu-prozess-blog\/2016\/11\/09\/medienlog-carsten-s-wohlleben-gewalt-nsu\/\"]}]},{\"@type\":\"BreadcrumbList\",\"@id\":\"https:\/\/blog.zeit.de\/nsu-prozess-blog\/2016\/11\/09\/medienlog-carsten-s-wohlleben-gewalt-nsu\/#breadcrumb\",\"itemListElement\":[{\"@type\":\"ListItem\",\"position\":1,\"name\":\"Startseite\",\"item\":\"https:\/\/blog.zeit.de\/nsu-prozess-blog\/\"},{\"@type\":\"ListItem\",\"position\":2,\"name\":\"Gewalt-Opfer st\u00fctzt NSU-Angeklagten \u2013 das Medienlog vom Mittwoch, 9. November 2016\"}]},{\"@type\":\"WebSite\",\"@id\":\"https:\/\/blog.zeit.de\/nsu-prozess-blog\/#website\",\"url\":\"https:\/\/blog.zeit.de\/nsu-prozess-blog\/\",\"name\":\"Das NSU-Prozess-Blog\",\"description\":\"Alle Berichte zum Terrorverfahren in M\u00fcnchen\",\"potentialAction\":[{\"@type\":\"SearchAction\",\"target\":{\"@type\":\"EntryPoint\",\"urlTemplate\":\"https:\/\/blog.zeit.de\/nsu-prozess-blog\/?s={search_term_string}\"},\"query-input\":\"required name=search_term_string\"}],\"inLanguage\":\"de\"},{\"@type\":\"Person\",\"@id\":\"https:\/\/blog.zeit.de\/nsu-prozess-blog\/#\/schema\/person\/553ea9bb5d1fc2ae054c589bd59380a5\",\"name\":\"Tom Sundermann\",\"image\":{\"@type\":\"ImageObject\",\"inLanguage\":\"de\",\"@id\":\"https:\/\/blog.zeit.de\/nsu-prozess-blog\/#\/schema\/person\/image\/\",\"url\":\"https:\/\/secure.gravatar.com\/avatar\/e108a3dc18766f719b2f797dc5d19093f06a1870c55b553ab6b7563f1f9a5e68?s=96&d=mm&r=g\",\"contentUrl\":\"https:\/\/secure.gravatar.com\/avatar\/e108a3dc18766f719b2f797dc5d19093f06a1870c55b553ab6b7563f1f9a5e68?s=96&d=mm&r=g\",\"caption\":\"Tom Sundermann\"},\"sameAs\":[\"https:\/\/twitter.com\/messeticker\"],\"url\":\"https:\/\/blog.zeit.de\/nsu-prozess-blog\/author\/tsundermann\/\"}]}<\/script>\n<!-- \/ Yoast SEO plugin. -->","yoast_head_json":{"title":"Gewalt-Opfer st\u00fctzt NSU-Angeklagten \u2013 das Medienlog vom Mittwoch, 9. November 2016 - Das NSU-Prozess-Blog","robots":{"index":"index","follow":"follow","max-snippet":"max-snippet:-1","max-image-preview":"max-image-preview:large","max-video-preview":"max-video-preview:-1"},"canonical":"https:\/\/blog.zeit.de\/nsu-prozess-blog\/2016\/11\/09\/medienlog-carsten-s-wohlleben-gewalt-nsu\/","og_locale":"de_DE","og_type":"article","og_title":"Gewalt-Opfer st\u00fctzt NSU-Angeklagten \u2013 das Medienlog vom Mittwoch, 9. November 2016 - Das NSU-Prozess-Blog","og_description":"Im NSU-Prozess hat am Dienstag das Opfer eines schweren Gewaltangriffs ausgesagt. Der Vorfall ereignete sich 1998 in Jena. Der Mitangeklagte Carsten S. hatte die Tat erstmals im M\u00fcnchner Gerichtsverfahren geschildert. Weil sich seine Aussagen dazu bislang jedoch nicht einwandfrei best\u00e4tigen lie\u00dfen, wollten die Verteidiger des ebenfalls angeklagten Ralf Wohlleben den Fall zur Glaubw\u00fcrdigkeitsprobe f\u00fcr den [&hellip;]","og_url":"https:\/\/blog.zeit.de\/nsu-prozess-blog\/2016\/11\/09\/medienlog-carsten-s-wohlleben-gewalt-nsu\/","og_site_name":"Das NSU-Prozess-Blog","article_published_time":"2016-11-09T10:13:14+00:00","article_modified_time":"2016-11-09T13:00:08+00:00","author":"Tom Sundermann","twitter_misc":{"Geschrieben von":"Tom Sundermann","Gesch\u00e4tzte Lesezeit":"2\u00a0Minuten"},"schema":{"@context":"https:\/\/schema.org","@graph":[{"@type":"WebPage","@id":"https:\/\/blog.zeit.de\/nsu-prozess-blog\/2016\/11\/09\/medienlog-carsten-s-wohlleben-gewalt-nsu\/","url":"https:\/\/blog.zeit.de\/nsu-prozess-blog\/2016\/11\/09\/medienlog-carsten-s-wohlleben-gewalt-nsu\/","name":"Gewalt-Opfer st\u00fctzt NSU-Angeklagten \u2013 das Medienlog vom Mittwoch, 9. November 2016 - Das NSU-Prozess-Blog","isPartOf":{"@id":"https:\/\/blog.zeit.de\/nsu-prozess-blog\/#website"},"datePublished":"2016-11-09T10:13:14+00:00","dateModified":"2016-11-09T13:00:08+00:00","author":{"@id":"https:\/\/blog.zeit.de\/nsu-prozess-blog\/#\/schema\/person\/553ea9bb5d1fc2ae054c589bd59380a5"},"breadcrumb":{"@id":"https:\/\/blog.zeit.de\/nsu-prozess-blog\/2016\/11\/09\/medienlog-carsten-s-wohlleben-gewalt-nsu\/#breadcrumb"},"inLanguage":"de","potentialAction":[{"@type":"ReadAction","target":["https:\/\/blog.zeit.de\/nsu-prozess-blog\/2016\/11\/09\/medienlog-carsten-s-wohlleben-gewalt-nsu\/"]}]},{"@type":"BreadcrumbList","@id":"https:\/\/blog.zeit.de\/nsu-prozess-blog\/2016\/11\/09\/medienlog-carsten-s-wohlleben-gewalt-nsu\/#breadcrumb","itemListElement":[{"@type":"ListItem","position":1,"name":"Startseite","item":"https:\/\/blog.zeit.de\/nsu-prozess-blog\/"},{"@type":"ListItem","position":2,"name":"Gewalt-Opfer st\u00fctzt NSU-Angeklagten \u2013 das Medienlog vom Mittwoch, 9. November 2016"}]},{"@type":"WebSite","@id":"https:\/\/blog.zeit.de\/nsu-prozess-blog\/#website","url":"https:\/\/blog.zeit.de\/nsu-prozess-blog\/","name":"Das NSU-Prozess-Blog","description":"Alle Berichte zum Terrorverfahren in M\u00fcnchen","potentialAction":[{"@type":"SearchAction","target":{"@type":"EntryPoint","urlTemplate":"https:\/\/blog.zeit.de\/nsu-prozess-blog\/?s={search_term_string}"},"query-input":"required name=search_term_string"}],"inLanguage":"de"},{"@type":"Person","@id":"https:\/\/blog.zeit.de\/nsu-prozess-blog\/#\/schema\/person\/553ea9bb5d1fc2ae054c589bd59380a5","name":"Tom Sundermann","image":{"@type":"ImageObject","inLanguage":"de","@id":"https:\/\/blog.zeit.de\/nsu-prozess-blog\/#\/schema\/person\/image\/","url":"https:\/\/secure.gravatar.com\/avatar\/e108a3dc18766f719b2f797dc5d19093f06a1870c55b553ab6b7563f1f9a5e68?s=96&d=mm&r=g","contentUrl":"https:\/\/secure.gravatar.com\/avatar\/e108a3dc18766f719b2f797dc5d19093f06a1870c55b553ab6b7563f1f9a5e68?s=96&d=mm&r=g","caption":"Tom Sundermann"},"sameAs":["https:\/\/twitter.com\/messeticker"],"url":"https:\/\/blog.zeit.de\/nsu-prozess-blog\/author\/tsundermann\/"}]}},"jetpack_featured_media_url":"","jetpack_sharing_enabled":true,"_links":{"self":[{"href":"https:\/\/blog.zeit.de\/nsu-prozess-blog\/wp-json\/wp\/v2\/posts\/12245","targetHints":{"allow":["GET"]}}],"collection":[{"href":"https:\/\/blog.zeit.de\/nsu-prozess-blog\/wp-json\/wp\/v2\/posts"}],"about":[{"href":"https:\/\/blog.zeit.de\/nsu-prozess-blog\/wp-json\/wp\/v2\/types\/post"}],"author":[{"embeddable":true,"href":"https:\/\/blog.zeit.de\/nsu-prozess-blog\/wp-json\/wp\/v2\/users\/435"}],"replies":[{"embeddable":true,"href":"https:\/\/blog.zeit.de\/nsu-prozess-blog\/wp-json\/wp\/v2\/comments?post=12245"}],"version-history":[{"count":7,"href":"https:\/\/blog.zeit.de\/nsu-prozess-blog\/wp-json\/wp\/v2\/posts\/12245\/revisions"}],"predecessor-version":[{"id":12253,"href":"https:\/\/blog.zeit.de\/nsu-prozess-blog\/wp-json\/wp\/v2\/posts\/12245\/revisions\/12253"}],"wp:attachment":[{"href":"https:\/\/blog.zeit.de\/nsu-prozess-blog\/wp-json\/wp\/v2\/media?parent=12245"}],"wp:term":[{"taxonomy":"category","embeddable":true,"href":"https:\/\/blog.zeit.de\/nsu-prozess-blog\/wp-json\/wp\/v2\/categories?post=12245"},{"taxonomy":"post_tag","embeddable":true,"href":"https:\/\/blog.zeit.de\/nsu-prozess-blog\/wp-json\/wp\/v2\/tags?post=12245"}],"curies":[{"name":"wp","href":"https:\/\/api.w.org\/{rel}","templated":true}]}}