{"id":12264,"date":"2016-11-10T08:50:04","date_gmt":"2016-11-10T07:50:04","guid":{"rendered":"http:\/\/blog.zeit.de\/nsu-prozess-blog\/?p=12264"},"modified":"2016-11-10T09:43:05","modified_gmt":"2016-11-10T08:43:05","slug":"medienlog-anzeige-bfv-akten-nsu","status":"publish","type":"post","link":"https:\/\/blog.zeit.de\/nsu-prozess-blog\/2016\/11\/10\/medienlog-anzeige-bfv-akten-nsu\/","title":{"rendered":"F\u00fcr die Aufkl\u00e4rung wird es eng \u2013 Das Medienlog vom Donnerstag, 10. November 2016"},"content":{"rendered":"<p>Nach einer <a href=\"https:\/\/blog.zeit.de\/nsu-prozess-blog\/2016\/10\/06\/medienlog-anzeige-akten-zschaepe-nsu\/\">Strafanzeige von Nebenkl\u00e4gern<\/a> wegen der <a href=\"https:\/\/blog.zeit.de\/nsu-prozess-blog\/2015\/08\/03\/anwaelte-wollen-verfassungsschutz-durchleuchten\/\">Aktenvernichtung beim Bundesverfassungsschutz<\/a> vom 11. November 2011 nimmt die K\u00f6lner Staatsanwaltschaft <a href=\"https:\/\/blog.zeit.de\/nsu-prozess-blog\/2016\/11\/09\/medienlog-carsten-s-wohlleben-gewalt-nsu\/\">keine Ermittlungen<\/a> gegen den verantwortlichen Abteilungsleiter Lothar Lingen auf. Mit dem Ende des heutigen Tags verj\u00e4hrt die Tat nach genau f\u00fcnf Jahren. Die Verj\u00e4hrung w\u00fcrde nur aufgehalten, wenn Lingen zur Vernehmung geladen w\u00fcrde. &#8222;Das aber hat die Staatsanwaltschaft offenbar nicht vor&#8220;, merkt Wiebke Ramm in der <a href=\"http:\/\/www.sueddeutsche.de\/politik\/verfassungsschuetzer-schreddert-v-mann-akten-mit-absicht-und-ohne-konsequenzen-1.3243031\" target=\"_blank\"><em>S\u00fcddeutschen Zeitung<\/em><\/a> an. Damit lasse sich nicht mehr \u00fcberpr\u00fcfen, ob in den vernichteten Dokumenten Hinweise auf weitere NSU-Unterst\u00fctzer waren, wie es laut <a href=\"https:\/\/blog.zeit.de\/nsu-prozess-blog\/2016\/01\/12\/der-ungehorte-zeuge\/\">Aussage eines betroffenen V-Manns<\/a> der Fall war.<\/p>\n<p><!--more--><\/p>\n<p><em>An jedem Werktag sichten wir f\u00fcr das NSU-Prozess-Blog die Medien und stellen wichtige Berichte, Blogs, Videos und Tweets zusammen. Wir freuen uns \u00fcber Hinweise via Twitter mit dem Hashtag #nsublog \u2013 oder per E-Mail an <a href=\"mailto:nsublog@zeit.de\">nsublog@zeit.de<\/a>.<\/em><\/p>\n<p>Lingen hatte damals eine Mitarbeiterin angewiesen, etliche Akten von V-M\u00e4nnern zu schreddern. Bei der Bundesanwaltschaft gab der Verfassungssch\u00fctzer 2014 zu, er habe die Beh\u00f6rde damit vor unangenehmen Fragen bewahren wollen. Die Aussage wurde erst im Dezember dieses Jahres bekannt, daraufhin stellten die Nebenkl\u00e4ger und ihre Anw\u00e4lte Strafanzeige. Die Staatsanwaltschaft nimmt nach ihren eigenen Angaben keine Ermittlungen auf, weil die Vernichtung vor Zeugen geschah und damit keine Vertuschung vorliegt.<\/p>\n<p>&#8222;Durch das Treiben der Ermittler hat ein m\u00f6glicherweise straff\u00e4lliger Beamter sehr wahrscheinlich nichts zu bef\u00fcrchten&#8220;, hei\u00dft es bei uns auf <a href=\"https:\/\/blog.zeit.de\/nsu-prozess-blog\/2016\/11\/09\/nsu-akten-schredder-verfassungsschutz\/\" target=\"_blank\">ZEIT ONLINE<\/a>. Die Anw\u00e4lte haben nun versucht, per Beschwerde an den leitenden Oberstaatsanwalt doch noch die Vernehmung des Beamten zu erreichen. F\u00fcr die Aufkl\u00e4rung wird es somit eng: &#8222;Der Verfassungssch\u00fctzer hat die knapper werdende Zeit auf seiner Seite.&#8220;<\/p>\n<p>In der Folge schaltete sich auch die Leiterin des Th\u00fcringer Untersuchungsausschusses, Dorothea Marx, in die Aff\u00e4re ein: Sie erstattete ihrerseits Strafanzeige bei der K\u00f6lner Staatsanwaltschaft gegen Lingen, wie die <a href=\"https:\/\/www.welt.de\/politik\/deutschland\/article159389634\/Verfassungsschuetzer-wegen-Aktenschredderns-angezeigt.html\" target=\"_blank\"><em>Welt<\/em><\/a> berichtet. Da Akten von Th\u00fcringer V-M\u00e4nnern vernichtet wurden, h\u00e4tten diese bei der Aufkl\u00e4rung des NSU-Komplexes in Th\u00fcringen gefehlt.<\/p>\n<p>Vergleichsweise wenig Beachtung findet der Inhalt des 320. Prozesstags, an dem ein fr\u00fcherer Bekannter des NSU-Trios und des Mitangeklagten Ralf Wohlleben als Zeuge aussagte. &#8222;Als h\u00e4tte er sein Erinnerungsverm\u00f6gen ausgeschaltet&#8220;, \u00e4u\u00dferte sich der Mann laut Ina Krau\u00df vom <a href=\"http:\/\/www.br.de\/nachrichten\/nsu-prozess\/161109-tagebuch-gerichtsreporter-100.html\" target=\"_blank\">Bayerischen Rundfunk<\/a> \u2013 und zwar absichtlich. Sein Spitzname war in einer SMS erw\u00e4hnt, die <a href=\"https:\/\/blog.zeit.de\/nsu-prozess-blog\/2015\/12\/16\/aussage-nach-zschapes-vorbild\/\">Ralf Wohlleben<\/a> im Jahr 2000 an das NSU-Trio geschickt haben soll. Der fr\u00fchere Skinhead gab jedoch immer wieder an, die damaligen Geschehnisse nicht mehr richtig im Kopf zu haben. Das Fazit: &#8222;So bleibt der Erkenntnisgewinn auch nach \u00fcber dreist\u00fcndiger Befragung gering.&#8220;<\/p>\n<p><em>Das n\u00e4chste Medienlog erscheint am Freitag, 11. November 2016.<\/em><\/p>\n","protected":false},"excerpt":{"rendered":"<p>Nach einer Strafanzeige von Nebenkl\u00e4gern wegen der Aktenvernichtung beim Bundesverfassungsschutz vom 11. November 2011 nimmt die K\u00f6lner Staatsanwaltschaft keine Ermittlungen gegen den verantwortlichen Abteilungsleiter Lothar Lingen auf. Mit dem Ende des heutigen Tags verj\u00e4hrt die Tat nach genau f\u00fcnf Jahren. Die Verj\u00e4hrung w\u00fcrde nur aufgehalten, wenn Lingen zur Vernehmung geladen w\u00fcrde. &#8222;Das aber hat die [&hellip;]<\/p>\n","protected":false},"author":435,"featured_media":0,"comment_status":"open","ping_status":"open","sticky":false,"template":"","format":"standard","meta":{"_jetpack_memberships_contains_paid_content":false,"footnotes":""},"categories":[27531],"tags":[35375,28241,27772,29510,1449,1836],"class_list":["post-12264","post","type-post","status-publish","format-standard","hentry","category-medienschau","tag-akten","tag-anzeige","tag-bundesverfassungsschutz","tag-szene","tag-unterstutzer","tag-verfassungsschutz"],"yoast_head":"<!-- This site is optimized with the Yoast SEO plugin v21.0 - https:\/\/yoast.com\/wordpress\/plugins\/seo\/ -->\n<title>F\u00fcr die Aufkl\u00e4rung wird es eng \u2013 Das Medienlog vom Donnerstag, 10. November 2016 - Das NSU-Prozess-Blog<\/title>\n<meta name=\"robots\" content=\"index, follow, max-snippet:-1, max-image-preview:large, max-video-preview:-1\" \/>\n<link rel=\"canonical\" href=\"https:\/\/blog.zeit.de\/nsu-prozess-blog\/2016\/11\/10\/medienlog-anzeige-bfv-akten-nsu\/\" \/>\n<meta property=\"og:locale\" content=\"de_DE\" \/>\n<meta property=\"og:type\" content=\"article\" \/>\n<meta property=\"og:title\" content=\"F\u00fcr die Aufkl\u00e4rung wird es eng \u2013 Das Medienlog vom Donnerstag, 10. November 2016 - Das NSU-Prozess-Blog\" \/>\n<meta property=\"og:description\" content=\"Nach einer Strafanzeige von Nebenkl\u00e4gern wegen der Aktenvernichtung beim Bundesverfassungsschutz vom 11. November 2011 nimmt die K\u00f6lner Staatsanwaltschaft keine Ermittlungen gegen den verantwortlichen Abteilungsleiter Lothar Lingen auf. Mit dem Ende des heutigen Tags verj\u00e4hrt die Tat nach genau f\u00fcnf Jahren. Die Verj\u00e4hrung w\u00fcrde nur aufgehalten, wenn Lingen zur Vernehmung geladen w\u00fcrde. &#8222;Das aber hat die [&hellip;]\" \/>\n<meta property=\"og:url\" content=\"https:\/\/blog.zeit.de\/nsu-prozess-blog\/2016\/11\/10\/medienlog-anzeige-bfv-akten-nsu\/\" \/>\n<meta property=\"og:site_name\" content=\"Das NSU-Prozess-Blog\" \/>\n<meta property=\"article:published_time\" content=\"2016-11-10T07:50:04+00:00\" \/>\n<meta property=\"article:modified_time\" content=\"2016-11-10T08:43:05+00:00\" \/>\n<meta name=\"author\" content=\"Tom Sundermann\" \/>\n<meta name=\"twitter:label1\" content=\"Geschrieben von\" \/>\n\t<meta name=\"twitter:data1\" content=\"Tom Sundermann\" \/>\n\t<meta name=\"twitter:label2\" content=\"Gesch\u00e4tzte Lesezeit\" \/>\n\t<meta name=\"twitter:data2\" content=\"2\u00a0Minuten\" \/>\n<script type=\"application\/ld+json\" class=\"yoast-schema-graph\">{\"@context\":\"https:\/\/schema.org\",\"@graph\":[{\"@type\":\"WebPage\",\"@id\":\"https:\/\/blog.zeit.de\/nsu-prozess-blog\/2016\/11\/10\/medienlog-anzeige-bfv-akten-nsu\/\",\"url\":\"https:\/\/blog.zeit.de\/nsu-prozess-blog\/2016\/11\/10\/medienlog-anzeige-bfv-akten-nsu\/\",\"name\":\"F\u00fcr die Aufkl\u00e4rung wird es eng \u2013 Das Medienlog vom Donnerstag, 10. November 2016 - Das NSU-Prozess-Blog\",\"isPartOf\":{\"@id\":\"https:\/\/blog.zeit.de\/nsu-prozess-blog\/#website\"},\"datePublished\":\"2016-11-10T07:50:04+00:00\",\"dateModified\":\"2016-11-10T08:43:05+00:00\",\"author\":{\"@id\":\"https:\/\/blog.zeit.de\/nsu-prozess-blog\/#\/schema\/person\/553ea9bb5d1fc2ae054c589bd59380a5\"},\"breadcrumb\":{\"@id\":\"https:\/\/blog.zeit.de\/nsu-prozess-blog\/2016\/11\/10\/medienlog-anzeige-bfv-akten-nsu\/#breadcrumb\"},\"inLanguage\":\"de\",\"potentialAction\":[{\"@type\":\"ReadAction\",\"target\":[\"https:\/\/blog.zeit.de\/nsu-prozess-blog\/2016\/11\/10\/medienlog-anzeige-bfv-akten-nsu\/\"]}]},{\"@type\":\"BreadcrumbList\",\"@id\":\"https:\/\/blog.zeit.de\/nsu-prozess-blog\/2016\/11\/10\/medienlog-anzeige-bfv-akten-nsu\/#breadcrumb\",\"itemListElement\":[{\"@type\":\"ListItem\",\"position\":1,\"name\":\"Startseite\",\"item\":\"https:\/\/blog.zeit.de\/nsu-prozess-blog\/\"},{\"@type\":\"ListItem\",\"position\":2,\"name\":\"F\u00fcr die Aufkl\u00e4rung wird es eng \u2013 Das Medienlog vom Donnerstag, 10. November 2016\"}]},{\"@type\":\"WebSite\",\"@id\":\"https:\/\/blog.zeit.de\/nsu-prozess-blog\/#website\",\"url\":\"https:\/\/blog.zeit.de\/nsu-prozess-blog\/\",\"name\":\"Das NSU-Prozess-Blog\",\"description\":\"Alle Berichte zum Terrorverfahren in M\u00fcnchen\",\"potentialAction\":[{\"@type\":\"SearchAction\",\"target\":{\"@type\":\"EntryPoint\",\"urlTemplate\":\"https:\/\/blog.zeit.de\/nsu-prozess-blog\/?s={search_term_string}\"},\"query-input\":\"required name=search_term_string\"}],\"inLanguage\":\"de\"},{\"@type\":\"Person\",\"@id\":\"https:\/\/blog.zeit.de\/nsu-prozess-blog\/#\/schema\/person\/553ea9bb5d1fc2ae054c589bd59380a5\",\"name\":\"Tom Sundermann\",\"image\":{\"@type\":\"ImageObject\",\"inLanguage\":\"de\",\"@id\":\"https:\/\/blog.zeit.de\/nsu-prozess-blog\/#\/schema\/person\/image\/\",\"url\":\"https:\/\/secure.gravatar.com\/avatar\/e108a3dc18766f719b2f797dc5d19093f06a1870c55b553ab6b7563f1f9a5e68?s=96&d=mm&r=g\",\"contentUrl\":\"https:\/\/secure.gravatar.com\/avatar\/e108a3dc18766f719b2f797dc5d19093f06a1870c55b553ab6b7563f1f9a5e68?s=96&d=mm&r=g\",\"caption\":\"Tom Sundermann\"},\"sameAs\":[\"https:\/\/twitter.com\/messeticker\"],\"url\":\"https:\/\/blog.zeit.de\/nsu-prozess-blog\/author\/tsundermann\/\"}]}<\/script>\n<!-- \/ Yoast SEO plugin. -->","yoast_head_json":{"title":"F\u00fcr die Aufkl\u00e4rung wird es eng \u2013 Das Medienlog vom Donnerstag, 10. November 2016 - Das NSU-Prozess-Blog","robots":{"index":"index","follow":"follow","max-snippet":"max-snippet:-1","max-image-preview":"max-image-preview:large","max-video-preview":"max-video-preview:-1"},"canonical":"https:\/\/blog.zeit.de\/nsu-prozess-blog\/2016\/11\/10\/medienlog-anzeige-bfv-akten-nsu\/","og_locale":"de_DE","og_type":"article","og_title":"F\u00fcr die Aufkl\u00e4rung wird es eng \u2013 Das Medienlog vom Donnerstag, 10. November 2016 - Das NSU-Prozess-Blog","og_description":"Nach einer Strafanzeige von Nebenkl\u00e4gern wegen der Aktenvernichtung beim Bundesverfassungsschutz vom 11. November 2011 nimmt die K\u00f6lner Staatsanwaltschaft keine Ermittlungen gegen den verantwortlichen Abteilungsleiter Lothar Lingen auf. Mit dem Ende des heutigen Tags verj\u00e4hrt die Tat nach genau f\u00fcnf Jahren. Die Verj\u00e4hrung w\u00fcrde nur aufgehalten, wenn Lingen zur Vernehmung geladen w\u00fcrde. &#8222;Das aber hat die [&hellip;]","og_url":"https:\/\/blog.zeit.de\/nsu-prozess-blog\/2016\/11\/10\/medienlog-anzeige-bfv-akten-nsu\/","og_site_name":"Das NSU-Prozess-Blog","article_published_time":"2016-11-10T07:50:04+00:00","article_modified_time":"2016-11-10T08:43:05+00:00","author":"Tom Sundermann","twitter_misc":{"Geschrieben von":"Tom Sundermann","Gesch\u00e4tzte Lesezeit":"2\u00a0Minuten"},"schema":{"@context":"https:\/\/schema.org","@graph":[{"@type":"WebPage","@id":"https:\/\/blog.zeit.de\/nsu-prozess-blog\/2016\/11\/10\/medienlog-anzeige-bfv-akten-nsu\/","url":"https:\/\/blog.zeit.de\/nsu-prozess-blog\/2016\/11\/10\/medienlog-anzeige-bfv-akten-nsu\/","name":"F\u00fcr die Aufkl\u00e4rung wird es eng \u2013 Das Medienlog vom Donnerstag, 10. November 2016 - Das NSU-Prozess-Blog","isPartOf":{"@id":"https:\/\/blog.zeit.de\/nsu-prozess-blog\/#website"},"datePublished":"2016-11-10T07:50:04+00:00","dateModified":"2016-11-10T08:43:05+00:00","author":{"@id":"https:\/\/blog.zeit.de\/nsu-prozess-blog\/#\/schema\/person\/553ea9bb5d1fc2ae054c589bd59380a5"},"breadcrumb":{"@id":"https:\/\/blog.zeit.de\/nsu-prozess-blog\/2016\/11\/10\/medienlog-anzeige-bfv-akten-nsu\/#breadcrumb"},"inLanguage":"de","potentialAction":[{"@type":"ReadAction","target":["https:\/\/blog.zeit.de\/nsu-prozess-blog\/2016\/11\/10\/medienlog-anzeige-bfv-akten-nsu\/"]}]},{"@type":"BreadcrumbList","@id":"https:\/\/blog.zeit.de\/nsu-prozess-blog\/2016\/11\/10\/medienlog-anzeige-bfv-akten-nsu\/#breadcrumb","itemListElement":[{"@type":"ListItem","position":1,"name":"Startseite","item":"https:\/\/blog.zeit.de\/nsu-prozess-blog\/"},{"@type":"ListItem","position":2,"name":"F\u00fcr die Aufkl\u00e4rung wird es eng \u2013 Das Medienlog vom Donnerstag, 10. November 2016"}]},{"@type":"WebSite","@id":"https:\/\/blog.zeit.de\/nsu-prozess-blog\/#website","url":"https:\/\/blog.zeit.de\/nsu-prozess-blog\/","name":"Das NSU-Prozess-Blog","description":"Alle Berichte zum Terrorverfahren in M\u00fcnchen","potentialAction":[{"@type":"SearchAction","target":{"@type":"EntryPoint","urlTemplate":"https:\/\/blog.zeit.de\/nsu-prozess-blog\/?s={search_term_string}"},"query-input":"required name=search_term_string"}],"inLanguage":"de"},{"@type":"Person","@id":"https:\/\/blog.zeit.de\/nsu-prozess-blog\/#\/schema\/person\/553ea9bb5d1fc2ae054c589bd59380a5","name":"Tom Sundermann","image":{"@type":"ImageObject","inLanguage":"de","@id":"https:\/\/blog.zeit.de\/nsu-prozess-blog\/#\/schema\/person\/image\/","url":"https:\/\/secure.gravatar.com\/avatar\/e108a3dc18766f719b2f797dc5d19093f06a1870c55b553ab6b7563f1f9a5e68?s=96&d=mm&r=g","contentUrl":"https:\/\/secure.gravatar.com\/avatar\/e108a3dc18766f719b2f797dc5d19093f06a1870c55b553ab6b7563f1f9a5e68?s=96&d=mm&r=g","caption":"Tom Sundermann"},"sameAs":["https:\/\/twitter.com\/messeticker"],"url":"https:\/\/blog.zeit.de\/nsu-prozess-blog\/author\/tsundermann\/"}]}},"jetpack_featured_media_url":"","jetpack_sharing_enabled":true,"_links":{"self":[{"href":"https:\/\/blog.zeit.de\/nsu-prozess-blog\/wp-json\/wp\/v2\/posts\/12264","targetHints":{"allow":["GET"]}}],"collection":[{"href":"https:\/\/blog.zeit.de\/nsu-prozess-blog\/wp-json\/wp\/v2\/posts"}],"about":[{"href":"https:\/\/blog.zeit.de\/nsu-prozess-blog\/wp-json\/wp\/v2\/types\/post"}],"author":[{"embeddable":true,"href":"https:\/\/blog.zeit.de\/nsu-prozess-blog\/wp-json\/wp\/v2\/users\/435"}],"replies":[{"embeddable":true,"href":"https:\/\/blog.zeit.de\/nsu-prozess-blog\/wp-json\/wp\/v2\/comments?post=12264"}],"version-history":[{"count":7,"href":"https:\/\/blog.zeit.de\/nsu-prozess-blog\/wp-json\/wp\/v2\/posts\/12264\/revisions"}],"predecessor-version":[{"id":12271,"href":"https:\/\/blog.zeit.de\/nsu-prozess-blog\/wp-json\/wp\/v2\/posts\/12264\/revisions\/12271"}],"wp:attachment":[{"href":"https:\/\/blog.zeit.de\/nsu-prozess-blog\/wp-json\/wp\/v2\/media?parent=12264"}],"wp:term":[{"taxonomy":"category","embeddable":true,"href":"https:\/\/blog.zeit.de\/nsu-prozess-blog\/wp-json\/wp\/v2\/categories?post=12264"},{"taxonomy":"post_tag","embeddable":true,"href":"https:\/\/blog.zeit.de\/nsu-prozess-blog\/wp-json\/wp\/v2\/tags?post=12264"}],"curies":[{"name":"wp","href":"https:\/\/api.w.org\/{rel}","templated":true}]}}