{"id":12287,"date":"2016-11-17T08:59:17","date_gmt":"2016-11-17T07:59:17","guid":{"rendered":"http:\/\/blog.zeit.de\/nsu-prozess-blog\/?p=12287"},"modified":"2016-11-17T11:07:55","modified_gmt":"2016-11-17T10:07:55","slug":"medienlog-verfassungsschutz-piatto-handy-nsu","status":"publish","type":"post","link":"https:\/\/blog.zeit.de\/nsu-prozess-blog\/2016\/11\/17\/medienlog-verfassungsschutz-piatto-handy-nsu\/","title":{"rendered":"Verfassungssch\u00fctzer soll vor Gericht gelogen haben \u2013 Das Medienlog vom Donnerstag, 17. November 2016"},"content":{"rendered":"<p>Ein Vermerk, gekennzeichnet mit dem Stempel &#8222;Geheim&#8220;, besch\u00e4ftigt den NSU-Prozess: Drei Anw\u00e4lte der Nebenklage legten den Bericht aus dem Brandenburger Verfassungsschutz am Mittwoch dem M\u00fcnchner Oberlandesgericht vor und beantragten, ihn zu verlesen. Sein Inhalt ist brisant: Demnach hat ein Quellenf\u00fchrer des Geheimdienstes, der fr\u00fcher den <a href=\"https:\/\/blog.zeit.de\/nsu-prozess-blog\/2014\/12\/03\/ein-spion-mit-schlechtem-gewissen\/\">V-Mann Carsten Sz. alias Piatto<\/a> betreute, vor Gericht gelogen. Der Beamte Reinhard G. <a href=\"https:\/\/blog.zeit.de\/nsu-prozess-blog\/2016\/06\/16\/geschwaerzte-akten-aus-brandenburg\/\">gab in seiner Zeugenaussage an<\/a>, der Informant und damit die Beh\u00f6rde h\u00e4tten von einem Hinweis auf eine geplante Waffenlieferung an den NSU nichts erfahren k\u00f6nnen. Das vertrauliche Dokument belegt, dass die Version von G. nicht stimmen kann. &#8222;Das NSU-R\u00e4tsel scheint auch in diesem Teilaspekt unaufkl\u00e4rbar \u2013 vor allem wegen des Agierens der Innenministerien und Verfassungsschutz\u00e4mter&#8220;, kommentiert Per Hinrichs von der <a href=\"https:\/\/www.welt.de\/politik\/deutschland\/article159528156\/Verfassungsschuetzer-log-im-NSU-Prozess.html\" target=\"_blank\"><em>Welt<\/em><\/a>.<\/p>\n<p><!--more--><\/p>\n<p><em>An jedem Werktag sichten wir f\u00fcr das NSU-Prozess-Blog die Medien und stellen wichtige Berichte, Blogs, Videos und Tweets zusammen. Wir freuen uns \u00fcber Hinweise via Twitter mit dem Hashtag #nsublog \u2013 oder per E-Mail an <a href=\"mailto:nsublog@zeit.de\">nsublog@zeit.de<\/a>.<\/em><\/p>\n<p>Im Detail geht die Geschichte so: V-Mann Piatto erhielt am 25. August 1998 <a href=\"https:\/\/blog.zeit.de\/nsu-prozess-blog\/2014\/10\/15\/der-zeuge-mit-dem-bums\/\">eine SMS mit der Frage<\/a> &#8222;Hallo, was ist mit dem Bums?&#8220; von einem bekannten Rechtsextremisten \u2013 ein Hinweis darauf, dass eine Waffe zum NSU-Trio unterwegs war. Laut Verfassungssch\u00fctzer G. bekam der Spitzel die Nachricht jedoch nie zu lesen, weil zuvor \u2013 am selben Tag \u2013 sein konspiratives Handy ausgetauscht worden war.<\/p>\n<p>Der Vermerk des Beh\u00f6rde belegt: Am Tag des Austausches kaufte der Beamte G. das neue Handy. Das Treffen mit dem V-Mann, bei dem die Waffe \u00fcbergeben wurde, dauerte jedoch so lange, dass die SMS wohl noch eingehen und damit auch gelesen werden konnte. Das Telefon erwarb der Beamte laut dem Antrag auf einen Tarnnamen. Zweck soll laut den Nebenkl\u00e4gern eine &#8222;bewusste Irref\u00fchrung der Ermittler durch den Verfassungsschutz&#8220; gewesen sein, wie Wiebke Ramm in der <a href=\"http:\/\/www.sueddeutsche.de\/politik\/nsu-prozess-eine-sms-setzt-den-verfassungsschutz-unter-druck-1.3252992\" target=\"_blank\"><em>S\u00fcddeutschen Zeitung<\/em><\/a> schreibt. Denn das Th\u00fcringer LKA \u00fcberwachte den V-Mann zu dem Zeitpunkt.<\/p>\n<p>Nach einer Entscheidung des Gerichts stellten die Verteidiger des Mitangeklagten <a href=\"https:\/\/blog.zeit.de\/nsu-prozess-blog\/2015\/12\/16\/aussage-nach-zschapes-vorbild\/\">Ralf Wohlleben<\/a> erneut einen Befangenheitsantrag gegen die Richter. Mehrere Verfahrensbeteiligte werteten das Gesuch als Versuch der Prozessverschleppung. In der Vergangenheit waren die Anw\u00e4lte mit dieser Strategie <a href=\"https:\/\/blog.zeit.de\/nsu-prozess-blog\/2016\/02\/26\/medienlog-wohlleben-befangenheitsantrag-haft-nsu\/\">immer wieder gescheitert<\/a>. Auch diesmal gilt: &#8222;Der Antrag hat keine Aussicht auf Erfolg&#8220;, schreibt Tim A\u00dfmann vom <a href=\"http:\/\/www.br.de\/nachrichten\/nsu-prozess\/161116-tagebuch-gerichtsreporter-100.html\" target=\"_blank\">Bayerischen Rundfunk<\/a>.<\/p>\n<p><em>Das n\u00e4chste Medienlog erscheint am Freitag, 18. November 2016.<\/em><\/p>\n","protected":false},"excerpt":{"rendered":"<p>Ein Vermerk, gekennzeichnet mit dem Stempel &#8222;Geheim&#8220;, besch\u00e4ftigt den NSU-Prozess: Drei Anw\u00e4lte der Nebenklage legten den Bericht aus dem Brandenburger Verfassungsschutz am Mittwoch dem M\u00fcnchner Oberlandesgericht vor und beantragten, ihn zu verlesen. Sein Inhalt ist brisant: Demnach hat ein Quellenf\u00fchrer des Geheimdienstes, der fr\u00fcher den V-Mann Carsten Sz. alias Piatto betreute, vor Gericht gelogen. Der [&hellip;]<\/p>\n","protected":false},"author":435,"featured_media":0,"comment_status":"open","ping_status":"open","sticky":false,"template":"","format":"standard","meta":{"_jetpack_memberships_contains_paid_content":false,"footnotes":""},"categories":[27531],"tags":[29424,29430,1451,29426,29554,17772,1836],"class_list":["post-12287","post","type-post","status-publish","format-standard","hentry","category-medienschau","tag-anwalte","tag-befangenheitsantrag","tag-brandenburg","tag-nebenklage","tag-piatto","tag-ralf-wohlleben","tag-verfassungsschutz"],"yoast_head":"<!-- This site is optimized with the Yoast SEO plugin v21.0 - https:\/\/yoast.com\/wordpress\/plugins\/seo\/ -->\n<title>Verfassungssch\u00fctzer soll vor Gericht gelogen haben \u2013 Das Medienlog vom Donnerstag, 17. November 2016 - Das NSU-Prozess-Blog<\/title>\n<meta name=\"robots\" content=\"index, follow, max-snippet:-1, max-image-preview:large, max-video-preview:-1\" \/>\n<link rel=\"canonical\" href=\"https:\/\/blog.zeit.de\/nsu-prozess-blog\/2016\/11\/17\/medienlog-verfassungsschutz-piatto-handy-nsu\/\" \/>\n<meta property=\"og:locale\" content=\"de_DE\" \/>\n<meta property=\"og:type\" content=\"article\" \/>\n<meta property=\"og:title\" content=\"Verfassungssch\u00fctzer soll vor Gericht gelogen haben \u2013 Das Medienlog vom Donnerstag, 17. November 2016 - Das NSU-Prozess-Blog\" \/>\n<meta property=\"og:description\" content=\"Ein Vermerk, gekennzeichnet mit dem Stempel &#8222;Geheim&#8220;, besch\u00e4ftigt den NSU-Prozess: Drei Anw\u00e4lte der Nebenklage legten den Bericht aus dem Brandenburger Verfassungsschutz am Mittwoch dem M\u00fcnchner Oberlandesgericht vor und beantragten, ihn zu verlesen. Sein Inhalt ist brisant: Demnach hat ein Quellenf\u00fchrer des Geheimdienstes, der fr\u00fcher den V-Mann Carsten Sz. alias Piatto betreute, vor Gericht gelogen. Der [&hellip;]\" \/>\n<meta property=\"og:url\" content=\"https:\/\/blog.zeit.de\/nsu-prozess-blog\/2016\/11\/17\/medienlog-verfassungsschutz-piatto-handy-nsu\/\" \/>\n<meta property=\"og:site_name\" content=\"Das NSU-Prozess-Blog\" \/>\n<meta property=\"article:published_time\" content=\"2016-11-17T07:59:17+00:00\" \/>\n<meta property=\"article:modified_time\" content=\"2016-11-17T10:07:55+00:00\" \/>\n<meta name=\"author\" content=\"Tom Sundermann\" \/>\n<meta name=\"twitter:label1\" content=\"Geschrieben von\" \/>\n\t<meta name=\"twitter:data1\" content=\"Tom Sundermann\" \/>\n\t<meta name=\"twitter:label2\" content=\"Gesch\u00e4tzte Lesezeit\" \/>\n\t<meta name=\"twitter:data2\" content=\"2\u00a0Minuten\" \/>\n<script type=\"application\/ld+json\" class=\"yoast-schema-graph\">{\"@context\":\"https:\/\/schema.org\",\"@graph\":[{\"@type\":\"WebPage\",\"@id\":\"https:\/\/blog.zeit.de\/nsu-prozess-blog\/2016\/11\/17\/medienlog-verfassungsschutz-piatto-handy-nsu\/\",\"url\":\"https:\/\/blog.zeit.de\/nsu-prozess-blog\/2016\/11\/17\/medienlog-verfassungsschutz-piatto-handy-nsu\/\",\"name\":\"Verfassungssch\u00fctzer soll vor Gericht gelogen haben \u2013 Das Medienlog vom Donnerstag, 17. November 2016 - Das NSU-Prozess-Blog\",\"isPartOf\":{\"@id\":\"https:\/\/blog.zeit.de\/nsu-prozess-blog\/#website\"},\"datePublished\":\"2016-11-17T07:59:17+00:00\",\"dateModified\":\"2016-11-17T10:07:55+00:00\",\"author\":{\"@id\":\"https:\/\/blog.zeit.de\/nsu-prozess-blog\/#\/schema\/person\/553ea9bb5d1fc2ae054c589bd59380a5\"},\"breadcrumb\":{\"@id\":\"https:\/\/blog.zeit.de\/nsu-prozess-blog\/2016\/11\/17\/medienlog-verfassungsschutz-piatto-handy-nsu\/#breadcrumb\"},\"inLanguage\":\"de\",\"potentialAction\":[{\"@type\":\"ReadAction\",\"target\":[\"https:\/\/blog.zeit.de\/nsu-prozess-blog\/2016\/11\/17\/medienlog-verfassungsschutz-piatto-handy-nsu\/\"]}]},{\"@type\":\"BreadcrumbList\",\"@id\":\"https:\/\/blog.zeit.de\/nsu-prozess-blog\/2016\/11\/17\/medienlog-verfassungsschutz-piatto-handy-nsu\/#breadcrumb\",\"itemListElement\":[{\"@type\":\"ListItem\",\"position\":1,\"name\":\"Startseite\",\"item\":\"https:\/\/blog.zeit.de\/nsu-prozess-blog\/\"},{\"@type\":\"ListItem\",\"position\":2,\"name\":\"Verfassungssch\u00fctzer soll vor Gericht gelogen haben \u2013 Das Medienlog vom Donnerstag, 17. November 2016\"}]},{\"@type\":\"WebSite\",\"@id\":\"https:\/\/blog.zeit.de\/nsu-prozess-blog\/#website\",\"url\":\"https:\/\/blog.zeit.de\/nsu-prozess-blog\/\",\"name\":\"Das NSU-Prozess-Blog\",\"description\":\"Alle Berichte zum Terrorverfahren in M\u00fcnchen\",\"potentialAction\":[{\"@type\":\"SearchAction\",\"target\":{\"@type\":\"EntryPoint\",\"urlTemplate\":\"https:\/\/blog.zeit.de\/nsu-prozess-blog\/?s={search_term_string}\"},\"query-input\":\"required name=search_term_string\"}],\"inLanguage\":\"de\"},{\"@type\":\"Person\",\"@id\":\"https:\/\/blog.zeit.de\/nsu-prozess-blog\/#\/schema\/person\/553ea9bb5d1fc2ae054c589bd59380a5\",\"name\":\"Tom Sundermann\",\"image\":{\"@type\":\"ImageObject\",\"inLanguage\":\"de\",\"@id\":\"https:\/\/blog.zeit.de\/nsu-prozess-blog\/#\/schema\/person\/image\/\",\"url\":\"https:\/\/secure.gravatar.com\/avatar\/e108a3dc18766f719b2f797dc5d19093f06a1870c55b553ab6b7563f1f9a5e68?s=96&d=mm&r=g\",\"contentUrl\":\"https:\/\/secure.gravatar.com\/avatar\/e108a3dc18766f719b2f797dc5d19093f06a1870c55b553ab6b7563f1f9a5e68?s=96&d=mm&r=g\",\"caption\":\"Tom Sundermann\"},\"sameAs\":[\"https:\/\/twitter.com\/messeticker\"],\"url\":\"https:\/\/blog.zeit.de\/nsu-prozess-blog\/author\/tsundermann\/\"}]}<\/script>\n<!-- \/ Yoast SEO plugin. -->","yoast_head_json":{"title":"Verfassungssch\u00fctzer soll vor Gericht gelogen haben \u2013 Das Medienlog vom Donnerstag, 17. November 2016 - Das NSU-Prozess-Blog","robots":{"index":"index","follow":"follow","max-snippet":"max-snippet:-1","max-image-preview":"max-image-preview:large","max-video-preview":"max-video-preview:-1"},"canonical":"https:\/\/blog.zeit.de\/nsu-prozess-blog\/2016\/11\/17\/medienlog-verfassungsschutz-piatto-handy-nsu\/","og_locale":"de_DE","og_type":"article","og_title":"Verfassungssch\u00fctzer soll vor Gericht gelogen haben \u2013 Das Medienlog vom Donnerstag, 17. November 2016 - Das NSU-Prozess-Blog","og_description":"Ein Vermerk, gekennzeichnet mit dem Stempel &#8222;Geheim&#8220;, besch\u00e4ftigt den NSU-Prozess: Drei Anw\u00e4lte der Nebenklage legten den Bericht aus dem Brandenburger Verfassungsschutz am Mittwoch dem M\u00fcnchner Oberlandesgericht vor und beantragten, ihn zu verlesen. Sein Inhalt ist brisant: Demnach hat ein Quellenf\u00fchrer des Geheimdienstes, der fr\u00fcher den V-Mann Carsten Sz. alias Piatto betreute, vor Gericht gelogen. Der [&hellip;]","og_url":"https:\/\/blog.zeit.de\/nsu-prozess-blog\/2016\/11\/17\/medienlog-verfassungsschutz-piatto-handy-nsu\/","og_site_name":"Das NSU-Prozess-Blog","article_published_time":"2016-11-17T07:59:17+00:00","article_modified_time":"2016-11-17T10:07:55+00:00","author":"Tom Sundermann","twitter_misc":{"Geschrieben von":"Tom Sundermann","Gesch\u00e4tzte Lesezeit":"2\u00a0Minuten"},"schema":{"@context":"https:\/\/schema.org","@graph":[{"@type":"WebPage","@id":"https:\/\/blog.zeit.de\/nsu-prozess-blog\/2016\/11\/17\/medienlog-verfassungsschutz-piatto-handy-nsu\/","url":"https:\/\/blog.zeit.de\/nsu-prozess-blog\/2016\/11\/17\/medienlog-verfassungsschutz-piatto-handy-nsu\/","name":"Verfassungssch\u00fctzer soll vor Gericht gelogen haben \u2013 Das Medienlog vom Donnerstag, 17. November 2016 - Das NSU-Prozess-Blog","isPartOf":{"@id":"https:\/\/blog.zeit.de\/nsu-prozess-blog\/#website"},"datePublished":"2016-11-17T07:59:17+00:00","dateModified":"2016-11-17T10:07:55+00:00","author":{"@id":"https:\/\/blog.zeit.de\/nsu-prozess-blog\/#\/schema\/person\/553ea9bb5d1fc2ae054c589bd59380a5"},"breadcrumb":{"@id":"https:\/\/blog.zeit.de\/nsu-prozess-blog\/2016\/11\/17\/medienlog-verfassungsschutz-piatto-handy-nsu\/#breadcrumb"},"inLanguage":"de","potentialAction":[{"@type":"ReadAction","target":["https:\/\/blog.zeit.de\/nsu-prozess-blog\/2016\/11\/17\/medienlog-verfassungsschutz-piatto-handy-nsu\/"]}]},{"@type":"BreadcrumbList","@id":"https:\/\/blog.zeit.de\/nsu-prozess-blog\/2016\/11\/17\/medienlog-verfassungsschutz-piatto-handy-nsu\/#breadcrumb","itemListElement":[{"@type":"ListItem","position":1,"name":"Startseite","item":"https:\/\/blog.zeit.de\/nsu-prozess-blog\/"},{"@type":"ListItem","position":2,"name":"Verfassungssch\u00fctzer soll vor Gericht gelogen haben \u2013 Das Medienlog vom Donnerstag, 17. November 2016"}]},{"@type":"WebSite","@id":"https:\/\/blog.zeit.de\/nsu-prozess-blog\/#website","url":"https:\/\/blog.zeit.de\/nsu-prozess-blog\/","name":"Das NSU-Prozess-Blog","description":"Alle Berichte zum Terrorverfahren in M\u00fcnchen","potentialAction":[{"@type":"SearchAction","target":{"@type":"EntryPoint","urlTemplate":"https:\/\/blog.zeit.de\/nsu-prozess-blog\/?s={search_term_string}"},"query-input":"required name=search_term_string"}],"inLanguage":"de"},{"@type":"Person","@id":"https:\/\/blog.zeit.de\/nsu-prozess-blog\/#\/schema\/person\/553ea9bb5d1fc2ae054c589bd59380a5","name":"Tom Sundermann","image":{"@type":"ImageObject","inLanguage":"de","@id":"https:\/\/blog.zeit.de\/nsu-prozess-blog\/#\/schema\/person\/image\/","url":"https:\/\/secure.gravatar.com\/avatar\/e108a3dc18766f719b2f797dc5d19093f06a1870c55b553ab6b7563f1f9a5e68?s=96&d=mm&r=g","contentUrl":"https:\/\/secure.gravatar.com\/avatar\/e108a3dc18766f719b2f797dc5d19093f06a1870c55b553ab6b7563f1f9a5e68?s=96&d=mm&r=g","caption":"Tom Sundermann"},"sameAs":["https:\/\/twitter.com\/messeticker"],"url":"https:\/\/blog.zeit.de\/nsu-prozess-blog\/author\/tsundermann\/"}]}},"jetpack_featured_media_url":"","jetpack_sharing_enabled":true,"_links":{"self":[{"href":"https:\/\/blog.zeit.de\/nsu-prozess-blog\/wp-json\/wp\/v2\/posts\/12287","targetHints":{"allow":["GET"]}}],"collection":[{"href":"https:\/\/blog.zeit.de\/nsu-prozess-blog\/wp-json\/wp\/v2\/posts"}],"about":[{"href":"https:\/\/blog.zeit.de\/nsu-prozess-blog\/wp-json\/wp\/v2\/types\/post"}],"author":[{"embeddable":true,"href":"https:\/\/blog.zeit.de\/nsu-prozess-blog\/wp-json\/wp\/v2\/users\/435"}],"replies":[{"embeddable":true,"href":"https:\/\/blog.zeit.de\/nsu-prozess-blog\/wp-json\/wp\/v2\/comments?post=12287"}],"version-history":[{"count":3,"href":"https:\/\/blog.zeit.de\/nsu-prozess-blog\/wp-json\/wp\/v2\/posts\/12287\/revisions"}],"predecessor-version":[{"id":12290,"href":"https:\/\/blog.zeit.de\/nsu-prozess-blog\/wp-json\/wp\/v2\/posts\/12287\/revisions\/12290"}],"wp:attachment":[{"href":"https:\/\/blog.zeit.de\/nsu-prozess-blog\/wp-json\/wp\/v2\/media?parent=12287"}],"wp:term":[{"taxonomy":"category","embeddable":true,"href":"https:\/\/blog.zeit.de\/nsu-prozess-blog\/wp-json\/wp\/v2\/categories?post=12287"},{"taxonomy":"post_tag","embeddable":true,"href":"https:\/\/blog.zeit.de\/nsu-prozess-blog\/wp-json\/wp\/v2\/tags?post=12287"}],"curies":[{"name":"wp","href":"https:\/\/api.w.org\/{rel}","templated":true}]}}