{"id":12300,"date":"2016-11-23T07:00:35","date_gmt":"2016-11-23T06:00:35","guid":{"rendered":"http:\/\/blog.zeit.de\/nsu-prozess-blog\/?p=12300"},"modified":"2016-11-22T11:24:21","modified_gmt":"2016-11-22T10:24:21","slug":"324-prozesstag-gericht-prueft-ausspaehung-von-berliner-synagoge","status":"publish","type":"post","link":"https:\/\/blog.zeit.de\/nsu-prozess-blog\/2016\/11\/23\/324-prozesstag-gericht-prueft-ausspaehung-von-berliner-synagoge\/","title":{"rendered":"324. Prozesstag \u2013 Gericht pr\u00fcft Aussp\u00e4hung von Berliner Synagoge"},"content":{"rendered":"<p>Es ist ein Hinweis auf <a href=\"https:\/\/blog.zeit.de\/nsu-prozess-blog\/2016\/10\/10\/medienlog-anschlaege-berlin-friedhof-nsu\/\">weitere m\u00f6gliche Anschl\u00e4ge des NSU<\/a>: Die Hauptangeklagte Beate Zsch\u00e4pe soll im Mai 2000 <a href=\"https:\/\/blog.zeit.de\/nsu-prozess-blog\/2016\/10\/07\/medienlog-zschaepe-synagoge-antrag-nsu\/\">eine Synagoge in Berlin ausgesp\u00e4ht haben<\/a>. Vor dem Geb\u00e4ude will sie ein Polizist erkannt haben, der das Gotteshaus damals bewachte \u2013 Ende Oktober hatte er im NSU-Prozess ausgesagt.<\/p>\n<p>Heute ist ein Beamter des Berliner Landeskriminalamts in den Prozess geladen, der den Polizisten damals als Zeugen vernommen hatte. In <a href=\"https:\/\/blog.zeit.de\/nsu-prozess-blog\/2016\/10\/27\/medienlog-peggy-synagoge-nsu\/\">seiner Aussage vor Gericht<\/a> widersprach der Wachmann n\u00e4mlich teilweise den Erinnerungen, die er 2000 zu Protokoll gegeben hatte.<\/p>\n<p><em>ZEIT ONLINE berichtet aus M\u00fcnchen und fasst den Prozesstag am Abend auf diesem Blog zusammen. Informationen aus der Verhandlung gibt es <a href=\"https:\/\/twitter.com\/zeitonline\/lists\/nsu-prozess\">via Twitter hier<\/a>. Weitere Berichte stellen wir morgen im <a href=\"https:\/\/blog.zeit.de\/nsu-prozess-blog\/category\/medienschau\/\">NSU-Medienlog<\/a> zusammen.<\/em><\/p>\n","protected":false},"excerpt":{"rendered":"<p>Es ist ein Hinweis auf weitere m\u00f6gliche Anschl\u00e4ge des NSU: Die Hauptangeklagte Beate Zsch\u00e4pe soll im Mai 2000 eine Synagoge in Berlin ausgesp\u00e4ht haben. Vor dem Geb\u00e4ude will sie ein Polizist erkannt haben, der das Gotteshaus damals bewachte \u2013 Ende Oktober hatte er im NSU-Prozess ausgesagt. Heute ist ein Beamter des Berliner Landeskriminalamts in den [&hellip;]<\/p>\n","protected":false},"author":435,"featured_media":0,"comment_status":"open","ping_status":"open","sticky":false,"template":"","format":"standard","meta":{"_jetpack_memberships_contains_paid_content":false,"footnotes":""},"categories":[27532],"tags":[33571,17793,249,28282,991,35422],"class_list":["post-12300","post","type-post","status-publish","format-standard","hentry","category-prozesstage","tag-anschlagsplanung","tag-beate-zschape","tag-berlin","tag-lka","tag-polizei","tag-synagoge"],"yoast_head":"<!-- This site is optimized with the Yoast SEO plugin v21.0 - https:\/\/yoast.com\/wordpress\/plugins\/seo\/ -->\n<title>324. Prozesstag \u2013 Gericht pr\u00fcft Aussp\u00e4hung von Berliner Synagoge - Das NSU-Prozess-Blog<\/title>\n<meta name=\"robots\" content=\"index, follow, max-snippet:-1, max-image-preview:large, max-video-preview:-1\" \/>\n<link rel=\"canonical\" href=\"https:\/\/blog.zeit.de\/nsu-prozess-blog\/2016\/11\/23\/324-prozesstag-gericht-prueft-ausspaehung-von-berliner-synagoge\/\" \/>\n<meta property=\"og:locale\" content=\"de_DE\" \/>\n<meta property=\"og:type\" content=\"article\" \/>\n<meta property=\"og:title\" content=\"324. Prozesstag \u2013 Gericht pr\u00fcft Aussp\u00e4hung von Berliner Synagoge - Das NSU-Prozess-Blog\" \/>\n<meta property=\"og:description\" content=\"Es ist ein Hinweis auf weitere m\u00f6gliche Anschl\u00e4ge des NSU: Die Hauptangeklagte Beate Zsch\u00e4pe soll im Mai 2000 eine Synagoge in Berlin ausgesp\u00e4ht haben. Vor dem Geb\u00e4ude will sie ein Polizist erkannt haben, der das Gotteshaus damals bewachte \u2013 Ende Oktober hatte er im NSU-Prozess ausgesagt. Heute ist ein Beamter des Berliner Landeskriminalamts in den [&hellip;]\" \/>\n<meta property=\"og:url\" content=\"https:\/\/blog.zeit.de\/nsu-prozess-blog\/2016\/11\/23\/324-prozesstag-gericht-prueft-ausspaehung-von-berliner-synagoge\/\" \/>\n<meta property=\"og:site_name\" content=\"Das NSU-Prozess-Blog\" \/>\n<meta property=\"article:published_time\" content=\"2016-11-23T06:00:35+00:00\" \/>\n<meta property=\"article:modified_time\" content=\"2016-11-22T10:24:21+00:00\" \/>\n<meta name=\"author\" content=\"Tom Sundermann\" \/>\n<meta name=\"twitter:label1\" content=\"Geschrieben von\" \/>\n\t<meta name=\"twitter:data1\" content=\"Tom Sundermann\" \/>\n\t<meta name=\"twitter:label2\" content=\"Gesch\u00e4tzte Lesezeit\" \/>\n\t<meta name=\"twitter:data2\" content=\"1\u00a0Minute\" \/>\n<script type=\"application\/ld+json\" class=\"yoast-schema-graph\">{\"@context\":\"https:\/\/schema.org\",\"@graph\":[{\"@type\":\"WebPage\",\"@id\":\"https:\/\/blog.zeit.de\/nsu-prozess-blog\/2016\/11\/23\/324-prozesstag-gericht-prueft-ausspaehung-von-berliner-synagoge\/\",\"url\":\"https:\/\/blog.zeit.de\/nsu-prozess-blog\/2016\/11\/23\/324-prozesstag-gericht-prueft-ausspaehung-von-berliner-synagoge\/\",\"name\":\"324. Prozesstag \u2013 Gericht pr\u00fcft Aussp\u00e4hung von Berliner Synagoge - Das NSU-Prozess-Blog\",\"isPartOf\":{\"@id\":\"https:\/\/blog.zeit.de\/nsu-prozess-blog\/#website\"},\"datePublished\":\"2016-11-23T06:00:35+00:00\",\"dateModified\":\"2016-11-22T10:24:21+00:00\",\"author\":{\"@id\":\"https:\/\/blog.zeit.de\/nsu-prozess-blog\/#\/schema\/person\/553ea9bb5d1fc2ae054c589bd59380a5\"},\"breadcrumb\":{\"@id\":\"https:\/\/blog.zeit.de\/nsu-prozess-blog\/2016\/11\/23\/324-prozesstag-gericht-prueft-ausspaehung-von-berliner-synagoge\/#breadcrumb\"},\"inLanguage\":\"de\",\"potentialAction\":[{\"@type\":\"ReadAction\",\"target\":[\"https:\/\/blog.zeit.de\/nsu-prozess-blog\/2016\/11\/23\/324-prozesstag-gericht-prueft-ausspaehung-von-berliner-synagoge\/\"]}]},{\"@type\":\"BreadcrumbList\",\"@id\":\"https:\/\/blog.zeit.de\/nsu-prozess-blog\/2016\/11\/23\/324-prozesstag-gericht-prueft-ausspaehung-von-berliner-synagoge\/#breadcrumb\",\"itemListElement\":[{\"@type\":\"ListItem\",\"position\":1,\"name\":\"Startseite\",\"item\":\"https:\/\/blog.zeit.de\/nsu-prozess-blog\/\"},{\"@type\":\"ListItem\",\"position\":2,\"name\":\"324. Prozesstag \u2013 Gericht pr\u00fcft Aussp\u00e4hung von Berliner Synagoge\"}]},{\"@type\":\"WebSite\",\"@id\":\"https:\/\/blog.zeit.de\/nsu-prozess-blog\/#website\",\"url\":\"https:\/\/blog.zeit.de\/nsu-prozess-blog\/\",\"name\":\"Das NSU-Prozess-Blog\",\"description\":\"Alle Berichte zum Terrorverfahren in M\u00fcnchen\",\"potentialAction\":[{\"@type\":\"SearchAction\",\"target\":{\"@type\":\"EntryPoint\",\"urlTemplate\":\"https:\/\/blog.zeit.de\/nsu-prozess-blog\/?s={search_term_string}\"},\"query-input\":\"required name=search_term_string\"}],\"inLanguage\":\"de\"},{\"@type\":\"Person\",\"@id\":\"https:\/\/blog.zeit.de\/nsu-prozess-blog\/#\/schema\/person\/553ea9bb5d1fc2ae054c589bd59380a5\",\"name\":\"Tom Sundermann\",\"image\":{\"@type\":\"ImageObject\",\"inLanguage\":\"de\",\"@id\":\"https:\/\/blog.zeit.de\/nsu-prozess-blog\/#\/schema\/person\/image\/\",\"url\":\"https:\/\/secure.gravatar.com\/avatar\/e108a3dc18766f719b2f797dc5d19093f06a1870c55b553ab6b7563f1f9a5e68?s=96&d=mm&r=g\",\"contentUrl\":\"https:\/\/secure.gravatar.com\/avatar\/e108a3dc18766f719b2f797dc5d19093f06a1870c55b553ab6b7563f1f9a5e68?s=96&d=mm&r=g\",\"caption\":\"Tom Sundermann\"},\"sameAs\":[\"https:\/\/twitter.com\/messeticker\"],\"url\":\"https:\/\/blog.zeit.de\/nsu-prozess-blog\/author\/tsundermann\/\"}]}<\/script>\n<!-- \/ Yoast SEO plugin. -->","yoast_head_json":{"title":"324. Prozesstag \u2013 Gericht pr\u00fcft Aussp\u00e4hung von Berliner Synagoge - Das NSU-Prozess-Blog","robots":{"index":"index","follow":"follow","max-snippet":"max-snippet:-1","max-image-preview":"max-image-preview:large","max-video-preview":"max-video-preview:-1"},"canonical":"https:\/\/blog.zeit.de\/nsu-prozess-blog\/2016\/11\/23\/324-prozesstag-gericht-prueft-ausspaehung-von-berliner-synagoge\/","og_locale":"de_DE","og_type":"article","og_title":"324. Prozesstag \u2013 Gericht pr\u00fcft Aussp\u00e4hung von Berliner Synagoge - Das NSU-Prozess-Blog","og_description":"Es ist ein Hinweis auf weitere m\u00f6gliche Anschl\u00e4ge des NSU: Die Hauptangeklagte Beate Zsch\u00e4pe soll im Mai 2000 eine Synagoge in Berlin ausgesp\u00e4ht haben. Vor dem Geb\u00e4ude will sie ein Polizist erkannt haben, der das Gotteshaus damals bewachte \u2013 Ende Oktober hatte er im NSU-Prozess ausgesagt. Heute ist ein Beamter des Berliner Landeskriminalamts in den [&hellip;]","og_url":"https:\/\/blog.zeit.de\/nsu-prozess-blog\/2016\/11\/23\/324-prozesstag-gericht-prueft-ausspaehung-von-berliner-synagoge\/","og_site_name":"Das NSU-Prozess-Blog","article_published_time":"2016-11-23T06:00:35+00:00","article_modified_time":"2016-11-22T10:24:21+00:00","author":"Tom Sundermann","twitter_misc":{"Geschrieben von":"Tom Sundermann","Gesch\u00e4tzte Lesezeit":"1\u00a0Minute"},"schema":{"@context":"https:\/\/schema.org","@graph":[{"@type":"WebPage","@id":"https:\/\/blog.zeit.de\/nsu-prozess-blog\/2016\/11\/23\/324-prozesstag-gericht-prueft-ausspaehung-von-berliner-synagoge\/","url":"https:\/\/blog.zeit.de\/nsu-prozess-blog\/2016\/11\/23\/324-prozesstag-gericht-prueft-ausspaehung-von-berliner-synagoge\/","name":"324. Prozesstag \u2013 Gericht pr\u00fcft Aussp\u00e4hung von Berliner Synagoge - Das NSU-Prozess-Blog","isPartOf":{"@id":"https:\/\/blog.zeit.de\/nsu-prozess-blog\/#website"},"datePublished":"2016-11-23T06:00:35+00:00","dateModified":"2016-11-22T10:24:21+00:00","author":{"@id":"https:\/\/blog.zeit.de\/nsu-prozess-blog\/#\/schema\/person\/553ea9bb5d1fc2ae054c589bd59380a5"},"breadcrumb":{"@id":"https:\/\/blog.zeit.de\/nsu-prozess-blog\/2016\/11\/23\/324-prozesstag-gericht-prueft-ausspaehung-von-berliner-synagoge\/#breadcrumb"},"inLanguage":"de","potentialAction":[{"@type":"ReadAction","target":["https:\/\/blog.zeit.de\/nsu-prozess-blog\/2016\/11\/23\/324-prozesstag-gericht-prueft-ausspaehung-von-berliner-synagoge\/"]}]},{"@type":"BreadcrumbList","@id":"https:\/\/blog.zeit.de\/nsu-prozess-blog\/2016\/11\/23\/324-prozesstag-gericht-prueft-ausspaehung-von-berliner-synagoge\/#breadcrumb","itemListElement":[{"@type":"ListItem","position":1,"name":"Startseite","item":"https:\/\/blog.zeit.de\/nsu-prozess-blog\/"},{"@type":"ListItem","position":2,"name":"324. Prozesstag \u2013 Gericht pr\u00fcft Aussp\u00e4hung von Berliner Synagoge"}]},{"@type":"WebSite","@id":"https:\/\/blog.zeit.de\/nsu-prozess-blog\/#website","url":"https:\/\/blog.zeit.de\/nsu-prozess-blog\/","name":"Das NSU-Prozess-Blog","description":"Alle Berichte zum Terrorverfahren in M\u00fcnchen","potentialAction":[{"@type":"SearchAction","target":{"@type":"EntryPoint","urlTemplate":"https:\/\/blog.zeit.de\/nsu-prozess-blog\/?s={search_term_string}"},"query-input":"required name=search_term_string"}],"inLanguage":"de"},{"@type":"Person","@id":"https:\/\/blog.zeit.de\/nsu-prozess-blog\/#\/schema\/person\/553ea9bb5d1fc2ae054c589bd59380a5","name":"Tom Sundermann","image":{"@type":"ImageObject","inLanguage":"de","@id":"https:\/\/blog.zeit.de\/nsu-prozess-blog\/#\/schema\/person\/image\/","url":"https:\/\/secure.gravatar.com\/avatar\/e108a3dc18766f719b2f797dc5d19093f06a1870c55b553ab6b7563f1f9a5e68?s=96&d=mm&r=g","contentUrl":"https:\/\/secure.gravatar.com\/avatar\/e108a3dc18766f719b2f797dc5d19093f06a1870c55b553ab6b7563f1f9a5e68?s=96&d=mm&r=g","caption":"Tom Sundermann"},"sameAs":["https:\/\/twitter.com\/messeticker"],"url":"https:\/\/blog.zeit.de\/nsu-prozess-blog\/author\/tsundermann\/"}]}},"jetpack_featured_media_url":"","jetpack_sharing_enabled":true,"_links":{"self":[{"href":"https:\/\/blog.zeit.de\/nsu-prozess-blog\/wp-json\/wp\/v2\/posts\/12300","targetHints":{"allow":["GET"]}}],"collection":[{"href":"https:\/\/blog.zeit.de\/nsu-prozess-blog\/wp-json\/wp\/v2\/posts"}],"about":[{"href":"https:\/\/blog.zeit.de\/nsu-prozess-blog\/wp-json\/wp\/v2\/types\/post"}],"author":[{"embeddable":true,"href":"https:\/\/blog.zeit.de\/nsu-prozess-blog\/wp-json\/wp\/v2\/users\/435"}],"replies":[{"embeddable":true,"href":"https:\/\/blog.zeit.de\/nsu-prozess-blog\/wp-json\/wp\/v2\/comments?post=12300"}],"version-history":[{"count":2,"href":"https:\/\/blog.zeit.de\/nsu-prozess-blog\/wp-json\/wp\/v2\/posts\/12300\/revisions"}],"predecessor-version":[{"id":12302,"href":"https:\/\/blog.zeit.de\/nsu-prozess-blog\/wp-json\/wp\/v2\/posts\/12300\/revisions\/12302"}],"wp:attachment":[{"href":"https:\/\/blog.zeit.de\/nsu-prozess-blog\/wp-json\/wp\/v2\/media?parent=12300"}],"wp:term":[{"taxonomy":"category","embeddable":true,"href":"https:\/\/blog.zeit.de\/nsu-prozess-blog\/wp-json\/wp\/v2\/categories?post=12300"},{"taxonomy":"post_tag","embeddable":true,"href":"https:\/\/blog.zeit.de\/nsu-prozess-blog\/wp-json\/wp\/v2\/tags?post=12300"}],"curies":[{"name":"wp","href":"https:\/\/api.w.org\/{rel}","templated":true}]}}