{"id":12319,"date":"2016-11-24T08:46:40","date_gmt":"2016-11-24T07:46:40","guid":{"rendered":"http:\/\/blog.zeit.de\/nsu-prozess-blog\/?p=12319"},"modified":"2016-11-24T11:37:40","modified_gmt":"2016-11-24T10:37:40","slug":"medienlog-wohlleben-rudolf-hess-antrag-nsu","status":"publish","type":"post","link":"https:\/\/blog.zeit.de\/nsu-prozess-blog\/2016\/11\/24\/medienlog-wohlleben-rudolf-hess-antrag-nsu\/","title":{"rendered":"Wohlleben-Anw\u00e4lte: Propaganda im NSU-Prozess \u2013 Das Medienlog vom Donnerstag, 24. November 2016"},"content":{"rendered":"<p>Erneut haben die Verteidiger des Mitangeklagten <a href=\"https:\/\/blog.zeit.de\/nsu-prozess-blog\/2016\/11\/23\/medienlog-wohlleben-jena-gewalt-nsu\/\">Ralf Wohlleben<\/a> den Tod des Hitler-Stellvertreters <a href=\"https:\/\/blog.zeit.de\/nsu-prozess-blog\/2016\/10\/24\/rudolf-hess-und-der-nsu-prozess\/\">Rudolf He\u00df zum Thema im NSU-Prozess<\/a> gemacht. Sie wollen beweisen, dass He\u00df ermordet worden sei und ihren Mandanten, offenbar Anh\u00e4nger der Mord-These, so dem Extremismusverdacht entziehen. Die Anw\u00e4lte beantragten, den Historiker und NPD-Politiker Olaf Rose als Sachverst\u00e4ndigen zu laden. Damit h\u00e4tte die Wohlleben-Partei &#8222;erneut offen rechtsextremistische Propaganda betrieben&#8220;, schreibt Wiebke Ramm in der <a href=\"http:\/\/www.sueddeutsche.de\/politik\/nsu-prozess-anwalt-ruehmt-rudolf-hess-1.3263587\" target=\"_blank\"><em>S\u00fcddeutschen Zeitung<\/em><\/a>. Nebenklageanw\u00e4lte waren ob des Vorsto\u00dfes emp\u00f6rt und bezeichneten ihn als Geschichtsrelativismus.<\/p>\n<p><!--more--><\/p>\n<p><em>An jedem Werktag sichten wir f\u00fcr das NSU-Prozess-Blog die Medien und stellen wichtige Berichte, Blogs, Videos und Tweets zusammen. Wir freuen uns \u00fcber Hinweise via Twitter mit dem Hashtag #nsublog \u2013 oder per E-Mail an <a href=\"mailto:nsublog@zeit.de\">nsublog@zeit.de<\/a>.<\/em><\/p>\n<p>In dem Antrag ist unter anderem von &#8222;unter Beweis gestellten Friedensbem\u00fchungen&#8220; die Rede, die He\u00df Respekt &#8222;in der &#8217;sogenannten&#8216; rechten Szene&#8220; verschafft h\u00e4tten. Tats\u00e4chlich wird He\u00df in rechtsextremen Kreisen bis heute als verhinderter Friedensstifter im Zweiten Weltkrieg verehrt. Das Gesuch zeige, dass &#8222;die drei Juristen (&#8230;) immer weniger Hemmungen haben, den NSU-Prozess f\u00fcr unverhohlene Nazi-Propaganda zu missbrauchen&#8220;, merkt Bj\u00f6rn Hengst auf <a href=\"http:\/\/www.spiegel.de\/panorama\/justiz\/nsu-prozess-neuer-beweisantrag-mit-bezug-auf-hitler-stellvertreter-hess-a-1122771.html\" target=\"_blank\"><em>Spiegel Online<\/em><\/a> an.<\/p>\n<p>Einziger Zeuge des Prozesstags war ein Beamter des Berliner Landeskriminalamts, der zur m\u00f6glichen <a href=\"https:\/\/blog.zeit.de\/nsu-prozess-blog\/2016\/10\/07\/medienlog-zschaepe-synagoge-antrag-nsu\/\">Aussp\u00e4hung einer Synagoge<\/a> in der Hauptstadt durch Beate Zsch\u00e4pe und Uwe Mundlos befragt wurde. Der Ermittler hatte im Jahr 2000 einen Wachpolizisten befragt, der die NSU-Mitglieder in einem Caf\u00e9 <a href=\"https:\/\/blog.zeit.de\/nsu-prozess-blog\/2016\/10\/27\/medienlog-peggy-synagoge-nsu\/\">nahe dem Gotteshaus gesehen haben will<\/a>. An die Vernehmung hatte der Zeuge nun kaum noch Erinnerungen. &#8222;Er wei\u00df nur noch, dass sich der Kollege damals ziemlich sicher war&#8220;, res\u00fcmiert Ina Krauss vom <a href=\"http:\/\/www.br.de\/nachrichten\/nsu-prozess\/161123-tagebuch-gerichtsreporter-100.html\" target=\"_blank\">Bayerischen Rundfunk<\/a>. Beate Zsch\u00e4pes Verteidigerin Anja Sturm teilte daraufhin mit, sie halte die Aussage des Schutzmanns f\u00fcr nicht verwertbar, weil sie nicht ausreichend hinterfragt worden sei.<\/p>\n<p>Zsch\u00e4pe will in der \u00fcbern\u00e4chsten Woche Fragen mit Bezug zum <a href=\"https:\/\/blog.zeit.de\/nsu-prozess-blog\/2016\/10\/14\/medienlog-boehnhardt-peggy-rudolf-hess-nsu\/\">Mord an der neunj\u00e4hrigen Peggy Knobloch<\/a> beantworten, wie <a href=\"http:\/\/www.abendzeitung-muenchen.de\/inhalt.nsu-prozess-beate-zschaepe-will-fragen-zu-peggy-beantworten.6107c7ec-59ed-484c-8c7c-ecf4cef8ed00.html\" target=\"_blank\">bei dpa<\/a> nachzulesen ist. Richter Manfred G\u00f6tzl hatte der Hauptangeklagten Ende Oktober <a href=\"https:\/\/blog.zeit.de\/nsu-prozess-blog\/2016\/10\/27\/medienlog-peggy-synagoge-nsu\/\">mehrere Fragen zu dem Fall gestellt<\/a>. Er wollte wissen, ob sie \u00fcber Informationen verf\u00fcge, die sie &#8222;nicht aus den Medien&#8220; hat. Der Mord steht m\u00f6glicherweise in Zusammenhang mit dem NSU-Komplex, weil <a href=\"http:\/\/www.zeit.de\/gesellschaft\/zeitgeschehen\/2016-10\/nsu-boehnhardt-peggy-untersuchung\">DNA-Spuren von Uwe B\u00f6hnhardt am Fundort von Peggys Leiche<\/a> in Th\u00fcringen festgestellt wurden. Auch will Zsch\u00e4pes Anwalt Mathias Grasel eine Stellungnahme zu dem vorl\u00e4ufigen <a href=\"https:\/\/blog.zeit.de\/nsu-prozess-blog\/2016\/10\/29\/gutachter-ueber-zschaepe-selbstbewusst-kraeftig-und-burschikos\/\">Gutachten des psychiatrischen Sachverst\u00e4ndigen Henning Sa\u00df<\/a> abgeben.<\/p>\n<p>Im Fall der <a href=\"https:\/\/blog.zeit.de\/nsu-prozess-blog\/2015\/08\/03\/anwaelte-wollen-verfassungsschutz-durchleuchten\/\">Aktenvernichtung beim Bundesamt f\u00fcr Verfassungsschutz<\/a> gibt es nun doch Ermittlungen durch die K\u00f6lner Staatsanwaltschaft \u2013 allerdings nicht wegen der Schredder-Aktion am 11. November 2011, sondern wegen eines zweiten Falls mehrere Tage sp\u00e4ter. Verantwortlich war beide Male ein Abteilungsleiter mit dem Tarnnamen Lothar Lingen. Grundlage der neuen Ermittlungen sei eine E-Mail, die belegt, dass Lingen von einem Vernichtungsverbot aller relevanten Dokumente wusste, wie die <a href=\"http:\/\/www.sueddeutsche.de\/politik\/nsu-komplex-koelner-staatsanwaltschaft-ermittelt-nun-doch-wegen-geschredderter-akten-1.3264049\" target=\"_blank\"><em>S\u00fcddeutsche Zeitung<\/em><\/a> berichtet. Der <a href=\"https:\/\/blog.zeit.de\/nsu-prozess-blog\/2016\/11\/11\/nsu-verfassungsschutz-dokumente-vernichtung-lothar-lingen-medienlog\/\">erste Fall ist mittlerweile verj\u00e4hrt<\/a>, der zweite jedoch nicht, weil die Ermittlungen bereits laufen. In den Unterlagen waren Berichte von V-M\u00e4nnern mit NSU-Zusammenhang abgeheftet.<\/p>\n<p><em>Das n\u00e4chste Medienlog erscheint am Freitag, 25. November 2016.<\/em><\/p>\n","protected":false},"excerpt":{"rendered":"<p>Erneut haben die Verteidiger des Mitangeklagten Ralf Wohlleben den Tod des Hitler-Stellvertreters Rudolf He\u00df zum Thema im NSU-Prozess gemacht. Sie wollen beweisen, dass He\u00df ermordet worden sei und ihren Mandanten, offenbar Anh\u00e4nger der Mord-These, so dem Extremismusverdacht entziehen. Die Anw\u00e4lte beantragten, den Historiker und NPD-Politiker Olaf Rose als Sachverst\u00e4ndigen zu laden. Damit h\u00e4tte die Wohlleben-Partei [&hellip;]<\/p>\n","protected":false},"author":435,"featured_media":0,"comment_status":"open","ping_status":"open","sticky":false,"template":"","format":"standard","meta":{"_jetpack_memberships_contains_paid_content":false,"footnotes":""},"categories":[27531],"tags":[35375,33571,17793,249,27772,35424,17772,29342,35422,17899,1836],"class_list":["post-12319","post","type-post","status-publish","format-standard","hentry","category-medienschau","tag-akten","tag-anschlagsplanung","tag-beate-zschape","tag-berlin","tag-bundesverfassungsschutz","tag-peggy","tag-ralf-wohlleben","tag-rudolf-hess","tag-synagoge","tag-v-mann","tag-verfassungsschutz"],"yoast_head":"<!-- This site is optimized with the Yoast SEO plugin v21.0 - https:\/\/yoast.com\/wordpress\/plugins\/seo\/ -->\n<title>Wohlleben-Anw\u00e4lte: Propaganda im NSU-Prozess \u2013 Das Medienlog vom Donnerstag, 24. November 2016 - Das NSU-Prozess-Blog<\/title>\n<meta name=\"robots\" content=\"index, follow, max-snippet:-1, max-image-preview:large, max-video-preview:-1\" \/>\n<link rel=\"canonical\" href=\"https:\/\/blog.zeit.de\/nsu-prozess-blog\/2016\/11\/24\/medienlog-wohlleben-rudolf-hess-antrag-nsu\/\" \/>\n<meta property=\"og:locale\" content=\"de_DE\" \/>\n<meta property=\"og:type\" content=\"article\" \/>\n<meta property=\"og:title\" content=\"Wohlleben-Anw\u00e4lte: Propaganda im NSU-Prozess \u2013 Das Medienlog vom Donnerstag, 24. November 2016 - Das NSU-Prozess-Blog\" \/>\n<meta property=\"og:description\" content=\"Erneut haben die Verteidiger des Mitangeklagten Ralf Wohlleben den Tod des Hitler-Stellvertreters Rudolf He\u00df zum Thema im NSU-Prozess gemacht. Sie wollen beweisen, dass He\u00df ermordet worden sei und ihren Mandanten, offenbar Anh\u00e4nger der Mord-These, so dem Extremismusverdacht entziehen. Die Anw\u00e4lte beantragten, den Historiker und NPD-Politiker Olaf Rose als Sachverst\u00e4ndigen zu laden. Damit h\u00e4tte die Wohlleben-Partei [&hellip;]\" \/>\n<meta property=\"og:url\" content=\"https:\/\/blog.zeit.de\/nsu-prozess-blog\/2016\/11\/24\/medienlog-wohlleben-rudolf-hess-antrag-nsu\/\" \/>\n<meta property=\"og:site_name\" content=\"Das NSU-Prozess-Blog\" \/>\n<meta property=\"article:published_time\" content=\"2016-11-24T07:46:40+00:00\" \/>\n<meta property=\"article:modified_time\" content=\"2016-11-24T10:37:40+00:00\" \/>\n<meta name=\"author\" content=\"Tom Sundermann\" \/>\n<meta name=\"twitter:label1\" content=\"Geschrieben von\" \/>\n\t<meta name=\"twitter:data1\" content=\"Tom Sundermann\" \/>\n\t<meta name=\"twitter:label2\" content=\"Gesch\u00e4tzte Lesezeit\" \/>\n\t<meta name=\"twitter:data2\" content=\"3\u00a0Minuten\" \/>\n<script type=\"application\/ld+json\" class=\"yoast-schema-graph\">{\"@context\":\"https:\/\/schema.org\",\"@graph\":[{\"@type\":\"WebPage\",\"@id\":\"https:\/\/blog.zeit.de\/nsu-prozess-blog\/2016\/11\/24\/medienlog-wohlleben-rudolf-hess-antrag-nsu\/\",\"url\":\"https:\/\/blog.zeit.de\/nsu-prozess-blog\/2016\/11\/24\/medienlog-wohlleben-rudolf-hess-antrag-nsu\/\",\"name\":\"Wohlleben-Anw\u00e4lte: Propaganda im NSU-Prozess \u2013 Das Medienlog vom Donnerstag, 24. November 2016 - Das NSU-Prozess-Blog\",\"isPartOf\":{\"@id\":\"https:\/\/blog.zeit.de\/nsu-prozess-blog\/#website\"},\"datePublished\":\"2016-11-24T07:46:40+00:00\",\"dateModified\":\"2016-11-24T10:37:40+00:00\",\"author\":{\"@id\":\"https:\/\/blog.zeit.de\/nsu-prozess-blog\/#\/schema\/person\/553ea9bb5d1fc2ae054c589bd59380a5\"},\"breadcrumb\":{\"@id\":\"https:\/\/blog.zeit.de\/nsu-prozess-blog\/2016\/11\/24\/medienlog-wohlleben-rudolf-hess-antrag-nsu\/#breadcrumb\"},\"inLanguage\":\"de\",\"potentialAction\":[{\"@type\":\"ReadAction\",\"target\":[\"https:\/\/blog.zeit.de\/nsu-prozess-blog\/2016\/11\/24\/medienlog-wohlleben-rudolf-hess-antrag-nsu\/\"]}]},{\"@type\":\"BreadcrumbList\",\"@id\":\"https:\/\/blog.zeit.de\/nsu-prozess-blog\/2016\/11\/24\/medienlog-wohlleben-rudolf-hess-antrag-nsu\/#breadcrumb\",\"itemListElement\":[{\"@type\":\"ListItem\",\"position\":1,\"name\":\"Startseite\",\"item\":\"https:\/\/blog.zeit.de\/nsu-prozess-blog\/\"},{\"@type\":\"ListItem\",\"position\":2,\"name\":\"Wohlleben-Anw\u00e4lte: Propaganda im NSU-Prozess \u2013 Das Medienlog vom Donnerstag, 24. November 2016\"}]},{\"@type\":\"WebSite\",\"@id\":\"https:\/\/blog.zeit.de\/nsu-prozess-blog\/#website\",\"url\":\"https:\/\/blog.zeit.de\/nsu-prozess-blog\/\",\"name\":\"Das NSU-Prozess-Blog\",\"description\":\"Alle Berichte zum Terrorverfahren in M\u00fcnchen\",\"potentialAction\":[{\"@type\":\"SearchAction\",\"target\":{\"@type\":\"EntryPoint\",\"urlTemplate\":\"https:\/\/blog.zeit.de\/nsu-prozess-blog\/?s={search_term_string}\"},\"query-input\":\"required name=search_term_string\"}],\"inLanguage\":\"de\"},{\"@type\":\"Person\",\"@id\":\"https:\/\/blog.zeit.de\/nsu-prozess-blog\/#\/schema\/person\/553ea9bb5d1fc2ae054c589bd59380a5\",\"name\":\"Tom Sundermann\",\"image\":{\"@type\":\"ImageObject\",\"inLanguage\":\"de\",\"@id\":\"https:\/\/blog.zeit.de\/nsu-prozess-blog\/#\/schema\/person\/image\/\",\"url\":\"https:\/\/secure.gravatar.com\/avatar\/e108a3dc18766f719b2f797dc5d19093f06a1870c55b553ab6b7563f1f9a5e68?s=96&d=mm&r=g\",\"contentUrl\":\"https:\/\/secure.gravatar.com\/avatar\/e108a3dc18766f719b2f797dc5d19093f06a1870c55b553ab6b7563f1f9a5e68?s=96&d=mm&r=g\",\"caption\":\"Tom Sundermann\"},\"sameAs\":[\"https:\/\/twitter.com\/messeticker\"],\"url\":\"https:\/\/blog.zeit.de\/nsu-prozess-blog\/author\/tsundermann\/\"}]}<\/script>\n<!-- \/ Yoast SEO plugin. -->","yoast_head_json":{"title":"Wohlleben-Anw\u00e4lte: Propaganda im NSU-Prozess \u2013 Das Medienlog vom Donnerstag, 24. November 2016 - Das NSU-Prozess-Blog","robots":{"index":"index","follow":"follow","max-snippet":"max-snippet:-1","max-image-preview":"max-image-preview:large","max-video-preview":"max-video-preview:-1"},"canonical":"https:\/\/blog.zeit.de\/nsu-prozess-blog\/2016\/11\/24\/medienlog-wohlleben-rudolf-hess-antrag-nsu\/","og_locale":"de_DE","og_type":"article","og_title":"Wohlleben-Anw\u00e4lte: Propaganda im NSU-Prozess \u2013 Das Medienlog vom Donnerstag, 24. November 2016 - Das NSU-Prozess-Blog","og_description":"Erneut haben die Verteidiger des Mitangeklagten Ralf Wohlleben den Tod des Hitler-Stellvertreters Rudolf He\u00df zum Thema im NSU-Prozess gemacht. Sie wollen beweisen, dass He\u00df ermordet worden sei und ihren Mandanten, offenbar Anh\u00e4nger der Mord-These, so dem Extremismusverdacht entziehen. Die Anw\u00e4lte beantragten, den Historiker und NPD-Politiker Olaf Rose als Sachverst\u00e4ndigen zu laden. Damit h\u00e4tte die Wohlleben-Partei [&hellip;]","og_url":"https:\/\/blog.zeit.de\/nsu-prozess-blog\/2016\/11\/24\/medienlog-wohlleben-rudolf-hess-antrag-nsu\/","og_site_name":"Das NSU-Prozess-Blog","article_published_time":"2016-11-24T07:46:40+00:00","article_modified_time":"2016-11-24T10:37:40+00:00","author":"Tom Sundermann","twitter_misc":{"Geschrieben von":"Tom Sundermann","Gesch\u00e4tzte Lesezeit":"3\u00a0Minuten"},"schema":{"@context":"https:\/\/schema.org","@graph":[{"@type":"WebPage","@id":"https:\/\/blog.zeit.de\/nsu-prozess-blog\/2016\/11\/24\/medienlog-wohlleben-rudolf-hess-antrag-nsu\/","url":"https:\/\/blog.zeit.de\/nsu-prozess-blog\/2016\/11\/24\/medienlog-wohlleben-rudolf-hess-antrag-nsu\/","name":"Wohlleben-Anw\u00e4lte: Propaganda im NSU-Prozess \u2013 Das Medienlog vom Donnerstag, 24. November 2016 - Das NSU-Prozess-Blog","isPartOf":{"@id":"https:\/\/blog.zeit.de\/nsu-prozess-blog\/#website"},"datePublished":"2016-11-24T07:46:40+00:00","dateModified":"2016-11-24T10:37:40+00:00","author":{"@id":"https:\/\/blog.zeit.de\/nsu-prozess-blog\/#\/schema\/person\/553ea9bb5d1fc2ae054c589bd59380a5"},"breadcrumb":{"@id":"https:\/\/blog.zeit.de\/nsu-prozess-blog\/2016\/11\/24\/medienlog-wohlleben-rudolf-hess-antrag-nsu\/#breadcrumb"},"inLanguage":"de","potentialAction":[{"@type":"ReadAction","target":["https:\/\/blog.zeit.de\/nsu-prozess-blog\/2016\/11\/24\/medienlog-wohlleben-rudolf-hess-antrag-nsu\/"]}]},{"@type":"BreadcrumbList","@id":"https:\/\/blog.zeit.de\/nsu-prozess-blog\/2016\/11\/24\/medienlog-wohlleben-rudolf-hess-antrag-nsu\/#breadcrumb","itemListElement":[{"@type":"ListItem","position":1,"name":"Startseite","item":"https:\/\/blog.zeit.de\/nsu-prozess-blog\/"},{"@type":"ListItem","position":2,"name":"Wohlleben-Anw\u00e4lte: Propaganda im NSU-Prozess \u2013 Das Medienlog vom Donnerstag, 24. November 2016"}]},{"@type":"WebSite","@id":"https:\/\/blog.zeit.de\/nsu-prozess-blog\/#website","url":"https:\/\/blog.zeit.de\/nsu-prozess-blog\/","name":"Das NSU-Prozess-Blog","description":"Alle Berichte zum Terrorverfahren in M\u00fcnchen","potentialAction":[{"@type":"SearchAction","target":{"@type":"EntryPoint","urlTemplate":"https:\/\/blog.zeit.de\/nsu-prozess-blog\/?s={search_term_string}"},"query-input":"required name=search_term_string"}],"inLanguage":"de"},{"@type":"Person","@id":"https:\/\/blog.zeit.de\/nsu-prozess-blog\/#\/schema\/person\/553ea9bb5d1fc2ae054c589bd59380a5","name":"Tom Sundermann","image":{"@type":"ImageObject","inLanguage":"de","@id":"https:\/\/blog.zeit.de\/nsu-prozess-blog\/#\/schema\/person\/image\/","url":"https:\/\/secure.gravatar.com\/avatar\/e108a3dc18766f719b2f797dc5d19093f06a1870c55b553ab6b7563f1f9a5e68?s=96&d=mm&r=g","contentUrl":"https:\/\/secure.gravatar.com\/avatar\/e108a3dc18766f719b2f797dc5d19093f06a1870c55b553ab6b7563f1f9a5e68?s=96&d=mm&r=g","caption":"Tom Sundermann"},"sameAs":["https:\/\/twitter.com\/messeticker"],"url":"https:\/\/blog.zeit.de\/nsu-prozess-blog\/author\/tsundermann\/"}]}},"jetpack_featured_media_url":"","jetpack_sharing_enabled":true,"_links":{"self":[{"href":"https:\/\/blog.zeit.de\/nsu-prozess-blog\/wp-json\/wp\/v2\/posts\/12319","targetHints":{"allow":["GET"]}}],"collection":[{"href":"https:\/\/blog.zeit.de\/nsu-prozess-blog\/wp-json\/wp\/v2\/posts"}],"about":[{"href":"https:\/\/blog.zeit.de\/nsu-prozess-blog\/wp-json\/wp\/v2\/types\/post"}],"author":[{"embeddable":true,"href":"https:\/\/blog.zeit.de\/nsu-prozess-blog\/wp-json\/wp\/v2\/users\/435"}],"replies":[{"embeddable":true,"href":"https:\/\/blog.zeit.de\/nsu-prozess-blog\/wp-json\/wp\/v2\/comments?post=12319"}],"version-history":[{"count":5,"href":"https:\/\/blog.zeit.de\/nsu-prozess-blog\/wp-json\/wp\/v2\/posts\/12319\/revisions"}],"predecessor-version":[{"id":12325,"href":"https:\/\/blog.zeit.de\/nsu-prozess-blog\/wp-json\/wp\/v2\/posts\/12319\/revisions\/12325"}],"wp:attachment":[{"href":"https:\/\/blog.zeit.de\/nsu-prozess-blog\/wp-json\/wp\/v2\/media?parent=12319"}],"wp:term":[{"taxonomy":"category","embeddable":true,"href":"https:\/\/blog.zeit.de\/nsu-prozess-blog\/wp-json\/wp\/v2\/categories?post=12319"},{"taxonomy":"post_tag","embeddable":true,"href":"https:\/\/blog.zeit.de\/nsu-prozess-blog\/wp-json\/wp\/v2\/tags?post=12319"}],"curies":[{"name":"wp","href":"https:\/\/api.w.org\/{rel}","templated":true}]}}