{"id":12328,"date":"2016-11-30T07:00:13","date_gmt":"2016-11-30T06:00:13","guid":{"rendered":"http:\/\/blog.zeit.de\/nsu-prozess-blog\/?p=12328"},"modified":"2016-11-30T10:57:27","modified_gmt":"2016-11-30T09:57:27","slug":"326-prozesstag-berliner-polizist-zu-ausspaehung-von-synagoge","status":"publish","type":"post","link":"https:\/\/blog.zeit.de\/nsu-prozess-blog\/2016\/11\/30\/326-prozesstag-berliner-polizist-zu-ausspaehung-von-synagoge\/","title":{"rendered":"326. Prozesstag \u2013 Berliner Polizist zu Aussp\u00e4hung von Synagoge"},"content":{"rendered":"<p>Es ist ein Hinweis auf <a href=\"https:\/\/blog.zeit.de\/nsu-prozess-blog\/2016\/10\/10\/medienlog-anschlaege-berlin-friedhof-nsu\/\">weitere m\u00f6gliche Anschl\u00e4ge des NSU<\/a>: Die Hauptangeklagte Beate Zsch\u00e4pe soll im Mai 2000 <a href=\"https:\/\/blog.zeit.de\/nsu-prozess-blog\/2016\/10\/07\/medienlog-zschaepe-synagoge-antrag-nsu\/\">eine Synagoge in Berlin ausgesp\u00e4ht haben<\/a>. Davon berichtete ein Polizist, der damals das Geb\u00e4ude bewachte. Der <a href=\"https:\/\/blog.zeit.de\/nsu-prozess-blog\/2016\/10\/12\/medienlog-synagoge-polizist-berlin-nsu\/\">pensionierte Beamte<\/a> ist heute zum zweiten Mal als Zeuge in den Prozess geladen.<\/p>\n<p>Seiner Aussage beim Landeskriminalamt zufolge hielten sich Zsch\u00e4pe, ihr Komplize Uwe Mundlos sowie zwei weitere Erwachsene und zwei Kinder vor dem Gotteshaus auf. Vor Gericht <a href=\"https:\/\/blog.zeit.de\/nsu-prozess-blog\/2016\/10\/27\/medienlog-peggy-synagoge-nsu\/\">widersprach er jedoch teilweise seinen Erinnerungen<\/a> von fr\u00fcher, weshalb im Nachgang auch der <a href=\"https:\/\/blog.zeit.de\/nsu-prozess-blog\/2016\/11\/24\/medienlog-wohlleben-rudolf-hess-antrag-nsu\/\">damalige Vernehmungsbeamte zur Aussage<\/a> geladen wurde.<\/p>\n<p><em>Informationen aus der Verhandlung gibt es <a href=\"https:\/\/twitter.com\/zeitonline\/lists\/nsu-prozess\">via Twitter hier<\/a>. Die Berichte dar\u00fcber fassen wir morgen im <a href=\"https:\/\/blog.zeit.de\/nsu-prozess-blog\/category\/medienschau\/\">NSU-Medienlog<\/a> zusammen.<\/em><\/p>\n","protected":false},"excerpt":{"rendered":"<p>Es ist ein Hinweis auf weitere m\u00f6gliche Anschl\u00e4ge des NSU: Die Hauptangeklagte Beate Zsch\u00e4pe soll im Mai 2000 eine Synagoge in Berlin ausgesp\u00e4ht haben. Davon berichtete ein Polizist, der damals das Geb\u00e4ude bewachte. Der pensionierte Beamte ist heute zum zweiten Mal als Zeuge in den Prozess geladen. Seiner Aussage beim Landeskriminalamt zufolge hielten sich Zsch\u00e4pe, [&hellip;]<\/p>\n","protected":false},"author":435,"featured_media":0,"comment_status":"open","ping_status":"open","sticky":false,"template":"","format":"standard","meta":{"_jetpack_memberships_contains_paid_content":false,"footnotes":""},"categories":[27532],"tags":[33571,17793,249,991,35422],"class_list":["post-12328","post","type-post","status-publish","format-standard","hentry","category-prozesstage","tag-anschlagsplanung","tag-beate-zschape","tag-berlin","tag-polizei","tag-synagoge"],"yoast_head":"<!-- This site is optimized with the Yoast SEO plugin v21.0 - https:\/\/yoast.com\/wordpress\/plugins\/seo\/ -->\n<title>326. Prozesstag \u2013 Berliner Polizist zu Aussp\u00e4hung von Synagoge - Das NSU-Prozess-Blog<\/title>\n<meta name=\"robots\" content=\"index, follow, max-snippet:-1, max-image-preview:large, max-video-preview:-1\" \/>\n<link rel=\"canonical\" href=\"https:\/\/blog.zeit.de\/nsu-prozess-blog\/2016\/11\/30\/326-prozesstag-berliner-polizist-zu-ausspaehung-von-synagoge\/\" \/>\n<meta property=\"og:locale\" content=\"de_DE\" \/>\n<meta property=\"og:type\" content=\"article\" \/>\n<meta property=\"og:title\" content=\"326. Prozesstag \u2013 Berliner Polizist zu Aussp\u00e4hung von Synagoge - Das NSU-Prozess-Blog\" \/>\n<meta property=\"og:description\" content=\"Es ist ein Hinweis auf weitere m\u00f6gliche Anschl\u00e4ge des NSU: Die Hauptangeklagte Beate Zsch\u00e4pe soll im Mai 2000 eine Synagoge in Berlin ausgesp\u00e4ht haben. Davon berichtete ein Polizist, der damals das Geb\u00e4ude bewachte. Der pensionierte Beamte ist heute zum zweiten Mal als Zeuge in den Prozess geladen. Seiner Aussage beim Landeskriminalamt zufolge hielten sich Zsch\u00e4pe, [&hellip;]\" \/>\n<meta property=\"og:url\" content=\"https:\/\/blog.zeit.de\/nsu-prozess-blog\/2016\/11\/30\/326-prozesstag-berliner-polizist-zu-ausspaehung-von-synagoge\/\" \/>\n<meta property=\"og:site_name\" content=\"Das NSU-Prozess-Blog\" \/>\n<meta property=\"article:published_time\" content=\"2016-11-30T06:00:13+00:00\" \/>\n<meta property=\"article:modified_time\" content=\"2016-11-30T09:57:27+00:00\" \/>\n<meta name=\"author\" content=\"Tom Sundermann\" \/>\n<meta name=\"twitter:label1\" content=\"Geschrieben von\" \/>\n\t<meta name=\"twitter:data1\" content=\"Tom Sundermann\" \/>\n\t<meta name=\"twitter:label2\" content=\"Gesch\u00e4tzte Lesezeit\" \/>\n\t<meta name=\"twitter:data2\" content=\"1\u00a0Minute\" \/>\n<script type=\"application\/ld+json\" class=\"yoast-schema-graph\">{\"@context\":\"https:\/\/schema.org\",\"@graph\":[{\"@type\":\"WebPage\",\"@id\":\"https:\/\/blog.zeit.de\/nsu-prozess-blog\/2016\/11\/30\/326-prozesstag-berliner-polizist-zu-ausspaehung-von-synagoge\/\",\"url\":\"https:\/\/blog.zeit.de\/nsu-prozess-blog\/2016\/11\/30\/326-prozesstag-berliner-polizist-zu-ausspaehung-von-synagoge\/\",\"name\":\"326. Prozesstag \u2013 Berliner Polizist zu Aussp\u00e4hung von Synagoge - Das NSU-Prozess-Blog\",\"isPartOf\":{\"@id\":\"https:\/\/blog.zeit.de\/nsu-prozess-blog\/#website\"},\"datePublished\":\"2016-11-30T06:00:13+00:00\",\"dateModified\":\"2016-11-30T09:57:27+00:00\",\"author\":{\"@id\":\"https:\/\/blog.zeit.de\/nsu-prozess-blog\/#\/schema\/person\/553ea9bb5d1fc2ae054c589bd59380a5\"},\"breadcrumb\":{\"@id\":\"https:\/\/blog.zeit.de\/nsu-prozess-blog\/2016\/11\/30\/326-prozesstag-berliner-polizist-zu-ausspaehung-von-synagoge\/#breadcrumb\"},\"inLanguage\":\"de\",\"potentialAction\":[{\"@type\":\"ReadAction\",\"target\":[\"https:\/\/blog.zeit.de\/nsu-prozess-blog\/2016\/11\/30\/326-prozesstag-berliner-polizist-zu-ausspaehung-von-synagoge\/\"]}]},{\"@type\":\"BreadcrumbList\",\"@id\":\"https:\/\/blog.zeit.de\/nsu-prozess-blog\/2016\/11\/30\/326-prozesstag-berliner-polizist-zu-ausspaehung-von-synagoge\/#breadcrumb\",\"itemListElement\":[{\"@type\":\"ListItem\",\"position\":1,\"name\":\"Startseite\",\"item\":\"https:\/\/blog.zeit.de\/nsu-prozess-blog\/\"},{\"@type\":\"ListItem\",\"position\":2,\"name\":\"326. Prozesstag \u2013 Berliner Polizist zu Aussp\u00e4hung von Synagoge\"}]},{\"@type\":\"WebSite\",\"@id\":\"https:\/\/blog.zeit.de\/nsu-prozess-blog\/#website\",\"url\":\"https:\/\/blog.zeit.de\/nsu-prozess-blog\/\",\"name\":\"Das NSU-Prozess-Blog\",\"description\":\"Alle Berichte zum Terrorverfahren in M\u00fcnchen\",\"potentialAction\":[{\"@type\":\"SearchAction\",\"target\":{\"@type\":\"EntryPoint\",\"urlTemplate\":\"https:\/\/blog.zeit.de\/nsu-prozess-blog\/?s={search_term_string}\"},\"query-input\":\"required name=search_term_string\"}],\"inLanguage\":\"de\"},{\"@type\":\"Person\",\"@id\":\"https:\/\/blog.zeit.de\/nsu-prozess-blog\/#\/schema\/person\/553ea9bb5d1fc2ae054c589bd59380a5\",\"name\":\"Tom Sundermann\",\"image\":{\"@type\":\"ImageObject\",\"inLanguage\":\"de\",\"@id\":\"https:\/\/blog.zeit.de\/nsu-prozess-blog\/#\/schema\/person\/image\/\",\"url\":\"https:\/\/secure.gravatar.com\/avatar\/e108a3dc18766f719b2f797dc5d19093f06a1870c55b553ab6b7563f1f9a5e68?s=96&d=mm&r=g\",\"contentUrl\":\"https:\/\/secure.gravatar.com\/avatar\/e108a3dc18766f719b2f797dc5d19093f06a1870c55b553ab6b7563f1f9a5e68?s=96&d=mm&r=g\",\"caption\":\"Tom Sundermann\"},\"sameAs\":[\"https:\/\/twitter.com\/messeticker\"],\"url\":\"https:\/\/blog.zeit.de\/nsu-prozess-blog\/author\/tsundermann\/\"}]}<\/script>\n<!-- \/ Yoast SEO plugin. -->","yoast_head_json":{"title":"326. Prozesstag \u2013 Berliner Polizist zu Aussp\u00e4hung von Synagoge - Das NSU-Prozess-Blog","robots":{"index":"index","follow":"follow","max-snippet":"max-snippet:-1","max-image-preview":"max-image-preview:large","max-video-preview":"max-video-preview:-1"},"canonical":"https:\/\/blog.zeit.de\/nsu-prozess-blog\/2016\/11\/30\/326-prozesstag-berliner-polizist-zu-ausspaehung-von-synagoge\/","og_locale":"de_DE","og_type":"article","og_title":"326. Prozesstag \u2013 Berliner Polizist zu Aussp\u00e4hung von Synagoge - Das NSU-Prozess-Blog","og_description":"Es ist ein Hinweis auf weitere m\u00f6gliche Anschl\u00e4ge des NSU: Die Hauptangeklagte Beate Zsch\u00e4pe soll im Mai 2000 eine Synagoge in Berlin ausgesp\u00e4ht haben. Davon berichtete ein Polizist, der damals das Geb\u00e4ude bewachte. Der pensionierte Beamte ist heute zum zweiten Mal als Zeuge in den Prozess geladen. Seiner Aussage beim Landeskriminalamt zufolge hielten sich Zsch\u00e4pe, [&hellip;]","og_url":"https:\/\/blog.zeit.de\/nsu-prozess-blog\/2016\/11\/30\/326-prozesstag-berliner-polizist-zu-ausspaehung-von-synagoge\/","og_site_name":"Das NSU-Prozess-Blog","article_published_time":"2016-11-30T06:00:13+00:00","article_modified_time":"2016-11-30T09:57:27+00:00","author":"Tom Sundermann","twitter_misc":{"Geschrieben von":"Tom Sundermann","Gesch\u00e4tzte Lesezeit":"1\u00a0Minute"},"schema":{"@context":"https:\/\/schema.org","@graph":[{"@type":"WebPage","@id":"https:\/\/blog.zeit.de\/nsu-prozess-blog\/2016\/11\/30\/326-prozesstag-berliner-polizist-zu-ausspaehung-von-synagoge\/","url":"https:\/\/blog.zeit.de\/nsu-prozess-blog\/2016\/11\/30\/326-prozesstag-berliner-polizist-zu-ausspaehung-von-synagoge\/","name":"326. Prozesstag \u2013 Berliner Polizist zu Aussp\u00e4hung von Synagoge - Das NSU-Prozess-Blog","isPartOf":{"@id":"https:\/\/blog.zeit.de\/nsu-prozess-blog\/#website"},"datePublished":"2016-11-30T06:00:13+00:00","dateModified":"2016-11-30T09:57:27+00:00","author":{"@id":"https:\/\/blog.zeit.de\/nsu-prozess-blog\/#\/schema\/person\/553ea9bb5d1fc2ae054c589bd59380a5"},"breadcrumb":{"@id":"https:\/\/blog.zeit.de\/nsu-prozess-blog\/2016\/11\/30\/326-prozesstag-berliner-polizist-zu-ausspaehung-von-synagoge\/#breadcrumb"},"inLanguage":"de","potentialAction":[{"@type":"ReadAction","target":["https:\/\/blog.zeit.de\/nsu-prozess-blog\/2016\/11\/30\/326-prozesstag-berliner-polizist-zu-ausspaehung-von-synagoge\/"]}]},{"@type":"BreadcrumbList","@id":"https:\/\/blog.zeit.de\/nsu-prozess-blog\/2016\/11\/30\/326-prozesstag-berliner-polizist-zu-ausspaehung-von-synagoge\/#breadcrumb","itemListElement":[{"@type":"ListItem","position":1,"name":"Startseite","item":"https:\/\/blog.zeit.de\/nsu-prozess-blog\/"},{"@type":"ListItem","position":2,"name":"326. Prozesstag \u2013 Berliner Polizist zu Aussp\u00e4hung von Synagoge"}]},{"@type":"WebSite","@id":"https:\/\/blog.zeit.de\/nsu-prozess-blog\/#website","url":"https:\/\/blog.zeit.de\/nsu-prozess-blog\/","name":"Das NSU-Prozess-Blog","description":"Alle Berichte zum Terrorverfahren in M\u00fcnchen","potentialAction":[{"@type":"SearchAction","target":{"@type":"EntryPoint","urlTemplate":"https:\/\/blog.zeit.de\/nsu-prozess-blog\/?s={search_term_string}"},"query-input":"required name=search_term_string"}],"inLanguage":"de"},{"@type":"Person","@id":"https:\/\/blog.zeit.de\/nsu-prozess-blog\/#\/schema\/person\/553ea9bb5d1fc2ae054c589bd59380a5","name":"Tom Sundermann","image":{"@type":"ImageObject","inLanguage":"de","@id":"https:\/\/blog.zeit.de\/nsu-prozess-blog\/#\/schema\/person\/image\/","url":"https:\/\/secure.gravatar.com\/avatar\/e108a3dc18766f719b2f797dc5d19093f06a1870c55b553ab6b7563f1f9a5e68?s=96&d=mm&r=g","contentUrl":"https:\/\/secure.gravatar.com\/avatar\/e108a3dc18766f719b2f797dc5d19093f06a1870c55b553ab6b7563f1f9a5e68?s=96&d=mm&r=g","caption":"Tom Sundermann"},"sameAs":["https:\/\/twitter.com\/messeticker"],"url":"https:\/\/blog.zeit.de\/nsu-prozess-blog\/author\/tsundermann\/"}]}},"jetpack_featured_media_url":"","jetpack_sharing_enabled":true,"_links":{"self":[{"href":"https:\/\/blog.zeit.de\/nsu-prozess-blog\/wp-json\/wp\/v2\/posts\/12328","targetHints":{"allow":["GET"]}}],"collection":[{"href":"https:\/\/blog.zeit.de\/nsu-prozess-blog\/wp-json\/wp\/v2\/posts"}],"about":[{"href":"https:\/\/blog.zeit.de\/nsu-prozess-blog\/wp-json\/wp\/v2\/types\/post"}],"author":[{"embeddable":true,"href":"https:\/\/blog.zeit.de\/nsu-prozess-blog\/wp-json\/wp\/v2\/users\/435"}],"replies":[{"embeddable":true,"href":"https:\/\/blog.zeit.de\/nsu-prozess-blog\/wp-json\/wp\/v2\/comments?post=12328"}],"version-history":[{"count":2,"href":"https:\/\/blog.zeit.de\/nsu-prozess-blog\/wp-json\/wp\/v2\/posts\/12328\/revisions"}],"predecessor-version":[{"id":12353,"href":"https:\/\/blog.zeit.de\/nsu-prozess-blog\/wp-json\/wp\/v2\/posts\/12328\/revisions\/12353"}],"wp:attachment":[{"href":"https:\/\/blog.zeit.de\/nsu-prozess-blog\/wp-json\/wp\/v2\/media?parent=12328"}],"wp:term":[{"taxonomy":"category","embeddable":true,"href":"https:\/\/blog.zeit.de\/nsu-prozess-blog\/wp-json\/wp\/v2\/categories?post=12328"},{"taxonomy":"post_tag","embeddable":true,"href":"https:\/\/blog.zeit.de\/nsu-prozess-blog\/wp-json\/wp\/v2\/tags?post=12328"}],"curies":[{"name":"wp","href":"https:\/\/api.w.org\/{rel}","templated":true}]}}