{"id":12339,"date":"2016-11-29T14:38:08","date_gmt":"2016-11-29T13:38:08","guid":{"rendered":"http:\/\/blog.zeit.de\/nsu-prozess-blog\/?p=12339"},"modified":"2016-11-29T15:06:09","modified_gmt":"2016-11-29T14:06:09","slug":"lieder-voller-hass-und-hetze","status":"publish","type":"post","link":"https:\/\/blog.zeit.de\/nsu-prozess-blog\/2016\/11\/29\/lieder-voller-hass-und-hetze\/","title":{"rendered":"Lieder voller Hass und Hetze"},"content":{"rendered":"<p><strong>&#8222;T\u00fcrken raus!&#8220;: Im NSU-Prozess befassen sich die Richter mit rechtsextremer Musik vom Computer des Angeklagten Ralf Wohlleben. Der hatte sich zuvor als friedlich und seri\u00f6s beschrieben.<\/strong><\/p>\n<p>Der Kontrast k\u00f6nnte nicht gr\u00f6\u00dfer sein. An der Stirnseite des M\u00fcnchner Gerichtssaals sitzen die sechs Richter des NSU-Prozesses, unbewegt, mit ernster Miene. Zur gleichen Zeit pl\u00e4rrt aus den Lautsprechern ein Gemisch aus E-Gitarren-Akkorden und dem kaum zu verstehenden Geschrei eines S\u00e4ngers. Nur Wortfetzen dringen durch: &#8222;T\u00fcrken raus! Raus! Raus! Raus! T\u00fcrkenpack, raus aus unserm Land!&#8220;<\/p>\n<p>&#8222;Es ist ein Gekreische&#8220;, kommentiert die genauso starr dasitzende Zeugin, eine Kommissarin des Bundeskriminalamts. Sie ist eigens angereist, um dem Gericht das Lied <em>T\u00fcrken raus<\/em> der Band B\u00f6hse Onkelz vorzuspielen. Seinen Platz im Terrorismusprozess hat das Lied, weil es auf einem Computer des Mitangeklagten Ralf Wohlleben gefunden wurde. Wohlleben ist angeklagt, weil er dem NSU-Trio die Pistole Ceska 83 organisiert haben soll, mit der Uwe Mundlos und Uwe B\u00f6hnhardt neun Menschen erschossen.<\/p>\n<p><!--more--><\/p>\n<p>Die Richter befassen sich damit zum zweiten Mal mit Liedern aus dem Fundus von Wohlleben, zum ersten Mal vor einer Woche. Die Einf\u00fchrung der Texte hatte der Nebenklageanwalt Eberhard Reinecke gefordert.<\/p>\n<p>Bewiesen werden soll damit im Wesentlichen: Wohlleben ist von rechter Gesinnung. Das hatte der Angeklagte nie abgestritten, sondern durch seine Anw\u00e4lte kurz vor seiner Aussage im Dezember vergangenen Jahres sogar noch verlautbaren lassen: &#8222;Herr Wohlleben ist seinen Idealen und politischen \u00dcberzeugungen treu geblieben und wird dies auch in Zukunft bleiben.&#8220;<\/p>\n<p>Was unter diesen \u00dcberzeugungen zu verstehen ist, ist allerdings h\u00f6chst streitbar. Wohlleben selbst will sich offenbar als wohlmeinender Patriot verstanden wissen, im seri\u00f6sen Bereich rechts des konservativen Spektrums. Dazu geh\u00f6rt, dass Gewalt f\u00fcr ihn keine Option sei. &#8222;Meine ablehnende Haltung gegen\u00fcber Gewalt erfasst erst recht die Begehung von Morden&#8220;, verlas er in seiner schriftlichen Aussage.<\/p>\n<p>Von Gewaltlosigkeit und Patriotismus sind die Lieder auf seiner Festplatte jedoch weit entfernt. In der vergangenen Woche lasen die Richter die Texte der anderen Musikdateien vor. &#8222;In Buchenwald, da machen wir die Juden kalt&#8220;, hei\u00dft es etwa in dem Lied einer Gruppe namens Kommando Freisler. Ein anderes tr\u00e4gt den Titel <em>Vertreiben, verbrennen, fertig<\/em>. Zudem entdeckten die Kriminaltechniker den Song <em>Kraft f\u00fcr Deutschland<\/em> der Band Noie Werte \u2013 mit demselben St\u00fcck ist eine fr\u00fchere Fassung des NSU-Bekennervideos unterlegt, in dem auf h\u00f6hnische Weise die Morde und Bombenanschl\u00e4ge pr\u00e4sentiert werden.<\/p>\n<p>Die Lieder sind Hass und Hetze in Reinform, Spiegel von Ansichten, die niemand teilt, der sich im Marsch durch die Institutionen durchsetzen will. Wenig \u00fcberraschend, dass sich Wohllebens Anw\u00e4lte zuvor nach Kr\u00e4ften gegen die Verlesung und das Abspielen der Musikst\u00fccke gestr\u00e4ubt hatten. Verteidiger Olaf Klemke argumentierte, die Dateien stammten fr\u00fchestens aus dem Jahr 2004 \u2013 und seien damit erst lange Zeit nach der angeklagten Tat auf den Rechner seines Mandanten gelangt. Der Waffenschmuggel soll im Jahr 2000 stattgefunden haben.<\/p>\n<p>Nebenklageanwalt Reinecke h\u00e4lt an diesem Tag dagegen und bezieht sich wiederum auf die Mitteilung von Wohllebens Verteidiger: Wohlleben sei seinen Ansichten &#8222;treu geblieben&#8220; \u2013 er vertrat sie demnach schon, als die sp\u00e4teren Terroristen mutma\u00dflich durch seine Hilfe an die Pistole gelangten.<\/p>\n<p>Ob die Verlautbarung jedoch tats\u00e4chlich die Meinung des Angeklagten wiedergibt, ist nicht sicher. Das Gericht k\u00f6nnte ihn erneut befragen \u2013 und abklopfen, wie ernst Wohlleben es meint mit der Gewaltlosigkeit.<\/p>\n","protected":false},"excerpt":{"rendered":"<p>&#8222;T\u00fcrken raus!&#8220;: Im NSU-Prozess befassen sich die Richter mit rechtsextremer Musik vom Computer des Angeklagten Ralf Wohlleben. Der hatte sich zuvor als friedlich und seri\u00f6s beschrieben. Der Kontrast k\u00f6nnte nicht gr\u00f6\u00dfer sein. An der Stirnseite des M\u00fcnchner Gerichtssaals sitzen die sechs Richter des NSU-Prozesses, unbewegt, mit ernster Miene. Zur gleichen Zeit pl\u00e4rrt aus den Lautsprechern [&hellip;]<\/p>\n","protected":false},"author":435,"featured_media":0,"comment_status":"open","ping_status":"open","sticky":false,"template":"","format":"standard","meta":{"_jetpack_memberships_contains_paid_content":false,"footnotes":""},"categories":[16],"tags":[],"class_list":["post-12339","post","type-post","status-publish","format-standard","hentry","category-allgemein"],"yoast_head":"<!-- This site is optimized with the Yoast SEO plugin v21.0 - https:\/\/yoast.com\/wordpress\/plugins\/seo\/ -->\n<title>H\u00f6rt Ralf Wohlleben rechtsextreme Musik?<\/title>\n<meta name=\"description\" content=\"&quot;T\u00fcrken raus!&quot;: Im NSU-Prozess befassen sich die Richter mit Musik vom Computer des Angeklagten Ralf Wohlleben. Der hatte sich zuvor als friedliebend beschrieben.\" \/>\n<meta name=\"robots\" content=\"index, follow, max-snippet:-1, max-image-preview:large, max-video-preview:-1\" \/>\n<link rel=\"canonical\" href=\"https:\/\/blog.zeit.de\/nsu-prozess-blog\/2016\/11\/29\/lieder-voller-hass-und-hetze\/\" \/>\n<meta property=\"og:locale\" content=\"de_DE\" \/>\n<meta property=\"og:type\" content=\"article\" \/>\n<meta property=\"og:title\" content=\"H\u00f6rt Ralf Wohlleben rechtsextreme Musik?\" \/>\n<meta property=\"og:description\" content=\"&quot;T\u00fcrken raus!&quot;: Im NSU-Prozess befassen sich die Richter mit Musik vom Computer des Angeklagten Ralf Wohlleben. Der hatte sich zuvor als friedliebend beschrieben.\" \/>\n<meta property=\"og:url\" content=\"https:\/\/blog.zeit.de\/nsu-prozess-blog\/2016\/11\/29\/lieder-voller-hass-und-hetze\/\" \/>\n<meta property=\"og:site_name\" content=\"Das NSU-Prozess-Blog\" \/>\n<meta property=\"article:published_time\" content=\"2016-11-29T13:38:08+00:00\" \/>\n<meta property=\"article:modified_time\" content=\"2016-11-29T14:06:09+00:00\" \/>\n<meta name=\"author\" content=\"Tom Sundermann\" \/>\n<meta name=\"twitter:label1\" content=\"Geschrieben von\" \/>\n\t<meta name=\"twitter:data1\" content=\"Tom Sundermann\" \/>\n\t<meta name=\"twitter:label2\" content=\"Gesch\u00e4tzte Lesezeit\" \/>\n\t<meta name=\"twitter:data2\" content=\"3\u00a0Minuten\" \/>\n<script type=\"application\/ld+json\" class=\"yoast-schema-graph\">{\"@context\":\"https:\/\/schema.org\",\"@graph\":[{\"@type\":\"WebPage\",\"@id\":\"https:\/\/blog.zeit.de\/nsu-prozess-blog\/2016\/11\/29\/lieder-voller-hass-und-hetze\/\",\"url\":\"https:\/\/blog.zeit.de\/nsu-prozess-blog\/2016\/11\/29\/lieder-voller-hass-und-hetze\/\",\"name\":\"H\u00f6rt Ralf Wohlleben rechtsextreme Musik?\",\"isPartOf\":{\"@id\":\"https:\/\/blog.zeit.de\/nsu-prozess-blog\/#website\"},\"datePublished\":\"2016-11-29T13:38:08+00:00\",\"dateModified\":\"2016-11-29T14:06:09+00:00\",\"author\":{\"@id\":\"https:\/\/blog.zeit.de\/nsu-prozess-blog\/#\/schema\/person\/553ea9bb5d1fc2ae054c589bd59380a5\"},\"description\":\"\\\"T\u00fcrken raus!\\\": Im NSU-Prozess befassen sich die Richter mit Musik vom Computer des Angeklagten Ralf Wohlleben. Der hatte sich zuvor als friedliebend beschrieben.\",\"breadcrumb\":{\"@id\":\"https:\/\/blog.zeit.de\/nsu-prozess-blog\/2016\/11\/29\/lieder-voller-hass-und-hetze\/#breadcrumb\"},\"inLanguage\":\"de\",\"potentialAction\":[{\"@type\":\"ReadAction\",\"target\":[\"https:\/\/blog.zeit.de\/nsu-prozess-blog\/2016\/11\/29\/lieder-voller-hass-und-hetze\/\"]}]},{\"@type\":\"BreadcrumbList\",\"@id\":\"https:\/\/blog.zeit.de\/nsu-prozess-blog\/2016\/11\/29\/lieder-voller-hass-und-hetze\/#breadcrumb\",\"itemListElement\":[{\"@type\":\"ListItem\",\"position\":1,\"name\":\"Startseite\",\"item\":\"https:\/\/blog.zeit.de\/nsu-prozess-blog\/\"},{\"@type\":\"ListItem\",\"position\":2,\"name\":\"Lieder voller Hass und Hetze\"}]},{\"@type\":\"WebSite\",\"@id\":\"https:\/\/blog.zeit.de\/nsu-prozess-blog\/#website\",\"url\":\"https:\/\/blog.zeit.de\/nsu-prozess-blog\/\",\"name\":\"Das NSU-Prozess-Blog\",\"description\":\"Alle Berichte zum Terrorverfahren in M\u00fcnchen\",\"potentialAction\":[{\"@type\":\"SearchAction\",\"target\":{\"@type\":\"EntryPoint\",\"urlTemplate\":\"https:\/\/blog.zeit.de\/nsu-prozess-blog\/?s={search_term_string}\"},\"query-input\":\"required name=search_term_string\"}],\"inLanguage\":\"de\"},{\"@type\":\"Person\",\"@id\":\"https:\/\/blog.zeit.de\/nsu-prozess-blog\/#\/schema\/person\/553ea9bb5d1fc2ae054c589bd59380a5\",\"name\":\"Tom Sundermann\",\"image\":{\"@type\":\"ImageObject\",\"inLanguage\":\"de\",\"@id\":\"https:\/\/blog.zeit.de\/nsu-prozess-blog\/#\/schema\/person\/image\/\",\"url\":\"https:\/\/secure.gravatar.com\/avatar\/e108a3dc18766f719b2f797dc5d19093f06a1870c55b553ab6b7563f1f9a5e68?s=96&d=mm&r=g\",\"contentUrl\":\"https:\/\/secure.gravatar.com\/avatar\/e108a3dc18766f719b2f797dc5d19093f06a1870c55b553ab6b7563f1f9a5e68?s=96&d=mm&r=g\",\"caption\":\"Tom Sundermann\"},\"sameAs\":[\"https:\/\/twitter.com\/messeticker\"],\"url\":\"https:\/\/blog.zeit.de\/nsu-prozess-blog\/author\/tsundermann\/\"}]}<\/script>\n<!-- \/ Yoast SEO plugin. -->","yoast_head_json":{"title":"H\u00f6rt Ralf Wohlleben rechtsextreme Musik?","description":"\"T\u00fcrken raus!\": Im NSU-Prozess befassen sich die Richter mit Musik vom Computer des Angeklagten Ralf Wohlleben. Der hatte sich zuvor als friedliebend beschrieben.","robots":{"index":"index","follow":"follow","max-snippet":"max-snippet:-1","max-image-preview":"max-image-preview:large","max-video-preview":"max-video-preview:-1"},"canonical":"https:\/\/blog.zeit.de\/nsu-prozess-blog\/2016\/11\/29\/lieder-voller-hass-und-hetze\/","og_locale":"de_DE","og_type":"article","og_title":"H\u00f6rt Ralf Wohlleben rechtsextreme Musik?","og_description":"\"T\u00fcrken raus!\": Im NSU-Prozess befassen sich die Richter mit Musik vom Computer des Angeklagten Ralf Wohlleben. Der hatte sich zuvor als friedliebend beschrieben.","og_url":"https:\/\/blog.zeit.de\/nsu-prozess-blog\/2016\/11\/29\/lieder-voller-hass-und-hetze\/","og_site_name":"Das NSU-Prozess-Blog","article_published_time":"2016-11-29T13:38:08+00:00","article_modified_time":"2016-11-29T14:06:09+00:00","author":"Tom Sundermann","twitter_misc":{"Geschrieben von":"Tom Sundermann","Gesch\u00e4tzte Lesezeit":"3\u00a0Minuten"},"schema":{"@context":"https:\/\/schema.org","@graph":[{"@type":"WebPage","@id":"https:\/\/blog.zeit.de\/nsu-prozess-blog\/2016\/11\/29\/lieder-voller-hass-und-hetze\/","url":"https:\/\/blog.zeit.de\/nsu-prozess-blog\/2016\/11\/29\/lieder-voller-hass-und-hetze\/","name":"H\u00f6rt Ralf Wohlleben rechtsextreme Musik?","isPartOf":{"@id":"https:\/\/blog.zeit.de\/nsu-prozess-blog\/#website"},"datePublished":"2016-11-29T13:38:08+00:00","dateModified":"2016-11-29T14:06:09+00:00","author":{"@id":"https:\/\/blog.zeit.de\/nsu-prozess-blog\/#\/schema\/person\/553ea9bb5d1fc2ae054c589bd59380a5"},"description":"\"T\u00fcrken raus!\": Im NSU-Prozess befassen sich die Richter mit Musik vom Computer des Angeklagten Ralf Wohlleben. Der hatte sich zuvor als friedliebend beschrieben.","breadcrumb":{"@id":"https:\/\/blog.zeit.de\/nsu-prozess-blog\/2016\/11\/29\/lieder-voller-hass-und-hetze\/#breadcrumb"},"inLanguage":"de","potentialAction":[{"@type":"ReadAction","target":["https:\/\/blog.zeit.de\/nsu-prozess-blog\/2016\/11\/29\/lieder-voller-hass-und-hetze\/"]}]},{"@type":"BreadcrumbList","@id":"https:\/\/blog.zeit.de\/nsu-prozess-blog\/2016\/11\/29\/lieder-voller-hass-und-hetze\/#breadcrumb","itemListElement":[{"@type":"ListItem","position":1,"name":"Startseite","item":"https:\/\/blog.zeit.de\/nsu-prozess-blog\/"},{"@type":"ListItem","position":2,"name":"Lieder voller Hass und Hetze"}]},{"@type":"WebSite","@id":"https:\/\/blog.zeit.de\/nsu-prozess-blog\/#website","url":"https:\/\/blog.zeit.de\/nsu-prozess-blog\/","name":"Das NSU-Prozess-Blog","description":"Alle Berichte zum Terrorverfahren in M\u00fcnchen","potentialAction":[{"@type":"SearchAction","target":{"@type":"EntryPoint","urlTemplate":"https:\/\/blog.zeit.de\/nsu-prozess-blog\/?s={search_term_string}"},"query-input":"required name=search_term_string"}],"inLanguage":"de"},{"@type":"Person","@id":"https:\/\/blog.zeit.de\/nsu-prozess-blog\/#\/schema\/person\/553ea9bb5d1fc2ae054c589bd59380a5","name":"Tom Sundermann","image":{"@type":"ImageObject","inLanguage":"de","@id":"https:\/\/blog.zeit.de\/nsu-prozess-blog\/#\/schema\/person\/image\/","url":"https:\/\/secure.gravatar.com\/avatar\/e108a3dc18766f719b2f797dc5d19093f06a1870c55b553ab6b7563f1f9a5e68?s=96&d=mm&r=g","contentUrl":"https:\/\/secure.gravatar.com\/avatar\/e108a3dc18766f719b2f797dc5d19093f06a1870c55b553ab6b7563f1f9a5e68?s=96&d=mm&r=g","caption":"Tom Sundermann"},"sameAs":["https:\/\/twitter.com\/messeticker"],"url":"https:\/\/blog.zeit.de\/nsu-prozess-blog\/author\/tsundermann\/"}]}},"jetpack_featured_media_url":"","jetpack_sharing_enabled":true,"_links":{"self":[{"href":"https:\/\/blog.zeit.de\/nsu-prozess-blog\/wp-json\/wp\/v2\/posts\/12339","targetHints":{"allow":["GET"]}}],"collection":[{"href":"https:\/\/blog.zeit.de\/nsu-prozess-blog\/wp-json\/wp\/v2\/posts"}],"about":[{"href":"https:\/\/blog.zeit.de\/nsu-prozess-blog\/wp-json\/wp\/v2\/types\/post"}],"author":[{"embeddable":true,"href":"https:\/\/blog.zeit.de\/nsu-prozess-blog\/wp-json\/wp\/v2\/users\/435"}],"replies":[{"embeddable":true,"href":"https:\/\/blog.zeit.de\/nsu-prozess-blog\/wp-json\/wp\/v2\/comments?post=12339"}],"version-history":[{"count":5,"href":"https:\/\/blog.zeit.de\/nsu-prozess-blog\/wp-json\/wp\/v2\/posts\/12339\/revisions"}],"predecessor-version":[{"id":12347,"href":"https:\/\/blog.zeit.de\/nsu-prozess-blog\/wp-json\/wp\/v2\/posts\/12339\/revisions\/12347"}],"wp:attachment":[{"href":"https:\/\/blog.zeit.de\/nsu-prozess-blog\/wp-json\/wp\/v2\/media?parent=12339"}],"wp:term":[{"taxonomy":"category","embeddable":true,"href":"https:\/\/blog.zeit.de\/nsu-prozess-blog\/wp-json\/wp\/v2\/categories?post=12339"},{"taxonomy":"post_tag","embeddable":true,"href":"https:\/\/blog.zeit.de\/nsu-prozess-blog\/wp-json\/wp\/v2\/tags?post=12339"}],"curies":[{"name":"wp","href":"https:\/\/api.w.org\/{rel}","templated":true}]}}