{"id":12355,"date":"2016-12-01T08:45:15","date_gmt":"2016-12-01T07:45:15","guid":{"rendered":"http:\/\/blog.zeit.de\/nsu-prozess-blog\/?p=12355"},"modified":"2016-12-01T12:48:21","modified_gmt":"2016-12-01T11:48:21","slug":"medienlog-synagoge-zschaepe-berlin-nsu","status":"publish","type":"post","link":"https:\/\/blog.zeit.de\/nsu-prozess-blog\/2016\/12\/01\/medienlog-synagoge-zschaepe-berlin-nsu\/","title":{"rendered":"Kein gutes Zeichen f\u00fcr Zsch\u00e4pe \u2013 Das Medienlog vom Donnerstag, 1. Dezember 2016"},"content":{"rendered":"<p>Erneut hat sich das Gericht am Mittwoch mit dem Verdacht besch\u00e4ftigt, Beate Zsch\u00e4pe k\u00f6nnte im Jahr 2000 <a href=\"https:\/\/blog.zeit.de\/nsu-prozess-blog\/2016\/10\/07\/medienlog-zschaepe-synagoge-antrag-nsu\/\">eine Berliner Synagoge ausgesp\u00e4ht<\/a> haben. Grundlage ist die <a href=\"https:\/\/blog.zeit.de\/nsu-prozess-blog\/2016\/11\/24\/medienlog-wohlleben-rudolf-hess-antrag-nsu\/\">Aussage eines Wachpolizisten<\/a>, der Zsch\u00e4pe damals gesehen haben will. Er war zum zweiten Mal als Zeuge geladen. Die Befragung war jedoch Nebensache: Haupts\u00e4chlich las Richter Manfred G\u00f6tzl dem Pension\u00e4r S\u00e4tze aus seiner damaligen Aussage vor. &#8222;Es ist kein gutes Zeichen f\u00fcr Beate Zsch\u00e4pe&#8220;, beobachtet Wiebke Ramm von der <a href=\"http:\/\/www.sueddeutsche.de\/politik\/nsu-prozess-zschaepes-verteidiger-sind-besorgt-1.3273818\" target=\"_blank\"><em>S\u00fcddeutschen Zeitung<\/em><\/a>. Denn damit habe der Strafsenat gezeigt, dass er die Aussage des fr\u00fcheren Beamten als wichtiges Indiz f\u00fcr den Vorwurf der Mitt\u00e4terschaft bei den NSU-Verbrechen einstuft. Sie sei &#8222;offenbar von gro\u00dfer Bedeutung&#8220;.<\/p>\n<p><!--more--><\/p>\n<p><em>An jedem Werktag sichten wir f\u00fcr das NSU-Prozess-Blog die Medien und stellen wichtige Berichte, Blogs, Videos und Tweets zusammen. Wir freuen uns \u00fcber Hinweise via Twitter mit dem Hashtag #nsublog \u2013 oder per E-Mail an <a href=\"mailto:nsublog@zeit.de\">nsublog@zeit.de<\/a>.<\/em><\/p>\n<p>Zsch\u00e4pes Altanw\u00e4lte Wolfgang Heer, Wolfgang Stahl und Anja Sturm versuchten, die Verlesung des Aussageprotokolls von 2000 zu verhindern. Vergeblich. &#8222;Das Gericht nutzt auffallend viele juristische Wege, um die Angaben des Wachmanns wom\u00f6glich in einem Urteil gegen Zsch\u00e4pe verwenden zu k\u00f6nnen&#8220;, meint Autorin Ramm. Der Polizist war sich damals sicher, Zsch\u00e4pe erkannt zu haben. Bei seiner ersten Aussage hatte er allerdings teils widerspr\u00fcchliche Angaben gemacht.<\/p>\n<p>&#8222;Wenn Zsch\u00e4pe am Aussp\u00e4hen von m\u00f6glichen Anschlagszielen beteiligt war, w\u00fcrde sie das im Prozess zus\u00e4tzlich belasten&#8220;, schreibt Tim A\u00dfmann vom <a href=\"http:\/\/www.br.de\/nachrichten\/nsu-prozess\/161130-tagebuch-gerichtsreporter-100.html\" target=\"_blank\">Bayerischen Rundfunk<\/a>. Er weist jedoch darauf hin, dass sich eine Beteiligung Zsch\u00e4pes durch die Aussage des fr\u00fcheren Polizisten nicht zweifelsfrei habe nachweisen lassen.<\/p>\n<p><em>Das n\u00e4chste Medienlog erscheint am Freitag, 2. Dezember 2016.<\/em><\/p>\n","protected":false},"excerpt":{"rendered":"<p>Erneut hat sich das Gericht am Mittwoch mit dem Verdacht besch\u00e4ftigt, Beate Zsch\u00e4pe k\u00f6nnte im Jahr 2000 eine Berliner Synagoge ausgesp\u00e4ht haben. Grundlage ist die Aussage eines Wachpolizisten, der Zsch\u00e4pe damals gesehen haben will. Er war zum zweiten Mal als Zeuge geladen. Die Befragung war jedoch Nebensache: Haupts\u00e4chlich las Richter Manfred G\u00f6tzl dem Pension\u00e4r S\u00e4tze [&hellip;]<\/p>\n","protected":false},"author":435,"featured_media":0,"comment_status":"open","ping_status":"open","sticky":false,"template":"","format":"standard","meta":{"_jetpack_memberships_contains_paid_content":false,"footnotes":""},"categories":[27531],"tags":[33571,17793,249,991,35422],"class_list":["post-12355","post","type-post","status-publish","format-standard","hentry","category-medienschau","tag-anschlagsplanung","tag-beate-zschape","tag-berlin","tag-polizei","tag-synagoge"],"yoast_head":"<!-- This site is optimized with the Yoast SEO plugin v21.0 - https:\/\/yoast.com\/wordpress\/plugins\/seo\/ -->\n<title>Kein gutes Zeichen f\u00fcr Zsch\u00e4pe \u2013 Das Medienlog vom Donnerstag, 1. Dezember 2016 - Das NSU-Prozess-Blog<\/title>\n<meta name=\"robots\" content=\"index, follow, max-snippet:-1, max-image-preview:large, max-video-preview:-1\" \/>\n<link rel=\"canonical\" href=\"https:\/\/blog.zeit.de\/nsu-prozess-blog\/2016\/12\/01\/medienlog-synagoge-zschaepe-berlin-nsu\/\" \/>\n<meta property=\"og:locale\" content=\"de_DE\" \/>\n<meta property=\"og:type\" content=\"article\" \/>\n<meta property=\"og:title\" content=\"Kein gutes Zeichen f\u00fcr Zsch\u00e4pe \u2013 Das Medienlog vom Donnerstag, 1. Dezember 2016 - Das NSU-Prozess-Blog\" \/>\n<meta property=\"og:description\" content=\"Erneut hat sich das Gericht am Mittwoch mit dem Verdacht besch\u00e4ftigt, Beate Zsch\u00e4pe k\u00f6nnte im Jahr 2000 eine Berliner Synagoge ausgesp\u00e4ht haben. Grundlage ist die Aussage eines Wachpolizisten, der Zsch\u00e4pe damals gesehen haben will. Er war zum zweiten Mal als Zeuge geladen. Die Befragung war jedoch Nebensache: Haupts\u00e4chlich las Richter Manfred G\u00f6tzl dem Pension\u00e4r S\u00e4tze [&hellip;]\" \/>\n<meta property=\"og:url\" content=\"https:\/\/blog.zeit.de\/nsu-prozess-blog\/2016\/12\/01\/medienlog-synagoge-zschaepe-berlin-nsu\/\" \/>\n<meta property=\"og:site_name\" content=\"Das NSU-Prozess-Blog\" \/>\n<meta property=\"article:published_time\" content=\"2016-12-01T07:45:15+00:00\" \/>\n<meta property=\"article:modified_time\" content=\"2016-12-01T11:48:21+00:00\" \/>\n<meta name=\"author\" content=\"Tom Sundermann\" \/>\n<meta name=\"twitter:label1\" content=\"Geschrieben von\" \/>\n\t<meta name=\"twitter:data1\" content=\"Tom Sundermann\" \/>\n\t<meta name=\"twitter:label2\" content=\"Gesch\u00e4tzte Lesezeit\" \/>\n\t<meta name=\"twitter:data2\" content=\"1\u00a0Minute\" \/>\n<script type=\"application\/ld+json\" class=\"yoast-schema-graph\">{\"@context\":\"https:\/\/schema.org\",\"@graph\":[{\"@type\":\"WebPage\",\"@id\":\"https:\/\/blog.zeit.de\/nsu-prozess-blog\/2016\/12\/01\/medienlog-synagoge-zschaepe-berlin-nsu\/\",\"url\":\"https:\/\/blog.zeit.de\/nsu-prozess-blog\/2016\/12\/01\/medienlog-synagoge-zschaepe-berlin-nsu\/\",\"name\":\"Kein gutes Zeichen f\u00fcr Zsch\u00e4pe \u2013 Das Medienlog vom Donnerstag, 1. Dezember 2016 - Das NSU-Prozess-Blog\",\"isPartOf\":{\"@id\":\"https:\/\/blog.zeit.de\/nsu-prozess-blog\/#website\"},\"datePublished\":\"2016-12-01T07:45:15+00:00\",\"dateModified\":\"2016-12-01T11:48:21+00:00\",\"author\":{\"@id\":\"https:\/\/blog.zeit.de\/nsu-prozess-blog\/#\/schema\/person\/553ea9bb5d1fc2ae054c589bd59380a5\"},\"breadcrumb\":{\"@id\":\"https:\/\/blog.zeit.de\/nsu-prozess-blog\/2016\/12\/01\/medienlog-synagoge-zschaepe-berlin-nsu\/#breadcrumb\"},\"inLanguage\":\"de\",\"potentialAction\":[{\"@type\":\"ReadAction\",\"target\":[\"https:\/\/blog.zeit.de\/nsu-prozess-blog\/2016\/12\/01\/medienlog-synagoge-zschaepe-berlin-nsu\/\"]}]},{\"@type\":\"BreadcrumbList\",\"@id\":\"https:\/\/blog.zeit.de\/nsu-prozess-blog\/2016\/12\/01\/medienlog-synagoge-zschaepe-berlin-nsu\/#breadcrumb\",\"itemListElement\":[{\"@type\":\"ListItem\",\"position\":1,\"name\":\"Startseite\",\"item\":\"https:\/\/blog.zeit.de\/nsu-prozess-blog\/\"},{\"@type\":\"ListItem\",\"position\":2,\"name\":\"Kein gutes Zeichen f\u00fcr Zsch\u00e4pe \u2013 Das Medienlog vom Donnerstag, 1. Dezember 2016\"}]},{\"@type\":\"WebSite\",\"@id\":\"https:\/\/blog.zeit.de\/nsu-prozess-blog\/#website\",\"url\":\"https:\/\/blog.zeit.de\/nsu-prozess-blog\/\",\"name\":\"Das NSU-Prozess-Blog\",\"description\":\"Alle Berichte zum Terrorverfahren in M\u00fcnchen\",\"potentialAction\":[{\"@type\":\"SearchAction\",\"target\":{\"@type\":\"EntryPoint\",\"urlTemplate\":\"https:\/\/blog.zeit.de\/nsu-prozess-blog\/?s={search_term_string}\"},\"query-input\":\"required name=search_term_string\"}],\"inLanguage\":\"de\"},{\"@type\":\"Person\",\"@id\":\"https:\/\/blog.zeit.de\/nsu-prozess-blog\/#\/schema\/person\/553ea9bb5d1fc2ae054c589bd59380a5\",\"name\":\"Tom Sundermann\",\"image\":{\"@type\":\"ImageObject\",\"inLanguage\":\"de\",\"@id\":\"https:\/\/blog.zeit.de\/nsu-prozess-blog\/#\/schema\/person\/image\/\",\"url\":\"https:\/\/secure.gravatar.com\/avatar\/e108a3dc18766f719b2f797dc5d19093f06a1870c55b553ab6b7563f1f9a5e68?s=96&d=mm&r=g\",\"contentUrl\":\"https:\/\/secure.gravatar.com\/avatar\/e108a3dc18766f719b2f797dc5d19093f06a1870c55b553ab6b7563f1f9a5e68?s=96&d=mm&r=g\",\"caption\":\"Tom Sundermann\"},\"sameAs\":[\"https:\/\/twitter.com\/messeticker\"],\"url\":\"https:\/\/blog.zeit.de\/nsu-prozess-blog\/author\/tsundermann\/\"}]}<\/script>\n<!-- \/ Yoast SEO plugin. -->","yoast_head_json":{"title":"Kein gutes Zeichen f\u00fcr Zsch\u00e4pe \u2013 Das Medienlog vom Donnerstag, 1. Dezember 2016 - Das NSU-Prozess-Blog","robots":{"index":"index","follow":"follow","max-snippet":"max-snippet:-1","max-image-preview":"max-image-preview:large","max-video-preview":"max-video-preview:-1"},"canonical":"https:\/\/blog.zeit.de\/nsu-prozess-blog\/2016\/12\/01\/medienlog-synagoge-zschaepe-berlin-nsu\/","og_locale":"de_DE","og_type":"article","og_title":"Kein gutes Zeichen f\u00fcr Zsch\u00e4pe \u2013 Das Medienlog vom Donnerstag, 1. Dezember 2016 - Das NSU-Prozess-Blog","og_description":"Erneut hat sich das Gericht am Mittwoch mit dem Verdacht besch\u00e4ftigt, Beate Zsch\u00e4pe k\u00f6nnte im Jahr 2000 eine Berliner Synagoge ausgesp\u00e4ht haben. Grundlage ist die Aussage eines Wachpolizisten, der Zsch\u00e4pe damals gesehen haben will. Er war zum zweiten Mal als Zeuge geladen. Die Befragung war jedoch Nebensache: Haupts\u00e4chlich las Richter Manfred G\u00f6tzl dem Pension\u00e4r S\u00e4tze [&hellip;]","og_url":"https:\/\/blog.zeit.de\/nsu-prozess-blog\/2016\/12\/01\/medienlog-synagoge-zschaepe-berlin-nsu\/","og_site_name":"Das NSU-Prozess-Blog","article_published_time":"2016-12-01T07:45:15+00:00","article_modified_time":"2016-12-01T11:48:21+00:00","author":"Tom Sundermann","twitter_misc":{"Geschrieben von":"Tom Sundermann","Gesch\u00e4tzte Lesezeit":"1\u00a0Minute"},"schema":{"@context":"https:\/\/schema.org","@graph":[{"@type":"WebPage","@id":"https:\/\/blog.zeit.de\/nsu-prozess-blog\/2016\/12\/01\/medienlog-synagoge-zschaepe-berlin-nsu\/","url":"https:\/\/blog.zeit.de\/nsu-prozess-blog\/2016\/12\/01\/medienlog-synagoge-zschaepe-berlin-nsu\/","name":"Kein gutes Zeichen f\u00fcr Zsch\u00e4pe \u2013 Das Medienlog vom Donnerstag, 1. Dezember 2016 - Das NSU-Prozess-Blog","isPartOf":{"@id":"https:\/\/blog.zeit.de\/nsu-prozess-blog\/#website"},"datePublished":"2016-12-01T07:45:15+00:00","dateModified":"2016-12-01T11:48:21+00:00","author":{"@id":"https:\/\/blog.zeit.de\/nsu-prozess-blog\/#\/schema\/person\/553ea9bb5d1fc2ae054c589bd59380a5"},"breadcrumb":{"@id":"https:\/\/blog.zeit.de\/nsu-prozess-blog\/2016\/12\/01\/medienlog-synagoge-zschaepe-berlin-nsu\/#breadcrumb"},"inLanguage":"de","potentialAction":[{"@type":"ReadAction","target":["https:\/\/blog.zeit.de\/nsu-prozess-blog\/2016\/12\/01\/medienlog-synagoge-zschaepe-berlin-nsu\/"]}]},{"@type":"BreadcrumbList","@id":"https:\/\/blog.zeit.de\/nsu-prozess-blog\/2016\/12\/01\/medienlog-synagoge-zschaepe-berlin-nsu\/#breadcrumb","itemListElement":[{"@type":"ListItem","position":1,"name":"Startseite","item":"https:\/\/blog.zeit.de\/nsu-prozess-blog\/"},{"@type":"ListItem","position":2,"name":"Kein gutes Zeichen f\u00fcr Zsch\u00e4pe \u2013 Das Medienlog vom Donnerstag, 1. Dezember 2016"}]},{"@type":"WebSite","@id":"https:\/\/blog.zeit.de\/nsu-prozess-blog\/#website","url":"https:\/\/blog.zeit.de\/nsu-prozess-blog\/","name":"Das NSU-Prozess-Blog","description":"Alle Berichte zum Terrorverfahren in M\u00fcnchen","potentialAction":[{"@type":"SearchAction","target":{"@type":"EntryPoint","urlTemplate":"https:\/\/blog.zeit.de\/nsu-prozess-blog\/?s={search_term_string}"},"query-input":"required name=search_term_string"}],"inLanguage":"de"},{"@type":"Person","@id":"https:\/\/blog.zeit.de\/nsu-prozess-blog\/#\/schema\/person\/553ea9bb5d1fc2ae054c589bd59380a5","name":"Tom Sundermann","image":{"@type":"ImageObject","inLanguage":"de","@id":"https:\/\/blog.zeit.de\/nsu-prozess-blog\/#\/schema\/person\/image\/","url":"https:\/\/secure.gravatar.com\/avatar\/e108a3dc18766f719b2f797dc5d19093f06a1870c55b553ab6b7563f1f9a5e68?s=96&d=mm&r=g","contentUrl":"https:\/\/secure.gravatar.com\/avatar\/e108a3dc18766f719b2f797dc5d19093f06a1870c55b553ab6b7563f1f9a5e68?s=96&d=mm&r=g","caption":"Tom Sundermann"},"sameAs":["https:\/\/twitter.com\/messeticker"],"url":"https:\/\/blog.zeit.de\/nsu-prozess-blog\/author\/tsundermann\/"}]}},"jetpack_featured_media_url":"","jetpack_sharing_enabled":true,"_links":{"self":[{"href":"https:\/\/blog.zeit.de\/nsu-prozess-blog\/wp-json\/wp\/v2\/posts\/12355","targetHints":{"allow":["GET"]}}],"collection":[{"href":"https:\/\/blog.zeit.de\/nsu-prozess-blog\/wp-json\/wp\/v2\/posts"}],"about":[{"href":"https:\/\/blog.zeit.de\/nsu-prozess-blog\/wp-json\/wp\/v2\/types\/post"}],"author":[{"embeddable":true,"href":"https:\/\/blog.zeit.de\/nsu-prozess-blog\/wp-json\/wp\/v2\/users\/435"}],"replies":[{"embeddable":true,"href":"https:\/\/blog.zeit.de\/nsu-prozess-blog\/wp-json\/wp\/v2\/comments?post=12355"}],"version-history":[{"count":5,"href":"https:\/\/blog.zeit.de\/nsu-prozess-blog\/wp-json\/wp\/v2\/posts\/12355\/revisions"}],"predecessor-version":[{"id":12360,"href":"https:\/\/blog.zeit.de\/nsu-prozess-blog\/wp-json\/wp\/v2\/posts\/12355\/revisions\/12360"}],"wp:attachment":[{"href":"https:\/\/blog.zeit.de\/nsu-prozess-blog\/wp-json\/wp\/v2\/media?parent=12355"}],"wp:term":[{"taxonomy":"category","embeddable":true,"href":"https:\/\/blog.zeit.de\/nsu-prozess-blog\/wp-json\/wp\/v2\/categories?post=12355"},{"taxonomy":"post_tag","embeddable":true,"href":"https:\/\/blog.zeit.de\/nsu-prozess-blog\/wp-json\/wp\/v2\/tags?post=12355"}],"curies":[{"name":"wp","href":"https:\/\/api.w.org\/{rel}","templated":true}]}}