{"id":12365,"date":"2016-12-02T09:31:24","date_gmt":"2016-12-02T08:31:24","guid":{"rendered":"http:\/\/blog.zeit.de\/nsu-prozess-blog\/?p=12365"},"modified":"2016-12-02T10:35:09","modified_gmt":"2016-12-02T09:35:09","slug":"medienlog-gutachten-zschaepe-anwaelte-nsu","status":"publish","type":"post","link":"https:\/\/blog.zeit.de\/nsu-prozess-blog\/2016\/12\/02\/medienlog-gutachten-zschaepe-anwaelte-nsu\/","title":{"rendered":"NSU-Richter dr\u00fccken aufs Tempo \u2013 Das Medienlog vom Freitag, 2. Dezember 2016"},"content":{"rendered":"<p>Im NSU-Prozess r\u00fcckt das <a href=\"https:\/\/blog.zeit.de\/nsu-prozess-blog\/2015\/09\/30\/medienlog-urteil-nsu-prozess-naht\/\">Ende der Beweisaufnahme<\/a> immer n\u00e4her. Deutlich wurde das erneut in der vergangenen Sitzung. Richter Manfred G\u00f6tzl forderte die Beteiligten auf, rasch noch ausstehende Beweisantr\u00e4ge zu stellen. Das Gericht will bis Weihnachten fertig sein. F\u00fcr das Ende ist es nach Ansicht von Beobachtern Zeit: &#8222;Schon lange neigt sich der Erkenntnisgewinn gegen Null&#8220;, bilanziert Annette Ramelsberger von der <a href=\"http:\/\/www.sueddeutsche.de\/politik\/nsu-prozess-die-richter-im-nsu-prozess-haben-sich-laengst-eine-meinung-gebildet-1.3275959\" target=\"_blank\"><em>S\u00fcddeutschen Zeitung<\/em><\/a>. Zuletzt sei es den Richtern nur noch darum gegangen, sich gegen eine Revision vor dem Bundesgerichtshof abzusichern. Schuld oder Unschuld der Angeklagten sei nur noch ein Randthema gewesen.<\/p>\n<p><!--more--><\/p>\n<p><em>An jedem Werktag sichten wir f\u00fcr das NSU-Prozess-Blog die Medien und stellen wichtige Berichte, Blogs, Videos und Tweets zusammen. Wir freuen uns \u00fcber Hinweise via Twitter mit dem Hashtag #nsublog \u2013 oder per E-Mail an <a href=\"mailto:nsublog@zeit.de\">nsublog@zeit.de<\/a>.<\/em><\/p>\n<p>&#8222;Nach dreieinhalb Jahren NSU-Prozess dr\u00fcckt das Gericht aufs Tempo&#8220;, <a href=\"http:\/\/www.lvz.de\/Mitteldeutschland\/News\/Im-NSU-Prozess-ist-Ende-der-Beweisaufnahme-in-Sicht\" target=\"_blank\">beobachtet<\/a> dpa-Autor Christoph Lemmer. Auff\u00e4llig: Die Prozesstage waren zuletzt &#8222;schon oft nur sehr kurz&#8220;, schreibt Tim A\u00dfmann vom <a href=\"http:\/\/www.br.de\/nachrichten\/nsu-prozess\/161201-tagebuch-gerichtsreporter-100.html\" target=\"_blank\">Bayerischen Rundfunk<\/a>.<\/p>\n<p>Richter G\u00f6tzl k\u00fcndigte zudem an, der psychiatrische Sachverst\u00e4ndige Henning Sa\u00df solle am 20. und 21. Dezember sein <a href=\"https:\/\/blog.zeit.de\/nsu-prozess-blog\/2016\/10\/29\/gutachter-ueber-zschaepe-selbstbewusst-kraeftig-und-burschikos\/\">vorl\u00e4ufiges Gutachten \u00fcber Beate Zsch\u00e4pe<\/a> vorstellen. Darin empfiehlt Sa\u00df, unter Umst\u00e4nden die Sicherungsverwahrung gegen die Angeklagte zu verh\u00e4ngen. Deren Anw\u00e4lte versuchten, die Vorstellung des Gutachtens zu verschieben, weil sie derzeit ein Gegengutachten ausarbeiten lassen. &#8222;Zsch\u00e4pes Verteidiger sind \u00fcberrumpelt&#8220;, analysiert Wiebke Ramm in der <a href=\"http:\/\/www.sueddeutsche.de\/politik\/nsu-prozess-ende-in-sicht-1.3275538\" target=\"_blank\"><em>S\u00fcddeutschen Zeitung<\/em><\/a>. Sie h\u00e4tten angedeutet, dass sie Sa\u00df&#8216; Gutachtenmethode angreifen wollen.<\/p>\n<p>Das Vorgehen hat jedoch kaum Erfolgsaussichten, wie <a href=\"https:\/\/blog.zeit.de\/nsu-prozess-blog\/2016\/12\/01\/zschaepe-gutachten-sorgt-fuer-wirbel\/\" target=\"_blank\">ZEIT ONLINE<\/a> zeigte: &#8222;Die Methoden, auf die ihn ein anderer Sachverst\u00e4ndiger nun kritisch pr\u00fcfen k\u00f6nnte, hat er selbst mitentwickelt.&#8220; Bei dem Angriff auf die Expertise wurde erneut &#8222;der Riss, der durch die Verteidigung geht&#8220;, deutlich. Denn Zsch\u00e4pes neuer Anwalt <a href=\"https:\/\/blog.zeit.de\/nsu-prozess-blog\/2015\/07\/07\/anwalt-im-blindflug\/\">Mathias Grasel<\/a>, der sie bei der Aussage unterst\u00fctzte, unternahm \u2013 anders als ihre drei Altverteidiger \u2013 nichts gegen das Gutachten.<\/p>\n<p><em>Das n\u00e4chste Medienlog erscheint am Montag, 5. Dezember 2016.<\/em><\/p>\n","protected":false},"excerpt":{"rendered":"<p>Im NSU-Prozess r\u00fcckt das Ende der Beweisaufnahme immer n\u00e4her. Deutlich wurde das erneut in der vergangenen Sitzung. Richter Manfred G\u00f6tzl forderte die Beteiligten auf, rasch noch ausstehende Beweisantr\u00e4ge zu stellen. Das Gericht will bis Weihnachten fertig sein. F\u00fcr das Ende ist es nach Ansicht von Beobachtern Zeit: &#8222;Schon lange neigt sich der Erkenntnisgewinn gegen Null&#8220;, [&hellip;]<\/p>\n","protected":false},"author":435,"featured_media":0,"comment_status":"open","ping_status":"open","sticky":false,"template":"","format":"standard","meta":{"_jetpack_memberships_contains_paid_content":false,"footnotes":""},"categories":[27531],"tags":[29424,17793,1105,33605],"class_list":["post-12365","post","type-post","status-publish","format-standard","hentry","category-medienschau","tag-anwalte","tag-beate-zschape","tag-gutachten","tag-henning-sass"],"yoast_head":"<!-- This site is optimized with the Yoast SEO plugin v21.0 - https:\/\/yoast.com\/wordpress\/plugins\/seo\/ -->\n<title>NSU-Richter dr\u00fccken aufs Tempo \u2013 Das Medienlog vom Freitag, 2. Dezember 2016 - Das NSU-Prozess-Blog<\/title>\n<meta name=\"robots\" content=\"index, follow, max-snippet:-1, max-image-preview:large, max-video-preview:-1\" \/>\n<link rel=\"canonical\" href=\"https:\/\/blog.zeit.de\/nsu-prozess-blog\/2016\/12\/02\/medienlog-gutachten-zschaepe-anwaelte-nsu\/\" \/>\n<meta property=\"og:locale\" content=\"de_DE\" \/>\n<meta property=\"og:type\" content=\"article\" \/>\n<meta property=\"og:title\" content=\"NSU-Richter dr\u00fccken aufs Tempo \u2013 Das Medienlog vom Freitag, 2. Dezember 2016 - Das NSU-Prozess-Blog\" \/>\n<meta property=\"og:description\" content=\"Im NSU-Prozess r\u00fcckt das Ende der Beweisaufnahme immer n\u00e4her. Deutlich wurde das erneut in der vergangenen Sitzung. Richter Manfred G\u00f6tzl forderte die Beteiligten auf, rasch noch ausstehende Beweisantr\u00e4ge zu stellen. Das Gericht will bis Weihnachten fertig sein. F\u00fcr das Ende ist es nach Ansicht von Beobachtern Zeit: &#8222;Schon lange neigt sich der Erkenntnisgewinn gegen Null&#8220;, [&hellip;]\" \/>\n<meta property=\"og:url\" content=\"https:\/\/blog.zeit.de\/nsu-prozess-blog\/2016\/12\/02\/medienlog-gutachten-zschaepe-anwaelte-nsu\/\" \/>\n<meta property=\"og:site_name\" content=\"Das NSU-Prozess-Blog\" \/>\n<meta property=\"article:published_time\" content=\"2016-12-02T08:31:24+00:00\" \/>\n<meta property=\"article:modified_time\" content=\"2016-12-02T09:35:09+00:00\" \/>\n<meta name=\"author\" content=\"Tom Sundermann\" \/>\n<meta name=\"twitter:label1\" content=\"Geschrieben von\" \/>\n\t<meta name=\"twitter:data1\" content=\"Tom Sundermann\" \/>\n\t<meta name=\"twitter:label2\" content=\"Gesch\u00e4tzte Lesezeit\" \/>\n\t<meta name=\"twitter:data2\" content=\"2\u00a0Minuten\" \/>\n<script type=\"application\/ld+json\" class=\"yoast-schema-graph\">{\"@context\":\"https:\/\/schema.org\",\"@graph\":[{\"@type\":\"WebPage\",\"@id\":\"https:\/\/blog.zeit.de\/nsu-prozess-blog\/2016\/12\/02\/medienlog-gutachten-zschaepe-anwaelte-nsu\/\",\"url\":\"https:\/\/blog.zeit.de\/nsu-prozess-blog\/2016\/12\/02\/medienlog-gutachten-zschaepe-anwaelte-nsu\/\",\"name\":\"NSU-Richter dr\u00fccken aufs Tempo \u2013 Das Medienlog vom Freitag, 2. Dezember 2016 - Das NSU-Prozess-Blog\",\"isPartOf\":{\"@id\":\"https:\/\/blog.zeit.de\/nsu-prozess-blog\/#website\"},\"datePublished\":\"2016-12-02T08:31:24+00:00\",\"dateModified\":\"2016-12-02T09:35:09+00:00\",\"author\":{\"@id\":\"https:\/\/blog.zeit.de\/nsu-prozess-blog\/#\/schema\/person\/553ea9bb5d1fc2ae054c589bd59380a5\"},\"breadcrumb\":{\"@id\":\"https:\/\/blog.zeit.de\/nsu-prozess-blog\/2016\/12\/02\/medienlog-gutachten-zschaepe-anwaelte-nsu\/#breadcrumb\"},\"inLanguage\":\"de\",\"potentialAction\":[{\"@type\":\"ReadAction\",\"target\":[\"https:\/\/blog.zeit.de\/nsu-prozess-blog\/2016\/12\/02\/medienlog-gutachten-zschaepe-anwaelte-nsu\/\"]}]},{\"@type\":\"BreadcrumbList\",\"@id\":\"https:\/\/blog.zeit.de\/nsu-prozess-blog\/2016\/12\/02\/medienlog-gutachten-zschaepe-anwaelte-nsu\/#breadcrumb\",\"itemListElement\":[{\"@type\":\"ListItem\",\"position\":1,\"name\":\"Startseite\",\"item\":\"https:\/\/blog.zeit.de\/nsu-prozess-blog\/\"},{\"@type\":\"ListItem\",\"position\":2,\"name\":\"NSU-Richter dr\u00fccken aufs Tempo \u2013 Das Medienlog vom Freitag, 2. Dezember 2016\"}]},{\"@type\":\"WebSite\",\"@id\":\"https:\/\/blog.zeit.de\/nsu-prozess-blog\/#website\",\"url\":\"https:\/\/blog.zeit.de\/nsu-prozess-blog\/\",\"name\":\"Das NSU-Prozess-Blog\",\"description\":\"Alle Berichte zum Terrorverfahren in M\u00fcnchen\",\"potentialAction\":[{\"@type\":\"SearchAction\",\"target\":{\"@type\":\"EntryPoint\",\"urlTemplate\":\"https:\/\/blog.zeit.de\/nsu-prozess-blog\/?s={search_term_string}\"},\"query-input\":\"required name=search_term_string\"}],\"inLanguage\":\"de\"},{\"@type\":\"Person\",\"@id\":\"https:\/\/blog.zeit.de\/nsu-prozess-blog\/#\/schema\/person\/553ea9bb5d1fc2ae054c589bd59380a5\",\"name\":\"Tom Sundermann\",\"image\":{\"@type\":\"ImageObject\",\"inLanguage\":\"de\",\"@id\":\"https:\/\/blog.zeit.de\/nsu-prozess-blog\/#\/schema\/person\/image\/\",\"url\":\"https:\/\/secure.gravatar.com\/avatar\/e108a3dc18766f719b2f797dc5d19093f06a1870c55b553ab6b7563f1f9a5e68?s=96&d=mm&r=g\",\"contentUrl\":\"https:\/\/secure.gravatar.com\/avatar\/e108a3dc18766f719b2f797dc5d19093f06a1870c55b553ab6b7563f1f9a5e68?s=96&d=mm&r=g\",\"caption\":\"Tom Sundermann\"},\"sameAs\":[\"https:\/\/twitter.com\/messeticker\"],\"url\":\"https:\/\/blog.zeit.de\/nsu-prozess-blog\/author\/tsundermann\/\"}]}<\/script>\n<!-- \/ Yoast SEO plugin. -->","yoast_head_json":{"title":"NSU-Richter dr\u00fccken aufs Tempo \u2013 Das Medienlog vom Freitag, 2. Dezember 2016 - Das NSU-Prozess-Blog","robots":{"index":"index","follow":"follow","max-snippet":"max-snippet:-1","max-image-preview":"max-image-preview:large","max-video-preview":"max-video-preview:-1"},"canonical":"https:\/\/blog.zeit.de\/nsu-prozess-blog\/2016\/12\/02\/medienlog-gutachten-zschaepe-anwaelte-nsu\/","og_locale":"de_DE","og_type":"article","og_title":"NSU-Richter dr\u00fccken aufs Tempo \u2013 Das Medienlog vom Freitag, 2. Dezember 2016 - Das NSU-Prozess-Blog","og_description":"Im NSU-Prozess r\u00fcckt das Ende der Beweisaufnahme immer n\u00e4her. Deutlich wurde das erneut in der vergangenen Sitzung. Richter Manfred G\u00f6tzl forderte die Beteiligten auf, rasch noch ausstehende Beweisantr\u00e4ge zu stellen. Das Gericht will bis Weihnachten fertig sein. F\u00fcr das Ende ist es nach Ansicht von Beobachtern Zeit: &#8222;Schon lange neigt sich der Erkenntnisgewinn gegen Null&#8220;, [&hellip;]","og_url":"https:\/\/blog.zeit.de\/nsu-prozess-blog\/2016\/12\/02\/medienlog-gutachten-zschaepe-anwaelte-nsu\/","og_site_name":"Das NSU-Prozess-Blog","article_published_time":"2016-12-02T08:31:24+00:00","article_modified_time":"2016-12-02T09:35:09+00:00","author":"Tom Sundermann","twitter_misc":{"Geschrieben von":"Tom Sundermann","Gesch\u00e4tzte Lesezeit":"2\u00a0Minuten"},"schema":{"@context":"https:\/\/schema.org","@graph":[{"@type":"WebPage","@id":"https:\/\/blog.zeit.de\/nsu-prozess-blog\/2016\/12\/02\/medienlog-gutachten-zschaepe-anwaelte-nsu\/","url":"https:\/\/blog.zeit.de\/nsu-prozess-blog\/2016\/12\/02\/medienlog-gutachten-zschaepe-anwaelte-nsu\/","name":"NSU-Richter dr\u00fccken aufs Tempo \u2013 Das Medienlog vom Freitag, 2. Dezember 2016 - Das NSU-Prozess-Blog","isPartOf":{"@id":"https:\/\/blog.zeit.de\/nsu-prozess-blog\/#website"},"datePublished":"2016-12-02T08:31:24+00:00","dateModified":"2016-12-02T09:35:09+00:00","author":{"@id":"https:\/\/blog.zeit.de\/nsu-prozess-blog\/#\/schema\/person\/553ea9bb5d1fc2ae054c589bd59380a5"},"breadcrumb":{"@id":"https:\/\/blog.zeit.de\/nsu-prozess-blog\/2016\/12\/02\/medienlog-gutachten-zschaepe-anwaelte-nsu\/#breadcrumb"},"inLanguage":"de","potentialAction":[{"@type":"ReadAction","target":["https:\/\/blog.zeit.de\/nsu-prozess-blog\/2016\/12\/02\/medienlog-gutachten-zschaepe-anwaelte-nsu\/"]}]},{"@type":"BreadcrumbList","@id":"https:\/\/blog.zeit.de\/nsu-prozess-blog\/2016\/12\/02\/medienlog-gutachten-zschaepe-anwaelte-nsu\/#breadcrumb","itemListElement":[{"@type":"ListItem","position":1,"name":"Startseite","item":"https:\/\/blog.zeit.de\/nsu-prozess-blog\/"},{"@type":"ListItem","position":2,"name":"NSU-Richter dr\u00fccken aufs Tempo \u2013 Das Medienlog vom Freitag, 2. Dezember 2016"}]},{"@type":"WebSite","@id":"https:\/\/blog.zeit.de\/nsu-prozess-blog\/#website","url":"https:\/\/blog.zeit.de\/nsu-prozess-blog\/","name":"Das NSU-Prozess-Blog","description":"Alle Berichte zum Terrorverfahren in M\u00fcnchen","potentialAction":[{"@type":"SearchAction","target":{"@type":"EntryPoint","urlTemplate":"https:\/\/blog.zeit.de\/nsu-prozess-blog\/?s={search_term_string}"},"query-input":"required name=search_term_string"}],"inLanguage":"de"},{"@type":"Person","@id":"https:\/\/blog.zeit.de\/nsu-prozess-blog\/#\/schema\/person\/553ea9bb5d1fc2ae054c589bd59380a5","name":"Tom Sundermann","image":{"@type":"ImageObject","inLanguage":"de","@id":"https:\/\/blog.zeit.de\/nsu-prozess-blog\/#\/schema\/person\/image\/","url":"https:\/\/secure.gravatar.com\/avatar\/e108a3dc18766f719b2f797dc5d19093f06a1870c55b553ab6b7563f1f9a5e68?s=96&d=mm&r=g","contentUrl":"https:\/\/secure.gravatar.com\/avatar\/e108a3dc18766f719b2f797dc5d19093f06a1870c55b553ab6b7563f1f9a5e68?s=96&d=mm&r=g","caption":"Tom Sundermann"},"sameAs":["https:\/\/twitter.com\/messeticker"],"url":"https:\/\/blog.zeit.de\/nsu-prozess-blog\/author\/tsundermann\/"}]}},"jetpack_featured_media_url":"","jetpack_sharing_enabled":true,"_links":{"self":[{"href":"https:\/\/blog.zeit.de\/nsu-prozess-blog\/wp-json\/wp\/v2\/posts\/12365","targetHints":{"allow":["GET"]}}],"collection":[{"href":"https:\/\/blog.zeit.de\/nsu-prozess-blog\/wp-json\/wp\/v2\/posts"}],"about":[{"href":"https:\/\/blog.zeit.de\/nsu-prozess-blog\/wp-json\/wp\/v2\/types\/post"}],"author":[{"embeddable":true,"href":"https:\/\/blog.zeit.de\/nsu-prozess-blog\/wp-json\/wp\/v2\/users\/435"}],"replies":[{"embeddable":true,"href":"https:\/\/blog.zeit.de\/nsu-prozess-blog\/wp-json\/wp\/v2\/comments?post=12365"}],"version-history":[{"count":8,"href":"https:\/\/blog.zeit.de\/nsu-prozess-blog\/wp-json\/wp\/v2\/posts\/12365\/revisions"}],"predecessor-version":[{"id":12384,"href":"https:\/\/blog.zeit.de\/nsu-prozess-blog\/wp-json\/wp\/v2\/posts\/12365\/revisions\/12384"}],"wp:attachment":[{"href":"https:\/\/blog.zeit.de\/nsu-prozess-blog\/wp-json\/wp\/v2\/media?parent=12365"}],"wp:term":[{"taxonomy":"category","embeddable":true,"href":"https:\/\/blog.zeit.de\/nsu-prozess-blog\/wp-json\/wp\/v2\/categories?post=12365"},{"taxonomy":"post_tag","embeddable":true,"href":"https:\/\/blog.zeit.de\/nsu-prozess-blog\/wp-json\/wp\/v2\/tags?post=12365"}],"curies":[{"name":"wp","href":"https:\/\/api.w.org\/{rel}","templated":true}]}}