{"id":12419,"date":"2016-12-14T11:09:04","date_gmt":"2016-12-14T10:09:04","guid":{"rendered":"http:\/\/blog.zeit.de\/nsu-prozess-blog\/?p=12419"},"modified":"2016-12-14T14:01:26","modified_gmt":"2016-12-14T13:01:26","slug":"medienlog-zschape-trauerfall-nsu","status":"publish","type":"post","link":"https:\/\/blog.zeit.de\/nsu-prozess-blog\/2016\/12\/14\/medienlog-zschape-trauerfall-nsu\/","title":{"rendered":"Eine schwierige Zeit f\u00fcr Zsch\u00e4pe \u2013 das Medienlog vom Mittwoch, 14. Dezember 2016"},"content":{"rendered":"<p>Trauerfall f\u00fcr die NSU-Hauptangeklagte <a href=\"http:\/\/www.zeit.de\/politik\/ausland\/2015-12\/beate-schaepe-aussage-bewertung\">Beate Zsch\u00e4pe<\/a>: Ihre Gro\u00dfmutter Anneliese A. ist im Alter von 93 Jahren gestorben, wie Zsch\u00e4pe laut Medienberichten am Montag erfuhr. Die Oma war nach ihren eigenen Angaben die wichtigste Bezugsperson in ihrer Kindheit. &#8222;Ob sich Zsch\u00e4pes Trauer auf ihre Verhandlungsf\u00e4higkeit auswirken und zu einer Verz\u00f6gerung des Prozesses f\u00fchren wird, bleibt abzuwarten&#8220;, schreibt Wiebke Ramm in der <a href=\"http:\/\/www.sueddeutsche.de\/politik\/nsu-prozess-der-tod-der-vertrauten-1.3293428\" target=\"_blank\"><em>S\u00fcddeutschen Zeitung<\/em><\/a>. Die Verhandlung am Dienstag war mit weniger als einer Stunde au\u00dferordentlich kurz. F\u00fcr die Angeklagte falle das Ableben der Oma &#8222;in eine schwierige Zeit&#8220; \u2013 kurz, bevor der Sachverst\u00e4ndige Henning Sa\u00df <a href=\"https:\/\/blog.zeit.de\/nsu-prozess-blog\/2016\/10\/29\/gutachter-ueber-zschaepe-selbstbewusst-kraeftig-und-burschikos\/\">das psychiatrische Gutachten<\/a> zu einer m\u00f6glichen Sicherungsverwahrung \u00fcber Zsch\u00e4pe vorstellt.<\/p>\n<p><!--more--><\/p>\n<p><em>An jedem Werktag sichten wir f\u00fcr das NSU-Prozess-Blog die Medien und stellen wichtige Berichte, Blogs, Videos und Tweets zusammen. Wir freuen uns \u00fcber Hinweise via Twitter mit dem Hashtag #nsublog \u2013 oder per E-Mail an <a href=\"mailto:nsublog@zeit.de\">nsublog@zeit.de<\/a>.<\/em><\/p>\n<p>Der Strafsenat entschied am Dienstag, dass zum Fall des tot aufgefundenen M\u00e4dchens <a href=\"http:\/\/www.zeit.de\/gesellschaft\/zeitgeschehen\/2016-10\/nsu-boehnhardt-peggy-untersuchung\">Peggy Knobloch<\/a> keine Beweise im NSU-Prozess erhoben werden. Vertreter der Nebenklage hatten sich mit dem mutma\u00dflichen Mord besch\u00e4ftigen wollen, weil sie darin einen Hinweis auf m\u00f6gliche Finanzierungsquellen des NSU vermuteten \u2013 n\u00e4mlich Kinderpornografie. &#8222;Es war ein Versuch. Vielleicht kein besonders geschickter&#8220;, kommentiert Mira Barthelmann vom <a href=\"http:\/\/www.br.de\/nachrichten\/nsu-prozess\/161213-tagebuch-gerichtsreporter-100.html\" target=\"_blank\">Bayerischen Rundfunk<\/a>. Die Ablehnung der Beweiserhebung hatte sich bereits vergangene Woche abgezeichnet, als Zsch\u00e4pe angab, <a href=\"https:\/\/blog.zeit.de\/nsu-prozess-blog\/2016\/12\/09\/medienlog-zschaepe-peggy-antwort-brief-nsu\/\">kein Wissen zu dem Fall zu haben<\/a>.<\/p>\n<p><em>Das n\u00e4chste Medienlog erscheint am Donnerstag, 15. Dezember 2016.<\/em><\/p>\n","protected":false},"excerpt":{"rendered":"<p>Trauerfall f\u00fcr die NSU-Hauptangeklagte Beate Zsch\u00e4pe: Ihre Gro\u00dfmutter Anneliese A. ist im Alter von 93 Jahren gestorben, wie Zsch\u00e4pe laut Medienberichten am Montag erfuhr. Die Oma war nach ihren eigenen Angaben die wichtigste Bezugsperson in ihrer Kindheit. &#8222;Ob sich Zsch\u00e4pes Trauer auf ihre Verhandlungsf\u00e4higkeit auswirken und zu einer Verz\u00f6gerung des Prozesses f\u00fchren wird, bleibt abzuwarten&#8220;, [&hellip;]<\/p>\n","protected":false},"author":435,"featured_media":0,"comment_status":"open","ping_status":"open","sticky":false,"template":"","format":"standard","meta":{"_jetpack_memberships_contains_paid_content":false,"footnotes":""},"categories":[27531],"tags":[17793,35426,35424],"class_list":["post-12419","post","type-post","status-publish","format-standard","hentry","category-medienschau","tag-beate-zschape","tag-grossmutter","tag-peggy"],"yoast_head":"<!-- This site is optimized with the Yoast SEO plugin v21.0 - https:\/\/yoast.com\/wordpress\/plugins\/seo\/ -->\n<title>Eine schwierige Zeit f\u00fcr Zsch\u00e4pe \u2013 das Medienlog vom Mittwoch, 14. Dezember 2016 - Das NSU-Prozess-Blog<\/title>\n<meta name=\"robots\" content=\"index, follow, max-snippet:-1, max-image-preview:large, max-video-preview:-1\" \/>\n<link rel=\"canonical\" href=\"https:\/\/blog.zeit.de\/nsu-prozess-blog\/2016\/12\/14\/medienlog-zschape-trauerfall-nsu\/\" \/>\n<meta property=\"og:locale\" content=\"de_DE\" \/>\n<meta property=\"og:type\" content=\"article\" \/>\n<meta property=\"og:title\" content=\"Eine schwierige Zeit f\u00fcr Zsch\u00e4pe \u2013 das Medienlog vom Mittwoch, 14. Dezember 2016 - Das NSU-Prozess-Blog\" \/>\n<meta property=\"og:description\" content=\"Trauerfall f\u00fcr die NSU-Hauptangeklagte Beate Zsch\u00e4pe: Ihre Gro\u00dfmutter Anneliese A. ist im Alter von 93 Jahren gestorben, wie Zsch\u00e4pe laut Medienberichten am Montag erfuhr. Die Oma war nach ihren eigenen Angaben die wichtigste Bezugsperson in ihrer Kindheit. &#8222;Ob sich Zsch\u00e4pes Trauer auf ihre Verhandlungsf\u00e4higkeit auswirken und zu einer Verz\u00f6gerung des Prozesses f\u00fchren wird, bleibt abzuwarten&#8220;, [&hellip;]\" \/>\n<meta property=\"og:url\" content=\"https:\/\/blog.zeit.de\/nsu-prozess-blog\/2016\/12\/14\/medienlog-zschape-trauerfall-nsu\/\" \/>\n<meta property=\"og:site_name\" content=\"Das NSU-Prozess-Blog\" \/>\n<meta property=\"article:published_time\" content=\"2016-12-14T10:09:04+00:00\" \/>\n<meta property=\"article:modified_time\" content=\"2016-12-14T13:01:26+00:00\" \/>\n<meta name=\"author\" content=\"Tom Sundermann\" \/>\n<meta name=\"twitter:label1\" content=\"Geschrieben von\" \/>\n\t<meta name=\"twitter:data1\" content=\"Tom Sundermann\" \/>\n\t<meta name=\"twitter:label2\" content=\"Gesch\u00e4tzte Lesezeit\" \/>\n\t<meta name=\"twitter:data2\" content=\"1\u00a0Minute\" \/>\n<script type=\"application\/ld+json\" class=\"yoast-schema-graph\">{\"@context\":\"https:\/\/schema.org\",\"@graph\":[{\"@type\":\"WebPage\",\"@id\":\"https:\/\/blog.zeit.de\/nsu-prozess-blog\/2016\/12\/14\/medienlog-zschape-trauerfall-nsu\/\",\"url\":\"https:\/\/blog.zeit.de\/nsu-prozess-blog\/2016\/12\/14\/medienlog-zschape-trauerfall-nsu\/\",\"name\":\"Eine schwierige Zeit f\u00fcr Zsch\u00e4pe \u2013 das Medienlog vom Mittwoch, 14. Dezember 2016 - Das NSU-Prozess-Blog\",\"isPartOf\":{\"@id\":\"https:\/\/blog.zeit.de\/nsu-prozess-blog\/#website\"},\"datePublished\":\"2016-12-14T10:09:04+00:00\",\"dateModified\":\"2016-12-14T13:01:26+00:00\",\"author\":{\"@id\":\"https:\/\/blog.zeit.de\/nsu-prozess-blog\/#\/schema\/person\/553ea9bb5d1fc2ae054c589bd59380a5\"},\"breadcrumb\":{\"@id\":\"https:\/\/blog.zeit.de\/nsu-prozess-blog\/2016\/12\/14\/medienlog-zschape-trauerfall-nsu\/#breadcrumb\"},\"inLanguage\":\"de\",\"potentialAction\":[{\"@type\":\"ReadAction\",\"target\":[\"https:\/\/blog.zeit.de\/nsu-prozess-blog\/2016\/12\/14\/medienlog-zschape-trauerfall-nsu\/\"]}]},{\"@type\":\"BreadcrumbList\",\"@id\":\"https:\/\/blog.zeit.de\/nsu-prozess-blog\/2016\/12\/14\/medienlog-zschape-trauerfall-nsu\/#breadcrumb\",\"itemListElement\":[{\"@type\":\"ListItem\",\"position\":1,\"name\":\"Startseite\",\"item\":\"https:\/\/blog.zeit.de\/nsu-prozess-blog\/\"},{\"@type\":\"ListItem\",\"position\":2,\"name\":\"Eine schwierige Zeit f\u00fcr Zsch\u00e4pe \u2013 das Medienlog vom Mittwoch, 14. Dezember 2016\"}]},{\"@type\":\"WebSite\",\"@id\":\"https:\/\/blog.zeit.de\/nsu-prozess-blog\/#website\",\"url\":\"https:\/\/blog.zeit.de\/nsu-prozess-blog\/\",\"name\":\"Das NSU-Prozess-Blog\",\"description\":\"Alle Berichte zum Terrorverfahren in M\u00fcnchen\",\"potentialAction\":[{\"@type\":\"SearchAction\",\"target\":{\"@type\":\"EntryPoint\",\"urlTemplate\":\"https:\/\/blog.zeit.de\/nsu-prozess-blog\/?s={search_term_string}\"},\"query-input\":\"required name=search_term_string\"}],\"inLanguage\":\"de\"},{\"@type\":\"Person\",\"@id\":\"https:\/\/blog.zeit.de\/nsu-prozess-blog\/#\/schema\/person\/553ea9bb5d1fc2ae054c589bd59380a5\",\"name\":\"Tom Sundermann\",\"image\":{\"@type\":\"ImageObject\",\"inLanguage\":\"de\",\"@id\":\"https:\/\/blog.zeit.de\/nsu-prozess-blog\/#\/schema\/person\/image\/\",\"url\":\"https:\/\/secure.gravatar.com\/avatar\/e108a3dc18766f719b2f797dc5d19093f06a1870c55b553ab6b7563f1f9a5e68?s=96&d=mm&r=g\",\"contentUrl\":\"https:\/\/secure.gravatar.com\/avatar\/e108a3dc18766f719b2f797dc5d19093f06a1870c55b553ab6b7563f1f9a5e68?s=96&d=mm&r=g\",\"caption\":\"Tom Sundermann\"},\"sameAs\":[\"https:\/\/twitter.com\/messeticker\"],\"url\":\"https:\/\/blog.zeit.de\/nsu-prozess-blog\/author\/tsundermann\/\"}]}<\/script>\n<!-- \/ Yoast SEO plugin. -->","yoast_head_json":{"title":"Eine schwierige Zeit f\u00fcr Zsch\u00e4pe \u2013 das Medienlog vom Mittwoch, 14. Dezember 2016 - Das NSU-Prozess-Blog","robots":{"index":"index","follow":"follow","max-snippet":"max-snippet:-1","max-image-preview":"max-image-preview:large","max-video-preview":"max-video-preview:-1"},"canonical":"https:\/\/blog.zeit.de\/nsu-prozess-blog\/2016\/12\/14\/medienlog-zschape-trauerfall-nsu\/","og_locale":"de_DE","og_type":"article","og_title":"Eine schwierige Zeit f\u00fcr Zsch\u00e4pe \u2013 das Medienlog vom Mittwoch, 14. Dezember 2016 - Das NSU-Prozess-Blog","og_description":"Trauerfall f\u00fcr die NSU-Hauptangeklagte Beate Zsch\u00e4pe: Ihre Gro\u00dfmutter Anneliese A. ist im Alter von 93 Jahren gestorben, wie Zsch\u00e4pe laut Medienberichten am Montag erfuhr. Die Oma war nach ihren eigenen Angaben die wichtigste Bezugsperson in ihrer Kindheit. &#8222;Ob sich Zsch\u00e4pes Trauer auf ihre Verhandlungsf\u00e4higkeit auswirken und zu einer Verz\u00f6gerung des Prozesses f\u00fchren wird, bleibt abzuwarten&#8220;, [&hellip;]","og_url":"https:\/\/blog.zeit.de\/nsu-prozess-blog\/2016\/12\/14\/medienlog-zschape-trauerfall-nsu\/","og_site_name":"Das NSU-Prozess-Blog","article_published_time":"2016-12-14T10:09:04+00:00","article_modified_time":"2016-12-14T13:01:26+00:00","author":"Tom Sundermann","twitter_misc":{"Geschrieben von":"Tom Sundermann","Gesch\u00e4tzte Lesezeit":"1\u00a0Minute"},"schema":{"@context":"https:\/\/schema.org","@graph":[{"@type":"WebPage","@id":"https:\/\/blog.zeit.de\/nsu-prozess-blog\/2016\/12\/14\/medienlog-zschape-trauerfall-nsu\/","url":"https:\/\/blog.zeit.de\/nsu-prozess-blog\/2016\/12\/14\/medienlog-zschape-trauerfall-nsu\/","name":"Eine schwierige Zeit f\u00fcr Zsch\u00e4pe \u2013 das Medienlog vom Mittwoch, 14. Dezember 2016 - Das NSU-Prozess-Blog","isPartOf":{"@id":"https:\/\/blog.zeit.de\/nsu-prozess-blog\/#website"},"datePublished":"2016-12-14T10:09:04+00:00","dateModified":"2016-12-14T13:01:26+00:00","author":{"@id":"https:\/\/blog.zeit.de\/nsu-prozess-blog\/#\/schema\/person\/553ea9bb5d1fc2ae054c589bd59380a5"},"breadcrumb":{"@id":"https:\/\/blog.zeit.de\/nsu-prozess-blog\/2016\/12\/14\/medienlog-zschape-trauerfall-nsu\/#breadcrumb"},"inLanguage":"de","potentialAction":[{"@type":"ReadAction","target":["https:\/\/blog.zeit.de\/nsu-prozess-blog\/2016\/12\/14\/medienlog-zschape-trauerfall-nsu\/"]}]},{"@type":"BreadcrumbList","@id":"https:\/\/blog.zeit.de\/nsu-prozess-blog\/2016\/12\/14\/medienlog-zschape-trauerfall-nsu\/#breadcrumb","itemListElement":[{"@type":"ListItem","position":1,"name":"Startseite","item":"https:\/\/blog.zeit.de\/nsu-prozess-blog\/"},{"@type":"ListItem","position":2,"name":"Eine schwierige Zeit f\u00fcr Zsch\u00e4pe \u2013 das Medienlog vom Mittwoch, 14. Dezember 2016"}]},{"@type":"WebSite","@id":"https:\/\/blog.zeit.de\/nsu-prozess-blog\/#website","url":"https:\/\/blog.zeit.de\/nsu-prozess-blog\/","name":"Das NSU-Prozess-Blog","description":"Alle Berichte zum Terrorverfahren in M\u00fcnchen","potentialAction":[{"@type":"SearchAction","target":{"@type":"EntryPoint","urlTemplate":"https:\/\/blog.zeit.de\/nsu-prozess-blog\/?s={search_term_string}"},"query-input":"required name=search_term_string"}],"inLanguage":"de"},{"@type":"Person","@id":"https:\/\/blog.zeit.de\/nsu-prozess-blog\/#\/schema\/person\/553ea9bb5d1fc2ae054c589bd59380a5","name":"Tom Sundermann","image":{"@type":"ImageObject","inLanguage":"de","@id":"https:\/\/blog.zeit.de\/nsu-prozess-blog\/#\/schema\/person\/image\/","url":"https:\/\/secure.gravatar.com\/avatar\/e108a3dc18766f719b2f797dc5d19093f06a1870c55b553ab6b7563f1f9a5e68?s=96&d=mm&r=g","contentUrl":"https:\/\/secure.gravatar.com\/avatar\/e108a3dc18766f719b2f797dc5d19093f06a1870c55b553ab6b7563f1f9a5e68?s=96&d=mm&r=g","caption":"Tom Sundermann"},"sameAs":["https:\/\/twitter.com\/messeticker"],"url":"https:\/\/blog.zeit.de\/nsu-prozess-blog\/author\/tsundermann\/"}]}},"jetpack_featured_media_url":"","jetpack_sharing_enabled":true,"_links":{"self":[{"href":"https:\/\/blog.zeit.de\/nsu-prozess-blog\/wp-json\/wp\/v2\/posts\/12419","targetHints":{"allow":["GET"]}}],"collection":[{"href":"https:\/\/blog.zeit.de\/nsu-prozess-blog\/wp-json\/wp\/v2\/posts"}],"about":[{"href":"https:\/\/blog.zeit.de\/nsu-prozess-blog\/wp-json\/wp\/v2\/types\/post"}],"author":[{"embeddable":true,"href":"https:\/\/blog.zeit.de\/nsu-prozess-blog\/wp-json\/wp\/v2\/users\/435"}],"replies":[{"embeddable":true,"href":"https:\/\/blog.zeit.de\/nsu-prozess-blog\/wp-json\/wp\/v2\/comments?post=12419"}],"version-history":[{"count":5,"href":"https:\/\/blog.zeit.de\/nsu-prozess-blog\/wp-json\/wp\/v2\/posts\/12419\/revisions"}],"predecessor-version":[{"id":12425,"href":"https:\/\/blog.zeit.de\/nsu-prozess-blog\/wp-json\/wp\/v2\/posts\/12419\/revisions\/12425"}],"wp:attachment":[{"href":"https:\/\/blog.zeit.de\/nsu-prozess-blog\/wp-json\/wp\/v2\/media?parent=12419"}],"wp:term":[{"taxonomy":"category","embeddable":true,"href":"https:\/\/blog.zeit.de\/nsu-prozess-blog\/wp-json\/wp\/v2\/categories?post=12419"},{"taxonomy":"post_tag","embeddable":true,"href":"https:\/\/blog.zeit.de\/nsu-prozess-blog\/wp-json\/wp\/v2\/tags?post=12419"}],"curies":[{"name":"wp","href":"https:\/\/api.w.org\/{rel}","templated":true}]}}