{"id":12428,"date":"2016-12-21T07:00:31","date_gmt":"2016-12-21T06:00:31","guid":{"rendered":"http:\/\/blog.zeit.de\/nsu-prozess-blog\/?p=12428"},"modified":"2017-01-10T10:13:31","modified_gmt":"2017-01-10T09:13:31","slug":"332-prozesstag-gericht-will-zschaepe-gutachten-hoeren","status":"publish","type":"post","link":"https:\/\/blog.zeit.de\/nsu-prozess-blog\/2016\/12\/21\/332-prozesstag-gericht-will-zschaepe-gutachten-hoeren\/","title":{"rendered":"332. Prozesstag \u2013 Gericht will Zsch\u00e4pe-Gutachten h\u00f6ren"},"content":{"rendered":"<p>In dieser Woche steht das <a href=\"https:\/\/blog.zeit.de\/nsu-prozess-blog\/2016\/10\/28\/medienlog-zschaepe-gutachten-peggy-dna-nsu\/\">psychiatrische Gutachten \u00fcber Beate Zsch\u00e4pe<\/a> auf dem Programm des NSU-Prozesses. Psychiater Henning Sa\u00df sollte eigentlich bereits am Dienstag seine Einsch\u00e4tzung der Hauptangeklagten vortragen. Das verhinderten jedoch zun\u00e4chst Zsch\u00e4pes Anw\u00e4lte, die einen Ablehnungsantrag gegen Sa\u00df stellten. Heute entscheidet sich, ob daf\u00fcr der Prozess unterbrochen wird oder der Gutachter vernommen werden kann.<\/p>\n<p>Sa\u00df bewertet in seiner Expertise, ob bei einer Verurteilung zus\u00e4tzlich die Sicherungsverwahrung f\u00fcr Zsch\u00e4pe angebracht ist. Aus einer bekannt gewordenen Fassung des Dokuments ist bereits bekannt: <a href=\"https:\/\/blog.zeit.de\/nsu-prozess-blog\/2016\/10\/29\/gutachter-ueber-zschaepe-selbstbewusst-kraeftig-und-burschikos\/\">Sa\u00df empfiehlt die Sicherungsverwahrung<\/a>, sofern das Gericht <a href=\"http:\/\/www.zeit.de\/politik\/ausland\/2015-12\/beate-schaepe-aussage-bewertung\">Zsch\u00e4pes Selbstbeschreibung<\/a> als ohnm\u00e4chtiges Anh\u00e4ngsel ihrer Komplizen als nicht glaubhaft auffasst. Der Gutachter selbst deutet Zweifel an ihrer Version an.<\/p>\n<p>Er hat Zsch\u00e4pe von Verfahrensbeginn an im Sitzungssaal beobachtet, Schilderungen von Zeugen verarbeitet und Aktenmaterial gesichtet. Einem Gespr\u00e4ch mit dem Gutachter hat sich Zsch\u00e4pe nicht gestellt, auch seine Fragen im Prozess nicht beantwortet.<\/p>\n<p><em>Informationen aus der Verhandlung gibt es <a href=\"https:\/\/twitter.com\/zeitonline\/lists\/nsu-prozess\">via Twitter hier<\/a>. Die Berichte dar\u00fcber fassen wir morgen im <a href=\"https:\/\/blog.zeit.de\/nsu-prozess-blog\/category\/medienschau\/\">NSU-Medienlog<\/a> zusammen.<\/em><\/p>\n","protected":false},"excerpt":{"rendered":"<p>In dieser Woche steht das psychiatrische Gutachten \u00fcber Beate Zsch\u00e4pe auf dem Programm des NSU-Prozesses. Psychiater Henning Sa\u00df sollte eigentlich bereits am Dienstag seine Einsch\u00e4tzung der Hauptangeklagten vortragen. Das verhinderten jedoch zun\u00e4chst Zsch\u00e4pes Anw\u00e4lte, die einen Ablehnungsantrag gegen Sa\u00df stellten. Heute entscheidet sich, ob daf\u00fcr der Prozess unterbrochen wird oder der Gutachter vernommen werden kann. [&hellip;]<\/p>\n","protected":false},"author":435,"featured_media":0,"comment_status":"open","ping_status":"open","sticky":false,"template":"","format":"standard","meta":{"_jetpack_memberships_contains_paid_content":false,"footnotes":""},"categories":[27532],"tags":[17793,1105,33605,35425],"class_list":["post-12428","post","type-post","status-publish","format-standard","hentry","category-prozesstage","tag-beate-zschape","tag-gutachten","tag-henning-sass","tag-sicherungsverwahrung"],"yoast_head":"<!-- This site is optimized with the Yoast SEO plugin v21.0 - https:\/\/yoast.com\/wordpress\/plugins\/seo\/ -->\n<title>332. Prozesstag \u2013 Gericht will Zsch\u00e4pe-Gutachten h\u00f6ren - Das NSU-Prozess-Blog<\/title>\n<meta name=\"robots\" content=\"index, follow, max-snippet:-1, max-image-preview:large, max-video-preview:-1\" \/>\n<link rel=\"canonical\" href=\"https:\/\/blog.zeit.de\/nsu-prozess-blog\/2016\/12\/21\/332-prozesstag-gericht-will-zschaepe-gutachten-hoeren\/\" \/>\n<meta property=\"og:locale\" content=\"de_DE\" \/>\n<meta property=\"og:type\" content=\"article\" \/>\n<meta property=\"og:title\" content=\"332. Prozesstag \u2013 Gericht will Zsch\u00e4pe-Gutachten h\u00f6ren - Das NSU-Prozess-Blog\" \/>\n<meta property=\"og:description\" content=\"In dieser Woche steht das psychiatrische Gutachten \u00fcber Beate Zsch\u00e4pe auf dem Programm des NSU-Prozesses. Psychiater Henning Sa\u00df sollte eigentlich bereits am Dienstag seine Einsch\u00e4tzung der Hauptangeklagten vortragen. Das verhinderten jedoch zun\u00e4chst Zsch\u00e4pes Anw\u00e4lte, die einen Ablehnungsantrag gegen Sa\u00df stellten. Heute entscheidet sich, ob daf\u00fcr der Prozess unterbrochen wird oder der Gutachter vernommen werden kann. [&hellip;]\" \/>\n<meta property=\"og:url\" content=\"https:\/\/blog.zeit.de\/nsu-prozess-blog\/2016\/12\/21\/332-prozesstag-gericht-will-zschaepe-gutachten-hoeren\/\" \/>\n<meta property=\"og:site_name\" content=\"Das NSU-Prozess-Blog\" \/>\n<meta property=\"article:published_time\" content=\"2016-12-21T06:00:31+00:00\" \/>\n<meta property=\"article:modified_time\" content=\"2017-01-10T09:13:31+00:00\" \/>\n<meta name=\"author\" content=\"Tom Sundermann\" \/>\n<meta name=\"twitter:label1\" content=\"Geschrieben von\" \/>\n\t<meta name=\"twitter:data1\" content=\"Tom Sundermann\" \/>\n\t<meta name=\"twitter:label2\" content=\"Gesch\u00e4tzte Lesezeit\" \/>\n\t<meta name=\"twitter:data2\" content=\"1\u00a0Minute\" \/>\n<script type=\"application\/ld+json\" class=\"yoast-schema-graph\">{\"@context\":\"https:\/\/schema.org\",\"@graph\":[{\"@type\":\"WebPage\",\"@id\":\"https:\/\/blog.zeit.de\/nsu-prozess-blog\/2016\/12\/21\/332-prozesstag-gericht-will-zschaepe-gutachten-hoeren\/\",\"url\":\"https:\/\/blog.zeit.de\/nsu-prozess-blog\/2016\/12\/21\/332-prozesstag-gericht-will-zschaepe-gutachten-hoeren\/\",\"name\":\"332. Prozesstag \u2013 Gericht will Zsch\u00e4pe-Gutachten h\u00f6ren - Das NSU-Prozess-Blog\",\"isPartOf\":{\"@id\":\"https:\/\/blog.zeit.de\/nsu-prozess-blog\/#website\"},\"datePublished\":\"2016-12-21T06:00:31+00:00\",\"dateModified\":\"2017-01-10T09:13:31+00:00\",\"author\":{\"@id\":\"https:\/\/blog.zeit.de\/nsu-prozess-blog\/#\/schema\/person\/553ea9bb5d1fc2ae054c589bd59380a5\"},\"breadcrumb\":{\"@id\":\"https:\/\/blog.zeit.de\/nsu-prozess-blog\/2016\/12\/21\/332-prozesstag-gericht-will-zschaepe-gutachten-hoeren\/#breadcrumb\"},\"inLanguage\":\"de\",\"potentialAction\":[{\"@type\":\"ReadAction\",\"target\":[\"https:\/\/blog.zeit.de\/nsu-prozess-blog\/2016\/12\/21\/332-prozesstag-gericht-will-zschaepe-gutachten-hoeren\/\"]}]},{\"@type\":\"BreadcrumbList\",\"@id\":\"https:\/\/blog.zeit.de\/nsu-prozess-blog\/2016\/12\/21\/332-prozesstag-gericht-will-zschaepe-gutachten-hoeren\/#breadcrumb\",\"itemListElement\":[{\"@type\":\"ListItem\",\"position\":1,\"name\":\"Startseite\",\"item\":\"https:\/\/blog.zeit.de\/nsu-prozess-blog\/\"},{\"@type\":\"ListItem\",\"position\":2,\"name\":\"332. Prozesstag \u2013 Gericht will Zsch\u00e4pe-Gutachten h\u00f6ren\"}]},{\"@type\":\"WebSite\",\"@id\":\"https:\/\/blog.zeit.de\/nsu-prozess-blog\/#website\",\"url\":\"https:\/\/blog.zeit.de\/nsu-prozess-blog\/\",\"name\":\"Das NSU-Prozess-Blog\",\"description\":\"Alle Berichte zum Terrorverfahren in M\u00fcnchen\",\"potentialAction\":[{\"@type\":\"SearchAction\",\"target\":{\"@type\":\"EntryPoint\",\"urlTemplate\":\"https:\/\/blog.zeit.de\/nsu-prozess-blog\/?s={search_term_string}\"},\"query-input\":\"required name=search_term_string\"}],\"inLanguage\":\"de\"},{\"@type\":\"Person\",\"@id\":\"https:\/\/blog.zeit.de\/nsu-prozess-blog\/#\/schema\/person\/553ea9bb5d1fc2ae054c589bd59380a5\",\"name\":\"Tom Sundermann\",\"image\":{\"@type\":\"ImageObject\",\"inLanguage\":\"de\",\"@id\":\"https:\/\/blog.zeit.de\/nsu-prozess-blog\/#\/schema\/person\/image\/\",\"url\":\"https:\/\/secure.gravatar.com\/avatar\/e108a3dc18766f719b2f797dc5d19093f06a1870c55b553ab6b7563f1f9a5e68?s=96&d=mm&r=g\",\"contentUrl\":\"https:\/\/secure.gravatar.com\/avatar\/e108a3dc18766f719b2f797dc5d19093f06a1870c55b553ab6b7563f1f9a5e68?s=96&d=mm&r=g\",\"caption\":\"Tom Sundermann\"},\"sameAs\":[\"https:\/\/twitter.com\/messeticker\"],\"url\":\"https:\/\/blog.zeit.de\/nsu-prozess-blog\/author\/tsundermann\/\"}]}<\/script>\n<!-- \/ Yoast SEO plugin. -->","yoast_head_json":{"title":"332. Prozesstag \u2013 Gericht will Zsch\u00e4pe-Gutachten h\u00f6ren - Das NSU-Prozess-Blog","robots":{"index":"index","follow":"follow","max-snippet":"max-snippet:-1","max-image-preview":"max-image-preview:large","max-video-preview":"max-video-preview:-1"},"canonical":"https:\/\/blog.zeit.de\/nsu-prozess-blog\/2016\/12\/21\/332-prozesstag-gericht-will-zschaepe-gutachten-hoeren\/","og_locale":"de_DE","og_type":"article","og_title":"332. Prozesstag \u2013 Gericht will Zsch\u00e4pe-Gutachten h\u00f6ren - Das NSU-Prozess-Blog","og_description":"In dieser Woche steht das psychiatrische Gutachten \u00fcber Beate Zsch\u00e4pe auf dem Programm des NSU-Prozesses. Psychiater Henning Sa\u00df sollte eigentlich bereits am Dienstag seine Einsch\u00e4tzung der Hauptangeklagten vortragen. Das verhinderten jedoch zun\u00e4chst Zsch\u00e4pes Anw\u00e4lte, die einen Ablehnungsantrag gegen Sa\u00df stellten. Heute entscheidet sich, ob daf\u00fcr der Prozess unterbrochen wird oder der Gutachter vernommen werden kann. [&hellip;]","og_url":"https:\/\/blog.zeit.de\/nsu-prozess-blog\/2016\/12\/21\/332-prozesstag-gericht-will-zschaepe-gutachten-hoeren\/","og_site_name":"Das NSU-Prozess-Blog","article_published_time":"2016-12-21T06:00:31+00:00","article_modified_time":"2017-01-10T09:13:31+00:00","author":"Tom Sundermann","twitter_misc":{"Geschrieben von":"Tom Sundermann","Gesch\u00e4tzte Lesezeit":"1\u00a0Minute"},"schema":{"@context":"https:\/\/schema.org","@graph":[{"@type":"WebPage","@id":"https:\/\/blog.zeit.de\/nsu-prozess-blog\/2016\/12\/21\/332-prozesstag-gericht-will-zschaepe-gutachten-hoeren\/","url":"https:\/\/blog.zeit.de\/nsu-prozess-blog\/2016\/12\/21\/332-prozesstag-gericht-will-zschaepe-gutachten-hoeren\/","name":"332. Prozesstag \u2013 Gericht will Zsch\u00e4pe-Gutachten h\u00f6ren - Das NSU-Prozess-Blog","isPartOf":{"@id":"https:\/\/blog.zeit.de\/nsu-prozess-blog\/#website"},"datePublished":"2016-12-21T06:00:31+00:00","dateModified":"2017-01-10T09:13:31+00:00","author":{"@id":"https:\/\/blog.zeit.de\/nsu-prozess-blog\/#\/schema\/person\/553ea9bb5d1fc2ae054c589bd59380a5"},"breadcrumb":{"@id":"https:\/\/blog.zeit.de\/nsu-prozess-blog\/2016\/12\/21\/332-prozesstag-gericht-will-zschaepe-gutachten-hoeren\/#breadcrumb"},"inLanguage":"de","potentialAction":[{"@type":"ReadAction","target":["https:\/\/blog.zeit.de\/nsu-prozess-blog\/2016\/12\/21\/332-prozesstag-gericht-will-zschaepe-gutachten-hoeren\/"]}]},{"@type":"BreadcrumbList","@id":"https:\/\/blog.zeit.de\/nsu-prozess-blog\/2016\/12\/21\/332-prozesstag-gericht-will-zschaepe-gutachten-hoeren\/#breadcrumb","itemListElement":[{"@type":"ListItem","position":1,"name":"Startseite","item":"https:\/\/blog.zeit.de\/nsu-prozess-blog\/"},{"@type":"ListItem","position":2,"name":"332. Prozesstag \u2013 Gericht will Zsch\u00e4pe-Gutachten h\u00f6ren"}]},{"@type":"WebSite","@id":"https:\/\/blog.zeit.de\/nsu-prozess-blog\/#website","url":"https:\/\/blog.zeit.de\/nsu-prozess-blog\/","name":"Das NSU-Prozess-Blog","description":"Alle Berichte zum Terrorverfahren in M\u00fcnchen","potentialAction":[{"@type":"SearchAction","target":{"@type":"EntryPoint","urlTemplate":"https:\/\/blog.zeit.de\/nsu-prozess-blog\/?s={search_term_string}"},"query-input":"required name=search_term_string"}],"inLanguage":"de"},{"@type":"Person","@id":"https:\/\/blog.zeit.de\/nsu-prozess-blog\/#\/schema\/person\/553ea9bb5d1fc2ae054c589bd59380a5","name":"Tom Sundermann","image":{"@type":"ImageObject","inLanguage":"de","@id":"https:\/\/blog.zeit.de\/nsu-prozess-blog\/#\/schema\/person\/image\/","url":"https:\/\/secure.gravatar.com\/avatar\/e108a3dc18766f719b2f797dc5d19093f06a1870c55b553ab6b7563f1f9a5e68?s=96&d=mm&r=g","contentUrl":"https:\/\/secure.gravatar.com\/avatar\/e108a3dc18766f719b2f797dc5d19093f06a1870c55b553ab6b7563f1f9a5e68?s=96&d=mm&r=g","caption":"Tom Sundermann"},"sameAs":["https:\/\/twitter.com\/messeticker"],"url":"https:\/\/blog.zeit.de\/nsu-prozess-blog\/author\/tsundermann\/"}]}},"jetpack_featured_media_url":"","jetpack_sharing_enabled":true,"_links":{"self":[{"href":"https:\/\/blog.zeit.de\/nsu-prozess-blog\/wp-json\/wp\/v2\/posts\/12428","targetHints":{"allow":["GET"]}}],"collection":[{"href":"https:\/\/blog.zeit.de\/nsu-prozess-blog\/wp-json\/wp\/v2\/posts"}],"about":[{"href":"https:\/\/blog.zeit.de\/nsu-prozess-blog\/wp-json\/wp\/v2\/types\/post"}],"author":[{"embeddable":true,"href":"https:\/\/blog.zeit.de\/nsu-prozess-blog\/wp-json\/wp\/v2\/users\/435"}],"replies":[{"embeddable":true,"href":"https:\/\/blog.zeit.de\/nsu-prozess-blog\/wp-json\/wp\/v2\/comments?post=12428"}],"version-history":[{"count":5,"href":"https:\/\/blog.zeit.de\/nsu-prozess-blog\/wp-json\/wp\/v2\/posts\/12428\/revisions"}],"predecessor-version":[{"id":12512,"href":"https:\/\/blog.zeit.de\/nsu-prozess-blog\/wp-json\/wp\/v2\/posts\/12428\/revisions\/12512"}],"wp:attachment":[{"href":"https:\/\/blog.zeit.de\/nsu-prozess-blog\/wp-json\/wp\/v2\/media?parent=12428"}],"wp:term":[{"taxonomy":"category","embeddable":true,"href":"https:\/\/blog.zeit.de\/nsu-prozess-blog\/wp-json\/wp\/v2\/categories?post=12428"},{"taxonomy":"post_tag","embeddable":true,"href":"https:\/\/blog.zeit.de\/nsu-prozess-blog\/wp-json\/wp\/v2\/tags?post=12428"}],"curies":[{"name":"wp","href":"https:\/\/api.w.org\/{rel}","templated":true}]}}