{"id":12430,"date":"2016-12-15T10:29:25","date_gmt":"2016-12-15T09:29:25","guid":{"rendered":"http:\/\/blog.zeit.de\/nsu-prozess-blog\/?p=12430"},"modified":"2016-12-15T10:29:25","modified_gmt":"2016-12-15T09:29:25","slug":"medienlog-vernehmung-synagoge-berlin-nsu","status":"publish","type":"post","link":"https:\/\/blog.zeit.de\/nsu-prozess-blog\/2016\/12\/15\/medienlog-vernehmung-synagoge-berlin-nsu\/","title":{"rendered":"Woran der NSU-Prozess krankt \u2013 Das Medienlog vom Donnerstag, 15. Dezember 2016"},"content":{"rendered":"<p>Ein unergiebiger Gerichtstermin war die Vernehmung der Zeugin Heike B. am Mittwoch. Von ihr hatten sich die Prozessbeteiligten Aufkl\u00e4rung in der Frage erhofft, ob Beate Zsch\u00e4pe im Jahr 2000 zusammen mit Begleitern <a href=\"https:\/\/blog.zeit.de\/nsu-prozess-blog\/2016\/10\/07\/medienlog-zschaepe-synagoge-antrag-nsu\/\">eine Berliner Synagoge ausspioniert hatte<\/a> \u2013 unter anderem mit B., deren Schwester gute Kontakte zu Gr\u00f6\u00dfen der rechten Szene pflegte. Doch die Zeugin kannte nach eigenen Angaben weder Zsch\u00e4pe noch andere Figuren aus dem NSU-Komplex. Doch ist damit die Wahrheit herausgekommen? B. wirkte zun\u00e4chst sch\u00fcchtern, dann habe sie jedoch gewirkt, &#8222;als f\u00e4nde sie die Fragen ziemlich l\u00e4cherlich&#8220;. Vertreter der Nebenklage hatten sich von der Befragung mehr erhofft.<\/p>\n<p><!--more--><\/p>\n<p><em>An jedem Werktag sichten wir f\u00fcr das NSU-Prozess-Blog die Medien und stellen wichtige Berichte, Blogs, Videos und Tweets zusammen. Wir freuen uns \u00fcber Hinweise via Twitter mit dem Hashtag #nsublog \u2013 oder per E-Mail an <a href=\"mailto:nsublog@zeit.de\">nsublog@zeit.de<\/a>.<\/em><\/p>\n<p>Durch famili\u00e4re Bande reichten die Kontakte der Zeugin durchaus tief in die rechte Szene: B.s Schwester schloss sich schon fr\u00fch den extremistischen Kreisen an, zudem taucht sie der Beschreibung nach in einem Observationsbericht des Verfassungsschutzes auf. Bei dem Vater ihrer beiden Kinder handelt es sich um den damaligen Chef des mittlerweile verbotenen Neonazi-Netzwerks Blood &amp; Honour. &#8222;Ist also an diesem Tag die falsche Zwillingsschwester vor Gericht befragt worden?&#8220;, fragt Ramm.<\/p>\n<p>Tats\u00e4chlich belegen Berichte des Verfassungsschutzes, dass B. etwa den Neonazi und NSU-Zeugen <a href=\"https:\/\/blog.zeit.de\/nsu-prozess-blog\/2014\/10\/15\/der-zeuge-mit-dem-bums\/\">Jan W.<\/a> kannte, der den Auftrag gehabt haben soll, dem NSU eine Waffe zu beschaffen \u2013 Fotos einer Observation zeigen ihn, die Zeugin B. und ihre Schwester gemeinsam. Ebenfalls zu sehen sind darauf Kinder. Ein Zeuge, der damals zust\u00e4ndige Wachpolizist der Synagoge, will Zsch\u00e4pe gemeinsam mit Erwachsenen und Kindern gesehen haben. Bei einem der Begleiter k\u00f6nnte es sich um W. gehandelt haben.<\/p>\n<p>&#8222;Am Ende war es wie so oft im NSU-Prozess: Viele Fragen blieben unbeantwortet&#8220;, bilanziert Oliver Grothmann von der <a href=\"http:\/\/www.bild.de\/regional\/muenchen\/nsu-prozess\/nsu-prozess-zeugin-ueber-treffen-in-berlin-49309274\" target=\"_blank\"><em>Bild<\/em><\/a>-Zeitung. Die Vernehmung sei &#8222;ein ern\u00fcchternder Auftritt&#8220; gewesen. B.s Aussagen seien &#8222;\u00fcberwiegend kurz und einsilbig&#8220; gewesen, berichtet Bj\u00f6rn Hengst von <a href=\"http:\/\/www.spiegel.de\/panorama\/justiz\/nsu-prozess-zeugin-sagt-zu-zschaepe-besuch-in-berlin-aus-a-1125859.html\" target=\"_blank\"><em>Spiegel Online<\/em><\/a>.<\/p>\n<p>Der Tag habe verdeutlicht, &#8222;an was der Prozess seit Anbeginn krankt und warum der NSU-Komplex auch vom M\u00fcnchner Oberlandesgericht nicht restlos aufgekl\u00e4rt werden wird&#8220;, merkt Thies Marsen vom <a href=\"http:\/\/www.br.de\/nachrichten\/nsu-prozess\/161214-tagebuch-gerichtsreporter-100.html\" target=\"_blank\">Bayerischen Rundfunk<\/a> an. N\u00e4mlich unter anderem Erinnerungsl\u00fccken von Zeugen und das Verhalten der Bundesanwaltschaft. Nebenklageanwalt Yavuz Narin beschwerte sich, dass die Anklagebeh\u00f6rde die Zeugin nicht im Vorfeld vernommen und auch sonst keine Ermittlungsergebnisse dazu zur Verf\u00fcgung gestellt hatte. So verfestige sich &#8222;die traurige Gewissheit, dass der NSU-Prozess vieles nicht beleuchten wird&#8220;.<\/p>\n<p><em>Das n\u00e4chste Medienlog erscheint am Freitag, 16. Dezember 2016.<\/em><\/p>\n","protected":false},"excerpt":{"rendered":"<p>Ein unergiebiger Gerichtstermin war die Vernehmung der Zeugin Heike B. am Mittwoch. Von ihr hatten sich die Prozessbeteiligten Aufkl\u00e4rung in der Frage erhofft, ob Beate Zsch\u00e4pe im Jahr 2000 zusammen mit Begleitern eine Berliner Synagoge ausspioniert hatte \u2013 unter anderem mit B., deren Schwester gute Kontakte zu Gr\u00f6\u00dfen der rechten Szene pflegte. Doch die Zeugin [&hellip;]<\/p>\n","protected":false},"author":435,"featured_media":0,"comment_status":"open","ping_status":"open","sticky":false,"template":"","format":"standard","meta":{"_jetpack_memberships_contains_paid_content":false,"footnotes":""},"categories":[27531],"tags":[17793,249,35422,29510,1449],"class_list":["post-12430","post","type-post","status-publish","format-standard","hentry","category-medienschau","tag-beate-zschape","tag-berlin","tag-synagoge","tag-szene","tag-unterstutzer"],"yoast_head":"<!-- This site is optimized with the Yoast SEO plugin v21.0 - https:\/\/yoast.com\/wordpress\/plugins\/seo\/ -->\n<title>Woran der NSU-Prozess krankt \u2013 Das Medienlog vom Donnerstag, 15. Dezember 2016 - Das NSU-Prozess-Blog<\/title>\n<meta name=\"robots\" content=\"index, follow, max-snippet:-1, max-image-preview:large, max-video-preview:-1\" \/>\n<link rel=\"canonical\" href=\"https:\/\/blog.zeit.de\/nsu-prozess-blog\/2016\/12\/15\/medienlog-vernehmung-synagoge-berlin-nsu\/\" \/>\n<meta property=\"og:locale\" content=\"de_DE\" \/>\n<meta property=\"og:type\" content=\"article\" \/>\n<meta property=\"og:title\" content=\"Woran der NSU-Prozess krankt \u2013 Das Medienlog vom Donnerstag, 15. Dezember 2016 - Das NSU-Prozess-Blog\" \/>\n<meta property=\"og:description\" content=\"Ein unergiebiger Gerichtstermin war die Vernehmung der Zeugin Heike B. am Mittwoch. Von ihr hatten sich die Prozessbeteiligten Aufkl\u00e4rung in der Frage erhofft, ob Beate Zsch\u00e4pe im Jahr 2000 zusammen mit Begleitern eine Berliner Synagoge ausspioniert hatte \u2013 unter anderem mit B., deren Schwester gute Kontakte zu Gr\u00f6\u00dfen der rechten Szene pflegte. Doch die Zeugin [&hellip;]\" \/>\n<meta property=\"og:url\" content=\"https:\/\/blog.zeit.de\/nsu-prozess-blog\/2016\/12\/15\/medienlog-vernehmung-synagoge-berlin-nsu\/\" \/>\n<meta property=\"og:site_name\" content=\"Das NSU-Prozess-Blog\" \/>\n<meta property=\"article:published_time\" content=\"2016-12-15T09:29:25+00:00\" \/>\n<meta name=\"author\" content=\"Tom Sundermann\" \/>\n<meta name=\"twitter:label1\" content=\"Geschrieben von\" \/>\n\t<meta name=\"twitter:data1\" content=\"Tom Sundermann\" \/>\n\t<meta name=\"twitter:label2\" content=\"Gesch\u00e4tzte Lesezeit\" \/>\n\t<meta name=\"twitter:data2\" content=\"2\u00a0Minuten\" \/>\n<script type=\"application\/ld+json\" class=\"yoast-schema-graph\">{\"@context\":\"https:\/\/schema.org\",\"@graph\":[{\"@type\":\"WebPage\",\"@id\":\"https:\/\/blog.zeit.de\/nsu-prozess-blog\/2016\/12\/15\/medienlog-vernehmung-synagoge-berlin-nsu\/\",\"url\":\"https:\/\/blog.zeit.de\/nsu-prozess-blog\/2016\/12\/15\/medienlog-vernehmung-synagoge-berlin-nsu\/\",\"name\":\"Woran der NSU-Prozess krankt \u2013 Das Medienlog vom Donnerstag, 15. Dezember 2016 - Das NSU-Prozess-Blog\",\"isPartOf\":{\"@id\":\"https:\/\/blog.zeit.de\/nsu-prozess-blog\/#website\"},\"datePublished\":\"2016-12-15T09:29:25+00:00\",\"dateModified\":\"2016-12-15T09:29:25+00:00\",\"author\":{\"@id\":\"https:\/\/blog.zeit.de\/nsu-prozess-blog\/#\/schema\/person\/553ea9bb5d1fc2ae054c589bd59380a5\"},\"breadcrumb\":{\"@id\":\"https:\/\/blog.zeit.de\/nsu-prozess-blog\/2016\/12\/15\/medienlog-vernehmung-synagoge-berlin-nsu\/#breadcrumb\"},\"inLanguage\":\"de\",\"potentialAction\":[{\"@type\":\"ReadAction\",\"target\":[\"https:\/\/blog.zeit.de\/nsu-prozess-blog\/2016\/12\/15\/medienlog-vernehmung-synagoge-berlin-nsu\/\"]}]},{\"@type\":\"BreadcrumbList\",\"@id\":\"https:\/\/blog.zeit.de\/nsu-prozess-blog\/2016\/12\/15\/medienlog-vernehmung-synagoge-berlin-nsu\/#breadcrumb\",\"itemListElement\":[{\"@type\":\"ListItem\",\"position\":1,\"name\":\"Startseite\",\"item\":\"https:\/\/blog.zeit.de\/nsu-prozess-blog\/\"},{\"@type\":\"ListItem\",\"position\":2,\"name\":\"Woran der NSU-Prozess krankt \u2013 Das Medienlog vom Donnerstag, 15. Dezember 2016\"}]},{\"@type\":\"WebSite\",\"@id\":\"https:\/\/blog.zeit.de\/nsu-prozess-blog\/#website\",\"url\":\"https:\/\/blog.zeit.de\/nsu-prozess-blog\/\",\"name\":\"Das NSU-Prozess-Blog\",\"description\":\"Alle Berichte zum Terrorverfahren in M\u00fcnchen\",\"potentialAction\":[{\"@type\":\"SearchAction\",\"target\":{\"@type\":\"EntryPoint\",\"urlTemplate\":\"https:\/\/blog.zeit.de\/nsu-prozess-blog\/?s={search_term_string}\"},\"query-input\":\"required name=search_term_string\"}],\"inLanguage\":\"de\"},{\"@type\":\"Person\",\"@id\":\"https:\/\/blog.zeit.de\/nsu-prozess-blog\/#\/schema\/person\/553ea9bb5d1fc2ae054c589bd59380a5\",\"name\":\"Tom Sundermann\",\"image\":{\"@type\":\"ImageObject\",\"inLanguage\":\"de\",\"@id\":\"https:\/\/blog.zeit.de\/nsu-prozess-blog\/#\/schema\/person\/image\/\",\"url\":\"https:\/\/secure.gravatar.com\/avatar\/e108a3dc18766f719b2f797dc5d19093f06a1870c55b553ab6b7563f1f9a5e68?s=96&d=mm&r=g\",\"contentUrl\":\"https:\/\/secure.gravatar.com\/avatar\/e108a3dc18766f719b2f797dc5d19093f06a1870c55b553ab6b7563f1f9a5e68?s=96&d=mm&r=g\",\"caption\":\"Tom Sundermann\"},\"sameAs\":[\"https:\/\/twitter.com\/messeticker\"],\"url\":\"https:\/\/blog.zeit.de\/nsu-prozess-blog\/author\/tsundermann\/\"}]}<\/script>\n<!-- \/ Yoast SEO plugin. -->","yoast_head_json":{"title":"Woran der NSU-Prozess krankt \u2013 Das Medienlog vom Donnerstag, 15. Dezember 2016 - Das NSU-Prozess-Blog","robots":{"index":"index","follow":"follow","max-snippet":"max-snippet:-1","max-image-preview":"max-image-preview:large","max-video-preview":"max-video-preview:-1"},"canonical":"https:\/\/blog.zeit.de\/nsu-prozess-blog\/2016\/12\/15\/medienlog-vernehmung-synagoge-berlin-nsu\/","og_locale":"de_DE","og_type":"article","og_title":"Woran der NSU-Prozess krankt \u2013 Das Medienlog vom Donnerstag, 15. Dezember 2016 - Das NSU-Prozess-Blog","og_description":"Ein unergiebiger Gerichtstermin war die Vernehmung der Zeugin Heike B. am Mittwoch. Von ihr hatten sich die Prozessbeteiligten Aufkl\u00e4rung in der Frage erhofft, ob Beate Zsch\u00e4pe im Jahr 2000 zusammen mit Begleitern eine Berliner Synagoge ausspioniert hatte \u2013 unter anderem mit B., deren Schwester gute Kontakte zu Gr\u00f6\u00dfen der rechten Szene pflegte. Doch die Zeugin [&hellip;]","og_url":"https:\/\/blog.zeit.de\/nsu-prozess-blog\/2016\/12\/15\/medienlog-vernehmung-synagoge-berlin-nsu\/","og_site_name":"Das NSU-Prozess-Blog","article_published_time":"2016-12-15T09:29:25+00:00","author":"Tom Sundermann","twitter_misc":{"Geschrieben von":"Tom Sundermann","Gesch\u00e4tzte Lesezeit":"2\u00a0Minuten"},"schema":{"@context":"https:\/\/schema.org","@graph":[{"@type":"WebPage","@id":"https:\/\/blog.zeit.de\/nsu-prozess-blog\/2016\/12\/15\/medienlog-vernehmung-synagoge-berlin-nsu\/","url":"https:\/\/blog.zeit.de\/nsu-prozess-blog\/2016\/12\/15\/medienlog-vernehmung-synagoge-berlin-nsu\/","name":"Woran der NSU-Prozess krankt \u2013 Das Medienlog vom Donnerstag, 15. Dezember 2016 - Das NSU-Prozess-Blog","isPartOf":{"@id":"https:\/\/blog.zeit.de\/nsu-prozess-blog\/#website"},"datePublished":"2016-12-15T09:29:25+00:00","dateModified":"2016-12-15T09:29:25+00:00","author":{"@id":"https:\/\/blog.zeit.de\/nsu-prozess-blog\/#\/schema\/person\/553ea9bb5d1fc2ae054c589bd59380a5"},"breadcrumb":{"@id":"https:\/\/blog.zeit.de\/nsu-prozess-blog\/2016\/12\/15\/medienlog-vernehmung-synagoge-berlin-nsu\/#breadcrumb"},"inLanguage":"de","potentialAction":[{"@type":"ReadAction","target":["https:\/\/blog.zeit.de\/nsu-prozess-blog\/2016\/12\/15\/medienlog-vernehmung-synagoge-berlin-nsu\/"]}]},{"@type":"BreadcrumbList","@id":"https:\/\/blog.zeit.de\/nsu-prozess-blog\/2016\/12\/15\/medienlog-vernehmung-synagoge-berlin-nsu\/#breadcrumb","itemListElement":[{"@type":"ListItem","position":1,"name":"Startseite","item":"https:\/\/blog.zeit.de\/nsu-prozess-blog\/"},{"@type":"ListItem","position":2,"name":"Woran der NSU-Prozess krankt \u2013 Das Medienlog vom Donnerstag, 15. Dezember 2016"}]},{"@type":"WebSite","@id":"https:\/\/blog.zeit.de\/nsu-prozess-blog\/#website","url":"https:\/\/blog.zeit.de\/nsu-prozess-blog\/","name":"Das NSU-Prozess-Blog","description":"Alle Berichte zum Terrorverfahren in M\u00fcnchen","potentialAction":[{"@type":"SearchAction","target":{"@type":"EntryPoint","urlTemplate":"https:\/\/blog.zeit.de\/nsu-prozess-blog\/?s={search_term_string}"},"query-input":"required name=search_term_string"}],"inLanguage":"de"},{"@type":"Person","@id":"https:\/\/blog.zeit.de\/nsu-prozess-blog\/#\/schema\/person\/553ea9bb5d1fc2ae054c589bd59380a5","name":"Tom Sundermann","image":{"@type":"ImageObject","inLanguage":"de","@id":"https:\/\/blog.zeit.de\/nsu-prozess-blog\/#\/schema\/person\/image\/","url":"https:\/\/secure.gravatar.com\/avatar\/e108a3dc18766f719b2f797dc5d19093f06a1870c55b553ab6b7563f1f9a5e68?s=96&d=mm&r=g","contentUrl":"https:\/\/secure.gravatar.com\/avatar\/e108a3dc18766f719b2f797dc5d19093f06a1870c55b553ab6b7563f1f9a5e68?s=96&d=mm&r=g","caption":"Tom Sundermann"},"sameAs":["https:\/\/twitter.com\/messeticker"],"url":"https:\/\/blog.zeit.de\/nsu-prozess-blog\/author\/tsundermann\/"}]}},"jetpack_featured_media_url":"","jetpack_sharing_enabled":true,"_links":{"self":[{"href":"https:\/\/blog.zeit.de\/nsu-prozess-blog\/wp-json\/wp\/v2\/posts\/12430","targetHints":{"allow":["GET"]}}],"collection":[{"href":"https:\/\/blog.zeit.de\/nsu-prozess-blog\/wp-json\/wp\/v2\/posts"}],"about":[{"href":"https:\/\/blog.zeit.de\/nsu-prozess-blog\/wp-json\/wp\/v2\/types\/post"}],"author":[{"embeddable":true,"href":"https:\/\/blog.zeit.de\/nsu-prozess-blog\/wp-json\/wp\/v2\/users\/435"}],"replies":[{"embeddable":true,"href":"https:\/\/blog.zeit.de\/nsu-prozess-blog\/wp-json\/wp\/v2\/comments?post=12430"}],"version-history":[{"count":4,"href":"https:\/\/blog.zeit.de\/nsu-prozess-blog\/wp-json\/wp\/v2\/posts\/12430\/revisions"}],"predecessor-version":[{"id":12435,"href":"https:\/\/blog.zeit.de\/nsu-prozess-blog\/wp-json\/wp\/v2\/posts\/12430\/revisions\/12435"}],"wp:attachment":[{"href":"https:\/\/blog.zeit.de\/nsu-prozess-blog\/wp-json\/wp\/v2\/media?parent=12430"}],"wp:term":[{"taxonomy":"category","embeddable":true,"href":"https:\/\/blog.zeit.de\/nsu-prozess-blog\/wp-json\/wp\/v2\/categories?post=12430"},{"taxonomy":"post_tag","embeddable":true,"href":"https:\/\/blog.zeit.de\/nsu-prozess-blog\/wp-json\/wp\/v2\/tags?post=12430"}],"curies":[{"name":"wp","href":"https:\/\/api.w.org\/{rel}","templated":true}]}}