{"id":12591,"date":"2017-01-19T08:38:13","date_gmt":"2017-01-19T07:38:13","guid":{"rendered":"http:\/\/blog.zeit.de\/nsu-prozess-blog\/?p=12591"},"modified":"2017-01-19T09:50:47","modified_gmt":"2017-01-19T08:50:47","slug":"medienlog-gutachten-zschaepe-nsu","status":"publish","type":"post","link":"https:\/\/blog.zeit.de\/nsu-prozess-blog\/2017\/01\/19\/medienlog-gutachten-zschaepe-nsu\/","title":{"rendered":"Drastisches Fazit \u00fcber Zsch\u00e4pe \u2013 das Medienlog vom Donnerstag, 19. Januar 2017"},"content":{"rendered":"<p>Die Einsch\u00e4tzung von Psychiater Henning Sa\u00df steht fest: Er h\u00e4lt Beate Zsch\u00e4pe f\u00fcr voll schuldf\u00e4hig, wie er bei der Erstattung seines <a href=\"https:\/\/blog.zeit.de\/nsu-prozess-blog\/2017\/01\/17\/zschaepe-gutachten-verbergen-verschleiern-taeuschen\/\">Gutachtens<\/a> \u00fcber die Hauptangeklagte am Mittwoch sagte. Zudem legt er f\u00fcr den Fall einer Verurteilung die Sicherungsverwahrung nahe, weil er bei ihr einen sogenannten Hang zu Straftaten erkannt haben will.<\/p>\n<p>Die Empfehlung des Sachverst\u00e4ndigen h\u00e4tte &#8222;nicht ung\u00fcnstiger ausfallen k\u00f6nnen&#8220;, bilanziert Bj\u00f6rn Hengst von <a href=\"http:\/\/www.spiegel.de\/panorama\/justiz\/beate-zschaepe-gutachter-haelt-angeklagte-in-nsu-prozess-fuer-schuldfaehig-a-1130611.html\" target=\"_blank\"><em>Spiegel Online<\/em><\/a>. Bei dem Auftritt von Sa\u00df habe es sich wom\u00f6glich um den bislang wichtigsten Termin im ganzen Verfahren gehandelt. Auff\u00e4llig sei gewesen, wie der Gutachter die gro\u00dfen Widerspr\u00fcche zwischen <a href=\"http:\/\/www.zeit.de\/politik\/ausland\/2015-12\/beate-schaepe-aussage-bewertung\">Zsch\u00e4pes Selbstbeschreibung<\/a> als willenloses Anh\u00e4ngsel ihrer Komplizen und der Beschreibung anderer Zeugen als selbstbewusste, willensstarke Frau herausgestellt habe.<\/p>\n<p><!--more--><\/p>\n<p><em>An jedem Werktag sichten wir f\u00fcr das NSU-Prozess-Blog die Medien und stellen wichtige Berichte, Blogs, Videos und Tweets zusammen. Wir freuen uns \u00fcber Hinweise via Twitter mit dem Hashtag #nsublog \u2013 oder per E-Mail an <a href=\"mailto:nsublog@zeit.de\">nsublog@zeit.de<\/a>.<\/em><\/p>\n<p>Mit seiner Einsch\u00e4tzung habe Sa\u00df ein &#8222;drastisches Fazit gezogen&#8220;, meint Margarete Moulin von der <a href=\"https:\/\/www.taz.de\/!5372877\/\" target=\"_blank\"><em>taz<\/em><\/a>. Schlie\u00dflich beschrieb er ihre Pers\u00f6nlichkeit mit Vokabeln wie &#8222;Dominanz, H\u00e4rte, Kontrolle&#8220;. F\u00fcr die Richter, die am Ende das Urteil f\u00e4llen m\u00fcssen, sei sein Beitrag eine wichtige Entscheidungshilfe. &#8222;Seine Einsch\u00e4tzungen k\u00f6nnten direkten Einfluss auf ein zuk\u00fcnftiges Urteil haben&#8220;, merkt auch Alf Meier vom <a href=\"http:\/\/www.br.de\/nachrichten\/nsu-prozess\/170118-tagebuch-gerichtsreporter-100.html\" target=\"_blank\">Bayerischen Rundfunk<\/a> an. Er weist gleichsam darauf hin, dass das Gericht nicht an die Meinung des Sachverst\u00e4ndigen gebunden ist.<\/p>\n<p>Das Fazit des Psychiaters &#8222;scheint die Anklagevorw\u00fcrfe in erheblichem Ma\u00dfe zu st\u00fctzen&#8220;, analysiert Per Hinrichs von der <a href=\"https:\/\/www.welt.de\/politik\/deutschland\/article161306284\/Beate-Zschaepe-ist-dissozial-antisozial-manipulativ.html\" target=\"_blank\"><em>Welt<\/em><\/a>. Zu Zsch\u00e4pes Eigenbeschreibung hingegen steht seine Auswertung deutlich quer: &#8222;Die Rolle des Heimchens am nationalen Herd, die Zsch\u00e4pe sich selbst in ihrer Einlassung zugeschrieben hat, kauft ihr Sa\u00df nicht ab&#8220;, hei\u00dft es. Zum Eindruck der standhaften Frau trug demnach auch <a href=\"https:\/\/blog.zeit.de\/nsu-prozess-blog\/2015\/07\/28\/die-aufklaerung-darf-nicht-aufhoeren\/\">Zsch\u00e4pes hartes Vorgehen<\/a> gegen ihre drei Alt-Anw\u00e4lte bei. Sie hatte ihnen das Vertrauen entzogen.<\/p>\n<p>&#8222;Es wird ernst f\u00fcr die mutma\u00dfliche Rechtsterroristin, die schwersten Bef\u00fcrchtungen drohen einzutreten&#8220;, hei\u00dft es bei uns auf <a href=\"https:\/\/blog.zeit.de\/nsu-prozess-blog\/2017\/01\/18\/gutachter-nimmt-zschaepe-letzte-hoffnung\/\" target=\"_blank\">ZEIT ONLINE<\/a>. Aus der Analyse geht &#8222;praktisch von der ersten Seite an hervor, dass Zsch\u00e4pe eine ganz andere Person ist als jene, die sie im Gericht zu pr\u00e4sentieren versuchte&#8220;. Sa\u00df h\u00e4lt Zsch\u00e4pe f\u00fcr f\u00e4hig, sich hinter Gittern einer Therapie zu unterziehen, auch wenn dies wohl viele Jahre dauern w\u00fcrde. Eine Behandlung w\u00e4re Voraussetzung f\u00fcr ihre Entlassung zu einem unbestimmten Zeitpunkt, wenn es zur Sicherungsverwahrung kommt. Die Folge: &#8222;Zsch\u00e4pe m\u00fcsste sich hinter Gittern so weit \u00f6ffnen, wie es sich Angeh\u00f6rige <a href=\"https:\/\/blog.zeit.de\/nsu-prozess-blog\/die-mord-opfer\/\">der NSU-Opfer<\/a> im Prozess von ihr erhofft hatten.&#8220;<\/p>\n<p>Sa\u00df habe in jedem seiner Worte deutlich gemacht, dass er Zsch\u00e4pe nicht glaubt, schreibt Annette Ramelsberger von der <a href=\"http:\/\/www.sueddeutsche.de\/politik\/nsu-prozess-beate-zschaepe-ist-sie-stark-oder-ist-sie-schwach-1.3338650\" target=\"_blank\"><em>S\u00fcddeutschen Zeitung<\/em><\/a>. In seinen Beobachtungen habe er &#8222;das Bild einer selbstbewussten, k\u00e4mpferischen, diskussionsfreudigen Person, die sich nicht unterbuttern l\u00e4sst&#8220;, herausgearbeitet. Dies sei das Gegenteil einer Zsch\u00e4pe, &#8222;die angeblich finanziell und emotional abh\u00e4ngig war von ihren beiden Freunden, sich schlagen lie\u00df und dennoch mit ihnen in Urlaub fuhr&#8220;.<\/p>\n<p><em>Das n\u00e4chste Medienlog erscheint am Freitag, 20. Januar 2017.<\/em><\/p>\n","protected":false},"excerpt":{"rendered":"<p>Die Einsch\u00e4tzung von Psychiater Henning Sa\u00df steht fest: Er h\u00e4lt Beate Zsch\u00e4pe f\u00fcr voll schuldf\u00e4hig, wie er bei der Erstattung seines Gutachtens \u00fcber die Hauptangeklagte am Mittwoch sagte. Zudem legt er f\u00fcr den Fall einer Verurteilung die Sicherungsverwahrung nahe, weil er bei ihr einen sogenannten Hang zu Straftaten erkannt haben will. Die Empfehlung des Sachverst\u00e4ndigen [&hellip;]<\/p>\n","protected":false},"author":435,"featured_media":0,"comment_status":"open","ping_status":"open","sticky":false,"template":"","format":"standard","meta":{"_jetpack_memberships_contains_paid_content":false,"footnotes":""},"categories":[27531],"tags":[17793,1105,33605,33589,35425],"class_list":["post-12591","post","type-post","status-publish","format-standard","hentry","category-medienschau","tag-beate-zschape","tag-gutachten","tag-henning-sass","tag-psychiater","tag-sicherungsverwahrung"],"yoast_head":"<!-- This site is optimized with the Yoast SEO plugin v21.0 - https:\/\/yoast.com\/wordpress\/plugins\/seo\/ -->\n<title>Drastisches Fazit \u00fcber Zsch\u00e4pe<\/title>\n<meta name=\"description\" content=\"Die Einsch\u00e4tzung von Psychiater Henning Sa\u00df steht fest: Er h\u00e4lt Beate Zsch\u00e4pe f\u00fcr voll schuldf\u00e4hig.\" \/>\n<meta name=\"robots\" content=\"index, follow, max-snippet:-1, max-image-preview:large, max-video-preview:-1\" \/>\n<link rel=\"canonical\" href=\"https:\/\/blog.zeit.de\/nsu-prozess-blog\/2017\/01\/19\/medienlog-gutachten-zschaepe-nsu\/\" \/>\n<meta property=\"og:locale\" content=\"de_DE\" \/>\n<meta property=\"og:type\" content=\"article\" \/>\n<meta property=\"og:title\" content=\"Drastisches Fazit \u00fcber Zsch\u00e4pe\" \/>\n<meta property=\"og:description\" content=\"Die Einsch\u00e4tzung von Psychiater Henning Sa\u00df steht fest: Er h\u00e4lt Beate Zsch\u00e4pe f\u00fcr voll schuldf\u00e4hig.\" \/>\n<meta property=\"og:url\" content=\"https:\/\/blog.zeit.de\/nsu-prozess-blog\/2017\/01\/19\/medienlog-gutachten-zschaepe-nsu\/\" \/>\n<meta property=\"og:site_name\" content=\"Das NSU-Prozess-Blog\" \/>\n<meta property=\"article:published_time\" content=\"2017-01-19T07:38:13+00:00\" \/>\n<meta property=\"article:modified_time\" content=\"2017-01-19T08:50:47+00:00\" \/>\n<meta name=\"author\" content=\"Tom Sundermann\" \/>\n<meta name=\"twitter:label1\" content=\"Geschrieben von\" \/>\n\t<meta name=\"twitter:data1\" content=\"Tom Sundermann\" \/>\n\t<meta name=\"twitter:label2\" content=\"Gesch\u00e4tzte Lesezeit\" \/>\n\t<meta name=\"twitter:data2\" content=\"3\u00a0Minuten\" \/>\n<script type=\"application\/ld+json\" class=\"yoast-schema-graph\">{\"@context\":\"https:\/\/schema.org\",\"@graph\":[{\"@type\":\"WebPage\",\"@id\":\"https:\/\/blog.zeit.de\/nsu-prozess-blog\/2017\/01\/19\/medienlog-gutachten-zschaepe-nsu\/\",\"url\":\"https:\/\/blog.zeit.de\/nsu-prozess-blog\/2017\/01\/19\/medienlog-gutachten-zschaepe-nsu\/\",\"name\":\"Drastisches Fazit \u00fcber Zsch\u00e4pe\",\"isPartOf\":{\"@id\":\"https:\/\/blog.zeit.de\/nsu-prozess-blog\/#website\"},\"datePublished\":\"2017-01-19T07:38:13+00:00\",\"dateModified\":\"2017-01-19T08:50:47+00:00\",\"author\":{\"@id\":\"https:\/\/blog.zeit.de\/nsu-prozess-blog\/#\/schema\/person\/553ea9bb5d1fc2ae054c589bd59380a5\"},\"description\":\"Die Einsch\u00e4tzung von Psychiater Henning Sa\u00df steht fest: Er h\u00e4lt Beate Zsch\u00e4pe f\u00fcr voll schuldf\u00e4hig.\",\"breadcrumb\":{\"@id\":\"https:\/\/blog.zeit.de\/nsu-prozess-blog\/2017\/01\/19\/medienlog-gutachten-zschaepe-nsu\/#breadcrumb\"},\"inLanguage\":\"de\",\"potentialAction\":[{\"@type\":\"ReadAction\",\"target\":[\"https:\/\/blog.zeit.de\/nsu-prozess-blog\/2017\/01\/19\/medienlog-gutachten-zschaepe-nsu\/\"]}]},{\"@type\":\"BreadcrumbList\",\"@id\":\"https:\/\/blog.zeit.de\/nsu-prozess-blog\/2017\/01\/19\/medienlog-gutachten-zschaepe-nsu\/#breadcrumb\",\"itemListElement\":[{\"@type\":\"ListItem\",\"position\":1,\"name\":\"Startseite\",\"item\":\"https:\/\/blog.zeit.de\/nsu-prozess-blog\/\"},{\"@type\":\"ListItem\",\"position\":2,\"name\":\"Drastisches Fazit \u00fcber Zsch\u00e4pe \u2013 das Medienlog vom Donnerstag, 19. Januar 2017\"}]},{\"@type\":\"WebSite\",\"@id\":\"https:\/\/blog.zeit.de\/nsu-prozess-blog\/#website\",\"url\":\"https:\/\/blog.zeit.de\/nsu-prozess-blog\/\",\"name\":\"Das NSU-Prozess-Blog\",\"description\":\"Alle Berichte zum Terrorverfahren in M\u00fcnchen\",\"potentialAction\":[{\"@type\":\"SearchAction\",\"target\":{\"@type\":\"EntryPoint\",\"urlTemplate\":\"https:\/\/blog.zeit.de\/nsu-prozess-blog\/?s={search_term_string}\"},\"query-input\":\"required name=search_term_string\"}],\"inLanguage\":\"de\"},{\"@type\":\"Person\",\"@id\":\"https:\/\/blog.zeit.de\/nsu-prozess-blog\/#\/schema\/person\/553ea9bb5d1fc2ae054c589bd59380a5\",\"name\":\"Tom Sundermann\",\"image\":{\"@type\":\"ImageObject\",\"inLanguage\":\"de\",\"@id\":\"https:\/\/blog.zeit.de\/nsu-prozess-blog\/#\/schema\/person\/image\/\",\"url\":\"https:\/\/secure.gravatar.com\/avatar\/e108a3dc18766f719b2f797dc5d19093f06a1870c55b553ab6b7563f1f9a5e68?s=96&d=mm&r=g\",\"contentUrl\":\"https:\/\/secure.gravatar.com\/avatar\/e108a3dc18766f719b2f797dc5d19093f06a1870c55b553ab6b7563f1f9a5e68?s=96&d=mm&r=g\",\"caption\":\"Tom Sundermann\"},\"sameAs\":[\"https:\/\/twitter.com\/messeticker\"],\"url\":\"https:\/\/blog.zeit.de\/nsu-prozess-blog\/author\/tsundermann\/\"}]}<\/script>\n<!-- \/ Yoast SEO plugin. -->","yoast_head_json":{"title":"Drastisches Fazit \u00fcber Zsch\u00e4pe","description":"Die Einsch\u00e4tzung von Psychiater Henning Sa\u00df steht fest: Er h\u00e4lt Beate Zsch\u00e4pe f\u00fcr voll schuldf\u00e4hig.","robots":{"index":"index","follow":"follow","max-snippet":"max-snippet:-1","max-image-preview":"max-image-preview:large","max-video-preview":"max-video-preview:-1"},"canonical":"https:\/\/blog.zeit.de\/nsu-prozess-blog\/2017\/01\/19\/medienlog-gutachten-zschaepe-nsu\/","og_locale":"de_DE","og_type":"article","og_title":"Drastisches Fazit \u00fcber Zsch\u00e4pe","og_description":"Die Einsch\u00e4tzung von Psychiater Henning Sa\u00df steht fest: Er h\u00e4lt Beate Zsch\u00e4pe f\u00fcr voll schuldf\u00e4hig.","og_url":"https:\/\/blog.zeit.de\/nsu-prozess-blog\/2017\/01\/19\/medienlog-gutachten-zschaepe-nsu\/","og_site_name":"Das NSU-Prozess-Blog","article_published_time":"2017-01-19T07:38:13+00:00","article_modified_time":"2017-01-19T08:50:47+00:00","author":"Tom Sundermann","twitter_misc":{"Geschrieben von":"Tom Sundermann","Gesch\u00e4tzte Lesezeit":"3\u00a0Minuten"},"schema":{"@context":"https:\/\/schema.org","@graph":[{"@type":"WebPage","@id":"https:\/\/blog.zeit.de\/nsu-prozess-blog\/2017\/01\/19\/medienlog-gutachten-zschaepe-nsu\/","url":"https:\/\/blog.zeit.de\/nsu-prozess-blog\/2017\/01\/19\/medienlog-gutachten-zschaepe-nsu\/","name":"Drastisches Fazit \u00fcber Zsch\u00e4pe","isPartOf":{"@id":"https:\/\/blog.zeit.de\/nsu-prozess-blog\/#website"},"datePublished":"2017-01-19T07:38:13+00:00","dateModified":"2017-01-19T08:50:47+00:00","author":{"@id":"https:\/\/blog.zeit.de\/nsu-prozess-blog\/#\/schema\/person\/553ea9bb5d1fc2ae054c589bd59380a5"},"description":"Die Einsch\u00e4tzung von Psychiater Henning Sa\u00df steht fest: Er h\u00e4lt Beate Zsch\u00e4pe f\u00fcr voll schuldf\u00e4hig.","breadcrumb":{"@id":"https:\/\/blog.zeit.de\/nsu-prozess-blog\/2017\/01\/19\/medienlog-gutachten-zschaepe-nsu\/#breadcrumb"},"inLanguage":"de","potentialAction":[{"@type":"ReadAction","target":["https:\/\/blog.zeit.de\/nsu-prozess-blog\/2017\/01\/19\/medienlog-gutachten-zschaepe-nsu\/"]}]},{"@type":"BreadcrumbList","@id":"https:\/\/blog.zeit.de\/nsu-prozess-blog\/2017\/01\/19\/medienlog-gutachten-zschaepe-nsu\/#breadcrumb","itemListElement":[{"@type":"ListItem","position":1,"name":"Startseite","item":"https:\/\/blog.zeit.de\/nsu-prozess-blog\/"},{"@type":"ListItem","position":2,"name":"Drastisches Fazit \u00fcber Zsch\u00e4pe \u2013 das Medienlog vom Donnerstag, 19. Januar 2017"}]},{"@type":"WebSite","@id":"https:\/\/blog.zeit.de\/nsu-prozess-blog\/#website","url":"https:\/\/blog.zeit.de\/nsu-prozess-blog\/","name":"Das NSU-Prozess-Blog","description":"Alle Berichte zum Terrorverfahren in M\u00fcnchen","potentialAction":[{"@type":"SearchAction","target":{"@type":"EntryPoint","urlTemplate":"https:\/\/blog.zeit.de\/nsu-prozess-blog\/?s={search_term_string}"},"query-input":"required name=search_term_string"}],"inLanguage":"de"},{"@type":"Person","@id":"https:\/\/blog.zeit.de\/nsu-prozess-blog\/#\/schema\/person\/553ea9bb5d1fc2ae054c589bd59380a5","name":"Tom Sundermann","image":{"@type":"ImageObject","inLanguage":"de","@id":"https:\/\/blog.zeit.de\/nsu-prozess-blog\/#\/schema\/person\/image\/","url":"https:\/\/secure.gravatar.com\/avatar\/e108a3dc18766f719b2f797dc5d19093f06a1870c55b553ab6b7563f1f9a5e68?s=96&d=mm&r=g","contentUrl":"https:\/\/secure.gravatar.com\/avatar\/e108a3dc18766f719b2f797dc5d19093f06a1870c55b553ab6b7563f1f9a5e68?s=96&d=mm&r=g","caption":"Tom Sundermann"},"sameAs":["https:\/\/twitter.com\/messeticker"],"url":"https:\/\/blog.zeit.de\/nsu-prozess-blog\/author\/tsundermann\/"}]}},"jetpack_featured_media_url":"","jetpack_sharing_enabled":true,"_links":{"self":[{"href":"https:\/\/blog.zeit.de\/nsu-prozess-blog\/wp-json\/wp\/v2\/posts\/12591","targetHints":{"allow":["GET"]}}],"collection":[{"href":"https:\/\/blog.zeit.de\/nsu-prozess-blog\/wp-json\/wp\/v2\/posts"}],"about":[{"href":"https:\/\/blog.zeit.de\/nsu-prozess-blog\/wp-json\/wp\/v2\/types\/post"}],"author":[{"embeddable":true,"href":"https:\/\/blog.zeit.de\/nsu-prozess-blog\/wp-json\/wp\/v2\/users\/435"}],"replies":[{"embeddable":true,"href":"https:\/\/blog.zeit.de\/nsu-prozess-blog\/wp-json\/wp\/v2\/comments?post=12591"}],"version-history":[{"count":7,"href":"https:\/\/blog.zeit.de\/nsu-prozess-blog\/wp-json\/wp\/v2\/posts\/12591\/revisions"}],"predecessor-version":[{"id":12598,"href":"https:\/\/blog.zeit.de\/nsu-prozess-blog\/wp-json\/wp\/v2\/posts\/12591\/revisions\/12598"}],"wp:attachment":[{"href":"https:\/\/blog.zeit.de\/nsu-prozess-blog\/wp-json\/wp\/v2\/media?parent=12591"}],"wp:term":[{"taxonomy":"category","embeddable":true,"href":"https:\/\/blog.zeit.de\/nsu-prozess-blog\/wp-json\/wp\/v2\/categories?post=12591"},{"taxonomy":"post_tag","embeddable":true,"href":"https:\/\/blog.zeit.de\/nsu-prozess-blog\/wp-json\/wp\/v2\/tags?post=12591"}],"curies":[{"name":"wp","href":"https:\/\/api.w.org\/{rel}","templated":true}]}}