{"id":12711,"date":"2017-02-08T09:22:55","date_gmt":"2017-02-08T08:22:55","guid":{"rendered":"http:\/\/blog.zeit.de\/nsu-prozess-blog\/?p=12711"},"modified":"2017-02-08T19:37:28","modified_gmt":"2017-02-08T18:37:28","slug":"medienlog-zschaepe-notizen-gutachten-nsu","status":"publish","type":"post","link":"https:\/\/blog.zeit.de\/nsu-prozess-blog\/2017\/02\/08\/medienlog-zschaepe-notizen-gutachten-nsu\/","title":{"rendered":"Wenn Anw\u00e4lte um Notizen streiten \u2013 Das Medienlog vom Mittwoch, 8. Februar 2017"},"content":{"rendered":"<p>Der Psychiater Henning Sa\u00df stand am Dienstag erneut im Fokus des NSU-Verfahrens. Um sein Gutachten, in dem er Zsch\u00e4pe <a href=\"https:\/\/blog.zeit.de\/nsu-prozess-blog\/2017\/01\/18\/gutachter-nimmt-zschaepe-letzte-hoffnung\/\">die Schuldf\u00e4higkeit bescheinigt hatte<\/a>, ging es jedoch nur am Rande. Der Prozesstag kreiste um die Frage, ob der Sachverst\u00e4ndige <a href=\"https:\/\/blog.zeit.de\/nsu-prozess-blog\/2016\/12\/20\/die-letzten-waffen-der-beate-zschaepe-anwaelte\/\">Zsch\u00e4pes Verteidigern<\/a> aus seinen Notizen zu berichten habe. Das Gericht lehnte diesen Wunsch der Anw\u00e4lte ab.<\/p>\n<p>Der turbulente Verhandlungstag habe gezeigt, &#8222;wie energisch die drei Verteidiger weiterhin k\u00e4mpfen&#8220;, um das Gutachten anzugreifen, schreibt Bj\u00f6rn Hengst auf <a href=\"http:\/\/www.spiegel.de\/panorama\/justiz\/nsu-prozess-streit-um-das-gutachten-von-henning-sass-geht-weiter-a-1133572.html\" target=\"_blank\"><em>Spiegel Online<\/em><\/a>. Dabei wurde &#8222;\u00fcberdeutlich, dass das Verfahren derzeit ins Stocken geraten ist&#8220;, Fortschritte in der Sache habe es keine gegeben.<\/p>\n<p><!--more--><\/p>\n<p><em>An jedem Werktag sichten wir f\u00fcr das NSU-Prozess-Blog die Medien und stellen wichtige Berichte, Blogs, Videos und Tweets zusammen. Wir freuen uns \u00fcber Hinweise via Twitter mit dem Hashtag #nsublog \u2013 oder per E-Mail an <a href=\"mailto:nsublog@zeit.de\">nsublog@zeit.de<\/a>.<\/em><\/p>\n<p>Hitzig wurde die Atmosph\u00e4re durch den Streit zwischen dem Gericht und Zsch\u00e4pes Rechtsbeist\u00e4nden, die wiederholt forderten, Richter Manfred G\u00f6tzl solle dem Gutachter die Freigabe der Notizen abverlangen. Die Folge waren heftige Wortgefechte, &#8222;so in Rage hat man den Vorsitzenden l\u00e4nger nicht mehr erleben k\u00f6nnen&#8220;, beobachtet Julian von L\u00f6wis vom <a href=\"http:\/\/www.br.de\/nachrichten\/nsu-prozess\/170207-tagebuch-gerichtsreporter-100.html\" target=\"_blank\">Bayerischen Rundfunk<\/a>.<\/p>\n<p>Der Sitzungsverlauf offenbarte ein gro\u00dfes Ma\u00df an D\u00fcnnh\u00e4utigkeit: So zeigten sich bei Zsch\u00e4pes Verteidigern &#8222;l\u00e4ngst nicht mehr Weitsicht oder juristische Bissigkeit, sondern eine zunehmende Panik&#8220;, meinen wir auf <a href=\"https:\/\/blog.zeit.de\/nsu-prozess-blog\/2017\/02\/07\/panik-gibt-den-ton-an\/\" target=\"_blank\">ZEIT ONLINE<\/a>. Nennenswerte Aussichten auf Erfolg im Kampf gegen das f\u00fcr Zsch\u00e4pe sehr nachteilige Gutachten gibt es demnach nicht. Der R\u00fcckschlag in der Notizenfrage h\u00e4tte Anlass f\u00fcr einen Strategiewechsel sein k\u00f6nnen. &#8222;Doch ein pragmatischer Umgang mit der Situation liegt den Juristen nicht.&#8220; In jedem Fall arbeiten sie weiter konsequent im Sinne ihrer Verteidigungsstrategie.<\/p>\n<p>Das Gerangel um die Aufzeichnungen von Sa\u00df sei indes alles andere als eine Lappalie, merkt Wiebke Ramm in der <a href=\"http:\/\/www.sueddeutsche.de\/politik\/nsu-prozess-hypothesen-und-ueberlegungen-die-nicht-fuer-andere-bestimmt-sind-1.3368719\" target=\"_blank\"><em>S\u00fcddeutschen Zeitung<\/em><\/a> an \u2013 das Gutachten &#8222;d\u00fcrfte erheblichen Einfluss darauf haben, zu welcher Einsch\u00e4tzung letztlich auch das Gericht kommen wird&#8220;. Daher gehe es &#8222;f\u00fcr Zsch\u00e4pe um eine ganze Menge&#8220;.<\/p>\n<p><em>Das n\u00e4chste Medienlog erscheint am Donnerstag, 9. Februar 2017.<\/em><\/p>\n","protected":false},"excerpt":{"rendered":"<p>Der Psychiater Henning Sa\u00df stand am Dienstag erneut im Fokus des NSU-Verfahrens. Um sein Gutachten, in dem er Zsch\u00e4pe die Schuldf\u00e4higkeit bescheinigt hatte, ging es jedoch nur am Rande. Der Prozesstag kreiste um die Frage, ob der Sachverst\u00e4ndige Zsch\u00e4pes Verteidigern aus seinen Notizen zu berichten habe. Das Gericht lehnte diesen Wunsch der Anw\u00e4lte ab. Der [&hellip;]<\/p>\n","protected":false},"author":435,"featured_media":0,"comment_status":"open","ping_status":"open","sticky":false,"template":"","format":"standard","meta":{"_jetpack_memberships_contains_paid_content":false,"footnotes":""},"categories":[27531],"tags":[29424,17793,1105,33605,35429,33589],"class_list":["post-12711","post","type-post","status-publish","format-standard","hentry","category-medienschau","tag-anwalte","tag-beate-zschape","tag-gutachten","tag-henning-sass","tag-notizen","tag-psychiater"],"yoast_head":"<!-- This site is optimized with the Yoast SEO plugin v21.0 - https:\/\/yoast.com\/wordpress\/plugins\/seo\/ -->\n<title>Wenn Anw\u00e4lte um Notizen streiten \u2013 Das Medienlog vom Mittwoch, 8. Februar 2017 - Das NSU-Prozess-Blog<\/title>\n<meta name=\"robots\" content=\"index, follow, max-snippet:-1, max-image-preview:large, max-video-preview:-1\" \/>\n<link rel=\"canonical\" href=\"https:\/\/blog.zeit.de\/nsu-prozess-blog\/2017\/02\/08\/medienlog-zschaepe-notizen-gutachten-nsu\/\" \/>\n<meta property=\"og:locale\" content=\"de_DE\" \/>\n<meta property=\"og:type\" content=\"article\" \/>\n<meta property=\"og:title\" content=\"Wenn Anw\u00e4lte um Notizen streiten \u2013 Das Medienlog vom Mittwoch, 8. Februar 2017 - Das NSU-Prozess-Blog\" \/>\n<meta property=\"og:description\" content=\"Der Psychiater Henning Sa\u00df stand am Dienstag erneut im Fokus des NSU-Verfahrens. Um sein Gutachten, in dem er Zsch\u00e4pe die Schuldf\u00e4higkeit bescheinigt hatte, ging es jedoch nur am Rande. Der Prozesstag kreiste um die Frage, ob der Sachverst\u00e4ndige Zsch\u00e4pes Verteidigern aus seinen Notizen zu berichten habe. Das Gericht lehnte diesen Wunsch der Anw\u00e4lte ab. Der [&hellip;]\" \/>\n<meta property=\"og:url\" content=\"https:\/\/blog.zeit.de\/nsu-prozess-blog\/2017\/02\/08\/medienlog-zschaepe-notizen-gutachten-nsu\/\" \/>\n<meta property=\"og:site_name\" content=\"Das NSU-Prozess-Blog\" \/>\n<meta property=\"article:published_time\" content=\"2017-02-08T08:22:55+00:00\" \/>\n<meta property=\"article:modified_time\" content=\"2017-02-08T18:37:28+00:00\" \/>\n<meta name=\"author\" content=\"Tom Sundermann\" \/>\n<meta name=\"twitter:label1\" content=\"Geschrieben von\" \/>\n\t<meta name=\"twitter:data1\" content=\"Tom Sundermann\" \/>\n\t<meta name=\"twitter:label2\" content=\"Gesch\u00e4tzte Lesezeit\" \/>\n\t<meta name=\"twitter:data2\" content=\"2\u00a0Minuten\" \/>\n<script type=\"application\/ld+json\" class=\"yoast-schema-graph\">{\"@context\":\"https:\/\/schema.org\",\"@graph\":[{\"@type\":\"WebPage\",\"@id\":\"https:\/\/blog.zeit.de\/nsu-prozess-blog\/2017\/02\/08\/medienlog-zschaepe-notizen-gutachten-nsu\/\",\"url\":\"https:\/\/blog.zeit.de\/nsu-prozess-blog\/2017\/02\/08\/medienlog-zschaepe-notizen-gutachten-nsu\/\",\"name\":\"Wenn Anw\u00e4lte um Notizen streiten \u2013 Das Medienlog vom Mittwoch, 8. Februar 2017 - Das NSU-Prozess-Blog\",\"isPartOf\":{\"@id\":\"https:\/\/blog.zeit.de\/nsu-prozess-blog\/#website\"},\"datePublished\":\"2017-02-08T08:22:55+00:00\",\"dateModified\":\"2017-02-08T18:37:28+00:00\",\"author\":{\"@id\":\"https:\/\/blog.zeit.de\/nsu-prozess-blog\/#\/schema\/person\/553ea9bb5d1fc2ae054c589bd59380a5\"},\"breadcrumb\":{\"@id\":\"https:\/\/blog.zeit.de\/nsu-prozess-blog\/2017\/02\/08\/medienlog-zschaepe-notizen-gutachten-nsu\/#breadcrumb\"},\"inLanguage\":\"de\",\"potentialAction\":[{\"@type\":\"ReadAction\",\"target\":[\"https:\/\/blog.zeit.de\/nsu-prozess-blog\/2017\/02\/08\/medienlog-zschaepe-notizen-gutachten-nsu\/\"]}]},{\"@type\":\"BreadcrumbList\",\"@id\":\"https:\/\/blog.zeit.de\/nsu-prozess-blog\/2017\/02\/08\/medienlog-zschaepe-notizen-gutachten-nsu\/#breadcrumb\",\"itemListElement\":[{\"@type\":\"ListItem\",\"position\":1,\"name\":\"Startseite\",\"item\":\"https:\/\/blog.zeit.de\/nsu-prozess-blog\/\"},{\"@type\":\"ListItem\",\"position\":2,\"name\":\"Wenn Anw\u00e4lte um Notizen streiten \u2013 Das Medienlog vom Mittwoch, 8. Februar 2017\"}]},{\"@type\":\"WebSite\",\"@id\":\"https:\/\/blog.zeit.de\/nsu-prozess-blog\/#website\",\"url\":\"https:\/\/blog.zeit.de\/nsu-prozess-blog\/\",\"name\":\"Das NSU-Prozess-Blog\",\"description\":\"Alle Berichte zum Terrorverfahren in M\u00fcnchen\",\"potentialAction\":[{\"@type\":\"SearchAction\",\"target\":{\"@type\":\"EntryPoint\",\"urlTemplate\":\"https:\/\/blog.zeit.de\/nsu-prozess-blog\/?s={search_term_string}\"},\"query-input\":\"required name=search_term_string\"}],\"inLanguage\":\"de\"},{\"@type\":\"Person\",\"@id\":\"https:\/\/blog.zeit.de\/nsu-prozess-blog\/#\/schema\/person\/553ea9bb5d1fc2ae054c589bd59380a5\",\"name\":\"Tom Sundermann\",\"image\":{\"@type\":\"ImageObject\",\"inLanguage\":\"de\",\"@id\":\"https:\/\/blog.zeit.de\/nsu-prozess-blog\/#\/schema\/person\/image\/\",\"url\":\"https:\/\/secure.gravatar.com\/avatar\/e108a3dc18766f719b2f797dc5d19093f06a1870c55b553ab6b7563f1f9a5e68?s=96&d=mm&r=g\",\"contentUrl\":\"https:\/\/secure.gravatar.com\/avatar\/e108a3dc18766f719b2f797dc5d19093f06a1870c55b553ab6b7563f1f9a5e68?s=96&d=mm&r=g\",\"caption\":\"Tom Sundermann\"},\"sameAs\":[\"https:\/\/twitter.com\/messeticker\"],\"url\":\"https:\/\/blog.zeit.de\/nsu-prozess-blog\/author\/tsundermann\/\"}]}<\/script>\n<!-- \/ Yoast SEO plugin. -->","yoast_head_json":{"title":"Wenn Anw\u00e4lte um Notizen streiten \u2013 Das Medienlog vom Mittwoch, 8. Februar 2017 - Das NSU-Prozess-Blog","robots":{"index":"index","follow":"follow","max-snippet":"max-snippet:-1","max-image-preview":"max-image-preview:large","max-video-preview":"max-video-preview:-1"},"canonical":"https:\/\/blog.zeit.de\/nsu-prozess-blog\/2017\/02\/08\/medienlog-zschaepe-notizen-gutachten-nsu\/","og_locale":"de_DE","og_type":"article","og_title":"Wenn Anw\u00e4lte um Notizen streiten \u2013 Das Medienlog vom Mittwoch, 8. Februar 2017 - Das NSU-Prozess-Blog","og_description":"Der Psychiater Henning Sa\u00df stand am Dienstag erneut im Fokus des NSU-Verfahrens. Um sein Gutachten, in dem er Zsch\u00e4pe die Schuldf\u00e4higkeit bescheinigt hatte, ging es jedoch nur am Rande. Der Prozesstag kreiste um die Frage, ob der Sachverst\u00e4ndige Zsch\u00e4pes Verteidigern aus seinen Notizen zu berichten habe. Das Gericht lehnte diesen Wunsch der Anw\u00e4lte ab. Der [&hellip;]","og_url":"https:\/\/blog.zeit.de\/nsu-prozess-blog\/2017\/02\/08\/medienlog-zschaepe-notizen-gutachten-nsu\/","og_site_name":"Das NSU-Prozess-Blog","article_published_time":"2017-02-08T08:22:55+00:00","article_modified_time":"2017-02-08T18:37:28+00:00","author":"Tom Sundermann","twitter_misc":{"Geschrieben von":"Tom Sundermann","Gesch\u00e4tzte Lesezeit":"2\u00a0Minuten"},"schema":{"@context":"https:\/\/schema.org","@graph":[{"@type":"WebPage","@id":"https:\/\/blog.zeit.de\/nsu-prozess-blog\/2017\/02\/08\/medienlog-zschaepe-notizen-gutachten-nsu\/","url":"https:\/\/blog.zeit.de\/nsu-prozess-blog\/2017\/02\/08\/medienlog-zschaepe-notizen-gutachten-nsu\/","name":"Wenn Anw\u00e4lte um Notizen streiten \u2013 Das Medienlog vom Mittwoch, 8. Februar 2017 - Das NSU-Prozess-Blog","isPartOf":{"@id":"https:\/\/blog.zeit.de\/nsu-prozess-blog\/#website"},"datePublished":"2017-02-08T08:22:55+00:00","dateModified":"2017-02-08T18:37:28+00:00","author":{"@id":"https:\/\/blog.zeit.de\/nsu-prozess-blog\/#\/schema\/person\/553ea9bb5d1fc2ae054c589bd59380a5"},"breadcrumb":{"@id":"https:\/\/blog.zeit.de\/nsu-prozess-blog\/2017\/02\/08\/medienlog-zschaepe-notizen-gutachten-nsu\/#breadcrumb"},"inLanguage":"de","potentialAction":[{"@type":"ReadAction","target":["https:\/\/blog.zeit.de\/nsu-prozess-blog\/2017\/02\/08\/medienlog-zschaepe-notizen-gutachten-nsu\/"]}]},{"@type":"BreadcrumbList","@id":"https:\/\/blog.zeit.de\/nsu-prozess-blog\/2017\/02\/08\/medienlog-zschaepe-notizen-gutachten-nsu\/#breadcrumb","itemListElement":[{"@type":"ListItem","position":1,"name":"Startseite","item":"https:\/\/blog.zeit.de\/nsu-prozess-blog\/"},{"@type":"ListItem","position":2,"name":"Wenn Anw\u00e4lte um Notizen streiten \u2013 Das Medienlog vom Mittwoch, 8. Februar 2017"}]},{"@type":"WebSite","@id":"https:\/\/blog.zeit.de\/nsu-prozess-blog\/#website","url":"https:\/\/blog.zeit.de\/nsu-prozess-blog\/","name":"Das NSU-Prozess-Blog","description":"Alle Berichte zum Terrorverfahren in M\u00fcnchen","potentialAction":[{"@type":"SearchAction","target":{"@type":"EntryPoint","urlTemplate":"https:\/\/blog.zeit.de\/nsu-prozess-blog\/?s={search_term_string}"},"query-input":"required name=search_term_string"}],"inLanguage":"de"},{"@type":"Person","@id":"https:\/\/blog.zeit.de\/nsu-prozess-blog\/#\/schema\/person\/553ea9bb5d1fc2ae054c589bd59380a5","name":"Tom Sundermann","image":{"@type":"ImageObject","inLanguage":"de","@id":"https:\/\/blog.zeit.de\/nsu-prozess-blog\/#\/schema\/person\/image\/","url":"https:\/\/secure.gravatar.com\/avatar\/e108a3dc18766f719b2f797dc5d19093f06a1870c55b553ab6b7563f1f9a5e68?s=96&d=mm&r=g","contentUrl":"https:\/\/secure.gravatar.com\/avatar\/e108a3dc18766f719b2f797dc5d19093f06a1870c55b553ab6b7563f1f9a5e68?s=96&d=mm&r=g","caption":"Tom Sundermann"},"sameAs":["https:\/\/twitter.com\/messeticker"],"url":"https:\/\/blog.zeit.de\/nsu-prozess-blog\/author\/tsundermann\/"}]}},"jetpack_featured_media_url":"","jetpack_sharing_enabled":true,"_links":{"self":[{"href":"https:\/\/blog.zeit.de\/nsu-prozess-blog\/wp-json\/wp\/v2\/posts\/12711","targetHints":{"allow":["GET"]}}],"collection":[{"href":"https:\/\/blog.zeit.de\/nsu-prozess-blog\/wp-json\/wp\/v2\/posts"}],"about":[{"href":"https:\/\/blog.zeit.de\/nsu-prozess-blog\/wp-json\/wp\/v2\/types\/post"}],"author":[{"embeddable":true,"href":"https:\/\/blog.zeit.de\/nsu-prozess-blog\/wp-json\/wp\/v2\/users\/435"}],"replies":[{"embeddable":true,"href":"https:\/\/blog.zeit.de\/nsu-prozess-blog\/wp-json\/wp\/v2\/comments?post=12711"}],"version-history":[{"count":4,"href":"https:\/\/blog.zeit.de\/nsu-prozess-blog\/wp-json\/wp\/v2\/posts\/12711\/revisions"}],"predecessor-version":[{"id":12715,"href":"https:\/\/blog.zeit.de\/nsu-prozess-blog\/wp-json\/wp\/v2\/posts\/12711\/revisions\/12715"}],"wp:attachment":[{"href":"https:\/\/blog.zeit.de\/nsu-prozess-blog\/wp-json\/wp\/v2\/media?parent=12711"}],"wp:term":[{"taxonomy":"category","embeddable":true,"href":"https:\/\/blog.zeit.de\/nsu-prozess-blog\/wp-json\/wp\/v2\/categories?post=12711"},{"taxonomy":"post_tag","embeddable":true,"href":"https:\/\/blog.zeit.de\/nsu-prozess-blog\/wp-json\/wp\/v2\/tags?post=12711"}],"curies":[{"name":"wp","href":"https:\/\/api.w.org\/{rel}","templated":true}]}}