{"id":12794,"date":"2017-02-22T09:48:24","date_gmt":"2017-02-22T08:48:24","guid":{"rendered":"http:\/\/blog.zeit.de\/nsu-prozess-blog\/?p=12794"},"modified":"2017-02-22T10:06:50","modified_gmt":"2017-02-22T09:06:50","slug":"medienlog-zschaepe-jva-antrag-nsu","status":"publish","type":"post","link":"https:\/\/blog.zeit.de\/nsu-prozess-blog\/2017\/02\/22\/medienlog-zschaepe-jva-antrag-nsu\/","title":{"rendered":"Peinliche Momente f\u00fcr die Verteidigung \u2013 Das Medienlog vom Mittwoch, 22. Februar 2017"},"content":{"rendered":"<p>Vor einer Woche haben Beate Zsch\u00e4pes Neuverteidiger angek\u00fcndigt, die <a href=\"https:\/\/blog.zeit.de\/nsu-prozess-blog\/2017\/02\/15\/medienlog-zschaepe-jva-nsu\/\">Vernehmung einer Vollzugsbeamtin<\/a> des M\u00fcnchner Gef\u00e4ngnisses Stadelheim\u00a0 beantragen zu wollen. Passiert ist bisher aber nichts. Am Dienstag ergriff nun Richter Manfred G\u00f6tzl die Initiative: Er lud die stellvertretende Leiterin der Haftanstalt, in der Zsch\u00e4pe in Haft sitzt. Sie wird bereits heute aussagen.<\/p>\n<p>Mit dem Schritt sorgte G\u00f6tzl &#8222;f\u00fcr eine peinliche Schlappe f\u00fcr die Verteidigung&#8220;, schreibt Ina Krau\u00df vom <a href=\"http:\/\/www.br.de\/nachrichten\/nsu-prozess\/nsu-verhandlungstag-349-170221-100.html\" target=\"_blank\">Bayerischen Rundfunk<\/a>. Zsch\u00e4pes Anwalt Mathias Grasel hatte kurz zuvor noch mitgeteilt, der Antrag liege &#8222;aus organisatorischen Gr\u00fcnden&#8220; noch nicht vor. Dem Richter ging das offenbar zu langsam.<\/p>\n<p><!--more--><\/p>\n<p><em>An jedem Werktag sichten wir f\u00fcr das NSU-Prozess-Blog die Medien und stellen wichtige Berichte, Blogs, Videos und Tweets zusammen. Wir freuen uns \u00fcber Hinweise via Twitter mit dem Hashtag #nsublog \u2013 oder per E-Mail an <a href=\"mailto:nsublog@zeit.de\">nsublog@zeit.de<\/a>.<\/em><\/p>\n<p>&#8222;Es sind peinliche Momente f\u00fcr Mathias Grasel im NSU-Prozess&#8220;, beobachtet auch Bj\u00f6rn Hengst von <a href=\"http:\/\/www.spiegel.de\/panorama\/justiz\/nsu-prozess-leitende-gefaengnisbeamtin-soll-als-zeugin-gehoert-werden-a-1135598.html\" target=\"_blank\"><em>Spiegel Online<\/em><\/a>. G\u00f6tzl sei &#8222;sichtlich ver\u00e4rgert&#8220; gewesen, als er zur Kenntnis nehmen musste, dass der Antrag noch nicht fertig ist. Das Papier werden die Zsch\u00e4pe-Verteidiger wohl zu einem sp\u00e4teren Zeitpunkt noch einreichen, da sie sich explizit f\u00fcr die Aussage der Beamtin und nicht von der stellvertretenden Leiterin interessieren.<\/p>\n<p>Konkret erhofft sich die Verteidigung, dass die Vollzugsbeamtin einen korrekten Umgang von Zsch\u00e4pe gegen\u00fcber Mitgefangenen mit Migrationshintergrund\u00a0 best\u00e4tigen wird, schreibt Wiebke Ramm in der <a href=\"http:\/\/www.sueddeutsche.de\/politik\/nsu-prozess-stellvertretende-jva-leiterin-soll-ueber-zschaepes-verhalten-in-haft-aussagen-1.3388944\" target=\"_blank\"><em>S\u00fcddeutschen Zeitung<\/em><\/a>. &#8222;Wom\u00f6glich ger\u00e4t das urspr\u00fcnglich geplante Verteidigungsman\u00f6ver zum Eigentor&#8220;, mutma\u00dft sie. Denn ob sich die nun geladene Leiterin positiv \u00fcber die Hauptangeklagte \u00e4u\u00dfern wird, ist nicht gesichert.<\/p>\n<p><em>Das n\u00e4chste Medienlog erscheint am Donnerstag, 23. Februar 2017.<\/em><\/p>\n","protected":false},"excerpt":{"rendered":"<p>Vor einer Woche haben Beate Zsch\u00e4pes Neuverteidiger angek\u00fcndigt, die Vernehmung einer Vollzugsbeamtin des M\u00fcnchner Gef\u00e4ngnisses Stadelheim\u00a0 beantragen zu wollen. Passiert ist bisher aber nichts. Am Dienstag ergriff nun Richter Manfred G\u00f6tzl die Initiative: Er lud die stellvertretende Leiterin der Haftanstalt, in der Zsch\u00e4pe in Haft sitzt. Sie wird bereits heute aussagen. Mit dem Schritt sorgte [&hellip;]<\/p>\n","protected":false},"author":435,"featured_media":12800,"comment_status":"open","ping_status":"open","sticky":false,"template":"","format":"standard","meta":{"_jetpack_memberships_contains_paid_content":false,"footnotes":""},"categories":[27531],"tags":[29424,17793,27559,29545],"class_list":["post-12794","post","type-post","status-publish","format-standard","has-post-thumbnail","hentry","category-medienschau","tag-anwalte","tag-beate-zschape","tag-manfred-gotzl","tag-untersuchungshaft"],"yoast_head":"<!-- This site is optimized with the Yoast SEO plugin v21.0 - https:\/\/yoast.com\/wordpress\/plugins\/seo\/ -->\n<title>Peinliche Momente f\u00fcr die Verteidigung \u2013 Das Medienlog vom Mittwoch, 22. Februar 2017 - Das NSU-Prozess-Blog<\/title>\n<meta name=\"robots\" content=\"index, follow, max-snippet:-1, max-image-preview:large, max-video-preview:-1\" \/>\n<link rel=\"canonical\" href=\"https:\/\/blog.zeit.de\/nsu-prozess-blog\/2017\/02\/22\/medienlog-zschaepe-jva-antrag-nsu\/\" \/>\n<meta property=\"og:locale\" content=\"de_DE\" \/>\n<meta property=\"og:type\" content=\"article\" \/>\n<meta property=\"og:title\" content=\"Peinliche Momente f\u00fcr die Verteidigung \u2013 Das Medienlog vom Mittwoch, 22. Februar 2017 - Das NSU-Prozess-Blog\" \/>\n<meta property=\"og:description\" content=\"Vor einer Woche haben Beate Zsch\u00e4pes Neuverteidiger angek\u00fcndigt, die Vernehmung einer Vollzugsbeamtin des M\u00fcnchner Gef\u00e4ngnisses Stadelheim\u00a0 beantragen zu wollen. Passiert ist bisher aber nichts. Am Dienstag ergriff nun Richter Manfred G\u00f6tzl die Initiative: Er lud die stellvertretende Leiterin der Haftanstalt, in der Zsch\u00e4pe in Haft sitzt. Sie wird bereits heute aussagen. Mit dem Schritt sorgte [&hellip;]\" \/>\n<meta property=\"og:url\" content=\"https:\/\/blog.zeit.de\/nsu-prozess-blog\/2017\/02\/22\/medienlog-zschaepe-jva-antrag-nsu\/\" \/>\n<meta property=\"og:site_name\" content=\"Das NSU-Prozess-Blog\" \/>\n<meta property=\"article:published_time\" content=\"2017-02-22T08:48:24+00:00\" \/>\n<meta property=\"article:modified_time\" content=\"2017-02-22T09:06:50+00:00\" \/>\n<meta property=\"og:image\" content=\"https:\/\/blog.zeit.de\/nsu-prozess-blog\/files\/2017\/02\/raw.jpeg\" \/>\n\t<meta property=\"og:image:width\" content=\"999\" \/>\n\t<meta property=\"og:image:height\" content=\"562\" \/>\n\t<meta property=\"og:image:type\" content=\"image\/jpeg\" \/>\n<meta name=\"author\" content=\"Tom Sundermann\" \/>\n<meta name=\"twitter:label1\" content=\"Geschrieben von\" \/>\n\t<meta name=\"twitter:data1\" content=\"Tom Sundermann\" \/>\n\t<meta name=\"twitter:label2\" content=\"Gesch\u00e4tzte Lesezeit\" \/>\n\t<meta name=\"twitter:data2\" content=\"1\u00a0Minute\" \/>\n<script type=\"application\/ld+json\" class=\"yoast-schema-graph\">{\"@context\":\"https:\/\/schema.org\",\"@graph\":[{\"@type\":\"WebPage\",\"@id\":\"https:\/\/blog.zeit.de\/nsu-prozess-blog\/2017\/02\/22\/medienlog-zschaepe-jva-antrag-nsu\/\",\"url\":\"https:\/\/blog.zeit.de\/nsu-prozess-blog\/2017\/02\/22\/medienlog-zschaepe-jva-antrag-nsu\/\",\"name\":\"Peinliche Momente f\u00fcr die Verteidigung \u2013 Das Medienlog vom Mittwoch, 22. Februar 2017 - Das NSU-Prozess-Blog\",\"isPartOf\":{\"@id\":\"https:\/\/blog.zeit.de\/nsu-prozess-blog\/#website\"},\"datePublished\":\"2017-02-22T08:48:24+00:00\",\"dateModified\":\"2017-02-22T09:06:50+00:00\",\"author\":{\"@id\":\"https:\/\/blog.zeit.de\/nsu-prozess-blog\/#\/schema\/person\/553ea9bb5d1fc2ae054c589bd59380a5\"},\"breadcrumb\":{\"@id\":\"https:\/\/blog.zeit.de\/nsu-prozess-blog\/2017\/02\/22\/medienlog-zschaepe-jva-antrag-nsu\/#breadcrumb\"},\"inLanguage\":\"de\",\"potentialAction\":[{\"@type\":\"ReadAction\",\"target\":[\"https:\/\/blog.zeit.de\/nsu-prozess-blog\/2017\/02\/22\/medienlog-zschaepe-jva-antrag-nsu\/\"]}]},{\"@type\":\"BreadcrumbList\",\"@id\":\"https:\/\/blog.zeit.de\/nsu-prozess-blog\/2017\/02\/22\/medienlog-zschaepe-jva-antrag-nsu\/#breadcrumb\",\"itemListElement\":[{\"@type\":\"ListItem\",\"position\":1,\"name\":\"Startseite\",\"item\":\"https:\/\/blog.zeit.de\/nsu-prozess-blog\/\"},{\"@type\":\"ListItem\",\"position\":2,\"name\":\"Peinliche Momente f\u00fcr die Verteidigung \u2013 Das Medienlog vom Mittwoch, 22. Februar 2017\"}]},{\"@type\":\"WebSite\",\"@id\":\"https:\/\/blog.zeit.de\/nsu-prozess-blog\/#website\",\"url\":\"https:\/\/blog.zeit.de\/nsu-prozess-blog\/\",\"name\":\"Das NSU-Prozess-Blog\",\"description\":\"Alle Berichte zum Terrorverfahren in M\u00fcnchen\",\"potentialAction\":[{\"@type\":\"SearchAction\",\"target\":{\"@type\":\"EntryPoint\",\"urlTemplate\":\"https:\/\/blog.zeit.de\/nsu-prozess-blog\/?s={search_term_string}\"},\"query-input\":\"required name=search_term_string\"}],\"inLanguage\":\"de\"},{\"@type\":\"Person\",\"@id\":\"https:\/\/blog.zeit.de\/nsu-prozess-blog\/#\/schema\/person\/553ea9bb5d1fc2ae054c589bd59380a5\",\"name\":\"Tom Sundermann\",\"image\":{\"@type\":\"ImageObject\",\"inLanguage\":\"de\",\"@id\":\"https:\/\/blog.zeit.de\/nsu-prozess-blog\/#\/schema\/person\/image\/\",\"url\":\"https:\/\/secure.gravatar.com\/avatar\/e108a3dc18766f719b2f797dc5d19093f06a1870c55b553ab6b7563f1f9a5e68?s=96&d=mm&r=g\",\"contentUrl\":\"https:\/\/secure.gravatar.com\/avatar\/e108a3dc18766f719b2f797dc5d19093f06a1870c55b553ab6b7563f1f9a5e68?s=96&d=mm&r=g\",\"caption\":\"Tom Sundermann\"},\"sameAs\":[\"https:\/\/twitter.com\/messeticker\"],\"url\":\"https:\/\/blog.zeit.de\/nsu-prozess-blog\/author\/tsundermann\/\"}]}<\/script>\n<!-- \/ Yoast SEO plugin. -->","yoast_head_json":{"title":"Peinliche Momente f\u00fcr die Verteidigung \u2013 Das Medienlog vom Mittwoch, 22. Februar 2017 - Das NSU-Prozess-Blog","robots":{"index":"index","follow":"follow","max-snippet":"max-snippet:-1","max-image-preview":"max-image-preview:large","max-video-preview":"max-video-preview:-1"},"canonical":"https:\/\/blog.zeit.de\/nsu-prozess-blog\/2017\/02\/22\/medienlog-zschaepe-jva-antrag-nsu\/","og_locale":"de_DE","og_type":"article","og_title":"Peinliche Momente f\u00fcr die Verteidigung \u2013 Das Medienlog vom Mittwoch, 22. Februar 2017 - Das NSU-Prozess-Blog","og_description":"Vor einer Woche haben Beate Zsch\u00e4pes Neuverteidiger angek\u00fcndigt, die Vernehmung einer Vollzugsbeamtin des M\u00fcnchner Gef\u00e4ngnisses Stadelheim\u00a0 beantragen zu wollen. Passiert ist bisher aber nichts. Am Dienstag ergriff nun Richter Manfred G\u00f6tzl die Initiative: Er lud die stellvertretende Leiterin der Haftanstalt, in der Zsch\u00e4pe in Haft sitzt. Sie wird bereits heute aussagen. Mit dem Schritt sorgte [&hellip;]","og_url":"https:\/\/blog.zeit.de\/nsu-prozess-blog\/2017\/02\/22\/medienlog-zschaepe-jva-antrag-nsu\/","og_site_name":"Das NSU-Prozess-Blog","article_published_time":"2017-02-22T08:48:24+00:00","article_modified_time":"2017-02-22T09:06:50+00:00","og_image":[{"width":999,"height":562,"url":"https:\/\/blog.zeit.de\/nsu-prozess-blog\/files\/2017\/02\/raw.jpeg","type":"image\/jpeg"}],"author":"Tom Sundermann","twitter_misc":{"Geschrieben von":"Tom Sundermann","Gesch\u00e4tzte Lesezeit":"1\u00a0Minute"},"schema":{"@context":"https:\/\/schema.org","@graph":[{"@type":"WebPage","@id":"https:\/\/blog.zeit.de\/nsu-prozess-blog\/2017\/02\/22\/medienlog-zschaepe-jva-antrag-nsu\/","url":"https:\/\/blog.zeit.de\/nsu-prozess-blog\/2017\/02\/22\/medienlog-zschaepe-jva-antrag-nsu\/","name":"Peinliche Momente f\u00fcr die Verteidigung \u2013 Das Medienlog vom Mittwoch, 22. Februar 2017 - Das NSU-Prozess-Blog","isPartOf":{"@id":"https:\/\/blog.zeit.de\/nsu-prozess-blog\/#website"},"datePublished":"2017-02-22T08:48:24+00:00","dateModified":"2017-02-22T09:06:50+00:00","author":{"@id":"https:\/\/blog.zeit.de\/nsu-prozess-blog\/#\/schema\/person\/553ea9bb5d1fc2ae054c589bd59380a5"},"breadcrumb":{"@id":"https:\/\/blog.zeit.de\/nsu-prozess-blog\/2017\/02\/22\/medienlog-zschaepe-jva-antrag-nsu\/#breadcrumb"},"inLanguage":"de","potentialAction":[{"@type":"ReadAction","target":["https:\/\/blog.zeit.de\/nsu-prozess-blog\/2017\/02\/22\/medienlog-zschaepe-jva-antrag-nsu\/"]}]},{"@type":"BreadcrumbList","@id":"https:\/\/blog.zeit.de\/nsu-prozess-blog\/2017\/02\/22\/medienlog-zschaepe-jva-antrag-nsu\/#breadcrumb","itemListElement":[{"@type":"ListItem","position":1,"name":"Startseite","item":"https:\/\/blog.zeit.de\/nsu-prozess-blog\/"},{"@type":"ListItem","position":2,"name":"Peinliche Momente f\u00fcr die Verteidigung \u2013 Das Medienlog vom Mittwoch, 22. Februar 2017"}]},{"@type":"WebSite","@id":"https:\/\/blog.zeit.de\/nsu-prozess-blog\/#website","url":"https:\/\/blog.zeit.de\/nsu-prozess-blog\/","name":"Das NSU-Prozess-Blog","description":"Alle Berichte zum Terrorverfahren in M\u00fcnchen","potentialAction":[{"@type":"SearchAction","target":{"@type":"EntryPoint","urlTemplate":"https:\/\/blog.zeit.de\/nsu-prozess-blog\/?s={search_term_string}"},"query-input":"required name=search_term_string"}],"inLanguage":"de"},{"@type":"Person","@id":"https:\/\/blog.zeit.de\/nsu-prozess-blog\/#\/schema\/person\/553ea9bb5d1fc2ae054c589bd59380a5","name":"Tom Sundermann","image":{"@type":"ImageObject","inLanguage":"de","@id":"https:\/\/blog.zeit.de\/nsu-prozess-blog\/#\/schema\/person\/image\/","url":"https:\/\/secure.gravatar.com\/avatar\/e108a3dc18766f719b2f797dc5d19093f06a1870c55b553ab6b7563f1f9a5e68?s=96&d=mm&r=g","contentUrl":"https:\/\/secure.gravatar.com\/avatar\/e108a3dc18766f719b2f797dc5d19093f06a1870c55b553ab6b7563f1f9a5e68?s=96&d=mm&r=g","caption":"Tom Sundermann"},"sameAs":["https:\/\/twitter.com\/messeticker"],"url":"https:\/\/blog.zeit.de\/nsu-prozess-blog\/author\/tsundermann\/"}]}},"jetpack_featured_media_url":"https:\/\/blog.zeit.de\/nsu-prozess-blog\/files\/2017\/02\/raw.jpeg","jetpack_sharing_enabled":true,"_links":{"self":[{"href":"https:\/\/blog.zeit.de\/nsu-prozess-blog\/wp-json\/wp\/v2\/posts\/12794","targetHints":{"allow":["GET"]}}],"collection":[{"href":"https:\/\/blog.zeit.de\/nsu-prozess-blog\/wp-json\/wp\/v2\/posts"}],"about":[{"href":"https:\/\/blog.zeit.de\/nsu-prozess-blog\/wp-json\/wp\/v2\/types\/post"}],"author":[{"embeddable":true,"href":"https:\/\/blog.zeit.de\/nsu-prozess-blog\/wp-json\/wp\/v2\/users\/435"}],"replies":[{"embeddable":true,"href":"https:\/\/blog.zeit.de\/nsu-prozess-blog\/wp-json\/wp\/v2\/comments?post=12794"}],"version-history":[{"count":4,"href":"https:\/\/blog.zeit.de\/nsu-prozess-blog\/wp-json\/wp\/v2\/posts\/12794\/revisions"}],"predecessor-version":[{"id":12799,"href":"https:\/\/blog.zeit.de\/nsu-prozess-blog\/wp-json\/wp\/v2\/posts\/12794\/revisions\/12799"}],"wp:featuredmedia":[{"embeddable":true,"href":"https:\/\/blog.zeit.de\/nsu-prozess-blog\/wp-json\/wp\/v2\/media\/12800"}],"wp:attachment":[{"href":"https:\/\/blog.zeit.de\/nsu-prozess-blog\/wp-json\/wp\/v2\/media?parent=12794"}],"wp:term":[{"taxonomy":"category","embeddable":true,"href":"https:\/\/blog.zeit.de\/nsu-prozess-blog\/wp-json\/wp\/v2\/categories?post=12794"},{"taxonomy":"post_tag","embeddable":true,"href":"https:\/\/blog.zeit.de\/nsu-prozess-blog\/wp-json\/wp\/v2\/tags?post=12794"}],"curies":[{"name":"wp","href":"https:\/\/api.w.org\/{rel}","templated":true}]}}