{"id":12830,"date":"2017-03-08T07:00:55","date_gmt":"2017-03-08T06:00:55","guid":{"rendered":"http:\/\/blog.zeit.de\/nsu-prozess-blog\/?p=12830"},"modified":"2017-03-03T18:39:25","modified_gmt":"2017-03-03T17:39:25","slug":"352-prozesstag-fortsetzung-im-prozess","status":"publish","type":"post","link":"https:\/\/blog.zeit.de\/nsu-prozess-blog\/2017\/03\/08\/352-prozesstag-fortsetzung-im-prozess\/","title":{"rendered":"352. Prozesstag \u2013 Fortsetzung im Prozess"},"content":{"rendered":"<p>Es geht weiter im M\u00fcnchner Terrorverfahren: Der NSU-Prozess steht noch immer unter dem Eindruck des <a href=\"https:\/\/blog.zeit.de\/nsu-prozess-blog\/2017\/01\/18\/gutachter-nimmt-zschaepe-letzte-hoffnung\/\">Gutachtens von Psychiater Henning Sa\u00df<\/a>, dessen Vernehmung mittlerweile abgeschlossen ist. Er hatte der Hauptangeklagten Beate Zsch\u00e4pe <a href=\"https:\/\/blog.zeit.de\/nsu-prozess-blog\/2016\/10\/29\/gutachter-ueber-zschaepe-selbstbewusst-kraeftig-und-burschikos\/\">die volle Schuldf\u00e4higkeit attestiert<\/a> und die Sicherungsverwahrung f\u00fcr sie nahegelegt.<\/p>\n<p>Zsch\u00e4pes drei Altverteidiger hatten <a href=\"https:\/\/blog.zeit.de\/nsu-prozess-blog\/2017\/02\/23\/medienlog-zschaepe-geld-haft-nsu\/\">der Verwertung seiner Erkenntnisse widersprochen<\/a>. Sie wollen ein methodisches <a href=\"https:\/\/blog.zeit.de\/nsu-prozess-blog\/2016\/12\/20\/die-letzten-waffen-der-beate-zschaepe-anwaelte\/\">Gegengutachten zu Sa\u00df&#8216; Expertise<\/a> in den Prozess einbringen. Zsch\u00e4pes neue Vertrauensanw\u00e4lte <a href=\"https:\/\/blog.zeit.de\/nsu-prozess-blog\/2017\/02\/16\/zschaepe-will-sich-doch-noch-oeffnen\/\">hatten zudem angek\u00fcndigt<\/a>, ihre Mandantin werde sich m\u00f6glicherweise von einem anderen Gutachter, dem Freiburger Joachim Bauer, befragen lassen.<\/p>\n<p><em>Informationen aus der Verhandlung gibt es <a href=\"https:\/\/twitter.com\/zeitonline\/lists\/nsu-prozess\">via Twitter hier<\/a>. Die Berichte dar\u00fcber fassen wir morgen im <a href=\"https:\/\/blog.zeit.de\/nsu-prozess-blog\/category\/medienschau\/\">NSU-Medienlog<\/a> zusammen.<\/em><\/p>\n","protected":false},"excerpt":{"rendered":"<p>Es geht weiter im M\u00fcnchner Terrorverfahren: Der NSU-Prozess steht noch immer unter dem Eindruck des Gutachtens von Psychiater Henning Sa\u00df, dessen Vernehmung mittlerweile abgeschlossen ist. Er hatte der Hauptangeklagten Beate Zsch\u00e4pe die volle Schuldf\u00e4higkeit attestiert und die Sicherungsverwahrung f\u00fcr sie nahegelegt. Zsch\u00e4pes drei Altverteidiger hatten der Verwertung seiner Erkenntnisse widersprochen. Sie wollen ein methodisches Gegengutachten [&hellip;]<\/p>\n","protected":false},"author":435,"featured_media":0,"comment_status":"open","ping_status":"open","sticky":false,"template":"","format":"standard","meta":{"_jetpack_memberships_contains_paid_content":false,"footnotes":""},"categories":[27532],"tags":[29424,17793,1105,33589],"class_list":["post-12830","post","type-post","status-publish","format-standard","hentry","category-prozesstage","tag-anwalte","tag-beate-zschape","tag-gutachten","tag-psychiater"],"yoast_head":"<!-- This site is optimized with the Yoast SEO plugin v21.0 - https:\/\/yoast.com\/wordpress\/plugins\/seo\/ -->\n<title>352. Prozesstag \u2013 Fortsetzung im Prozess - Das NSU-Prozess-Blog<\/title>\n<meta name=\"robots\" content=\"index, follow, max-snippet:-1, max-image-preview:large, max-video-preview:-1\" \/>\n<link rel=\"canonical\" href=\"https:\/\/blog.zeit.de\/nsu-prozess-blog\/2017\/03\/08\/352-prozesstag-fortsetzung-im-prozess\/\" \/>\n<meta property=\"og:locale\" content=\"de_DE\" \/>\n<meta property=\"og:type\" content=\"article\" \/>\n<meta property=\"og:title\" content=\"352. Prozesstag \u2013 Fortsetzung im Prozess - Das NSU-Prozess-Blog\" \/>\n<meta property=\"og:description\" content=\"Es geht weiter im M\u00fcnchner Terrorverfahren: Der NSU-Prozess steht noch immer unter dem Eindruck des Gutachtens von Psychiater Henning Sa\u00df, dessen Vernehmung mittlerweile abgeschlossen ist. Er hatte der Hauptangeklagten Beate Zsch\u00e4pe die volle Schuldf\u00e4higkeit attestiert und die Sicherungsverwahrung f\u00fcr sie nahegelegt. Zsch\u00e4pes drei Altverteidiger hatten der Verwertung seiner Erkenntnisse widersprochen. Sie wollen ein methodisches Gegengutachten [&hellip;]\" \/>\n<meta property=\"og:url\" content=\"https:\/\/blog.zeit.de\/nsu-prozess-blog\/2017\/03\/08\/352-prozesstag-fortsetzung-im-prozess\/\" \/>\n<meta property=\"og:site_name\" content=\"Das NSU-Prozess-Blog\" \/>\n<meta property=\"article:published_time\" content=\"2017-03-08T06:00:55+00:00\" \/>\n<meta property=\"article:modified_time\" content=\"2017-03-03T17:39:25+00:00\" \/>\n<meta name=\"author\" content=\"Tom Sundermann\" \/>\n<meta name=\"twitter:label1\" content=\"Geschrieben von\" \/>\n\t<meta name=\"twitter:data1\" content=\"Tom Sundermann\" \/>\n\t<meta name=\"twitter:label2\" content=\"Gesch\u00e4tzte Lesezeit\" \/>\n\t<meta name=\"twitter:data2\" content=\"1\u00a0Minute\" \/>\n<script type=\"application\/ld+json\" class=\"yoast-schema-graph\">{\"@context\":\"https:\/\/schema.org\",\"@graph\":[{\"@type\":\"WebPage\",\"@id\":\"https:\/\/blog.zeit.de\/nsu-prozess-blog\/2017\/03\/08\/352-prozesstag-fortsetzung-im-prozess\/\",\"url\":\"https:\/\/blog.zeit.de\/nsu-prozess-blog\/2017\/03\/08\/352-prozesstag-fortsetzung-im-prozess\/\",\"name\":\"352. Prozesstag \u2013 Fortsetzung im Prozess - Das NSU-Prozess-Blog\",\"isPartOf\":{\"@id\":\"https:\/\/blog.zeit.de\/nsu-prozess-blog\/#website\"},\"datePublished\":\"2017-03-08T06:00:55+00:00\",\"dateModified\":\"2017-03-03T17:39:25+00:00\",\"author\":{\"@id\":\"https:\/\/blog.zeit.de\/nsu-prozess-blog\/#\/schema\/person\/553ea9bb5d1fc2ae054c589bd59380a5\"},\"breadcrumb\":{\"@id\":\"https:\/\/blog.zeit.de\/nsu-prozess-blog\/2017\/03\/08\/352-prozesstag-fortsetzung-im-prozess\/#breadcrumb\"},\"inLanguage\":\"de\",\"potentialAction\":[{\"@type\":\"ReadAction\",\"target\":[\"https:\/\/blog.zeit.de\/nsu-prozess-blog\/2017\/03\/08\/352-prozesstag-fortsetzung-im-prozess\/\"]}]},{\"@type\":\"BreadcrumbList\",\"@id\":\"https:\/\/blog.zeit.de\/nsu-prozess-blog\/2017\/03\/08\/352-prozesstag-fortsetzung-im-prozess\/#breadcrumb\",\"itemListElement\":[{\"@type\":\"ListItem\",\"position\":1,\"name\":\"Startseite\",\"item\":\"https:\/\/blog.zeit.de\/nsu-prozess-blog\/\"},{\"@type\":\"ListItem\",\"position\":2,\"name\":\"352. Prozesstag \u2013 Fortsetzung im Prozess\"}]},{\"@type\":\"WebSite\",\"@id\":\"https:\/\/blog.zeit.de\/nsu-prozess-blog\/#website\",\"url\":\"https:\/\/blog.zeit.de\/nsu-prozess-blog\/\",\"name\":\"Das NSU-Prozess-Blog\",\"description\":\"Alle Berichte zum Terrorverfahren in M\u00fcnchen\",\"potentialAction\":[{\"@type\":\"SearchAction\",\"target\":{\"@type\":\"EntryPoint\",\"urlTemplate\":\"https:\/\/blog.zeit.de\/nsu-prozess-blog\/?s={search_term_string}\"},\"query-input\":\"required name=search_term_string\"}],\"inLanguage\":\"de\"},{\"@type\":\"Person\",\"@id\":\"https:\/\/blog.zeit.de\/nsu-prozess-blog\/#\/schema\/person\/553ea9bb5d1fc2ae054c589bd59380a5\",\"name\":\"Tom Sundermann\",\"image\":{\"@type\":\"ImageObject\",\"inLanguage\":\"de\",\"@id\":\"https:\/\/blog.zeit.de\/nsu-prozess-blog\/#\/schema\/person\/image\/\",\"url\":\"https:\/\/secure.gravatar.com\/avatar\/e108a3dc18766f719b2f797dc5d19093f06a1870c55b553ab6b7563f1f9a5e68?s=96&d=mm&r=g\",\"contentUrl\":\"https:\/\/secure.gravatar.com\/avatar\/e108a3dc18766f719b2f797dc5d19093f06a1870c55b553ab6b7563f1f9a5e68?s=96&d=mm&r=g\",\"caption\":\"Tom Sundermann\"},\"sameAs\":[\"https:\/\/twitter.com\/messeticker\"],\"url\":\"https:\/\/blog.zeit.de\/nsu-prozess-blog\/author\/tsundermann\/\"}]}<\/script>\n<!-- \/ Yoast SEO plugin. -->","yoast_head_json":{"title":"352. Prozesstag \u2013 Fortsetzung im Prozess - Das NSU-Prozess-Blog","robots":{"index":"index","follow":"follow","max-snippet":"max-snippet:-1","max-image-preview":"max-image-preview:large","max-video-preview":"max-video-preview:-1"},"canonical":"https:\/\/blog.zeit.de\/nsu-prozess-blog\/2017\/03\/08\/352-prozesstag-fortsetzung-im-prozess\/","og_locale":"de_DE","og_type":"article","og_title":"352. Prozesstag \u2013 Fortsetzung im Prozess - Das NSU-Prozess-Blog","og_description":"Es geht weiter im M\u00fcnchner Terrorverfahren: Der NSU-Prozess steht noch immer unter dem Eindruck des Gutachtens von Psychiater Henning Sa\u00df, dessen Vernehmung mittlerweile abgeschlossen ist. Er hatte der Hauptangeklagten Beate Zsch\u00e4pe die volle Schuldf\u00e4higkeit attestiert und die Sicherungsverwahrung f\u00fcr sie nahegelegt. Zsch\u00e4pes drei Altverteidiger hatten der Verwertung seiner Erkenntnisse widersprochen. Sie wollen ein methodisches Gegengutachten [&hellip;]","og_url":"https:\/\/blog.zeit.de\/nsu-prozess-blog\/2017\/03\/08\/352-prozesstag-fortsetzung-im-prozess\/","og_site_name":"Das NSU-Prozess-Blog","article_published_time":"2017-03-08T06:00:55+00:00","article_modified_time":"2017-03-03T17:39:25+00:00","author":"Tom Sundermann","twitter_misc":{"Geschrieben von":"Tom Sundermann","Gesch\u00e4tzte Lesezeit":"1\u00a0Minute"},"schema":{"@context":"https:\/\/schema.org","@graph":[{"@type":"WebPage","@id":"https:\/\/blog.zeit.de\/nsu-prozess-blog\/2017\/03\/08\/352-prozesstag-fortsetzung-im-prozess\/","url":"https:\/\/blog.zeit.de\/nsu-prozess-blog\/2017\/03\/08\/352-prozesstag-fortsetzung-im-prozess\/","name":"352. Prozesstag \u2013 Fortsetzung im Prozess - Das NSU-Prozess-Blog","isPartOf":{"@id":"https:\/\/blog.zeit.de\/nsu-prozess-blog\/#website"},"datePublished":"2017-03-08T06:00:55+00:00","dateModified":"2017-03-03T17:39:25+00:00","author":{"@id":"https:\/\/blog.zeit.de\/nsu-prozess-blog\/#\/schema\/person\/553ea9bb5d1fc2ae054c589bd59380a5"},"breadcrumb":{"@id":"https:\/\/blog.zeit.de\/nsu-prozess-blog\/2017\/03\/08\/352-prozesstag-fortsetzung-im-prozess\/#breadcrumb"},"inLanguage":"de","potentialAction":[{"@type":"ReadAction","target":["https:\/\/blog.zeit.de\/nsu-prozess-blog\/2017\/03\/08\/352-prozesstag-fortsetzung-im-prozess\/"]}]},{"@type":"BreadcrumbList","@id":"https:\/\/blog.zeit.de\/nsu-prozess-blog\/2017\/03\/08\/352-prozesstag-fortsetzung-im-prozess\/#breadcrumb","itemListElement":[{"@type":"ListItem","position":1,"name":"Startseite","item":"https:\/\/blog.zeit.de\/nsu-prozess-blog\/"},{"@type":"ListItem","position":2,"name":"352. Prozesstag \u2013 Fortsetzung im Prozess"}]},{"@type":"WebSite","@id":"https:\/\/blog.zeit.de\/nsu-prozess-blog\/#website","url":"https:\/\/blog.zeit.de\/nsu-prozess-blog\/","name":"Das NSU-Prozess-Blog","description":"Alle Berichte zum Terrorverfahren in M\u00fcnchen","potentialAction":[{"@type":"SearchAction","target":{"@type":"EntryPoint","urlTemplate":"https:\/\/blog.zeit.de\/nsu-prozess-blog\/?s={search_term_string}"},"query-input":"required name=search_term_string"}],"inLanguage":"de"},{"@type":"Person","@id":"https:\/\/blog.zeit.de\/nsu-prozess-blog\/#\/schema\/person\/553ea9bb5d1fc2ae054c589bd59380a5","name":"Tom Sundermann","image":{"@type":"ImageObject","inLanguage":"de","@id":"https:\/\/blog.zeit.de\/nsu-prozess-blog\/#\/schema\/person\/image\/","url":"https:\/\/secure.gravatar.com\/avatar\/e108a3dc18766f719b2f797dc5d19093f06a1870c55b553ab6b7563f1f9a5e68?s=96&d=mm&r=g","contentUrl":"https:\/\/secure.gravatar.com\/avatar\/e108a3dc18766f719b2f797dc5d19093f06a1870c55b553ab6b7563f1f9a5e68?s=96&d=mm&r=g","caption":"Tom Sundermann"},"sameAs":["https:\/\/twitter.com\/messeticker"],"url":"https:\/\/blog.zeit.de\/nsu-prozess-blog\/author\/tsundermann\/"}]}},"jetpack_featured_media_url":"","jetpack_sharing_enabled":true,"_links":{"self":[{"href":"https:\/\/blog.zeit.de\/nsu-prozess-blog\/wp-json\/wp\/v2\/posts\/12830","targetHints":{"allow":["GET"]}}],"collection":[{"href":"https:\/\/blog.zeit.de\/nsu-prozess-blog\/wp-json\/wp\/v2\/posts"}],"about":[{"href":"https:\/\/blog.zeit.de\/nsu-prozess-blog\/wp-json\/wp\/v2\/types\/post"}],"author":[{"embeddable":true,"href":"https:\/\/blog.zeit.de\/nsu-prozess-blog\/wp-json\/wp\/v2\/users\/435"}],"replies":[{"embeddable":true,"href":"https:\/\/blog.zeit.de\/nsu-prozess-blog\/wp-json\/wp\/v2\/comments?post=12830"}],"version-history":[{"count":1,"href":"https:\/\/blog.zeit.de\/nsu-prozess-blog\/wp-json\/wp\/v2\/posts\/12830\/revisions"}],"predecessor-version":[{"id":12831,"href":"https:\/\/blog.zeit.de\/nsu-prozess-blog\/wp-json\/wp\/v2\/posts\/12830\/revisions\/12831"}],"wp:attachment":[{"href":"https:\/\/blog.zeit.de\/nsu-prozess-blog\/wp-json\/wp\/v2\/media?parent=12830"}],"wp:term":[{"taxonomy":"category","embeddable":true,"href":"https:\/\/blog.zeit.de\/nsu-prozess-blog\/wp-json\/wp\/v2\/categories?post=12830"},{"taxonomy":"post_tag","embeddable":true,"href":"https:\/\/blog.zeit.de\/nsu-prozess-blog\/wp-json\/wp\/v2\/tags?post=12830"}],"curies":[{"name":"wp","href":"https:\/\/api.w.org\/{rel}","templated":true}]}}