{"id":12849,"date":"2017-03-10T08:28:16","date_gmt":"2017-03-10T07:28:16","guid":{"rendered":"http:\/\/blog.zeit.de\/nsu-prozess-blog\/?p=12849"},"modified":"2017-03-10T08:56:17","modified_gmt":"2017-03-10T07:56:17","slug":"auffaellige-empoerung-der-strafverteidiger-das-medienlog-vom-freitag-10-maerz-2017","status":"publish","type":"post","link":"https:\/\/blog.zeit.de\/nsu-prozess-blog\/2017\/03\/10\/auffaellige-empoerung-der-strafverteidiger-das-medienlog-vom-freitag-10-maerz-2017\/","title":{"rendered":"Auff\u00e4llige Emp\u00f6rung der Strafverteidiger \u2013 Das Medienlog vom Freitag, 10. M\u00e4rz 2017"},"content":{"rendered":"<p>Die Verteidiger der Hauptangeklagten Beate Zsch\u00e4pe haben einen Ablehnungsantrag gegen Richter Manfred G\u00f6tzl gestellt. Grund ist, dass G\u00f6tzl am Dienstag verf\u00fcgt hatte, dass nur noch bis zum 14. M\u00e4rz neue Beweisantr\u00e4ge gestellt werden k\u00f6nnen \u2013 der Prozess geht dem Ende zu. Sie werfen dem Richter vor, dieser habe selbst dazu beigetragen, dass sich der Prozess verz\u00f6gerte.<\/p>\n<p><!--more--><\/p>\n<p>Die Emp\u00f6rung der Verteidiger von Beate Zsch\u00e4pe sei kaum zu \u00fcberh\u00f6ren, schreibt Wiebke Ramm <a href=\"http:\/\/www.sueddeutsche.de\/politik\/nsu-prozess-zschaepe-lehnt-richter-goetzl-als-befangen-ab-1.3413124\" target=\"_blank\">in der <em>S\u00fcddeutschen Zeitung<\/em><\/a><em>.<\/em> Nach vier Jahren Verhandlung scheine es der Richter pl\u00f6tzlich eilig zu haben.<\/p>\n<p><em>An jedem Werktag sichten wir f\u00fcr das NSU-Prozess-Blog die Medien und stellen wichtige Berichte, Blogs, Videos und Tweets zusammen. Wir freuen uns \u00fcber Hinweise via Twitter mit dem Hashtag #nsublog \u2013 oder per E-Mail an <a href=\"mailto:nsublog@zeit.de\">nsublog@zeit.de<\/a>.<\/em><\/p>\n<p>\u00c4hnlich <a href=\"http:\/\/www.spiegel.de\/panorama\/justiz\/nsu-prozess-beate-zschaepe-lehnt-richter-manfred-goetzl-erneut-wegen-befangenheit-ab-a-1138046.html\" target=\"_blank\">berichten <em>Spiegel Online<\/em><\/a><em> (SPON), taz<\/em> und weitere Medien. Erw\u00e4hnt wird bei <em>SPON<\/em> auch, dass die Anw\u00e4lte des Mitangeklagten Ralf Wohlleben die Ladung zweier Mitarbeiter des FBI beantragt h\u00e4tten. Das soll der Aufkl\u00e4rung des Mordes an der Polizistin Mich\u00e9le Kiesewetter dienen. Ger\u00fcchte, dass die beiden Mitarbeiter mit dem Mord in Verbindung st\u00fcnden, habe die Bundesanwaltschaft aber schon 2012 dementiert.<\/p>\n<p>Wohllebens Verteidiger hatten zudem den gesamten Senat f\u00fcr befangen erkl\u00e4rt. \u00dcber einen solchen Antrag muss nun ein anderer Senat entscheiden. G\u00f6tzl hatte deshalb die Verhandlung f\u00fcr die kommenden Tage ausgesetzt. Erst am 23. M\u00e4rz soll es weitergehen.<\/p>\n<p><strong>Kaum Sinnvolles vorgebracht?<\/strong><\/p>\n<p>Das <a href=\"https:\/\/www.nsu-nebenklage.de\/blog\/2017\/03\/09\/09-03-2017\/#more-1781\" target=\"_blank\">Blog der Nebenkl\u00e4ger<\/a> beschreibt den Verhandlungstag vor allem als eine Abfolge von Pausen. &#8222;Hier 30 Minuten f\u00fcr die &#8218;interne Beratung&#8216; der Verteidigungen, dort 25 Minuten zur Abfassung eines Gerichtsbeschlusses, mit dem eine Unterbrechung von 20 Minuten abgelehnt wurde.&#8220; Die Autoren bewerten die Antr\u00e4ge der Verteidigung so: Es sei offensichtlich, dass die Anw\u00e4lte nicht so sehr von der Fristsetzung \u00fcberrascht seien, &#8222;sondern vielmehr dar\u00fcber hinwegt\u00e4uschen wollen, dass sie keine weiteren Verteidigungsans\u00e4tze und Ideen parat haben&#8220;.<\/p>\n<p>Sp\u00e4testens seit Dezember sei aber klar gewesen, dass das Beweisprogramm <a href=\"http:\/\/www.zeit.de\/gesellschaft\/zeitgeschehen\/2017-01\/nsu-prozess-beate-zschaepe-schuldfaehigkeit-gutachter-sicherungsverwahrung\" target=\"_blank\">nach dem Psychiater Henning Sa\u00df<\/a> abgeschlossen sein w\u00fcrde. Seither hat &#8222;weder die Zsch\u00e4pe- noch die Wohlleben-Verteidigung Sinnvolles vorgebracht&#8220;. Den Antrag der Wohlleben-Verteidiger, FBI-Mitarbeiter vorzuladen, bezeichnen die Nebenklageanw\u00e4lte als &#8222;vollst\u00e4ndig sinnlos&#8220;.<\/p>\n<p><em>Das n\u00e4chste Medienlog erscheint am Montag, 13. M\u00e4rz 2017.<\/em><\/p>\n","protected":false},"excerpt":{"rendered":"<p>Die Verteidiger der Hauptangeklagten Beate Zsch\u00e4pe haben einen Ablehnungsantrag gegen Richter Manfred G\u00f6tzl gestellt. Grund ist, dass G\u00f6tzl am Dienstag verf\u00fcgt hatte, dass nur noch bis zum 14. M\u00e4rz neue Beweisantr\u00e4ge gestellt werden k\u00f6nnen \u2013 der Prozess geht dem Ende zu. Sie werfen dem Richter vor, dieser habe selbst dazu beigetragen, dass sich der Prozess [&hellip;]<\/p>\n","protected":false},"author":191,"featured_media":0,"comment_status":"open","ping_status":"open","sticky":false,"template":"","format":"standard","meta":{"_jetpack_memberships_contains_paid_content":false,"footnotes":""},"categories":[27531],"tags":[],"class_list":["post-12849","post","type-post","status-publish","format-standard","hentry","category-medienschau"],"yoast_head":"<!-- This site is optimized with the Yoast SEO plugin v21.0 - https:\/\/yoast.com\/wordpress\/plugins\/seo\/ -->\n<title>Auff\u00e4llige Emp\u00f6rung der Strafverteidiger \u2013 Das Medienlog vom Freitag, 10. M\u00e4rz 2017 - Das NSU-Prozess-Blog<\/title>\n<meta name=\"robots\" content=\"index, follow, max-snippet:-1, max-image-preview:large, max-video-preview:-1\" \/>\n<link rel=\"canonical\" href=\"https:\/\/blog.zeit.de\/nsu-prozess-blog\/2017\/03\/10\/auffaellige-empoerung-der-strafverteidiger-das-medienlog-vom-freitag-10-maerz-2017\/\" \/>\n<meta property=\"og:locale\" content=\"de_DE\" \/>\n<meta property=\"og:type\" content=\"article\" \/>\n<meta property=\"og:title\" content=\"Auff\u00e4llige Emp\u00f6rung der Strafverteidiger \u2013 Das Medienlog vom Freitag, 10. M\u00e4rz 2017 - Das NSU-Prozess-Blog\" \/>\n<meta property=\"og:description\" content=\"Die Verteidiger der Hauptangeklagten Beate Zsch\u00e4pe haben einen Ablehnungsantrag gegen Richter Manfred G\u00f6tzl gestellt. Grund ist, dass G\u00f6tzl am Dienstag verf\u00fcgt hatte, dass nur noch bis zum 14. M\u00e4rz neue Beweisantr\u00e4ge gestellt werden k\u00f6nnen \u2013 der Prozess geht dem Ende zu. Sie werfen dem Richter vor, dieser habe selbst dazu beigetragen, dass sich der Prozess [&hellip;]\" \/>\n<meta property=\"og:url\" content=\"https:\/\/blog.zeit.de\/nsu-prozess-blog\/2017\/03\/10\/auffaellige-empoerung-der-strafverteidiger-das-medienlog-vom-freitag-10-maerz-2017\/\" \/>\n<meta property=\"og:site_name\" content=\"Das NSU-Prozess-Blog\" \/>\n<meta property=\"article:published_time\" content=\"2017-03-10T07:28:16+00:00\" \/>\n<meta property=\"article:modified_time\" content=\"2017-03-10T07:56:17+00:00\" \/>\n<meta name=\"author\" content=\"Tilman Steffen\" \/>\n<meta name=\"twitter:label1\" content=\"Geschrieben von\" \/>\n\t<meta name=\"twitter:data1\" content=\"Tilman Steffen\" \/>\n\t<meta name=\"twitter:label2\" content=\"Gesch\u00e4tzte Lesezeit\" \/>\n\t<meta name=\"twitter:data2\" content=\"2\u00a0Minuten\" \/>\n<script type=\"application\/ld+json\" class=\"yoast-schema-graph\">{\"@context\":\"https:\/\/schema.org\",\"@graph\":[{\"@type\":\"WebPage\",\"@id\":\"https:\/\/blog.zeit.de\/nsu-prozess-blog\/2017\/03\/10\/auffaellige-empoerung-der-strafverteidiger-das-medienlog-vom-freitag-10-maerz-2017\/\",\"url\":\"https:\/\/blog.zeit.de\/nsu-prozess-blog\/2017\/03\/10\/auffaellige-empoerung-der-strafverteidiger-das-medienlog-vom-freitag-10-maerz-2017\/\",\"name\":\"Auff\u00e4llige Emp\u00f6rung der Strafverteidiger \u2013 Das Medienlog vom Freitag, 10. M\u00e4rz 2017 - Das NSU-Prozess-Blog\",\"isPartOf\":{\"@id\":\"https:\/\/blog.zeit.de\/nsu-prozess-blog\/#website\"},\"datePublished\":\"2017-03-10T07:28:16+00:00\",\"dateModified\":\"2017-03-10T07:56:17+00:00\",\"author\":{\"@id\":\"https:\/\/blog.zeit.de\/nsu-prozess-blog\/#\/schema\/person\/110e2fe4d5ec4e01f71931b64f570c54\"},\"breadcrumb\":{\"@id\":\"https:\/\/blog.zeit.de\/nsu-prozess-blog\/2017\/03\/10\/auffaellige-empoerung-der-strafverteidiger-das-medienlog-vom-freitag-10-maerz-2017\/#breadcrumb\"},\"inLanguage\":\"de\",\"potentialAction\":[{\"@type\":\"ReadAction\",\"target\":[\"https:\/\/blog.zeit.de\/nsu-prozess-blog\/2017\/03\/10\/auffaellige-empoerung-der-strafverteidiger-das-medienlog-vom-freitag-10-maerz-2017\/\"]}]},{\"@type\":\"BreadcrumbList\",\"@id\":\"https:\/\/blog.zeit.de\/nsu-prozess-blog\/2017\/03\/10\/auffaellige-empoerung-der-strafverteidiger-das-medienlog-vom-freitag-10-maerz-2017\/#breadcrumb\",\"itemListElement\":[{\"@type\":\"ListItem\",\"position\":1,\"name\":\"Startseite\",\"item\":\"https:\/\/blog.zeit.de\/nsu-prozess-blog\/\"},{\"@type\":\"ListItem\",\"position\":2,\"name\":\"Auff\u00e4llige Emp\u00f6rung der Strafverteidiger \u2013 Das Medienlog vom Freitag, 10. M\u00e4rz 2017\"}]},{\"@type\":\"WebSite\",\"@id\":\"https:\/\/blog.zeit.de\/nsu-prozess-blog\/#website\",\"url\":\"https:\/\/blog.zeit.de\/nsu-prozess-blog\/\",\"name\":\"Das NSU-Prozess-Blog\",\"description\":\"Alle Berichte zum Terrorverfahren in M\u00fcnchen\",\"potentialAction\":[{\"@type\":\"SearchAction\",\"target\":{\"@type\":\"EntryPoint\",\"urlTemplate\":\"https:\/\/blog.zeit.de\/nsu-prozess-blog\/?s={search_term_string}\"},\"query-input\":\"required name=search_term_string\"}],\"inLanguage\":\"de\"},{\"@type\":\"Person\",\"@id\":\"https:\/\/blog.zeit.de\/nsu-prozess-blog\/#\/schema\/person\/110e2fe4d5ec4e01f71931b64f570c54\",\"name\":\"Tilman Steffen\",\"image\":{\"@type\":\"ImageObject\",\"inLanguage\":\"de\",\"@id\":\"https:\/\/blog.zeit.de\/nsu-prozess-blog\/#\/schema\/person\/image\/\",\"url\":\"https:\/\/secure.gravatar.com\/avatar\/8c4becdd9d412e3bd74354093718744070721ed0cb4054b7a8b7b12fa1a4b347?s=96&d=mm&r=g\",\"contentUrl\":\"https:\/\/secure.gravatar.com\/avatar\/8c4becdd9d412e3bd74354093718744070721ed0cb4054b7a8b7b12fa1a4b347?s=96&d=mm&r=g\",\"caption\":\"Tilman Steffen\"},\"description\":\"Redakteur bei ZEIT ONLINE seit 2009. Zuvor bei der Netzeitung. Nach der Journalistenschule Arbeit als Printautor und Fotograf; Redakteur und Reporter f\u00fcr epd, Beitr\u00e4ge f\u00fcr ZDF, n-tv, XXP, Mitarbeiter bei Reuters TV. \u2013 Orgelbauer, Kulturmanager, Journalist. Geboren, als Willy Brandt die deutsche Teilung anerkannte. Gro\u00df geworden in Deutschlands S\u00fcdosten \u2013 erwachsen seit dem Mauerfall. Drei Berufe gelernt, zwei Kinder gezeugt, ein Kulturzentrum gegr\u00fcndet \u2013 und dabei zum Journalisten geworden.\",\"sameAs\":[\"http:\/\/www.tilmansteffen.de\"],\"url\":\"https:\/\/blog.zeit.de\/nsu-prozess-blog\/author\/tilman-steffen\/\"}]}<\/script>\n<!-- \/ Yoast SEO plugin. -->","yoast_head_json":{"title":"Auff\u00e4llige Emp\u00f6rung der Strafverteidiger \u2013 Das Medienlog vom Freitag, 10. M\u00e4rz 2017 - Das NSU-Prozess-Blog","robots":{"index":"index","follow":"follow","max-snippet":"max-snippet:-1","max-image-preview":"max-image-preview:large","max-video-preview":"max-video-preview:-1"},"canonical":"https:\/\/blog.zeit.de\/nsu-prozess-blog\/2017\/03\/10\/auffaellige-empoerung-der-strafverteidiger-das-medienlog-vom-freitag-10-maerz-2017\/","og_locale":"de_DE","og_type":"article","og_title":"Auff\u00e4llige Emp\u00f6rung der Strafverteidiger \u2013 Das Medienlog vom Freitag, 10. M\u00e4rz 2017 - Das NSU-Prozess-Blog","og_description":"Die Verteidiger der Hauptangeklagten Beate Zsch\u00e4pe haben einen Ablehnungsantrag gegen Richter Manfred G\u00f6tzl gestellt. Grund ist, dass G\u00f6tzl am Dienstag verf\u00fcgt hatte, dass nur noch bis zum 14. M\u00e4rz neue Beweisantr\u00e4ge gestellt werden k\u00f6nnen \u2013 der Prozess geht dem Ende zu. Sie werfen dem Richter vor, dieser habe selbst dazu beigetragen, dass sich der Prozess [&hellip;]","og_url":"https:\/\/blog.zeit.de\/nsu-prozess-blog\/2017\/03\/10\/auffaellige-empoerung-der-strafverteidiger-das-medienlog-vom-freitag-10-maerz-2017\/","og_site_name":"Das NSU-Prozess-Blog","article_published_time":"2017-03-10T07:28:16+00:00","article_modified_time":"2017-03-10T07:56:17+00:00","author":"Tilman Steffen","twitter_misc":{"Geschrieben von":"Tilman Steffen","Gesch\u00e4tzte Lesezeit":"2\u00a0Minuten"},"schema":{"@context":"https:\/\/schema.org","@graph":[{"@type":"WebPage","@id":"https:\/\/blog.zeit.de\/nsu-prozess-blog\/2017\/03\/10\/auffaellige-empoerung-der-strafverteidiger-das-medienlog-vom-freitag-10-maerz-2017\/","url":"https:\/\/blog.zeit.de\/nsu-prozess-blog\/2017\/03\/10\/auffaellige-empoerung-der-strafverteidiger-das-medienlog-vom-freitag-10-maerz-2017\/","name":"Auff\u00e4llige Emp\u00f6rung der Strafverteidiger \u2013 Das Medienlog vom Freitag, 10. M\u00e4rz 2017 - Das NSU-Prozess-Blog","isPartOf":{"@id":"https:\/\/blog.zeit.de\/nsu-prozess-blog\/#website"},"datePublished":"2017-03-10T07:28:16+00:00","dateModified":"2017-03-10T07:56:17+00:00","author":{"@id":"https:\/\/blog.zeit.de\/nsu-prozess-blog\/#\/schema\/person\/110e2fe4d5ec4e01f71931b64f570c54"},"breadcrumb":{"@id":"https:\/\/blog.zeit.de\/nsu-prozess-blog\/2017\/03\/10\/auffaellige-empoerung-der-strafverteidiger-das-medienlog-vom-freitag-10-maerz-2017\/#breadcrumb"},"inLanguage":"de","potentialAction":[{"@type":"ReadAction","target":["https:\/\/blog.zeit.de\/nsu-prozess-blog\/2017\/03\/10\/auffaellige-empoerung-der-strafverteidiger-das-medienlog-vom-freitag-10-maerz-2017\/"]}]},{"@type":"BreadcrumbList","@id":"https:\/\/blog.zeit.de\/nsu-prozess-blog\/2017\/03\/10\/auffaellige-empoerung-der-strafverteidiger-das-medienlog-vom-freitag-10-maerz-2017\/#breadcrumb","itemListElement":[{"@type":"ListItem","position":1,"name":"Startseite","item":"https:\/\/blog.zeit.de\/nsu-prozess-blog\/"},{"@type":"ListItem","position":2,"name":"Auff\u00e4llige Emp\u00f6rung der Strafverteidiger \u2013 Das Medienlog vom Freitag, 10. M\u00e4rz 2017"}]},{"@type":"WebSite","@id":"https:\/\/blog.zeit.de\/nsu-prozess-blog\/#website","url":"https:\/\/blog.zeit.de\/nsu-prozess-blog\/","name":"Das NSU-Prozess-Blog","description":"Alle Berichte zum Terrorverfahren in M\u00fcnchen","potentialAction":[{"@type":"SearchAction","target":{"@type":"EntryPoint","urlTemplate":"https:\/\/blog.zeit.de\/nsu-prozess-blog\/?s={search_term_string}"},"query-input":"required name=search_term_string"}],"inLanguage":"de"},{"@type":"Person","@id":"https:\/\/blog.zeit.de\/nsu-prozess-blog\/#\/schema\/person\/110e2fe4d5ec4e01f71931b64f570c54","name":"Tilman Steffen","image":{"@type":"ImageObject","inLanguage":"de","@id":"https:\/\/blog.zeit.de\/nsu-prozess-blog\/#\/schema\/person\/image\/","url":"https:\/\/secure.gravatar.com\/avatar\/8c4becdd9d412e3bd74354093718744070721ed0cb4054b7a8b7b12fa1a4b347?s=96&d=mm&r=g","contentUrl":"https:\/\/secure.gravatar.com\/avatar\/8c4becdd9d412e3bd74354093718744070721ed0cb4054b7a8b7b12fa1a4b347?s=96&d=mm&r=g","caption":"Tilman Steffen"},"description":"Redakteur bei ZEIT ONLINE seit 2009. Zuvor bei der Netzeitung. Nach der Journalistenschule Arbeit als Printautor und Fotograf; Redakteur und Reporter f\u00fcr epd, Beitr\u00e4ge f\u00fcr ZDF, n-tv, XXP, Mitarbeiter bei Reuters TV. \u2013 Orgelbauer, Kulturmanager, Journalist. Geboren, als Willy Brandt die deutsche Teilung anerkannte. Gro\u00df geworden in Deutschlands S\u00fcdosten \u2013 erwachsen seit dem Mauerfall. Drei Berufe gelernt, zwei Kinder gezeugt, ein Kulturzentrum gegr\u00fcndet \u2013 und dabei zum Journalisten geworden.","sameAs":["http:\/\/www.tilmansteffen.de"],"url":"https:\/\/blog.zeit.de\/nsu-prozess-blog\/author\/tilman-steffen\/"}]}},"jetpack_featured_media_url":"","jetpack_sharing_enabled":true,"_links":{"self":[{"href":"https:\/\/blog.zeit.de\/nsu-prozess-blog\/wp-json\/wp\/v2\/posts\/12849","targetHints":{"allow":["GET"]}}],"collection":[{"href":"https:\/\/blog.zeit.de\/nsu-prozess-blog\/wp-json\/wp\/v2\/posts"}],"about":[{"href":"https:\/\/blog.zeit.de\/nsu-prozess-blog\/wp-json\/wp\/v2\/types\/post"}],"author":[{"embeddable":true,"href":"https:\/\/blog.zeit.de\/nsu-prozess-blog\/wp-json\/wp\/v2\/users\/191"}],"replies":[{"embeddable":true,"href":"https:\/\/blog.zeit.de\/nsu-prozess-blog\/wp-json\/wp\/v2\/comments?post=12849"}],"version-history":[{"count":11,"href":"https:\/\/blog.zeit.de\/nsu-prozess-blog\/wp-json\/wp\/v2\/posts\/12849\/revisions"}],"predecessor-version":[{"id":12860,"href":"https:\/\/blog.zeit.de\/nsu-prozess-blog\/wp-json\/wp\/v2\/posts\/12849\/revisions\/12860"}],"wp:attachment":[{"href":"https:\/\/blog.zeit.de\/nsu-prozess-blog\/wp-json\/wp\/v2\/media?parent=12849"}],"wp:term":[{"taxonomy":"category","embeddable":true,"href":"https:\/\/blog.zeit.de\/nsu-prozess-blog\/wp-json\/wp\/v2\/categories?post=12849"},{"taxonomy":"post_tag","embeddable":true,"href":"https:\/\/blog.zeit.de\/nsu-prozess-blog\/wp-json\/wp\/v2\/tags?post=12849"}],"curies":[{"name":"wp","href":"https:\/\/api.w.org\/{rel}","templated":true}]}}