{"id":12916,"date":"2017-03-29T08:55:16","date_gmt":"2017-03-29T06:55:16","guid":{"rendered":"http:\/\/blog.zeit.de\/nsu-prozess-blog\/?p=12916"},"modified":"2017-03-29T10:27:06","modified_gmt":"2017-03-29T08:27:06","slug":"medienlog-streit-zschaepe-verteidigung-nsu","status":"publish","type":"post","link":"https:\/\/blog.zeit.de\/nsu-prozess-blog\/2017\/03\/29\/medienlog-streit-zschaepe-verteidigung-nsu\/","title":{"rendered":"Streit unter Zsch\u00e4pes Anw\u00e4lten \u2013 Das Medienlog vom Mittwoch, 29. M\u00e4rz 2017"},"content":{"rendered":"<p>Um Beate Zsch\u00e4pe herum tobt der Streit zwischen ihren alten und neuen Verteidigern. Nachdem ihre drei Stammanw\u00e4lte Wolfgang Heer, Wolfgang Stahl und Anja Sturm ihre eigene <a href=\"https:\/\/blog.zeit.de\/nsu-prozess-blog\/2017\/03\/28\/medienlog-entpflichtung-zschaepe-verteidiger-nsu\/\">Entlassung aus dem Verfahren beantragt hatten<\/a>, kontern ihre beiden Vertrauensanw\u00e4lte Mathias Grasel und Hermann Borchert die Vorw\u00fcrfe, die sich aus den sogenannten Entpflichtungsantr\u00e4gen ergeben: Als &#8222;Unversch\u00e4mtheit&#8220; bezeichneten sie laut <a href=\"http:\/\/www.sueddeutsche.de\/politik\/nsu-prozess-eine-unverschaemtheit-zschaepes-verteidiger-im-clinch-1.3440740\" target=\"_blank\"><em>S\u00fcddeutscher Zeitung<\/em><\/a> in einem Brief an das Oberlandesgericht die Behauptung, sie h\u00e4tten die alten Anw\u00e4lte falsch \u00fcber den Willen von Zsch\u00e4pe informiert. Die hatte n\u00e4mlich drei von vier Befangenheitsantr\u00e4gen von Heer, Stahl und Sturm <a href=\"https:\/\/blog.zeit.de\/nsu-prozess-blog\/2017\/03\/27\/medienlog-befangenheitsantraege-zschaepe-anwaelte-nsu\/\">gegen das Gericht zur\u00fcckgenommen<\/a>, weil sie angeblich nicht in ihrem Sinne seien.<\/p>\n<p><!--more--><\/p>\n<p><em>An jedem Werktag sichten wir f\u00fcr das NSU-Prozess-Blog die Medien und stellen wichtige Berichte, Blogs, Videos und Tweets zusammen. Wir freuen uns \u00fcber Hinweise via Twitter mit dem Hashtag #nsublog \u2013 oder per E-Mail an <a href=\"mailto:nsublog@zeit.de\">nsublog@zeit.de<\/a>.<\/em><\/p>\n<p>&#8222;Hat demnach also Zsch\u00e4pe in ihrem Brief gelogen, als sie schrieb, sie habe von nichts gewusst?&#8220;, fragt <em>SZ<\/em>-Autorin Wiebke Ramm.<\/p>\n<p>Borchert und Grasel nehmen dazu keine Stellung und beziehen sich auf ihre anwaltliche Schweigepflicht. Deren Verletzung werfen die beiden den Altverteidigern vor, weil sie in ihren Antr\u00e4gen aus der Kommunikation unter den beiden Anwaltslagern zitiert h\u00e4tten.<\/p>\n<p>Angesichts des wieder aufflammenden Kleinkriegs im Zsch\u00e4pe-Lager stellen wir auf <a href=\"https:\/\/blog.zeit.de\/nsu-prozess-blog\/2017\/03\/28\/das-dauert-noch\/\" target=\"_blank\">ZEIT ONLINE<\/a> fest, &#8222;dass es in dem Verfahren viel zu viele unerwartete Wendungen gab, durch die immer neue Verz\u00f6gerungen eintraten&#8220;. Durch solche Vorkommnisse verl\u00e4ngert sich &#8222;die Zeit, die das Gericht mit B\u00fcrokratie statt mit Aufkl\u00e4rung verbringt&#8220;. Zur Erinnerung: Der Prozess l\u00e4uft seit bald vier Jahren. In unserer \u00dcbersicht geben wir einen \u00dcberblick, wie es auf dem Weg zum Urteil weitergeht.<\/p>\n<p><em>Das n\u00e4chste Medienlog erscheint am Donnerstag, 30. M\u00e4rz 2017.<\/em><\/p>\n","protected":false},"excerpt":{"rendered":"<p>Um Beate Zsch\u00e4pe herum tobt der Streit zwischen ihren alten und neuen Verteidigern. Nachdem ihre drei Stammanw\u00e4lte Wolfgang Heer, Wolfgang Stahl und Anja Sturm ihre eigene Entlassung aus dem Verfahren beantragt hatten, kontern ihre beiden Vertrauensanw\u00e4lte Mathias Grasel und Hermann Borchert die Vorw\u00fcrfe, die sich aus den sogenannten Entpflichtungsantr\u00e4gen ergeben: Als &#8222;Unversch\u00e4mtheit&#8220; bezeichneten sie laut [&hellip;]<\/p>\n","protected":false},"author":435,"featured_media":0,"comment_status":"open","ping_status":"open","sticky":false,"template":"","format":"standard","meta":{"_jetpack_memberships_contains_paid_content":false,"footnotes":""},"categories":[27531],"tags":[27575,29424,17793,29533,35392,35363,35398,6388,27565,29427],"class_list":["post-12916","post","type-post","status-publish","format-standard","hentry","category-medienschau","tag-anja-sturm","tag-anwalte","tag-beate-zschape","tag-entpflichtung","tag-hermann-borchert","tag-mathias-grasel","tag-pflichtverteidiger","tag-urteil","tag-wolfgang-heer","tag-wolfgang-stahl"],"yoast_head":"<!-- This site is optimized with the Yoast SEO plugin v21.0 - https:\/\/yoast.com\/wordpress\/plugins\/seo\/ -->\n<title>Streit unter Zsch\u00e4pes Anw\u00e4lten \u2013 Das Medienlog vom Mittwoch, 29. M\u00e4rz 2017 - Das NSU-Prozess-Blog<\/title>\n<meta name=\"robots\" content=\"index, follow, max-snippet:-1, max-image-preview:large, max-video-preview:-1\" \/>\n<link rel=\"canonical\" href=\"https:\/\/blog.zeit.de\/nsu-prozess-blog\/2017\/03\/29\/medienlog-streit-zschaepe-verteidigung-nsu\/\" \/>\n<meta property=\"og:locale\" content=\"de_DE\" \/>\n<meta property=\"og:type\" content=\"article\" \/>\n<meta property=\"og:title\" content=\"Streit unter Zsch\u00e4pes Anw\u00e4lten \u2013 Das Medienlog vom Mittwoch, 29. M\u00e4rz 2017 - Das NSU-Prozess-Blog\" \/>\n<meta property=\"og:description\" content=\"Um Beate Zsch\u00e4pe herum tobt der Streit zwischen ihren alten und neuen Verteidigern. Nachdem ihre drei Stammanw\u00e4lte Wolfgang Heer, Wolfgang Stahl und Anja Sturm ihre eigene Entlassung aus dem Verfahren beantragt hatten, kontern ihre beiden Vertrauensanw\u00e4lte Mathias Grasel und Hermann Borchert die Vorw\u00fcrfe, die sich aus den sogenannten Entpflichtungsantr\u00e4gen ergeben: Als &#8222;Unversch\u00e4mtheit&#8220; bezeichneten sie laut [&hellip;]\" \/>\n<meta property=\"og:url\" content=\"https:\/\/blog.zeit.de\/nsu-prozess-blog\/2017\/03\/29\/medienlog-streit-zschaepe-verteidigung-nsu\/\" \/>\n<meta property=\"og:site_name\" content=\"Das NSU-Prozess-Blog\" \/>\n<meta property=\"article:published_time\" content=\"2017-03-29T06:55:16+00:00\" \/>\n<meta property=\"article:modified_time\" content=\"2017-03-29T08:27:06+00:00\" \/>\n<meta name=\"author\" content=\"Tom Sundermann\" \/>\n<meta name=\"twitter:label1\" content=\"Geschrieben von\" \/>\n\t<meta name=\"twitter:data1\" content=\"Tom Sundermann\" \/>\n\t<meta name=\"twitter:label2\" content=\"Gesch\u00e4tzte Lesezeit\" \/>\n\t<meta name=\"twitter:data2\" content=\"1\u00a0Minute\" \/>\n<script type=\"application\/ld+json\" class=\"yoast-schema-graph\">{\"@context\":\"https:\/\/schema.org\",\"@graph\":[{\"@type\":\"WebPage\",\"@id\":\"https:\/\/blog.zeit.de\/nsu-prozess-blog\/2017\/03\/29\/medienlog-streit-zschaepe-verteidigung-nsu\/\",\"url\":\"https:\/\/blog.zeit.de\/nsu-prozess-blog\/2017\/03\/29\/medienlog-streit-zschaepe-verteidigung-nsu\/\",\"name\":\"Streit unter Zsch\u00e4pes Anw\u00e4lten \u2013 Das Medienlog vom Mittwoch, 29. M\u00e4rz 2017 - Das NSU-Prozess-Blog\",\"isPartOf\":{\"@id\":\"https:\/\/blog.zeit.de\/nsu-prozess-blog\/#website\"},\"datePublished\":\"2017-03-29T06:55:16+00:00\",\"dateModified\":\"2017-03-29T08:27:06+00:00\",\"author\":{\"@id\":\"https:\/\/blog.zeit.de\/nsu-prozess-blog\/#\/schema\/person\/553ea9bb5d1fc2ae054c589bd59380a5\"},\"breadcrumb\":{\"@id\":\"https:\/\/blog.zeit.de\/nsu-prozess-blog\/2017\/03\/29\/medienlog-streit-zschaepe-verteidigung-nsu\/#breadcrumb\"},\"inLanguage\":\"de\",\"potentialAction\":[{\"@type\":\"ReadAction\",\"target\":[\"https:\/\/blog.zeit.de\/nsu-prozess-blog\/2017\/03\/29\/medienlog-streit-zschaepe-verteidigung-nsu\/\"]}]},{\"@type\":\"BreadcrumbList\",\"@id\":\"https:\/\/blog.zeit.de\/nsu-prozess-blog\/2017\/03\/29\/medienlog-streit-zschaepe-verteidigung-nsu\/#breadcrumb\",\"itemListElement\":[{\"@type\":\"ListItem\",\"position\":1,\"name\":\"Startseite\",\"item\":\"https:\/\/blog.zeit.de\/nsu-prozess-blog\/\"},{\"@type\":\"ListItem\",\"position\":2,\"name\":\"Streit unter Zsch\u00e4pes Anw\u00e4lten \u2013 Das Medienlog vom Mittwoch, 29. M\u00e4rz 2017\"}]},{\"@type\":\"WebSite\",\"@id\":\"https:\/\/blog.zeit.de\/nsu-prozess-blog\/#website\",\"url\":\"https:\/\/blog.zeit.de\/nsu-prozess-blog\/\",\"name\":\"Das NSU-Prozess-Blog\",\"description\":\"Alle Berichte zum Terrorverfahren in M\u00fcnchen\",\"potentialAction\":[{\"@type\":\"SearchAction\",\"target\":{\"@type\":\"EntryPoint\",\"urlTemplate\":\"https:\/\/blog.zeit.de\/nsu-prozess-blog\/?s={search_term_string}\"},\"query-input\":\"required name=search_term_string\"}],\"inLanguage\":\"de\"},{\"@type\":\"Person\",\"@id\":\"https:\/\/blog.zeit.de\/nsu-prozess-blog\/#\/schema\/person\/553ea9bb5d1fc2ae054c589bd59380a5\",\"name\":\"Tom Sundermann\",\"image\":{\"@type\":\"ImageObject\",\"inLanguage\":\"de\",\"@id\":\"https:\/\/blog.zeit.de\/nsu-prozess-blog\/#\/schema\/person\/image\/\",\"url\":\"https:\/\/secure.gravatar.com\/avatar\/e108a3dc18766f719b2f797dc5d19093f06a1870c55b553ab6b7563f1f9a5e68?s=96&d=mm&r=g\",\"contentUrl\":\"https:\/\/secure.gravatar.com\/avatar\/e108a3dc18766f719b2f797dc5d19093f06a1870c55b553ab6b7563f1f9a5e68?s=96&d=mm&r=g\",\"caption\":\"Tom Sundermann\"},\"sameAs\":[\"https:\/\/twitter.com\/messeticker\"],\"url\":\"https:\/\/blog.zeit.de\/nsu-prozess-blog\/author\/tsundermann\/\"}]}<\/script>\n<!-- \/ Yoast SEO plugin. -->","yoast_head_json":{"title":"Streit unter Zsch\u00e4pes Anw\u00e4lten \u2013 Das Medienlog vom Mittwoch, 29. M\u00e4rz 2017 - Das NSU-Prozess-Blog","robots":{"index":"index","follow":"follow","max-snippet":"max-snippet:-1","max-image-preview":"max-image-preview:large","max-video-preview":"max-video-preview:-1"},"canonical":"https:\/\/blog.zeit.de\/nsu-prozess-blog\/2017\/03\/29\/medienlog-streit-zschaepe-verteidigung-nsu\/","og_locale":"de_DE","og_type":"article","og_title":"Streit unter Zsch\u00e4pes Anw\u00e4lten \u2013 Das Medienlog vom Mittwoch, 29. M\u00e4rz 2017 - Das NSU-Prozess-Blog","og_description":"Um Beate Zsch\u00e4pe herum tobt der Streit zwischen ihren alten und neuen Verteidigern. Nachdem ihre drei Stammanw\u00e4lte Wolfgang Heer, Wolfgang Stahl und Anja Sturm ihre eigene Entlassung aus dem Verfahren beantragt hatten, kontern ihre beiden Vertrauensanw\u00e4lte Mathias Grasel und Hermann Borchert die Vorw\u00fcrfe, die sich aus den sogenannten Entpflichtungsantr\u00e4gen ergeben: Als &#8222;Unversch\u00e4mtheit&#8220; bezeichneten sie laut [&hellip;]","og_url":"https:\/\/blog.zeit.de\/nsu-prozess-blog\/2017\/03\/29\/medienlog-streit-zschaepe-verteidigung-nsu\/","og_site_name":"Das NSU-Prozess-Blog","article_published_time":"2017-03-29T06:55:16+00:00","article_modified_time":"2017-03-29T08:27:06+00:00","author":"Tom Sundermann","twitter_misc":{"Geschrieben von":"Tom Sundermann","Gesch\u00e4tzte Lesezeit":"1\u00a0Minute"},"schema":{"@context":"https:\/\/schema.org","@graph":[{"@type":"WebPage","@id":"https:\/\/blog.zeit.de\/nsu-prozess-blog\/2017\/03\/29\/medienlog-streit-zschaepe-verteidigung-nsu\/","url":"https:\/\/blog.zeit.de\/nsu-prozess-blog\/2017\/03\/29\/medienlog-streit-zschaepe-verteidigung-nsu\/","name":"Streit unter Zsch\u00e4pes Anw\u00e4lten \u2013 Das Medienlog vom Mittwoch, 29. M\u00e4rz 2017 - Das NSU-Prozess-Blog","isPartOf":{"@id":"https:\/\/blog.zeit.de\/nsu-prozess-blog\/#website"},"datePublished":"2017-03-29T06:55:16+00:00","dateModified":"2017-03-29T08:27:06+00:00","author":{"@id":"https:\/\/blog.zeit.de\/nsu-prozess-blog\/#\/schema\/person\/553ea9bb5d1fc2ae054c589bd59380a5"},"breadcrumb":{"@id":"https:\/\/blog.zeit.de\/nsu-prozess-blog\/2017\/03\/29\/medienlog-streit-zschaepe-verteidigung-nsu\/#breadcrumb"},"inLanguage":"de","potentialAction":[{"@type":"ReadAction","target":["https:\/\/blog.zeit.de\/nsu-prozess-blog\/2017\/03\/29\/medienlog-streit-zschaepe-verteidigung-nsu\/"]}]},{"@type":"BreadcrumbList","@id":"https:\/\/blog.zeit.de\/nsu-prozess-blog\/2017\/03\/29\/medienlog-streit-zschaepe-verteidigung-nsu\/#breadcrumb","itemListElement":[{"@type":"ListItem","position":1,"name":"Startseite","item":"https:\/\/blog.zeit.de\/nsu-prozess-blog\/"},{"@type":"ListItem","position":2,"name":"Streit unter Zsch\u00e4pes Anw\u00e4lten \u2013 Das Medienlog vom Mittwoch, 29. M\u00e4rz 2017"}]},{"@type":"WebSite","@id":"https:\/\/blog.zeit.de\/nsu-prozess-blog\/#website","url":"https:\/\/blog.zeit.de\/nsu-prozess-blog\/","name":"Das NSU-Prozess-Blog","description":"Alle Berichte zum Terrorverfahren in M\u00fcnchen","potentialAction":[{"@type":"SearchAction","target":{"@type":"EntryPoint","urlTemplate":"https:\/\/blog.zeit.de\/nsu-prozess-blog\/?s={search_term_string}"},"query-input":"required name=search_term_string"}],"inLanguage":"de"},{"@type":"Person","@id":"https:\/\/blog.zeit.de\/nsu-prozess-blog\/#\/schema\/person\/553ea9bb5d1fc2ae054c589bd59380a5","name":"Tom Sundermann","image":{"@type":"ImageObject","inLanguage":"de","@id":"https:\/\/blog.zeit.de\/nsu-prozess-blog\/#\/schema\/person\/image\/","url":"https:\/\/secure.gravatar.com\/avatar\/e108a3dc18766f719b2f797dc5d19093f06a1870c55b553ab6b7563f1f9a5e68?s=96&d=mm&r=g","contentUrl":"https:\/\/secure.gravatar.com\/avatar\/e108a3dc18766f719b2f797dc5d19093f06a1870c55b553ab6b7563f1f9a5e68?s=96&d=mm&r=g","caption":"Tom Sundermann"},"sameAs":["https:\/\/twitter.com\/messeticker"],"url":"https:\/\/blog.zeit.de\/nsu-prozess-blog\/author\/tsundermann\/"}]}},"jetpack_featured_media_url":"","jetpack_sharing_enabled":true,"_links":{"self":[{"href":"https:\/\/blog.zeit.de\/nsu-prozess-blog\/wp-json\/wp\/v2\/posts\/12916","targetHints":{"allow":["GET"]}}],"collection":[{"href":"https:\/\/blog.zeit.de\/nsu-prozess-blog\/wp-json\/wp\/v2\/posts"}],"about":[{"href":"https:\/\/blog.zeit.de\/nsu-prozess-blog\/wp-json\/wp\/v2\/types\/post"}],"author":[{"embeddable":true,"href":"https:\/\/blog.zeit.de\/nsu-prozess-blog\/wp-json\/wp\/v2\/users\/435"}],"replies":[{"embeddable":true,"href":"https:\/\/blog.zeit.de\/nsu-prozess-blog\/wp-json\/wp\/v2\/comments?post=12916"}],"version-history":[{"count":7,"href":"https:\/\/blog.zeit.de\/nsu-prozess-blog\/wp-json\/wp\/v2\/posts\/12916\/revisions"}],"predecessor-version":[{"id":12923,"href":"https:\/\/blog.zeit.de\/nsu-prozess-blog\/wp-json\/wp\/v2\/posts\/12916\/revisions\/12923"}],"wp:attachment":[{"href":"https:\/\/blog.zeit.de\/nsu-prozess-blog\/wp-json\/wp\/v2\/media?parent=12916"}],"wp:term":[{"taxonomy":"category","embeddable":true,"href":"https:\/\/blog.zeit.de\/nsu-prozess-blog\/wp-json\/wp\/v2\/categories?post=12916"},{"taxonomy":"post_tag","embeddable":true,"href":"https:\/\/blog.zeit.de\/nsu-prozess-blog\/wp-json\/wp\/v2\/tags?post=12916"}],"curies":[{"name":"wp","href":"https:\/\/api.w.org\/{rel}","templated":true}]}}