{"id":12925,"date":"2017-03-29T16:23:37","date_gmt":"2017-03-29T14:23:37","guid":{"rendered":"http:\/\/blog.zeit.de\/nsu-prozess-blog\/?p=12925"},"modified":"2017-03-29T16:45:32","modified_gmt":"2017-03-29T14:45:32","slug":"ein-letztes-mal-macht","status":"publish","type":"post","link":"https:\/\/blog.zeit.de\/nsu-prozess-blog\/2017\/03\/29\/ein-letztes-mal-macht\/","title":{"rendered":"Ein letztes Mal Macht"},"content":{"rendered":"<p><strong>Zwischen den Verteidigern von Beate Zsch\u00e4pe tobt ein Streit, entfacht von der Angeklagten. Das Urteil im NSU-Prozess vor Augen will sie noch einmal die Kontrolle haben.<\/strong><\/p>\n<p>Beate Zsch\u00e4pe: eine Pers\u00f6nlichkeit, die mit Vorliebe andere Menschen manipuliert. Eine, die die M\u00e4nner um sich herum im Griff hat. So wurde die Hauptangeklagte im NSU-Prozess immer wieder beschrieben, von alten Freunden, Verwandten, dem vom Gericht bestellten Psychiater. Und nun: ist es Zsch\u00e4pe gelungen, ihre alten und neuen Verteidiger gegeneinander auszuspielen.<\/p>\n<p>Mit ihren Pflichtverteidigern Wolfgang Heer, Wolfgang Stahl und Anja Sturm spricht Zsch\u00e4pe kein Wort mehr. Vertrauen hat sie nach eigenen Angaben nur noch zu ihren neuen Anw\u00e4lten Mathias Grasel und Hermann Borchert. Doch die drei Stammkr\u00e4fte arbeiten weiter. In vier Antr\u00e4gen forderten sie die Absetzung von Richter Manfred G\u00f6tzl und einem weiteren Richter. Davon nahm Zsch\u00e4pe pers\u00f6nlich drei wieder zur\u00fcck, weil sie nicht ihrem Willen entspr\u00e4chen.<!--more--><\/p>\n<p>Heer, Stahl und Sturm antworteten darauf, indem sie ihre eigene Entlassung forderten und den Neuverteidigern vorwarfen, sie h\u00e4tten sie falsch \u00fcber Zsch\u00e4pes Absichten informiert. Eine &#8222;Unversch\u00e4mtheit&#8220; sei das, polterten Grasel und Borchert in einem Brief an das Gericht zur\u00fcck.<\/p>\n<p>Hinter den Kulissen also tobt der Streit in Zsch\u00e4pes Verteidigung offen und ungehemmt. Im Gericht ist davon bislang nichts zu sp\u00fcren. Nachdem die vergangene Woche wegen der Befangenheitsantr\u00e4ge gegen die Richter ausgefallen war, trafen sich alle Beteiligten im Verhandlungssaal wieder \u2013 und arbeiteten stumm nebeneinander her. Zsch\u00e4pe redete nicht mit den Altanw\u00e4lten, die nicht mit den Neuanw\u00e4lten. Im Sommer und Herbst 2015 hatte sich Zsch\u00e4pe die beiden Neuen an ihre Seite geholt. Da w\u00e4re reichlich Zeit gewesen, im Interesse der Mandantin zumindest eine gemeinsame Minimalstrategie zu entwerfen. Aber das ist nicht m\u00f6glich, solange die Angeklagte den Konflikt im eigenen Lager lodern l\u00e4sst.<\/p>\n<p>Entweder hatte Neuanwalt Grasel gelogen, als er Sturm, Stahl und Heer mitteilte, Zsch\u00e4pe sei mit den Befangenheitsantr\u00e4gen einverstanden \u2013 oder Zsch\u00e4pe selbst. Es ist nicht das erste Mal, dass sie einen Antrag der Stammverteidiger torpediert.<\/p>\n<p>Warum sie gezielt Zwietracht s\u00e4t, ist ein R\u00e4tsel. Welchen Nutzen sie sich davon verspricht, ist nicht ersichtlich. Klar scheint nur, dass Zsch\u00e4pe nicht aus Gr\u00fcnden der Prozesstaktik handelt.<\/p>\n<p>Wahrscheinlicher ist, dass es ihr um etwas geht, das mit dem Verfahren an sich nichts zu tun hat: Macht. Wer im Gef\u00e4ngnis sitzt und tagt\u00e4glich gefesselt in ein Gerichtsgeb\u00e4ude gefahren wird, hat keine Macht. Zumal Verteidiger keine Anweisungen von ihren Mandanten entgegennehmen m\u00fcssen. Heer, Stahl und Sturm wissen das und setzten eine Strategie des Schweigens um, mit der Zsch\u00e4pe bald nicht mehr einverstanden war. Schlie\u00dflich kamen Grasel und Borchert hinzu, von denen nicht bekannt ist, dass sie der Mandantin jemals einen Wunsch abgeschlagen h\u00e4tten.<\/p>\n<p>Dass die drei Altverteidiger unverdrossen weitermachten, sich in ihren Zielen nicht beirren lie\u00dfen, d\u00fcrfte die Angeklagte ge\u00e4rgert haben. Die Kontrolle, nach der sie sich sehnte, ging verloren. Da griff sie an einem Punkt ein, an dem der Anwalt ohne Mandant nicht handeln kann: Befangenheitsantr\u00e4ge brauchen immer die Zustimmung des Angeklagten.<\/p>\n<p>Die Verweigerung ihres Segens ist nichts anderes als ein Man\u00f6ver im verteidigungsinternen F\u00fchrungskampf. Dass deswegen Prozesstage ausfallen, die juristische Kl\u00e4rung des NSU-Komplexes verschleppt wird: egal, jedenfalls der Angeklagten. Eingedenk der drohenden lebenslangen Freiheitsstrafe ist der Prozess f\u00fcr lange Zeit eine ihrer letzten M\u00f6glichkeiten, Dominanz auszu\u00fcben. Mit dem Urteil vor Augen l\u00e4sst Zsch\u00e4pe keine Gelegenheit aus.<\/p>\n","protected":false},"excerpt":{"rendered":"<p>Zwischen den Verteidigern von Beate Zsch\u00e4pe tobt ein Streit, entfacht von der Angeklagten. Das Urteil im NSU-Prozess vor Augen will sie noch einmal die Kontrolle haben. Beate Zsch\u00e4pe: eine Pers\u00f6nlichkeit, die mit Vorliebe andere Menschen manipuliert. Eine, die die M\u00e4nner um sich herum im Griff hat. So wurde die Hauptangeklagte im NSU-Prozess immer wieder beschrieben, [&hellip;]<\/p>\n","protected":false},"author":435,"featured_media":12728,"comment_status":"open","ping_status":"open","sticky":false,"template":"","format":"standard","meta":{"_jetpack_memberships_contains_paid_content":false,"footnotes":""},"categories":[27532],"tags":[],"class_list":["post-12925","post","type-post","status-publish","format-standard","has-post-thumbnail","hentry","category-prozesstage"],"yoast_head":"<!-- This site is optimized with the Yoast SEO plugin v21.0 - https:\/\/yoast.com\/wordpress\/plugins\/seo\/ -->\n<title>Ein letztes Mal Macht - Das NSU-Prozess-Blog<\/title>\n<meta name=\"robots\" content=\"index, follow, max-snippet:-1, max-image-preview:large, max-video-preview:-1\" \/>\n<link rel=\"canonical\" href=\"https:\/\/blog.zeit.de\/nsu-prozess-blog\/2017\/03\/29\/ein-letztes-mal-macht\/\" \/>\n<meta property=\"og:locale\" content=\"de_DE\" \/>\n<meta property=\"og:type\" content=\"article\" \/>\n<meta property=\"og:title\" content=\"Ein letztes Mal Macht - Das NSU-Prozess-Blog\" \/>\n<meta property=\"og:description\" content=\"Zwischen den Verteidigern von Beate Zsch\u00e4pe tobt ein Streit, entfacht von der Angeklagten. Das Urteil im NSU-Prozess vor Augen will sie noch einmal die Kontrolle haben. Beate Zsch\u00e4pe: eine Pers\u00f6nlichkeit, die mit Vorliebe andere Menschen manipuliert. Eine, die die M\u00e4nner um sich herum im Griff hat. So wurde die Hauptangeklagte im NSU-Prozess immer wieder beschrieben, [&hellip;]\" \/>\n<meta property=\"og:url\" content=\"https:\/\/blog.zeit.de\/nsu-prozess-blog\/2017\/03\/29\/ein-letztes-mal-macht\/\" \/>\n<meta property=\"og:site_name\" content=\"Das NSU-Prozess-Blog\" \/>\n<meta property=\"article:published_time\" content=\"2017-03-29T14:23:37+00:00\" \/>\n<meta property=\"article:modified_time\" content=\"2017-03-29T14:45:32+00:00\" \/>\n<meta property=\"og:image\" content=\"https:\/\/blog.zeit.de\/nsu-prozess-blog\/files\/2017\/02\/beates-anwaelte.jpg\" \/>\n\t<meta property=\"og:image:width\" content=\"1000\" \/>\n\t<meta property=\"og:image:height\" content=\"648\" \/>\n\t<meta property=\"og:image:type\" content=\"image\/jpeg\" \/>\n<meta name=\"author\" content=\"Tom Sundermann\" \/>\n<meta name=\"twitter:label1\" content=\"Geschrieben von\" \/>\n\t<meta name=\"twitter:data1\" content=\"Tom Sundermann\" \/>\n\t<meta name=\"twitter:label2\" content=\"Gesch\u00e4tzte Lesezeit\" \/>\n\t<meta name=\"twitter:data2\" content=\"3\u00a0Minuten\" \/>\n<script type=\"application\/ld+json\" class=\"yoast-schema-graph\">{\"@context\":\"https:\/\/schema.org\",\"@graph\":[{\"@type\":\"WebPage\",\"@id\":\"https:\/\/blog.zeit.de\/nsu-prozess-blog\/2017\/03\/29\/ein-letztes-mal-macht\/\",\"url\":\"https:\/\/blog.zeit.de\/nsu-prozess-blog\/2017\/03\/29\/ein-letztes-mal-macht\/\",\"name\":\"Ein letztes Mal Macht - Das NSU-Prozess-Blog\",\"isPartOf\":{\"@id\":\"https:\/\/blog.zeit.de\/nsu-prozess-blog\/#website\"},\"datePublished\":\"2017-03-29T14:23:37+00:00\",\"dateModified\":\"2017-03-29T14:45:32+00:00\",\"author\":{\"@id\":\"https:\/\/blog.zeit.de\/nsu-prozess-blog\/#\/schema\/person\/553ea9bb5d1fc2ae054c589bd59380a5\"},\"breadcrumb\":{\"@id\":\"https:\/\/blog.zeit.de\/nsu-prozess-blog\/2017\/03\/29\/ein-letztes-mal-macht\/#breadcrumb\"},\"inLanguage\":\"de\",\"potentialAction\":[{\"@type\":\"ReadAction\",\"target\":[\"https:\/\/blog.zeit.de\/nsu-prozess-blog\/2017\/03\/29\/ein-letztes-mal-macht\/\"]}]},{\"@type\":\"BreadcrumbList\",\"@id\":\"https:\/\/blog.zeit.de\/nsu-prozess-blog\/2017\/03\/29\/ein-letztes-mal-macht\/#breadcrumb\",\"itemListElement\":[{\"@type\":\"ListItem\",\"position\":1,\"name\":\"Startseite\",\"item\":\"https:\/\/blog.zeit.de\/nsu-prozess-blog\/\"},{\"@type\":\"ListItem\",\"position\":2,\"name\":\"Ein letztes Mal Macht\"}]},{\"@type\":\"WebSite\",\"@id\":\"https:\/\/blog.zeit.de\/nsu-prozess-blog\/#website\",\"url\":\"https:\/\/blog.zeit.de\/nsu-prozess-blog\/\",\"name\":\"Das NSU-Prozess-Blog\",\"description\":\"Alle Berichte zum Terrorverfahren in M\u00fcnchen\",\"potentialAction\":[{\"@type\":\"SearchAction\",\"target\":{\"@type\":\"EntryPoint\",\"urlTemplate\":\"https:\/\/blog.zeit.de\/nsu-prozess-blog\/?s={search_term_string}\"},\"query-input\":\"required name=search_term_string\"}],\"inLanguage\":\"de\"},{\"@type\":\"Person\",\"@id\":\"https:\/\/blog.zeit.de\/nsu-prozess-blog\/#\/schema\/person\/553ea9bb5d1fc2ae054c589bd59380a5\",\"name\":\"Tom Sundermann\",\"image\":{\"@type\":\"ImageObject\",\"inLanguage\":\"de\",\"@id\":\"https:\/\/blog.zeit.de\/nsu-prozess-blog\/#\/schema\/person\/image\/\",\"url\":\"https:\/\/secure.gravatar.com\/avatar\/e108a3dc18766f719b2f797dc5d19093f06a1870c55b553ab6b7563f1f9a5e68?s=96&d=mm&r=g\",\"contentUrl\":\"https:\/\/secure.gravatar.com\/avatar\/e108a3dc18766f719b2f797dc5d19093f06a1870c55b553ab6b7563f1f9a5e68?s=96&d=mm&r=g\",\"caption\":\"Tom Sundermann\"},\"sameAs\":[\"https:\/\/twitter.com\/messeticker\"],\"url\":\"https:\/\/blog.zeit.de\/nsu-prozess-blog\/author\/tsundermann\/\"}]}<\/script>\n<!-- \/ Yoast SEO plugin. -->","yoast_head_json":{"title":"Ein letztes Mal Macht - Das NSU-Prozess-Blog","robots":{"index":"index","follow":"follow","max-snippet":"max-snippet:-1","max-image-preview":"max-image-preview:large","max-video-preview":"max-video-preview:-1"},"canonical":"https:\/\/blog.zeit.de\/nsu-prozess-blog\/2017\/03\/29\/ein-letztes-mal-macht\/","og_locale":"de_DE","og_type":"article","og_title":"Ein letztes Mal Macht - Das NSU-Prozess-Blog","og_description":"Zwischen den Verteidigern von Beate Zsch\u00e4pe tobt ein Streit, entfacht von der Angeklagten. Das Urteil im NSU-Prozess vor Augen will sie noch einmal die Kontrolle haben. Beate Zsch\u00e4pe: eine Pers\u00f6nlichkeit, die mit Vorliebe andere Menschen manipuliert. Eine, die die M\u00e4nner um sich herum im Griff hat. So wurde die Hauptangeklagte im NSU-Prozess immer wieder beschrieben, [&hellip;]","og_url":"https:\/\/blog.zeit.de\/nsu-prozess-blog\/2017\/03\/29\/ein-letztes-mal-macht\/","og_site_name":"Das NSU-Prozess-Blog","article_published_time":"2017-03-29T14:23:37+00:00","article_modified_time":"2017-03-29T14:45:32+00:00","og_image":[{"width":1000,"height":648,"url":"https:\/\/blog.zeit.de\/nsu-prozess-blog\/files\/2017\/02\/beates-anwaelte.jpg","type":"image\/jpeg"}],"author":"Tom Sundermann","twitter_misc":{"Geschrieben von":"Tom Sundermann","Gesch\u00e4tzte Lesezeit":"3\u00a0Minuten"},"schema":{"@context":"https:\/\/schema.org","@graph":[{"@type":"WebPage","@id":"https:\/\/blog.zeit.de\/nsu-prozess-blog\/2017\/03\/29\/ein-letztes-mal-macht\/","url":"https:\/\/blog.zeit.de\/nsu-prozess-blog\/2017\/03\/29\/ein-letztes-mal-macht\/","name":"Ein letztes Mal Macht - Das NSU-Prozess-Blog","isPartOf":{"@id":"https:\/\/blog.zeit.de\/nsu-prozess-blog\/#website"},"datePublished":"2017-03-29T14:23:37+00:00","dateModified":"2017-03-29T14:45:32+00:00","author":{"@id":"https:\/\/blog.zeit.de\/nsu-prozess-blog\/#\/schema\/person\/553ea9bb5d1fc2ae054c589bd59380a5"},"breadcrumb":{"@id":"https:\/\/blog.zeit.de\/nsu-prozess-blog\/2017\/03\/29\/ein-letztes-mal-macht\/#breadcrumb"},"inLanguage":"de","potentialAction":[{"@type":"ReadAction","target":["https:\/\/blog.zeit.de\/nsu-prozess-blog\/2017\/03\/29\/ein-letztes-mal-macht\/"]}]},{"@type":"BreadcrumbList","@id":"https:\/\/blog.zeit.de\/nsu-prozess-blog\/2017\/03\/29\/ein-letztes-mal-macht\/#breadcrumb","itemListElement":[{"@type":"ListItem","position":1,"name":"Startseite","item":"https:\/\/blog.zeit.de\/nsu-prozess-blog\/"},{"@type":"ListItem","position":2,"name":"Ein letztes Mal Macht"}]},{"@type":"WebSite","@id":"https:\/\/blog.zeit.de\/nsu-prozess-blog\/#website","url":"https:\/\/blog.zeit.de\/nsu-prozess-blog\/","name":"Das NSU-Prozess-Blog","description":"Alle Berichte zum Terrorverfahren in M\u00fcnchen","potentialAction":[{"@type":"SearchAction","target":{"@type":"EntryPoint","urlTemplate":"https:\/\/blog.zeit.de\/nsu-prozess-blog\/?s={search_term_string}"},"query-input":"required name=search_term_string"}],"inLanguage":"de"},{"@type":"Person","@id":"https:\/\/blog.zeit.de\/nsu-prozess-blog\/#\/schema\/person\/553ea9bb5d1fc2ae054c589bd59380a5","name":"Tom Sundermann","image":{"@type":"ImageObject","inLanguage":"de","@id":"https:\/\/blog.zeit.de\/nsu-prozess-blog\/#\/schema\/person\/image\/","url":"https:\/\/secure.gravatar.com\/avatar\/e108a3dc18766f719b2f797dc5d19093f06a1870c55b553ab6b7563f1f9a5e68?s=96&d=mm&r=g","contentUrl":"https:\/\/secure.gravatar.com\/avatar\/e108a3dc18766f719b2f797dc5d19093f06a1870c55b553ab6b7563f1f9a5e68?s=96&d=mm&r=g","caption":"Tom Sundermann"},"sameAs":["https:\/\/twitter.com\/messeticker"],"url":"https:\/\/blog.zeit.de\/nsu-prozess-blog\/author\/tsundermann\/"}]}},"jetpack_featured_media_url":"https:\/\/blog.zeit.de\/nsu-prozess-blog\/files\/2017\/02\/beates-anwaelte.jpg","jetpack_sharing_enabled":true,"_links":{"self":[{"href":"https:\/\/blog.zeit.de\/nsu-prozess-blog\/wp-json\/wp\/v2\/posts\/12925","targetHints":{"allow":["GET"]}}],"collection":[{"href":"https:\/\/blog.zeit.de\/nsu-prozess-blog\/wp-json\/wp\/v2\/posts"}],"about":[{"href":"https:\/\/blog.zeit.de\/nsu-prozess-blog\/wp-json\/wp\/v2\/types\/post"}],"author":[{"embeddable":true,"href":"https:\/\/blog.zeit.de\/nsu-prozess-blog\/wp-json\/wp\/v2\/users\/435"}],"replies":[{"embeddable":true,"href":"https:\/\/blog.zeit.de\/nsu-prozess-blog\/wp-json\/wp\/v2\/comments?post=12925"}],"version-history":[{"count":6,"href":"https:\/\/blog.zeit.de\/nsu-prozess-blog\/wp-json\/wp\/v2\/posts\/12925\/revisions"}],"predecessor-version":[{"id":12931,"href":"https:\/\/blog.zeit.de\/nsu-prozess-blog\/wp-json\/wp\/v2\/posts\/12925\/revisions\/12931"}],"wp:featuredmedia":[{"embeddable":true,"href":"https:\/\/blog.zeit.de\/nsu-prozess-blog\/wp-json\/wp\/v2\/media\/12728"}],"wp:attachment":[{"href":"https:\/\/blog.zeit.de\/nsu-prozess-blog\/wp-json\/wp\/v2\/media?parent=12925"}],"wp:term":[{"taxonomy":"category","embeddable":true,"href":"https:\/\/blog.zeit.de\/nsu-prozess-blog\/wp-json\/wp\/v2\/categories?post=12925"},{"taxonomy":"post_tag","embeddable":true,"href":"https:\/\/blog.zeit.de\/nsu-prozess-blog\/wp-json\/wp\/v2\/tags?post=12925"}],"curies":[{"name":"wp","href":"https:\/\/api.w.org\/{rel}","templated":true}]}}