{"id":12934,"date":"2017-03-30T09:25:21","date_gmt":"2017-03-30T07:25:21","guid":{"rendered":"http:\/\/blog.zeit.de\/nsu-prozess-blog\/?p=12934"},"modified":"2017-10-01T20:46:03","modified_gmt":"2017-10-01T18:46:03","slug":"medienlog-befangenheitsantrag-streit-nsu","status":"publish","type":"post","link":"https:\/\/blog.zeit.de\/nsu-prozess-blog\/2017\/03\/30\/medienlog-befangenheitsantrag-streit-nsu\/","title":{"rendered":"Verteidiger halten die F\u00fc\u00dfe still \u2013 Das Medienlog vom Donnerstag, 30. M\u00e4rz 2017"},"content":{"rendered":"<p>Insgesamt sechs Befangenheitsantr\u00e4ge der Anw\u00e4lte von <a href=\"https:\/\/blog.zeit.de\/nsu-prozess-blog\/2017\/02\/16\/zschaepe-will-sich-doch-noch-oeffnen\/\">Beate Zsch\u00e4pe<\/a> und <a href=\"https:\/\/blog.zeit.de\/nsu-prozess-blog\/2016\/01\/13\/krude-meinungen-und-krumme-geschafte\/\">Ralf Wohlleben<\/a> gegen die NSU-Richter standen im Raum \u2013 und wurden durch gestern ausgeteilte Beschl\u00fcsse s\u00e4mtlich abgelehnt. Weiter offen ist allerdings der Antrag von Zsch\u00e4pes Verteidigern <a href=\"https:\/\/blog.zeit.de\/nsu-prozess-blog\/2017\/03\/28\/medienlog-entpflichtung-zschaepe-verteidiger-nsu\/\">auf ihre eigene Entlassung<\/a>. &#8222;Wenn das Gericht sich heute mit diesem Antrag befasst h\u00e4tte, w\u00e4ren wohl Alt- und Neuverteidiger auf offener B\u00fchne aufeinandergetroffen&#8220;, mutma\u00dft Christoph Arnowski vom <a href=\"http:\/\/www.br.de\/nachrichten\/nsu-prozess\/170329-tagebuch-gerichtsreporter-100.html\" target=\"_blank\">Bayerischen Rundfunk<\/a> \u2013 dazu sei es jedoch genauso wenig gekommen wie zu inhaltlichen Fortschritten.<\/p>\n<p><!--more--><\/p>\n<p><em>An jedem Werktag sichten wir f\u00fcr das NSU-Prozess-Blog die Medien und stellen wichtige Berichte, Blogs, Videos und Tweets zusammen. Wir freuen uns \u00fcber Hinweise via Twitter mit dem Hashtag #nsublog \u2013 oder per E-Mail an <a href=\"mailto:nsublog@zeit.de\">nsublog@zeit.de<\/a>.<\/em><\/p>\n<p>&#8222;Das Zerw\u00fcrfnis zwischen den beiden Verteidigerteams von Zsch\u00e4pe, das zuletzt hinter den Kulissen f\u00fcr Wirbel gesorgt hatte, war am Mittwoch kein Thema im Gerichtssaal&#8220;, schreibt Wiebke Ramm von der <a href=\"http:\/\/www.sueddeutsche.de\/politik\/nsu-prozess-showdown-im-nsu-prozess-verschoben-1.3441700\" target=\"_blank\"><em>S\u00fcddeutschen Zeitung<\/em><\/a>. Auf <a href=\"https:\/\/blog.zeit.de\/nsu-prozess-blog\/2017\/03\/29\/ein-letztes-mal-macht\/\" target=\"_blank\">ZEIT ONLINE<\/a> besch\u00e4ftigen wir uns mit dem Hintergrund dieses Streits, den Zsch\u00e4pe selbst ausgel\u00f6st hat. &#8222;Dass die drei Altverteidiger unverdrossen weitermachten, sich in ihren Zielen nicht beirren lie\u00dfen, d\u00fcrfte die Angeklagte ge\u00e4rgert haben&#8220;, sodass sich Zsch\u00e4pe danach sehnte, ein St\u00fcck <a href=\"http:\/\/www.zeit.de\/feature\/nsu-prozess-beate-zschaepe\">Kontrolle<\/a> zur\u00fcckzuerlangen. Das gelang ihr, indem sie mehrere Befangenheitsantr\u00e4ge ihrer Verteidiger eigens zur\u00fccknahm. Klar ist demnach: &#8222;Die Verweigerung ihres Segens ist nichts anderes als ein Man\u00f6ver im verteidigungsinternen F\u00fchrungskampf.&#8220;<\/p>\n<p>Wie Annette Ramelsberger von der <a href=\"http:\/\/www.sueddeutsche.de\/politik\/nsu-prozess-zschaepe-ist-empoert-1.3442684\" target=\"_blank\"><em>S\u00fcddeutschen Zeitung<\/em><\/a> berichtet, hat sich Zsch\u00e4pe im <a href=\"https:\/\/blog.zeit.de\/nsu-prozess-blog\/2017\/03\/29\/medienlog-streit-zschaepe-verteidigung-nsu\/\">Streit unter ihren Verteidigern<\/a> gestern erneut in einem Brief an das Gericht gewandt und die Entpflichtung ihrer Altverteidiger gefordert \u2013 wie es die Anw\u00e4lte selbst bereits getan hatten.<\/p>\n<p>Bewegung komme indes in die Auseinandersetzung mit der Frage nach dem weiteren Umgang mit dem <a href=\"https:\/\/blog.zeit.de\/nsu-prozess-blog\/2017\/01\/18\/gutachter-nimmt-zschaepe-letzte-hoffnung\/\">psychiatrischen Gutachten \u00fcber Zsch\u00e4pe<\/a>: Nach Ostern soll der Bochumer Professor <a href=\"https:\/\/blog.zeit.de\/nsu-prozess-blog\/2016\/12\/20\/die-letzten-waffen-der-beate-zschaepe-anwaelte\/\">Pedro Faustmann<\/a> aussagen, der sich methodenkritisch mit dem Gutachten des vom Gericht bestellten Psychiater Henning Sa\u00df befasst hat. Beauftragt haben ihn Zsch\u00e4pes Altanw\u00e4lte. Ebenfalls geladen werden k\u00f6nnte der Freiburger Psychologe Joachim Bauer, mit dem Zsch\u00e4pe <a href=\"https:\/\/blog.zeit.de\/nsu-prozess-blog\/2017\/02\/16\/zschaepe-will-sich-doch-noch-oeffnen\/\">mittlerweile gesprochen hat<\/a> \u2013 anders als mit Gutachter Sa\u00df. Die m\u00f6gliche Folge: &#8222;Zsch\u00e4pes Seele ist noch f\u00fcr viele Verhandlungstage gut&#8220;, bilanziert Autorin Ramelsberger.<\/p>\n<p><em>Das n\u00e4chste Medienlog erscheint am Freitag, 31. M\u00e4rz 2017.<\/em><\/p>\n","protected":false},"excerpt":{"rendered":"<p>Insgesamt sechs Befangenheitsantr\u00e4ge der Anw\u00e4lte von Beate Zsch\u00e4pe und Ralf Wohlleben gegen die NSU-Richter standen im Raum \u2013 und wurden durch gestern ausgeteilte Beschl\u00fcsse s\u00e4mtlich abgelehnt. Weiter offen ist allerdings der Antrag von Zsch\u00e4pes Verteidigern auf ihre eigene Entlassung. &#8222;Wenn das Gericht sich heute mit diesem Antrag befasst h\u00e4tte, w\u00e4ren wohl Alt- und Neuverteidiger auf [&hellip;]<\/p>\n","protected":false},"author":435,"featured_media":0,"comment_status":"open","ping_status":"open","sticky":false,"template":"","format":"standard","meta":{"_jetpack_memberships_contains_paid_content":false,"footnotes":""},"categories":[27531],"tags":[29424,17793,29430,29533,1105,33589],"class_list":["post-12934","post","type-post","status-publish","format-standard","hentry","category-medienschau","tag-anwalte","tag-beate-zschape","tag-befangenheitsantrag","tag-entpflichtung","tag-gutachten","tag-psychiater"],"yoast_head":"<!-- This site is optimized with the Yoast SEO plugin v21.0 - https:\/\/yoast.com\/wordpress\/plugins\/seo\/ -->\n<title>Verteidiger halten die F\u00fc\u00dfe still \u2013 Das Medienlog vom Donnerstag, 30. M\u00e4rz 2017 - Das NSU-Prozess-Blog<\/title>\n<meta name=\"robots\" content=\"index, follow, max-snippet:-1, max-image-preview:large, max-video-preview:-1\" \/>\n<link rel=\"canonical\" href=\"https:\/\/blog.zeit.de\/nsu-prozess-blog\/2017\/03\/30\/medienlog-befangenheitsantrag-streit-nsu\/\" \/>\n<meta property=\"og:locale\" content=\"de_DE\" \/>\n<meta property=\"og:type\" content=\"article\" \/>\n<meta property=\"og:title\" content=\"Verteidiger halten die F\u00fc\u00dfe still \u2013 Das Medienlog vom Donnerstag, 30. M\u00e4rz 2017 - Das NSU-Prozess-Blog\" \/>\n<meta property=\"og:description\" content=\"Insgesamt sechs Befangenheitsantr\u00e4ge der Anw\u00e4lte von Beate Zsch\u00e4pe und Ralf Wohlleben gegen die NSU-Richter standen im Raum \u2013 und wurden durch gestern ausgeteilte Beschl\u00fcsse s\u00e4mtlich abgelehnt. Weiter offen ist allerdings der Antrag von Zsch\u00e4pes Verteidigern auf ihre eigene Entlassung. &#8222;Wenn das Gericht sich heute mit diesem Antrag befasst h\u00e4tte, w\u00e4ren wohl Alt- und Neuverteidiger auf [&hellip;]\" \/>\n<meta property=\"og:url\" content=\"https:\/\/blog.zeit.de\/nsu-prozess-blog\/2017\/03\/30\/medienlog-befangenheitsantrag-streit-nsu\/\" \/>\n<meta property=\"og:site_name\" content=\"Das NSU-Prozess-Blog\" \/>\n<meta property=\"article:published_time\" content=\"2017-03-30T07:25:21+00:00\" \/>\n<meta property=\"article:modified_time\" content=\"2017-10-01T18:46:03+00:00\" \/>\n<meta name=\"author\" content=\"Tom Sundermann\" \/>\n<meta name=\"twitter:label1\" content=\"Geschrieben von\" \/>\n\t<meta name=\"twitter:data1\" content=\"Tom Sundermann\" \/>\n\t<meta name=\"twitter:label2\" content=\"Gesch\u00e4tzte Lesezeit\" \/>\n\t<meta name=\"twitter:data2\" content=\"2\u00a0Minuten\" \/>\n<script type=\"application\/ld+json\" class=\"yoast-schema-graph\">{\"@context\":\"https:\/\/schema.org\",\"@graph\":[{\"@type\":\"WebPage\",\"@id\":\"https:\/\/blog.zeit.de\/nsu-prozess-blog\/2017\/03\/30\/medienlog-befangenheitsantrag-streit-nsu\/\",\"url\":\"https:\/\/blog.zeit.de\/nsu-prozess-blog\/2017\/03\/30\/medienlog-befangenheitsantrag-streit-nsu\/\",\"name\":\"Verteidiger halten die F\u00fc\u00dfe still \u2013 Das Medienlog vom Donnerstag, 30. M\u00e4rz 2017 - Das NSU-Prozess-Blog\",\"isPartOf\":{\"@id\":\"https:\/\/blog.zeit.de\/nsu-prozess-blog\/#website\"},\"datePublished\":\"2017-03-30T07:25:21+00:00\",\"dateModified\":\"2017-10-01T18:46:03+00:00\",\"author\":{\"@id\":\"https:\/\/blog.zeit.de\/nsu-prozess-blog\/#\/schema\/person\/553ea9bb5d1fc2ae054c589bd59380a5\"},\"breadcrumb\":{\"@id\":\"https:\/\/blog.zeit.de\/nsu-prozess-blog\/2017\/03\/30\/medienlog-befangenheitsantrag-streit-nsu\/#breadcrumb\"},\"inLanguage\":\"de\",\"potentialAction\":[{\"@type\":\"ReadAction\",\"target\":[\"https:\/\/blog.zeit.de\/nsu-prozess-blog\/2017\/03\/30\/medienlog-befangenheitsantrag-streit-nsu\/\"]}]},{\"@type\":\"BreadcrumbList\",\"@id\":\"https:\/\/blog.zeit.de\/nsu-prozess-blog\/2017\/03\/30\/medienlog-befangenheitsantrag-streit-nsu\/#breadcrumb\",\"itemListElement\":[{\"@type\":\"ListItem\",\"position\":1,\"name\":\"Startseite\",\"item\":\"https:\/\/blog.zeit.de\/nsu-prozess-blog\/\"},{\"@type\":\"ListItem\",\"position\":2,\"name\":\"Verteidiger halten die F\u00fc\u00dfe still \u2013 Das Medienlog vom Donnerstag, 30. M\u00e4rz 2017\"}]},{\"@type\":\"WebSite\",\"@id\":\"https:\/\/blog.zeit.de\/nsu-prozess-blog\/#website\",\"url\":\"https:\/\/blog.zeit.de\/nsu-prozess-blog\/\",\"name\":\"Das NSU-Prozess-Blog\",\"description\":\"Alle Berichte zum Terrorverfahren in M\u00fcnchen\",\"potentialAction\":[{\"@type\":\"SearchAction\",\"target\":{\"@type\":\"EntryPoint\",\"urlTemplate\":\"https:\/\/blog.zeit.de\/nsu-prozess-blog\/?s={search_term_string}\"},\"query-input\":\"required name=search_term_string\"}],\"inLanguage\":\"de\"},{\"@type\":\"Person\",\"@id\":\"https:\/\/blog.zeit.de\/nsu-prozess-blog\/#\/schema\/person\/553ea9bb5d1fc2ae054c589bd59380a5\",\"name\":\"Tom Sundermann\",\"image\":{\"@type\":\"ImageObject\",\"inLanguage\":\"de\",\"@id\":\"https:\/\/blog.zeit.de\/nsu-prozess-blog\/#\/schema\/person\/image\/\",\"url\":\"https:\/\/secure.gravatar.com\/avatar\/e108a3dc18766f719b2f797dc5d19093f06a1870c55b553ab6b7563f1f9a5e68?s=96&d=mm&r=g\",\"contentUrl\":\"https:\/\/secure.gravatar.com\/avatar\/e108a3dc18766f719b2f797dc5d19093f06a1870c55b553ab6b7563f1f9a5e68?s=96&d=mm&r=g\",\"caption\":\"Tom Sundermann\"},\"sameAs\":[\"https:\/\/twitter.com\/messeticker\"],\"url\":\"https:\/\/blog.zeit.de\/nsu-prozess-blog\/author\/tsundermann\/\"}]}<\/script>\n<!-- \/ Yoast SEO plugin. -->","yoast_head_json":{"title":"Verteidiger halten die F\u00fc\u00dfe still \u2013 Das Medienlog vom Donnerstag, 30. M\u00e4rz 2017 - Das NSU-Prozess-Blog","robots":{"index":"index","follow":"follow","max-snippet":"max-snippet:-1","max-image-preview":"max-image-preview:large","max-video-preview":"max-video-preview:-1"},"canonical":"https:\/\/blog.zeit.de\/nsu-prozess-blog\/2017\/03\/30\/medienlog-befangenheitsantrag-streit-nsu\/","og_locale":"de_DE","og_type":"article","og_title":"Verteidiger halten die F\u00fc\u00dfe still \u2013 Das Medienlog vom Donnerstag, 30. M\u00e4rz 2017 - Das NSU-Prozess-Blog","og_description":"Insgesamt sechs Befangenheitsantr\u00e4ge der Anw\u00e4lte von Beate Zsch\u00e4pe und Ralf Wohlleben gegen die NSU-Richter standen im Raum \u2013 und wurden durch gestern ausgeteilte Beschl\u00fcsse s\u00e4mtlich abgelehnt. Weiter offen ist allerdings der Antrag von Zsch\u00e4pes Verteidigern auf ihre eigene Entlassung. &#8222;Wenn das Gericht sich heute mit diesem Antrag befasst h\u00e4tte, w\u00e4ren wohl Alt- und Neuverteidiger auf [&hellip;]","og_url":"https:\/\/blog.zeit.de\/nsu-prozess-blog\/2017\/03\/30\/medienlog-befangenheitsantrag-streit-nsu\/","og_site_name":"Das NSU-Prozess-Blog","article_published_time":"2017-03-30T07:25:21+00:00","article_modified_time":"2017-10-01T18:46:03+00:00","author":"Tom Sundermann","twitter_misc":{"Geschrieben von":"Tom Sundermann","Gesch\u00e4tzte Lesezeit":"2\u00a0Minuten"},"schema":{"@context":"https:\/\/schema.org","@graph":[{"@type":"WebPage","@id":"https:\/\/blog.zeit.de\/nsu-prozess-blog\/2017\/03\/30\/medienlog-befangenheitsantrag-streit-nsu\/","url":"https:\/\/blog.zeit.de\/nsu-prozess-blog\/2017\/03\/30\/medienlog-befangenheitsantrag-streit-nsu\/","name":"Verteidiger halten die F\u00fc\u00dfe still \u2013 Das Medienlog vom Donnerstag, 30. M\u00e4rz 2017 - Das NSU-Prozess-Blog","isPartOf":{"@id":"https:\/\/blog.zeit.de\/nsu-prozess-blog\/#website"},"datePublished":"2017-03-30T07:25:21+00:00","dateModified":"2017-10-01T18:46:03+00:00","author":{"@id":"https:\/\/blog.zeit.de\/nsu-prozess-blog\/#\/schema\/person\/553ea9bb5d1fc2ae054c589bd59380a5"},"breadcrumb":{"@id":"https:\/\/blog.zeit.de\/nsu-prozess-blog\/2017\/03\/30\/medienlog-befangenheitsantrag-streit-nsu\/#breadcrumb"},"inLanguage":"de","potentialAction":[{"@type":"ReadAction","target":["https:\/\/blog.zeit.de\/nsu-prozess-blog\/2017\/03\/30\/medienlog-befangenheitsantrag-streit-nsu\/"]}]},{"@type":"BreadcrumbList","@id":"https:\/\/blog.zeit.de\/nsu-prozess-blog\/2017\/03\/30\/medienlog-befangenheitsantrag-streit-nsu\/#breadcrumb","itemListElement":[{"@type":"ListItem","position":1,"name":"Startseite","item":"https:\/\/blog.zeit.de\/nsu-prozess-blog\/"},{"@type":"ListItem","position":2,"name":"Verteidiger halten die F\u00fc\u00dfe still \u2013 Das Medienlog vom Donnerstag, 30. M\u00e4rz 2017"}]},{"@type":"WebSite","@id":"https:\/\/blog.zeit.de\/nsu-prozess-blog\/#website","url":"https:\/\/blog.zeit.de\/nsu-prozess-blog\/","name":"Das NSU-Prozess-Blog","description":"Alle Berichte zum Terrorverfahren in M\u00fcnchen","potentialAction":[{"@type":"SearchAction","target":{"@type":"EntryPoint","urlTemplate":"https:\/\/blog.zeit.de\/nsu-prozess-blog\/?s={search_term_string}"},"query-input":"required name=search_term_string"}],"inLanguage":"de"},{"@type":"Person","@id":"https:\/\/blog.zeit.de\/nsu-prozess-blog\/#\/schema\/person\/553ea9bb5d1fc2ae054c589bd59380a5","name":"Tom Sundermann","image":{"@type":"ImageObject","inLanguage":"de","@id":"https:\/\/blog.zeit.de\/nsu-prozess-blog\/#\/schema\/person\/image\/","url":"https:\/\/secure.gravatar.com\/avatar\/e108a3dc18766f719b2f797dc5d19093f06a1870c55b553ab6b7563f1f9a5e68?s=96&d=mm&r=g","contentUrl":"https:\/\/secure.gravatar.com\/avatar\/e108a3dc18766f719b2f797dc5d19093f06a1870c55b553ab6b7563f1f9a5e68?s=96&d=mm&r=g","caption":"Tom Sundermann"},"sameAs":["https:\/\/twitter.com\/messeticker"],"url":"https:\/\/blog.zeit.de\/nsu-prozess-blog\/author\/tsundermann\/"}]}},"jetpack_featured_media_url":"","jetpack_sharing_enabled":true,"_links":{"self":[{"href":"https:\/\/blog.zeit.de\/nsu-prozess-blog\/wp-json\/wp\/v2\/posts\/12934","targetHints":{"allow":["GET"]}}],"collection":[{"href":"https:\/\/blog.zeit.de\/nsu-prozess-blog\/wp-json\/wp\/v2\/posts"}],"about":[{"href":"https:\/\/blog.zeit.de\/nsu-prozess-blog\/wp-json\/wp\/v2\/types\/post"}],"author":[{"embeddable":true,"href":"https:\/\/blog.zeit.de\/nsu-prozess-blog\/wp-json\/wp\/v2\/users\/435"}],"replies":[{"embeddable":true,"href":"https:\/\/blog.zeit.de\/nsu-prozess-blog\/wp-json\/wp\/v2\/comments?post=12934"}],"version-history":[{"count":6,"href":"https:\/\/blog.zeit.de\/nsu-prozess-blog\/wp-json\/wp\/v2\/posts\/12934\/revisions"}],"predecessor-version":[{"id":13875,"href":"https:\/\/blog.zeit.de\/nsu-prozess-blog\/wp-json\/wp\/v2\/posts\/12934\/revisions\/13875"}],"wp:attachment":[{"href":"https:\/\/blog.zeit.de\/nsu-prozess-blog\/wp-json\/wp\/v2\/media?parent=12934"}],"wp:term":[{"taxonomy":"category","embeddable":true,"href":"https:\/\/blog.zeit.de\/nsu-prozess-blog\/wp-json\/wp\/v2\/categories?post=12934"},{"taxonomy":"post_tag","embeddable":true,"href":"https:\/\/blog.zeit.de\/nsu-prozess-blog\/wp-json\/wp\/v2\/tags?post=12934"}],"curies":[{"name":"wp","href":"https:\/\/api.w.org\/{rel}","templated":true}]}}