{"id":12948,"date":"2017-03-31T13:26:23","date_gmt":"2017-03-31T11:26:23","guid":{"rendered":"http:\/\/blog.zeit.de\/nsu-prozess-blog\/?p=12948"},"modified":"2017-04-06T20:58:34","modified_gmt":"2017-04-06T18:58:34","slug":"medienlog-zschape-stoerung-schuldfaehigkeit-nsu","status":"publish","type":"post","link":"https:\/\/blog.zeit.de\/nsu-prozess-blog\/2017\/03\/31\/medienlog-zschape-stoerung-schuldfaehigkeit-nsu\/","title":{"rendered":"Zsch\u00e4pes riskante Psychologie-Strategie \u2013 Das Medienlog vom Freitag, 31. M\u00e4rz 2017"},"content":{"rendered":"<p>\u00dcberraschende Wende in der Strategie von Beate Zsch\u00e4pes neuen Verteidigern Mathias Grasel und Hermann Borchert: Auf Grundlage eines Gutachtens des <a href=\"https:\/\/blog.zeit.de\/nsu-prozess-blog\/2017\/02\/16\/zschaepe-will-sich-doch-noch-oeffnen\/\">Psychiaters Joachim Bauer<\/a> wollen sie Zsch\u00e4pe f\u00fcr vermindert schuldf\u00e4hig erkl\u00e4ren lassen \u2013 weil sie w\u00e4hrend der Zeit im Untergrund an einer Pers\u00f6nlichkeitsst\u00f6rung gelitten haben soll. Schon am kommenden Donnerstag k\u00f6nnte Bauer aussagen. Folgt das Gericht der Argumentation, k\u00f6nnte Zsch\u00e4pe eine geringere Strafe erhalten.<\/p>\n<p>Laut dem Antrag von Anwalt Grasel leidet Zsch\u00e4pe an einer sogenannten dependenten Pers\u00f6nlichkeitsst\u00f6rung. Auff\u00e4llig sei, dass die Angeklagte auch in ihren Aussagen bislang nur behauptet hatte, die Morde ihrer Komplizen Uwe Mundlos und Uwe B\u00f6hnhardt nicht gutgehei\u00dfen zu haben, hei\u00dft es auf <a href=\"http:\/\/www.spiegel.de\/panorama\/justiz\/beate-zschaepe-anwalt-will-im-nsu-prozess-schuldunfaehigkeit-feststellen-a-1141101.html\" target=\"_blank\"><em>Spiegel Online<\/em><\/a>: &#8222;Davon, dass sie das Unrecht der Taten nicht habe erkennen k\u00f6nnen, war nie die Rede.&#8220;<\/p>\n<p><!--more--><\/p>\n<p><em>An jedem Werktag sichten wir f\u00fcr das NSU-Prozess-Blog die Medien und stellen wichtige Berichte, Blogs, Videos und Tweets zusammen. Wir freuen uns \u00fcber Hinweise via Twitter mit dem Hashtag #nsublog \u2013 oder per E-Mail an <a href=\"mailto:nsublog@zeit.de\">nsublog@zeit.de<\/a>.<\/em><\/p>\n<p>Sollten die Richter ebenfalls zu dem Schluss kommen, die Angeklagte habe an einer St\u00f6rung gelitten, &#8222;h\u00e4tte das f\u00fcr Zsch\u00e4pe einen hohen Preis&#8220;, merkt Christoph Arnowski vom <a href=\"http:\/\/www.br.de\/nachrichten\/nsu-prozess\/170330-tagebuch-gerichtsreporter-100.html\" target=\"_blank\">Bayerischen Rundfunk<\/a> an: Ihr droht die Einweisung in die forensische Psychiatrie, Entlassungszeitpunkt unbestimmt. Unklar ist daher, warum sich die Anw\u00e4lte f\u00fcr diesen Schritt entschieden haben. &#8222;Es scheint, als glaubten Rechtsanwalt Grasel und sein Kollege Borchert selbst nicht mehr an den Erfolg ihrer Verteidigungsstrategie.&#8220;<\/p>\n<p>Annette Ramelsberger und Wiebke Ramm vermuten in der <a href=\"http:\/\/www.sueddeutsche.de\/politik\/nsu-prozess-neue-strategie-1.3443707\" target=\"_blank\"><em>S\u00fcddeutschen Zeitung<\/em><\/a>, der Vorsto\u00df k\u00f6nnte &#8222;zum Eigentor der Verteidigung werden&#8220;. Mit dem vom Gericht bestellten Psychiater Henning Sa\u00df hatte Zsch\u00e4pe n\u00e4mlich nicht gesprochen, anders als mit seinem Berufskollegen Bauer. Die Aussagen ihm gegen\u00fcber k\u00f6nnten nun &#8222;das liefern, was ihm noch fehlte&#8220;. Sa\u00df hatte Zsch\u00e4pe <a href=\"https:\/\/blog.zeit.de\/nsu-prozess-blog\/2017\/01\/18\/gutachter-nimmt-zschaepe-letzte-hoffnung\/\">in seinem Gutachten f\u00fcr schuldf\u00e4hig befunden<\/a> und sie als weiter gef\u00e4hrlich eingestuft.<\/p>\n<p>&#8222;Kaum ein Strafverteidiger legt es heute noch darauf an, seinen Mandanten in die Psychiatrie zu bringen, weil die Folgen nicht abzusch\u00e4tzen sind&#8220;, schreiben wir auf <a href=\"https:\/\/blog.zeit.de\/nsu-prozess-blog\/2017\/03\/30\/eine-schwere-andere-seelische-abartigkeit\/\" target=\"_blank\">ZEIT ONLINE<\/a>. Gleichzeitig ist es demnach aber auch &#8222;h\u00f6chst zweifelhaft, dass das Gericht sich Bauer und den Verteidigern anschlie\u00dft&#8220;. Schlie\u00dflich habe das Sa\u00df-Gutachten weiterhin Bestand.<\/p>\n<p>Wiebke Ramm vergleicht in einem weiteren Text in der <a href=\"http:\/\/www.sueddeutsche.de\/politik\/nsu-prozess-beate-zschaepe-ploetzlich-gestoert-1.3444139\" target=\"_blank\"><em>S\u00fcddeutschen Zeitung<\/em><\/a> die Definition der dependenten Pers\u00f6nlichkeitsst\u00f6rung mit der <a href=\"http:\/\/www.zeit.de\/politik\/ausland\/2015-12\/beate-schaepe-aussage-bewertung\">Aussage von Zsch\u00e4pe<\/a> im Dezember 2015. Sie enthalte demnach &#8222;geradezu lehrbuchhafte Formulierungen&#8220;, offenbar auf Kenntnis der Krankheitsbeschreibung basierend. Eine abh\u00e4ngige Pers\u00f6nlichkeit, wie sie f\u00fcr die St\u00f6rung typisch ist, sei aber eher bei anderen Menschen denkbar: &#8222;Man denkt nicht an Zsch\u00e4pe, die fast 14 Jahre lang einen Mord nach dem anderen geschehen l\u00e4sst.&#8220; Somit sei die Aussicht f\u00fcr einen Strafrabatt h\u00f6chst pessimistisch: &#8222;Zsch\u00e4pes Strategie, sich als psychisch schwach darstellen zu wollen, kann nicht funktionieren. &#8222;<\/p>\n<p><em>Das n\u00e4chste Medienlog erscheint am Montag, 3. April 2017.<\/em><\/p>\n","protected":false},"excerpt":{"rendered":"<p>\u00dcberraschende Wende in der Strategie von Beate Zsch\u00e4pes neuen Verteidigern Mathias Grasel und Hermann Borchert: Auf Grundlage eines Gutachtens des Psychiaters Joachim Bauer wollen sie Zsch\u00e4pe f\u00fcr vermindert schuldf\u00e4hig erkl\u00e4ren lassen \u2013 weil sie w\u00e4hrend der Zeit im Untergrund an einer Pers\u00f6nlichkeitsst\u00f6rung gelitten haben soll. Schon am kommenden Donnerstag k\u00f6nnte Bauer aussagen. Folgt das Gericht [&hellip;]<\/p>\n","protected":false},"author":435,"featured_media":0,"comment_status":"open","ping_status":"open","sticky":false,"template":"","format":"standard","meta":{"_jetpack_memberships_contains_paid_content":false,"footnotes":""},"categories":[27531],"tags":[17793,1105,35392,35363,33589,35431],"class_list":["post-12948","post","type-post","status-publish","format-standard","hentry","category-medienschau","tag-beate-zschape","tag-gutachten","tag-hermann-borchert","tag-mathias-grasel","tag-psychiater","tag-schuldfaehigkeit"],"yoast_head":"<!-- This site is optimized with the Yoast SEO plugin v21.0 - https:\/\/yoast.com\/wordpress\/plugins\/seo\/ -->\n<title>Zsch\u00e4pes riskante Psychologie-Strategie \u2013 Das Medienlog vom Freitag, 31. M\u00e4rz 2017 - Das NSU-Prozess-Blog<\/title>\n<meta name=\"robots\" content=\"index, follow, max-snippet:-1, max-image-preview:large, max-video-preview:-1\" \/>\n<link rel=\"canonical\" href=\"https:\/\/blog.zeit.de\/nsu-prozess-blog\/2017\/03\/31\/medienlog-zschape-stoerung-schuldfaehigkeit-nsu\/\" \/>\n<meta property=\"og:locale\" content=\"de_DE\" \/>\n<meta property=\"og:type\" content=\"article\" \/>\n<meta property=\"og:title\" content=\"Zsch\u00e4pes riskante Psychologie-Strategie \u2013 Das Medienlog vom Freitag, 31. M\u00e4rz 2017 - Das NSU-Prozess-Blog\" \/>\n<meta property=\"og:description\" content=\"\u00dcberraschende Wende in der Strategie von Beate Zsch\u00e4pes neuen Verteidigern Mathias Grasel und Hermann Borchert: Auf Grundlage eines Gutachtens des Psychiaters Joachim Bauer wollen sie Zsch\u00e4pe f\u00fcr vermindert schuldf\u00e4hig erkl\u00e4ren lassen \u2013 weil sie w\u00e4hrend der Zeit im Untergrund an einer Pers\u00f6nlichkeitsst\u00f6rung gelitten haben soll. Schon am kommenden Donnerstag k\u00f6nnte Bauer aussagen. Folgt das Gericht [&hellip;]\" \/>\n<meta property=\"og:url\" content=\"https:\/\/blog.zeit.de\/nsu-prozess-blog\/2017\/03\/31\/medienlog-zschape-stoerung-schuldfaehigkeit-nsu\/\" \/>\n<meta property=\"og:site_name\" content=\"Das NSU-Prozess-Blog\" \/>\n<meta property=\"article:published_time\" content=\"2017-03-31T11:26:23+00:00\" \/>\n<meta property=\"article:modified_time\" content=\"2017-04-06T18:58:34+00:00\" \/>\n<meta name=\"author\" content=\"Tom Sundermann\" \/>\n<meta name=\"twitter:label1\" content=\"Geschrieben von\" \/>\n\t<meta name=\"twitter:data1\" content=\"Tom Sundermann\" \/>\n\t<meta name=\"twitter:label2\" content=\"Gesch\u00e4tzte Lesezeit\" \/>\n\t<meta name=\"twitter:data2\" content=\"2\u00a0Minuten\" \/>\n<script type=\"application\/ld+json\" class=\"yoast-schema-graph\">{\"@context\":\"https:\/\/schema.org\",\"@graph\":[{\"@type\":\"WebPage\",\"@id\":\"https:\/\/blog.zeit.de\/nsu-prozess-blog\/2017\/03\/31\/medienlog-zschape-stoerung-schuldfaehigkeit-nsu\/\",\"url\":\"https:\/\/blog.zeit.de\/nsu-prozess-blog\/2017\/03\/31\/medienlog-zschape-stoerung-schuldfaehigkeit-nsu\/\",\"name\":\"Zsch\u00e4pes riskante Psychologie-Strategie \u2013 Das Medienlog vom Freitag, 31. M\u00e4rz 2017 - Das NSU-Prozess-Blog\",\"isPartOf\":{\"@id\":\"https:\/\/blog.zeit.de\/nsu-prozess-blog\/#website\"},\"datePublished\":\"2017-03-31T11:26:23+00:00\",\"dateModified\":\"2017-04-06T18:58:34+00:00\",\"author\":{\"@id\":\"https:\/\/blog.zeit.de\/nsu-prozess-blog\/#\/schema\/person\/553ea9bb5d1fc2ae054c589bd59380a5\"},\"breadcrumb\":{\"@id\":\"https:\/\/blog.zeit.de\/nsu-prozess-blog\/2017\/03\/31\/medienlog-zschape-stoerung-schuldfaehigkeit-nsu\/#breadcrumb\"},\"inLanguage\":\"de\",\"potentialAction\":[{\"@type\":\"ReadAction\",\"target\":[\"https:\/\/blog.zeit.de\/nsu-prozess-blog\/2017\/03\/31\/medienlog-zschape-stoerung-schuldfaehigkeit-nsu\/\"]}]},{\"@type\":\"BreadcrumbList\",\"@id\":\"https:\/\/blog.zeit.de\/nsu-prozess-blog\/2017\/03\/31\/medienlog-zschape-stoerung-schuldfaehigkeit-nsu\/#breadcrumb\",\"itemListElement\":[{\"@type\":\"ListItem\",\"position\":1,\"name\":\"Startseite\",\"item\":\"https:\/\/blog.zeit.de\/nsu-prozess-blog\/\"},{\"@type\":\"ListItem\",\"position\":2,\"name\":\"Zsch\u00e4pes riskante Psychologie-Strategie \u2013 Das Medienlog vom Freitag, 31. M\u00e4rz 2017\"}]},{\"@type\":\"WebSite\",\"@id\":\"https:\/\/blog.zeit.de\/nsu-prozess-blog\/#website\",\"url\":\"https:\/\/blog.zeit.de\/nsu-prozess-blog\/\",\"name\":\"Das NSU-Prozess-Blog\",\"description\":\"Alle Berichte zum Terrorverfahren in M\u00fcnchen\",\"potentialAction\":[{\"@type\":\"SearchAction\",\"target\":{\"@type\":\"EntryPoint\",\"urlTemplate\":\"https:\/\/blog.zeit.de\/nsu-prozess-blog\/?s={search_term_string}\"},\"query-input\":\"required name=search_term_string\"}],\"inLanguage\":\"de\"},{\"@type\":\"Person\",\"@id\":\"https:\/\/blog.zeit.de\/nsu-prozess-blog\/#\/schema\/person\/553ea9bb5d1fc2ae054c589bd59380a5\",\"name\":\"Tom Sundermann\",\"image\":{\"@type\":\"ImageObject\",\"inLanguage\":\"de\",\"@id\":\"https:\/\/blog.zeit.de\/nsu-prozess-blog\/#\/schema\/person\/image\/\",\"url\":\"https:\/\/secure.gravatar.com\/avatar\/e108a3dc18766f719b2f797dc5d19093f06a1870c55b553ab6b7563f1f9a5e68?s=96&d=mm&r=g\",\"contentUrl\":\"https:\/\/secure.gravatar.com\/avatar\/e108a3dc18766f719b2f797dc5d19093f06a1870c55b553ab6b7563f1f9a5e68?s=96&d=mm&r=g\",\"caption\":\"Tom Sundermann\"},\"sameAs\":[\"https:\/\/twitter.com\/messeticker\"],\"url\":\"https:\/\/blog.zeit.de\/nsu-prozess-blog\/author\/tsundermann\/\"}]}<\/script>\n<!-- \/ Yoast SEO plugin. -->","yoast_head_json":{"title":"Zsch\u00e4pes riskante Psychologie-Strategie \u2013 Das Medienlog vom Freitag, 31. M\u00e4rz 2017 - Das NSU-Prozess-Blog","robots":{"index":"index","follow":"follow","max-snippet":"max-snippet:-1","max-image-preview":"max-image-preview:large","max-video-preview":"max-video-preview:-1"},"canonical":"https:\/\/blog.zeit.de\/nsu-prozess-blog\/2017\/03\/31\/medienlog-zschape-stoerung-schuldfaehigkeit-nsu\/","og_locale":"de_DE","og_type":"article","og_title":"Zsch\u00e4pes riskante Psychologie-Strategie \u2013 Das Medienlog vom Freitag, 31. M\u00e4rz 2017 - Das NSU-Prozess-Blog","og_description":"\u00dcberraschende Wende in der Strategie von Beate Zsch\u00e4pes neuen Verteidigern Mathias Grasel und Hermann Borchert: Auf Grundlage eines Gutachtens des Psychiaters Joachim Bauer wollen sie Zsch\u00e4pe f\u00fcr vermindert schuldf\u00e4hig erkl\u00e4ren lassen \u2013 weil sie w\u00e4hrend der Zeit im Untergrund an einer Pers\u00f6nlichkeitsst\u00f6rung gelitten haben soll. Schon am kommenden Donnerstag k\u00f6nnte Bauer aussagen. Folgt das Gericht [&hellip;]","og_url":"https:\/\/blog.zeit.de\/nsu-prozess-blog\/2017\/03\/31\/medienlog-zschape-stoerung-schuldfaehigkeit-nsu\/","og_site_name":"Das NSU-Prozess-Blog","article_published_time":"2017-03-31T11:26:23+00:00","article_modified_time":"2017-04-06T18:58:34+00:00","author":"Tom Sundermann","twitter_misc":{"Geschrieben von":"Tom Sundermann","Gesch\u00e4tzte Lesezeit":"2\u00a0Minuten"},"schema":{"@context":"https:\/\/schema.org","@graph":[{"@type":"WebPage","@id":"https:\/\/blog.zeit.de\/nsu-prozess-blog\/2017\/03\/31\/medienlog-zschape-stoerung-schuldfaehigkeit-nsu\/","url":"https:\/\/blog.zeit.de\/nsu-prozess-blog\/2017\/03\/31\/medienlog-zschape-stoerung-schuldfaehigkeit-nsu\/","name":"Zsch\u00e4pes riskante Psychologie-Strategie \u2013 Das Medienlog vom Freitag, 31. M\u00e4rz 2017 - Das NSU-Prozess-Blog","isPartOf":{"@id":"https:\/\/blog.zeit.de\/nsu-prozess-blog\/#website"},"datePublished":"2017-03-31T11:26:23+00:00","dateModified":"2017-04-06T18:58:34+00:00","author":{"@id":"https:\/\/blog.zeit.de\/nsu-prozess-blog\/#\/schema\/person\/553ea9bb5d1fc2ae054c589bd59380a5"},"breadcrumb":{"@id":"https:\/\/blog.zeit.de\/nsu-prozess-blog\/2017\/03\/31\/medienlog-zschape-stoerung-schuldfaehigkeit-nsu\/#breadcrumb"},"inLanguage":"de","potentialAction":[{"@type":"ReadAction","target":["https:\/\/blog.zeit.de\/nsu-prozess-blog\/2017\/03\/31\/medienlog-zschape-stoerung-schuldfaehigkeit-nsu\/"]}]},{"@type":"BreadcrumbList","@id":"https:\/\/blog.zeit.de\/nsu-prozess-blog\/2017\/03\/31\/medienlog-zschape-stoerung-schuldfaehigkeit-nsu\/#breadcrumb","itemListElement":[{"@type":"ListItem","position":1,"name":"Startseite","item":"https:\/\/blog.zeit.de\/nsu-prozess-blog\/"},{"@type":"ListItem","position":2,"name":"Zsch\u00e4pes riskante Psychologie-Strategie \u2013 Das Medienlog vom Freitag, 31. M\u00e4rz 2017"}]},{"@type":"WebSite","@id":"https:\/\/blog.zeit.de\/nsu-prozess-blog\/#website","url":"https:\/\/blog.zeit.de\/nsu-prozess-blog\/","name":"Das NSU-Prozess-Blog","description":"Alle Berichte zum Terrorverfahren in M\u00fcnchen","potentialAction":[{"@type":"SearchAction","target":{"@type":"EntryPoint","urlTemplate":"https:\/\/blog.zeit.de\/nsu-prozess-blog\/?s={search_term_string}"},"query-input":"required name=search_term_string"}],"inLanguage":"de"},{"@type":"Person","@id":"https:\/\/blog.zeit.de\/nsu-prozess-blog\/#\/schema\/person\/553ea9bb5d1fc2ae054c589bd59380a5","name":"Tom Sundermann","image":{"@type":"ImageObject","inLanguage":"de","@id":"https:\/\/blog.zeit.de\/nsu-prozess-blog\/#\/schema\/person\/image\/","url":"https:\/\/secure.gravatar.com\/avatar\/e108a3dc18766f719b2f797dc5d19093f06a1870c55b553ab6b7563f1f9a5e68?s=96&d=mm&r=g","contentUrl":"https:\/\/secure.gravatar.com\/avatar\/e108a3dc18766f719b2f797dc5d19093f06a1870c55b553ab6b7563f1f9a5e68?s=96&d=mm&r=g","caption":"Tom Sundermann"},"sameAs":["https:\/\/twitter.com\/messeticker"],"url":"https:\/\/blog.zeit.de\/nsu-prozess-blog\/author\/tsundermann\/"}]}},"jetpack_featured_media_url":"","jetpack_sharing_enabled":true,"_links":{"self":[{"href":"https:\/\/blog.zeit.de\/nsu-prozess-blog\/wp-json\/wp\/v2\/posts\/12948","targetHints":{"allow":["GET"]}}],"collection":[{"href":"https:\/\/blog.zeit.de\/nsu-prozess-blog\/wp-json\/wp\/v2\/posts"}],"about":[{"href":"https:\/\/blog.zeit.de\/nsu-prozess-blog\/wp-json\/wp\/v2\/types\/post"}],"author":[{"embeddable":true,"href":"https:\/\/blog.zeit.de\/nsu-prozess-blog\/wp-json\/wp\/v2\/users\/435"}],"replies":[{"embeddable":true,"href":"https:\/\/blog.zeit.de\/nsu-prozess-blog\/wp-json\/wp\/v2\/comments?post=12948"}],"version-history":[{"count":6,"href":"https:\/\/blog.zeit.de\/nsu-prozess-blog\/wp-json\/wp\/v2\/posts\/12948\/revisions"}],"predecessor-version":[{"id":13021,"href":"https:\/\/blog.zeit.de\/nsu-prozess-blog\/wp-json\/wp\/v2\/posts\/12948\/revisions\/13021"}],"wp:attachment":[{"href":"https:\/\/blog.zeit.de\/nsu-prozess-blog\/wp-json\/wp\/v2\/media?parent=12948"}],"wp:term":[{"taxonomy":"category","embeddable":true,"href":"https:\/\/blog.zeit.de\/nsu-prozess-blog\/wp-json\/wp\/v2\/categories?post=12948"},{"taxonomy":"post_tag","embeddable":true,"href":"https:\/\/blog.zeit.de\/nsu-prozess-blog\/wp-json\/wp\/v2\/tags?post=12948"}],"curies":[{"name":"wp","href":"https:\/\/api.w.org\/{rel}","templated":true}]}}