{"id":13018,"date":"2017-04-07T09:16:41","date_gmt":"2017-04-07T07:16:41","guid":{"rendered":"http:\/\/blog.zeit.de\/nsu-prozess-blog\/?p=13018"},"modified":"2017-04-11T14:23:28","modified_gmt":"2017-04-11T12:23:28","slug":"medienlog-yozgat-temme-forensic-architecture-nsu","status":"publish","type":"post","link":"https:\/\/blog.zeit.de\/nsu-prozess-blog\/2017\/04\/07\/medienlog-yozgat-temme-forensic-architecture-nsu\/","title":{"rendered":"Kassel-Mord: Studie weckt neue Zweifel an Temmes Aussage \u2013 Das Medienlog vom Freitag, 7. April 2017"},"content":{"rendered":"<p>Der damalige Verfassungssch\u00fctzer <a href=\"http:\/\/www.zeit.de\/gesellschaft\/zeitgeschehen\/2013-12\/nsu-prozess-andreas-t\">Andreas Temme<\/a> war beim Mord an Halit Yozgat in Kassel am 6. April 2006 am Tatort, dem Internetcaf\u00e9 des Opfers. Temme sagt, er habe die Sch\u00fcsse nicht geh\u00f6rt, den Sterbenden nicht gesehen. Das Gericht <a href=\"https:\/\/blog.zeit.de\/nsu-prozess-blog\/2016\/07\/13\/medienlog-andreas-t-aussage-nsu\/\">hat sich damit abgefunden<\/a>. Die Londoner Forschungsgruppe Forensic Architecture nicht: Sie ist durch aufw\u00e4ndige Rekonstruktionen zu dem Schluss gekommen, dass Temme den Mord h\u00e4tte wahrnehmen m\u00fcssen. Gestern wurde die Studie in Kassel vorgestellt.<\/p>\n<p>Bei <a href=\"http:\/\/www.zeit.de\/gesellschaft\/zeitgeschehen\/2017-04\/nsu-mord-kassel-andreas-temme-verfassungsschutz-halit-yozgat\" target=\"_blank\">ZEIT ONLINE<\/a> bilanzieren wir, was die Forscher herausgefunden haben, weisen aber auf die verbleibenden Zweifel hin: etwa, dass die Rekonstruktion von Temmes Blickwinkel auf das Opfer am Boden nicht auf dem tats\u00e4chlichen Geschehen basiert, sondern auf Temmes f\u00fcr die Polizei nachgestelltem Gang durch das Internetcaf\u00e9. Au\u00dferdem war es, in einem sehr engen Zeitfenster, m\u00f6glich, dass der Verfassungssch\u00fctzer den Raum vor den t\u00f6dlichen Sch\u00fcssen verlie\u00df.<\/p>\n<p><!--more--><\/p>\n<p><em>An jedem Werktag sichten wir f\u00fcr das NSU-Prozess-Blog die Medien und stellen wichtige Berichte, Blogs, Videos und Tweets zusammen. Wir freuen uns \u00fcber Hinweise via Twitter mit dem Hashtag #nsublog \u2013 oder per E-Mail an <a href=\"mailto:nsublog@zeit.de\">nsublog@zeit.de<\/a>.<\/em><\/p>\n<p>Die Ergebnisse k\u00f6nnten auch f\u00fcr das M\u00fcnchner NSU-Verfahren relevant werden, weil am 10. Mai Projektleiter Eyal Weizman vor Gericht aussagen soll. &#8222;Dann bekommt seine Untersuchung nicht nur eine politische, sondern auch eine juristische Bedeutung&#8220;, hei\u00dft es bei uns. Auch die <a href=\"http:\/\/www.sueddeutsche.de\/politik\/nsu-mord-nsu-mord-modernste-methoden-werfen-neue-fragen-auf-1.3453777\" target=\"_blank\"><em>S\u00fcddeutsche Zeitung<\/em><\/a> schreibt, dass sich &#8222;das Gericht dieses bereits ad acta gelegte Kapitel m\u00f6glicherweise neu vornehmen m\u00fcssen&#8220; wird.<\/p>\n<p>Die Ladung Weizmans ist allerdings noch nicht beschlossen. Die Nebenklageanw\u00e4lte von Familie Yozgat wollten den Forscher zun\u00e4chst auf dem Wege der sogenannten Selbstladung einbestellen. Rechtliche Bedenken an diesem Vorgehen meldete im Gericht allerdings Bundesanwalt Herbert Diemer an. Diese Beschr\u00e4nkung sei notwendig, um die Rechte der Angeklagten zu sichern, wie der <a href=\"http:\/\/www.br.de\/nachrichten\/nsu-prozess\/170406-tagebuch-gerichtsreporter-100.html\" target=\"_blank\">Bayerische Rundfunk<\/a> berichtet. Der Weg wird daher \u00fcber einen normalen Beweisantrag an die Richter f\u00fchren m\u00fcssen. Damit versuchten zuletzt auch die Verteidiger des Mitangeklagten Ralf Wohlleben, ihren Mandanten zu entlasten. &#8222;Dass sich das Gericht die Entlastungsshow in den letzten Tagen der Beweisaufnahme noch antun will, erscheint den meisten Prozessbeobachtern allerdings unwahrscheinlich.&#8220;<\/p>\n<blockquote class=\"twitter-tweet\" data-lang=\"de\">\n<p dir=\"ltr\" lang=\"de\">G\u00f6tzl r\u00e4t Bliwier &amp; Kollegen &#8222;vorsorglich&#8220;, einen (normalen) Beweisantrag auf Ladung von Prof. Weizman von <a href=\"https:\/\/twitter.com\/ForensicArchi\">@ForensicArchi<\/a> zu stellen. <a href=\"https:\/\/twitter.com\/hashtag\/NSU?src=hash\">#NSU<\/a><\/p>\n<p>\u2014 PZ hautnah (@PZhautnah) <a href=\"https:\/\/twitter.com\/PZhautnah\/status\/849933711743344644\">6. April 2017<\/a><\/p><\/blockquote>\n<p><script async src=\"\/\/platform.twitter.com\/widgets.js\" charset=\"utf-8\"><\/script><\/p>\n<p><em>Das n\u00e4chste Medienlog erscheint am Montag, 10. April 2017.<\/em><\/p>\n","protected":false},"excerpt":{"rendered":"<p>Der damalige Verfassungssch\u00fctzer Andreas Temme war beim Mord an Halit Yozgat in Kassel am 6. April 2006 am Tatort, dem Internetcaf\u00e9 des Opfers. Temme sagt, er habe die Sch\u00fcsse nicht geh\u00f6rt, den Sterbenden nicht gesehen. Das Gericht hat sich damit abgefunden. Die Londoner Forschungsgruppe Forensic Architecture nicht: Sie ist durch aufw\u00e4ndige Rekonstruktionen zu dem Schluss [&hellip;]<\/p>\n","protected":false},"author":435,"featured_media":0,"comment_status":"open","ping_status":"open","sticky":false,"template":"","format":"standard","meta":{"_jetpack_memberships_contains_paid_content":false,"footnotes":""},"categories":[27531],"tags":[29442,29470,29495,35432,29435,32137,18863,17772],"class_list":["post-13018","post","type-post","status-publish","format-standard","hentry","category-medienschau","tag-andreas-t","tag-bundesanwalt","tag-bundesanwaltschaft","tag-forensic-architecture","tag-halit-yozgat","tag-herbert-diemer","tag-kassel","tag-ralf-wohlleben"],"yoast_head":"<!-- This site is optimized with the Yoast SEO plugin v21.0 - https:\/\/yoast.com\/wordpress\/plugins\/seo\/ -->\n<title>Kassel-Mord: Studie weckt neue Zweifel an Temmes Aussage \u2013 Das Medienlog vom Freitag, 7. April 2017 - Das NSU-Prozess-Blog<\/title>\n<meta name=\"robots\" content=\"index, follow, max-snippet:-1, max-image-preview:large, max-video-preview:-1\" \/>\n<link rel=\"canonical\" href=\"https:\/\/blog.zeit.de\/nsu-prozess-blog\/2017\/04\/07\/medienlog-yozgat-temme-forensic-architecture-nsu\/\" \/>\n<meta property=\"og:locale\" content=\"de_DE\" \/>\n<meta property=\"og:type\" content=\"article\" \/>\n<meta property=\"og:title\" content=\"Kassel-Mord: Studie weckt neue Zweifel an Temmes Aussage \u2013 Das Medienlog vom Freitag, 7. April 2017 - Das NSU-Prozess-Blog\" \/>\n<meta property=\"og:description\" content=\"Der damalige Verfassungssch\u00fctzer Andreas Temme war beim Mord an Halit Yozgat in Kassel am 6. April 2006 am Tatort, dem Internetcaf\u00e9 des Opfers. Temme sagt, er habe die Sch\u00fcsse nicht geh\u00f6rt, den Sterbenden nicht gesehen. Das Gericht hat sich damit abgefunden. Die Londoner Forschungsgruppe Forensic Architecture nicht: Sie ist durch aufw\u00e4ndige Rekonstruktionen zu dem Schluss [&hellip;]\" \/>\n<meta property=\"og:url\" content=\"https:\/\/blog.zeit.de\/nsu-prozess-blog\/2017\/04\/07\/medienlog-yozgat-temme-forensic-architecture-nsu\/\" \/>\n<meta property=\"og:site_name\" content=\"Das NSU-Prozess-Blog\" \/>\n<meta property=\"article:published_time\" content=\"2017-04-07T07:16:41+00:00\" \/>\n<meta property=\"article:modified_time\" content=\"2017-04-11T12:23:28+00:00\" \/>\n<meta name=\"author\" content=\"Tom Sundermann\" \/>\n<meta name=\"twitter:label1\" content=\"Geschrieben von\" \/>\n\t<meta name=\"twitter:data1\" content=\"Tom Sundermann\" \/>\n\t<meta name=\"twitter:label2\" content=\"Gesch\u00e4tzte Lesezeit\" \/>\n\t<meta name=\"twitter:data2\" content=\"2\u00a0Minuten\" \/>\n<script type=\"application\/ld+json\" class=\"yoast-schema-graph\">{\"@context\":\"https:\/\/schema.org\",\"@graph\":[{\"@type\":\"WebPage\",\"@id\":\"https:\/\/blog.zeit.de\/nsu-prozess-blog\/2017\/04\/07\/medienlog-yozgat-temme-forensic-architecture-nsu\/\",\"url\":\"https:\/\/blog.zeit.de\/nsu-prozess-blog\/2017\/04\/07\/medienlog-yozgat-temme-forensic-architecture-nsu\/\",\"name\":\"Kassel-Mord: Studie weckt neue Zweifel an Temmes Aussage \u2013 Das Medienlog vom Freitag, 7. April 2017 - Das NSU-Prozess-Blog\",\"isPartOf\":{\"@id\":\"https:\/\/blog.zeit.de\/nsu-prozess-blog\/#website\"},\"datePublished\":\"2017-04-07T07:16:41+00:00\",\"dateModified\":\"2017-04-11T12:23:28+00:00\",\"author\":{\"@id\":\"https:\/\/blog.zeit.de\/nsu-prozess-blog\/#\/schema\/person\/553ea9bb5d1fc2ae054c589bd59380a5\"},\"breadcrumb\":{\"@id\":\"https:\/\/blog.zeit.de\/nsu-prozess-blog\/2017\/04\/07\/medienlog-yozgat-temme-forensic-architecture-nsu\/#breadcrumb\"},\"inLanguage\":\"de\",\"potentialAction\":[{\"@type\":\"ReadAction\",\"target\":[\"https:\/\/blog.zeit.de\/nsu-prozess-blog\/2017\/04\/07\/medienlog-yozgat-temme-forensic-architecture-nsu\/\"]}]},{\"@type\":\"BreadcrumbList\",\"@id\":\"https:\/\/blog.zeit.de\/nsu-prozess-blog\/2017\/04\/07\/medienlog-yozgat-temme-forensic-architecture-nsu\/#breadcrumb\",\"itemListElement\":[{\"@type\":\"ListItem\",\"position\":1,\"name\":\"Startseite\",\"item\":\"https:\/\/blog.zeit.de\/nsu-prozess-blog\/\"},{\"@type\":\"ListItem\",\"position\":2,\"name\":\"Kassel-Mord: Studie weckt neue Zweifel an Temmes Aussage \u2013 Das Medienlog vom Freitag, 7. April 2017\"}]},{\"@type\":\"WebSite\",\"@id\":\"https:\/\/blog.zeit.de\/nsu-prozess-blog\/#website\",\"url\":\"https:\/\/blog.zeit.de\/nsu-prozess-blog\/\",\"name\":\"Das NSU-Prozess-Blog\",\"description\":\"Alle Berichte zum Terrorverfahren in M\u00fcnchen\",\"potentialAction\":[{\"@type\":\"SearchAction\",\"target\":{\"@type\":\"EntryPoint\",\"urlTemplate\":\"https:\/\/blog.zeit.de\/nsu-prozess-blog\/?s={search_term_string}\"},\"query-input\":\"required name=search_term_string\"}],\"inLanguage\":\"de\"},{\"@type\":\"Person\",\"@id\":\"https:\/\/blog.zeit.de\/nsu-prozess-blog\/#\/schema\/person\/553ea9bb5d1fc2ae054c589bd59380a5\",\"name\":\"Tom Sundermann\",\"image\":{\"@type\":\"ImageObject\",\"inLanguage\":\"de\",\"@id\":\"https:\/\/blog.zeit.de\/nsu-prozess-blog\/#\/schema\/person\/image\/\",\"url\":\"https:\/\/secure.gravatar.com\/avatar\/e108a3dc18766f719b2f797dc5d19093f06a1870c55b553ab6b7563f1f9a5e68?s=96&d=mm&r=g\",\"contentUrl\":\"https:\/\/secure.gravatar.com\/avatar\/e108a3dc18766f719b2f797dc5d19093f06a1870c55b553ab6b7563f1f9a5e68?s=96&d=mm&r=g\",\"caption\":\"Tom Sundermann\"},\"sameAs\":[\"https:\/\/twitter.com\/messeticker\"],\"url\":\"https:\/\/blog.zeit.de\/nsu-prozess-blog\/author\/tsundermann\/\"}]}<\/script>\n<!-- \/ Yoast SEO plugin. -->","yoast_head_json":{"title":"Kassel-Mord: Studie weckt neue Zweifel an Temmes Aussage \u2013 Das Medienlog vom Freitag, 7. April 2017 - Das NSU-Prozess-Blog","robots":{"index":"index","follow":"follow","max-snippet":"max-snippet:-1","max-image-preview":"max-image-preview:large","max-video-preview":"max-video-preview:-1"},"canonical":"https:\/\/blog.zeit.de\/nsu-prozess-blog\/2017\/04\/07\/medienlog-yozgat-temme-forensic-architecture-nsu\/","og_locale":"de_DE","og_type":"article","og_title":"Kassel-Mord: Studie weckt neue Zweifel an Temmes Aussage \u2013 Das Medienlog vom Freitag, 7. April 2017 - Das NSU-Prozess-Blog","og_description":"Der damalige Verfassungssch\u00fctzer Andreas Temme war beim Mord an Halit Yozgat in Kassel am 6. April 2006 am Tatort, dem Internetcaf\u00e9 des Opfers. Temme sagt, er habe die Sch\u00fcsse nicht geh\u00f6rt, den Sterbenden nicht gesehen. Das Gericht hat sich damit abgefunden. Die Londoner Forschungsgruppe Forensic Architecture nicht: Sie ist durch aufw\u00e4ndige Rekonstruktionen zu dem Schluss [&hellip;]","og_url":"https:\/\/blog.zeit.de\/nsu-prozess-blog\/2017\/04\/07\/medienlog-yozgat-temme-forensic-architecture-nsu\/","og_site_name":"Das NSU-Prozess-Blog","article_published_time":"2017-04-07T07:16:41+00:00","article_modified_time":"2017-04-11T12:23:28+00:00","author":"Tom Sundermann","twitter_misc":{"Geschrieben von":"Tom Sundermann","Gesch\u00e4tzte Lesezeit":"2\u00a0Minuten"},"schema":{"@context":"https:\/\/schema.org","@graph":[{"@type":"WebPage","@id":"https:\/\/blog.zeit.de\/nsu-prozess-blog\/2017\/04\/07\/medienlog-yozgat-temme-forensic-architecture-nsu\/","url":"https:\/\/blog.zeit.de\/nsu-prozess-blog\/2017\/04\/07\/medienlog-yozgat-temme-forensic-architecture-nsu\/","name":"Kassel-Mord: Studie weckt neue Zweifel an Temmes Aussage \u2013 Das Medienlog vom Freitag, 7. April 2017 - Das NSU-Prozess-Blog","isPartOf":{"@id":"https:\/\/blog.zeit.de\/nsu-prozess-blog\/#website"},"datePublished":"2017-04-07T07:16:41+00:00","dateModified":"2017-04-11T12:23:28+00:00","author":{"@id":"https:\/\/blog.zeit.de\/nsu-prozess-blog\/#\/schema\/person\/553ea9bb5d1fc2ae054c589bd59380a5"},"breadcrumb":{"@id":"https:\/\/blog.zeit.de\/nsu-prozess-blog\/2017\/04\/07\/medienlog-yozgat-temme-forensic-architecture-nsu\/#breadcrumb"},"inLanguage":"de","potentialAction":[{"@type":"ReadAction","target":["https:\/\/blog.zeit.de\/nsu-prozess-blog\/2017\/04\/07\/medienlog-yozgat-temme-forensic-architecture-nsu\/"]}]},{"@type":"BreadcrumbList","@id":"https:\/\/blog.zeit.de\/nsu-prozess-blog\/2017\/04\/07\/medienlog-yozgat-temme-forensic-architecture-nsu\/#breadcrumb","itemListElement":[{"@type":"ListItem","position":1,"name":"Startseite","item":"https:\/\/blog.zeit.de\/nsu-prozess-blog\/"},{"@type":"ListItem","position":2,"name":"Kassel-Mord: Studie weckt neue Zweifel an Temmes Aussage \u2013 Das Medienlog vom Freitag, 7. April 2017"}]},{"@type":"WebSite","@id":"https:\/\/blog.zeit.de\/nsu-prozess-blog\/#website","url":"https:\/\/blog.zeit.de\/nsu-prozess-blog\/","name":"Das NSU-Prozess-Blog","description":"Alle Berichte zum Terrorverfahren in M\u00fcnchen","potentialAction":[{"@type":"SearchAction","target":{"@type":"EntryPoint","urlTemplate":"https:\/\/blog.zeit.de\/nsu-prozess-blog\/?s={search_term_string}"},"query-input":"required name=search_term_string"}],"inLanguage":"de"},{"@type":"Person","@id":"https:\/\/blog.zeit.de\/nsu-prozess-blog\/#\/schema\/person\/553ea9bb5d1fc2ae054c589bd59380a5","name":"Tom Sundermann","image":{"@type":"ImageObject","inLanguage":"de","@id":"https:\/\/blog.zeit.de\/nsu-prozess-blog\/#\/schema\/person\/image\/","url":"https:\/\/secure.gravatar.com\/avatar\/e108a3dc18766f719b2f797dc5d19093f06a1870c55b553ab6b7563f1f9a5e68?s=96&d=mm&r=g","contentUrl":"https:\/\/secure.gravatar.com\/avatar\/e108a3dc18766f719b2f797dc5d19093f06a1870c55b553ab6b7563f1f9a5e68?s=96&d=mm&r=g","caption":"Tom Sundermann"},"sameAs":["https:\/\/twitter.com\/messeticker"],"url":"https:\/\/blog.zeit.de\/nsu-prozess-blog\/author\/tsundermann\/"}]}},"jetpack_featured_media_url":"","jetpack_sharing_enabled":true,"_links":{"self":[{"href":"https:\/\/blog.zeit.de\/nsu-prozess-blog\/wp-json\/wp\/v2\/posts\/13018","targetHints":{"allow":["GET"]}}],"collection":[{"href":"https:\/\/blog.zeit.de\/nsu-prozess-blog\/wp-json\/wp\/v2\/posts"}],"about":[{"href":"https:\/\/blog.zeit.de\/nsu-prozess-blog\/wp-json\/wp\/v2\/types\/post"}],"author":[{"embeddable":true,"href":"https:\/\/blog.zeit.de\/nsu-prozess-blog\/wp-json\/wp\/v2\/users\/435"}],"replies":[{"embeddable":true,"href":"https:\/\/blog.zeit.de\/nsu-prozess-blog\/wp-json\/wp\/v2\/comments?post=13018"}],"version-history":[{"count":4,"href":"https:\/\/blog.zeit.de\/nsu-prozess-blog\/wp-json\/wp\/v2\/posts\/13018\/revisions"}],"predecessor-version":[{"id":13026,"href":"https:\/\/blog.zeit.de\/nsu-prozess-blog\/wp-json\/wp\/v2\/posts\/13018\/revisions\/13026"}],"wp:attachment":[{"href":"https:\/\/blog.zeit.de\/nsu-prozess-blog\/wp-json\/wp\/v2\/media?parent=13018"}],"wp:term":[{"taxonomy":"category","embeddable":true,"href":"https:\/\/blog.zeit.de\/nsu-prozess-blog\/wp-json\/wp\/v2\/categories?post=13018"},{"taxonomy":"post_tag","embeddable":true,"href":"https:\/\/blog.zeit.de\/nsu-prozess-blog\/wp-json\/wp\/v2\/tags?post=13018"}],"curies":[{"name":"wp","href":"https:\/\/api.w.org\/{rel}","templated":true}]}}