{"id":13054,"date":"2017-04-25T09:17:19","date_gmt":"2017-04-25T07:17:19","guid":{"rendered":"http:\/\/blog.zeit.de\/nsu-prozess-blog\/?p=13054"},"modified":"2017-04-25T10:33:43","modified_gmt":"2017-04-25T08:33:43","slug":"nsu-graffiti-in-heilbronn-bundesanwalt-ermittelt-das-medienlog-vom-dienstag-25-april-2017","status":"publish","type":"post","link":"https:\/\/blog.zeit.de\/nsu-prozess-blog\/2017\/04\/25\/nsu-graffiti-in-heilbronn-bundesanwalt-ermittelt-das-medienlog-vom-dienstag-25-april-2017\/","title":{"rendered":"&#8222;NSU&#8220;-Graffito in Heilbronn: Bundesanwaltschaft ermittelt \u2013 das Medienlog vom Dienstag, 25. April 2017"},"content":{"rendered":"<p>Heute vor zehn Jahren wurde in Heilbronn die <a href=\"https:\/\/blog.zeit.de\/nsu-prozess-blog\/2014\/01\/16\/nie-wieder-ein-normales-leben\/\">Polizistin Mich\u00e8le Kiesewetter erschossen<\/a>, ihr Kollege schwer verletzt \u2013 laut Anklage durch Sch\u00fcsse der beiden NSU-Mitglieder Uwe Mundlos und Uwe B\u00f6hnhardt. Nun geht die Bundesanwaltschaft einer neuen Spur nach: einem Graffito mit dem K\u00fcrzel &#8222;NSU&#8220;, das auf einer Mauer am Tatort aufgespr\u00fcht war. Entdeckt hatten den Schriftzug die Filmemacher Clemens und Katja Riha, als sie f\u00fcr <a href=\"http:\/\/www.zeit.de\/kultur\/film\/2017-04\/nsu-dokumentation-tod-einer-polizistin-ard\">ihre ARD-Dokumentation <em>Tod einer Polizistin<\/em><\/a> eine Archivaufnahme gesichtet hatten. Das Material war zwei Tage nach der Tat entstanden.<\/p>\n<p>Ein Sprecher des Generalbundesanwalts best\u00e4tigte die Ermittlungen, \u00fcber die zuvor die <a href=\"http:\/\/www.bild.de\/politik\/aktuelles\/politik-inland\/fall-kiesewetter-moeglicher-neuer-spur-wird-51428130.bild.html\" target=\"_blank\"><em>Bild<\/em><\/a>-Zeitung und die <a href=\"http:\/\/www.stimme.de\/themen\/10-jahre-polizistenmord\/Zehn-Jahre-Polizistenmord-Schriftzug-wirft-Fragen-auf;art140023,3835673\" target=\"_blank\"><em>Heilbronner Stimme<\/em><\/a> berichtet hatten. Allerdings sollte man zweierlei bedenken: Zum einen ist NSU auch die Abk\u00fcrzung f\u00fcr Heilbronns Nachbarstadt Neckarsulm. Zum anderen hatte das NSU-Trio \u2013 zumindest soweit bislang bekannt \u2013 niemals Bekennerschreiben oder andere Hinweise auf sich an Tatorten hinterlassen.<\/p>\n<p><!--more--><\/p>\n<p><em>An jedem Werktag sichten wir f\u00fcr das NSU-Prozess-Blog die Medien und stellen wichtige Berichte, Blogs, Videos und Tweets zusammen. Wir freuen uns \u00fcber Hinweise via Twitter mit dem Hashtag #nsublog \u2013 oder per E-Mail an <a href=\"mailto:nsublog@zeit.de\">nsublog@zeit.de<\/a>.<\/em><\/p>\n<p>Die ARD-Doku findet in den Medien ein geteiltes Echo. Annette Ramelsberger von der <a href=\"http:\/\/www.sueddeutsche.de\/medien\/nsu-opfer-kiesewetter-wenn-das-boese-zu-banal-ist-1.3474589\" target=\"_blank\"><em>S\u00fcddeutschen Zeitung<\/em><\/a> wirft dem Film Sensationalismus vor: &#8222;Zwielichtige Zeugen erz\u00e4hlen ungebremst Dinge, die l\u00e4ngst vor Gericht widerlegt wurden. Auf Teufel komm raus wird versucht, das Bild einer Verschw\u00f6rung zu zeichnen.&#8220; Auf <a href=\"http:\/\/www.zeit.de\/kultur\/film\/2017-04\/nsu-dokumentation-tod-einer-polizistin-ard\" target=\"_blank\">ZEIT ONLINE<\/a> beschreiben wir die Dokumentation als &#8222;eine schaurige Nummernrevue aller Widerspr\u00fcche des Polizistenmords&#8220;, in der auch wahrscheinlich falsche und ungepr\u00fcfte Fakten vorkommen.<\/p>\n<p>Den Jahrestag nutzen auch andere Medien, um den Fall Kiesewetter erneut zu beleuchten. Mit den Auff\u00e4lligkeiten besch\u00e4ftigen sich Andreas F\u00f6rster in der <a href=\"http:\/\/www.fr.de\/politik\/rechtsextremismus\/nsu-neonazi\/das-soll-zufall-sein-a-1265984\" target=\"_blank\"><em>Frankfurter Rundschau<\/em><\/a> und Christine Mudra in der <a href=\"https:\/\/www.jungewelt.de\/artikel\/309439.zuviel-zufall.html\" target=\"_blank\"><em>Jungen Welt<\/em><\/a>. Darin hei\u00dft es, die These von Mundlos und B\u00f6hnhardt als alleinige M\u00f6rder der jungen Polizistin sei &#8222;angesichts einer Vielzahl von Widerspr\u00fcchen nicht mehr haltbar&#8220;. Grund daf\u00fcr sei etwa, dass mehrere Zeugen blutbeschmierte M\u00e4nner und eine Frau nahe dem Tatort gesehen haben wollen.<\/p>\n<p>In der <a href=\"https:\/\/www.welt.de\/politik\/deutschland\/article163915583\/Die-unerwuenschten-Spuren-des-V-Manns-zu-den-NSU-Killern.html\" target=\"_blank\"><em>Welt<\/em><\/a> (kostenpflichtig) greifen Stefan Aust, Helmar B\u00fcchel und Dirk Laabs erneut den Fall des <a href=\"https:\/\/blog.zeit.de\/nsu-prozess-blog\/2016\/04\/08\/medienlog-zschaepe-mundlos-v-mann-nsu\/\">V-Manns Ralf M.<\/a> auf, der Mundlos und B\u00f6hnhardt auf seiner Baustelle besch\u00e4ftigt haben soll. Auch hier hatte es Ermittlungen der Bundesanwaltschaft gegeben. Laut der Zeitung wurden die Erkenntnisse dazu auf mittlerweile mehr als 1.300 Seiten Akten zusammengetragen. So wie im Kiesewetter-Fall gebe es aber auch hier die Tendenz, einen &#8222;offensichtlich unliebsamen Verdacht durch l\u00fcckenhafte Zeugenauswahl und eigent\u00fcmlich parteiliche Bewertung der Aussagen in einen wabernden Nebel zu lenken&#8220;.<\/p>\n<p><em>Das n\u00e4chste Medienlog erscheint am Mittwoch, 26. April 2017.<\/em><\/p>\n","protected":false},"excerpt":{"rendered":"<p>Heute vor zehn Jahren wurde in Heilbronn die Polizistin Mich\u00e8le Kiesewetter erschossen, ihr Kollege schwer verletzt \u2013 laut Anklage durch Sch\u00fcsse der beiden NSU-Mitglieder Uwe Mundlos und Uwe B\u00f6hnhardt. Nun geht die Bundesanwaltschaft einer neuen Spur nach: einem Graffito mit dem K\u00fcrzel &#8222;NSU&#8220;, das auf einer Mauer am Tatort aufgespr\u00fcht war. Entdeckt hatten den Schriftzug [&hellip;]<\/p>\n","protected":false},"author":435,"featured_media":0,"comment_status":"open","ping_status":"open","sticky":false,"template":"","format":"standard","meta":{"_jetpack_memberships_contains_paid_content":false,"footnotes":""},"categories":[27531],"tags":[9849,29495,2055,27588,35403,17899],"class_list":["post-13054","post","type-post","status-publish","format-standard","hentry","category-medienschau","tag-ard","tag-bundesanwaltschaft","tag-heilbronn","tag-michele-kiesewetter","tag-ralf-m","tag-v-mann"],"yoast_head":"<!-- This site is optimized with the Yoast SEO plugin v21.0 - https:\/\/yoast.com\/wordpress\/plugins\/seo\/ -->\n<title>&quot;NSU&quot;-Graffiti in Heilbronn<\/title>\n<meta name=\"description\" content=\"Heute vor zehn Jahren wurde in Heilbronn eine Polizistin erschossen. Die Bundesanwaltschaft geht einer neuen Spur nach: einem Graffiti mit dem K\u00fcrzel &quot;NSU&quot;.\" \/>\n<meta name=\"robots\" content=\"index, follow, max-snippet:-1, max-image-preview:large, max-video-preview:-1\" \/>\n<link rel=\"canonical\" href=\"https:\/\/blog.zeit.de\/nsu-prozess-blog\/2017\/04\/25\/nsu-graffiti-in-heilbronn-bundesanwalt-ermittelt-das-medienlog-vom-dienstag-25-april-2017\/\" \/>\n<meta property=\"og:locale\" content=\"de_DE\" \/>\n<meta property=\"og:type\" content=\"article\" \/>\n<meta property=\"og:title\" content=\"&quot;NSU&quot;-Graffiti in Heilbronn\" \/>\n<meta property=\"og:description\" content=\"Heute vor zehn Jahren wurde in Heilbronn eine Polizistin erschossen. Die Bundesanwaltschaft geht einer neuen Spur nach: einem Graffiti mit dem K\u00fcrzel &quot;NSU&quot;.\" \/>\n<meta property=\"og:url\" content=\"https:\/\/blog.zeit.de\/nsu-prozess-blog\/2017\/04\/25\/nsu-graffiti-in-heilbronn-bundesanwalt-ermittelt-das-medienlog-vom-dienstag-25-april-2017\/\" \/>\n<meta property=\"og:site_name\" content=\"Das NSU-Prozess-Blog\" \/>\n<meta property=\"article:published_time\" content=\"2017-04-25T07:17:19+00:00\" \/>\n<meta property=\"article:modified_time\" content=\"2017-04-25T08:33:43+00:00\" \/>\n<meta name=\"author\" content=\"Tom Sundermann\" \/>\n<meta name=\"twitter:label1\" content=\"Geschrieben von\" \/>\n\t<meta name=\"twitter:data1\" content=\"Tom Sundermann\" \/>\n\t<meta name=\"twitter:label2\" content=\"Gesch\u00e4tzte Lesezeit\" \/>\n\t<meta name=\"twitter:data2\" content=\"2\u00a0Minuten\" \/>\n<script type=\"application\/ld+json\" class=\"yoast-schema-graph\">{\"@context\":\"https:\/\/schema.org\",\"@graph\":[{\"@type\":\"WebPage\",\"@id\":\"https:\/\/blog.zeit.de\/nsu-prozess-blog\/2017\/04\/25\/nsu-graffiti-in-heilbronn-bundesanwalt-ermittelt-das-medienlog-vom-dienstag-25-april-2017\/\",\"url\":\"https:\/\/blog.zeit.de\/nsu-prozess-blog\/2017\/04\/25\/nsu-graffiti-in-heilbronn-bundesanwalt-ermittelt-das-medienlog-vom-dienstag-25-april-2017\/\",\"name\":\"\\\"NSU\\\"-Graffiti in Heilbronn\",\"isPartOf\":{\"@id\":\"https:\/\/blog.zeit.de\/nsu-prozess-blog\/#website\"},\"datePublished\":\"2017-04-25T07:17:19+00:00\",\"dateModified\":\"2017-04-25T08:33:43+00:00\",\"author\":{\"@id\":\"https:\/\/blog.zeit.de\/nsu-prozess-blog\/#\/schema\/person\/553ea9bb5d1fc2ae054c589bd59380a5\"},\"description\":\"Heute vor zehn Jahren wurde in Heilbronn eine Polizistin erschossen. Die Bundesanwaltschaft geht einer neuen Spur nach: einem Graffiti mit dem K\u00fcrzel \\\"NSU\\\".\",\"breadcrumb\":{\"@id\":\"https:\/\/blog.zeit.de\/nsu-prozess-blog\/2017\/04\/25\/nsu-graffiti-in-heilbronn-bundesanwalt-ermittelt-das-medienlog-vom-dienstag-25-april-2017\/#breadcrumb\"},\"inLanguage\":\"de\",\"potentialAction\":[{\"@type\":\"ReadAction\",\"target\":[\"https:\/\/blog.zeit.de\/nsu-prozess-blog\/2017\/04\/25\/nsu-graffiti-in-heilbronn-bundesanwalt-ermittelt-das-medienlog-vom-dienstag-25-april-2017\/\"]}]},{\"@type\":\"BreadcrumbList\",\"@id\":\"https:\/\/blog.zeit.de\/nsu-prozess-blog\/2017\/04\/25\/nsu-graffiti-in-heilbronn-bundesanwalt-ermittelt-das-medienlog-vom-dienstag-25-april-2017\/#breadcrumb\",\"itemListElement\":[{\"@type\":\"ListItem\",\"position\":1,\"name\":\"Startseite\",\"item\":\"https:\/\/blog.zeit.de\/nsu-prozess-blog\/\"},{\"@type\":\"ListItem\",\"position\":2,\"name\":\"&#8222;NSU&#8220;-Graffito in Heilbronn: Bundesanwaltschaft ermittelt \u2013 das Medienlog vom Dienstag, 25. April 2017\"}]},{\"@type\":\"WebSite\",\"@id\":\"https:\/\/blog.zeit.de\/nsu-prozess-blog\/#website\",\"url\":\"https:\/\/blog.zeit.de\/nsu-prozess-blog\/\",\"name\":\"Das NSU-Prozess-Blog\",\"description\":\"Alle Berichte zum Terrorverfahren in M\u00fcnchen\",\"potentialAction\":[{\"@type\":\"SearchAction\",\"target\":{\"@type\":\"EntryPoint\",\"urlTemplate\":\"https:\/\/blog.zeit.de\/nsu-prozess-blog\/?s={search_term_string}\"},\"query-input\":\"required name=search_term_string\"}],\"inLanguage\":\"de\"},{\"@type\":\"Person\",\"@id\":\"https:\/\/blog.zeit.de\/nsu-prozess-blog\/#\/schema\/person\/553ea9bb5d1fc2ae054c589bd59380a5\",\"name\":\"Tom Sundermann\",\"image\":{\"@type\":\"ImageObject\",\"inLanguage\":\"de\",\"@id\":\"https:\/\/blog.zeit.de\/nsu-prozess-blog\/#\/schema\/person\/image\/\",\"url\":\"https:\/\/secure.gravatar.com\/avatar\/e108a3dc18766f719b2f797dc5d19093f06a1870c55b553ab6b7563f1f9a5e68?s=96&d=mm&r=g\",\"contentUrl\":\"https:\/\/secure.gravatar.com\/avatar\/e108a3dc18766f719b2f797dc5d19093f06a1870c55b553ab6b7563f1f9a5e68?s=96&d=mm&r=g\",\"caption\":\"Tom Sundermann\"},\"sameAs\":[\"https:\/\/twitter.com\/messeticker\"],\"url\":\"https:\/\/blog.zeit.de\/nsu-prozess-blog\/author\/tsundermann\/\"}]}<\/script>\n<!-- \/ Yoast SEO plugin. -->","yoast_head_json":{"title":"\"NSU\"-Graffiti in Heilbronn","description":"Heute vor zehn Jahren wurde in Heilbronn eine Polizistin erschossen. Die Bundesanwaltschaft geht einer neuen Spur nach: einem Graffiti mit dem K\u00fcrzel \"NSU\".","robots":{"index":"index","follow":"follow","max-snippet":"max-snippet:-1","max-image-preview":"max-image-preview:large","max-video-preview":"max-video-preview:-1"},"canonical":"https:\/\/blog.zeit.de\/nsu-prozess-blog\/2017\/04\/25\/nsu-graffiti-in-heilbronn-bundesanwalt-ermittelt-das-medienlog-vom-dienstag-25-april-2017\/","og_locale":"de_DE","og_type":"article","og_title":"\"NSU\"-Graffiti in Heilbronn","og_description":"Heute vor zehn Jahren wurde in Heilbronn eine Polizistin erschossen. Die Bundesanwaltschaft geht einer neuen Spur nach: einem Graffiti mit dem K\u00fcrzel \"NSU\".","og_url":"https:\/\/blog.zeit.de\/nsu-prozess-blog\/2017\/04\/25\/nsu-graffiti-in-heilbronn-bundesanwalt-ermittelt-das-medienlog-vom-dienstag-25-april-2017\/","og_site_name":"Das NSU-Prozess-Blog","article_published_time":"2017-04-25T07:17:19+00:00","article_modified_time":"2017-04-25T08:33:43+00:00","author":"Tom Sundermann","twitter_misc":{"Geschrieben von":"Tom Sundermann","Gesch\u00e4tzte Lesezeit":"2\u00a0Minuten"},"schema":{"@context":"https:\/\/schema.org","@graph":[{"@type":"WebPage","@id":"https:\/\/blog.zeit.de\/nsu-prozess-blog\/2017\/04\/25\/nsu-graffiti-in-heilbronn-bundesanwalt-ermittelt-das-medienlog-vom-dienstag-25-april-2017\/","url":"https:\/\/blog.zeit.de\/nsu-prozess-blog\/2017\/04\/25\/nsu-graffiti-in-heilbronn-bundesanwalt-ermittelt-das-medienlog-vom-dienstag-25-april-2017\/","name":"\"NSU\"-Graffiti in Heilbronn","isPartOf":{"@id":"https:\/\/blog.zeit.de\/nsu-prozess-blog\/#website"},"datePublished":"2017-04-25T07:17:19+00:00","dateModified":"2017-04-25T08:33:43+00:00","author":{"@id":"https:\/\/blog.zeit.de\/nsu-prozess-blog\/#\/schema\/person\/553ea9bb5d1fc2ae054c589bd59380a5"},"description":"Heute vor zehn Jahren wurde in Heilbronn eine Polizistin erschossen. Die Bundesanwaltschaft geht einer neuen Spur nach: einem Graffiti mit dem K\u00fcrzel \"NSU\".","breadcrumb":{"@id":"https:\/\/blog.zeit.de\/nsu-prozess-blog\/2017\/04\/25\/nsu-graffiti-in-heilbronn-bundesanwalt-ermittelt-das-medienlog-vom-dienstag-25-april-2017\/#breadcrumb"},"inLanguage":"de","potentialAction":[{"@type":"ReadAction","target":["https:\/\/blog.zeit.de\/nsu-prozess-blog\/2017\/04\/25\/nsu-graffiti-in-heilbronn-bundesanwalt-ermittelt-das-medienlog-vom-dienstag-25-april-2017\/"]}]},{"@type":"BreadcrumbList","@id":"https:\/\/blog.zeit.de\/nsu-prozess-blog\/2017\/04\/25\/nsu-graffiti-in-heilbronn-bundesanwalt-ermittelt-das-medienlog-vom-dienstag-25-april-2017\/#breadcrumb","itemListElement":[{"@type":"ListItem","position":1,"name":"Startseite","item":"https:\/\/blog.zeit.de\/nsu-prozess-blog\/"},{"@type":"ListItem","position":2,"name":"&#8222;NSU&#8220;-Graffito in Heilbronn: Bundesanwaltschaft ermittelt \u2013 das Medienlog vom Dienstag, 25. April 2017"}]},{"@type":"WebSite","@id":"https:\/\/blog.zeit.de\/nsu-prozess-blog\/#website","url":"https:\/\/blog.zeit.de\/nsu-prozess-blog\/","name":"Das NSU-Prozess-Blog","description":"Alle Berichte zum Terrorverfahren in M\u00fcnchen","potentialAction":[{"@type":"SearchAction","target":{"@type":"EntryPoint","urlTemplate":"https:\/\/blog.zeit.de\/nsu-prozess-blog\/?s={search_term_string}"},"query-input":"required name=search_term_string"}],"inLanguage":"de"},{"@type":"Person","@id":"https:\/\/blog.zeit.de\/nsu-prozess-blog\/#\/schema\/person\/553ea9bb5d1fc2ae054c589bd59380a5","name":"Tom Sundermann","image":{"@type":"ImageObject","inLanguage":"de","@id":"https:\/\/blog.zeit.de\/nsu-prozess-blog\/#\/schema\/person\/image\/","url":"https:\/\/secure.gravatar.com\/avatar\/e108a3dc18766f719b2f797dc5d19093f06a1870c55b553ab6b7563f1f9a5e68?s=96&d=mm&r=g","contentUrl":"https:\/\/secure.gravatar.com\/avatar\/e108a3dc18766f719b2f797dc5d19093f06a1870c55b553ab6b7563f1f9a5e68?s=96&d=mm&r=g","caption":"Tom Sundermann"},"sameAs":["https:\/\/twitter.com\/messeticker"],"url":"https:\/\/blog.zeit.de\/nsu-prozess-blog\/author\/tsundermann\/"}]}},"jetpack_featured_media_url":"","jetpack_sharing_enabled":true,"_links":{"self":[{"href":"https:\/\/blog.zeit.de\/nsu-prozess-blog\/wp-json\/wp\/v2\/posts\/13054","targetHints":{"allow":["GET"]}}],"collection":[{"href":"https:\/\/blog.zeit.de\/nsu-prozess-blog\/wp-json\/wp\/v2\/posts"}],"about":[{"href":"https:\/\/blog.zeit.de\/nsu-prozess-blog\/wp-json\/wp\/v2\/types\/post"}],"author":[{"embeddable":true,"href":"https:\/\/blog.zeit.de\/nsu-prozess-blog\/wp-json\/wp\/v2\/users\/435"}],"replies":[{"embeddable":true,"href":"https:\/\/blog.zeit.de\/nsu-prozess-blog\/wp-json\/wp\/v2\/comments?post=13054"}],"version-history":[{"count":16,"href":"https:\/\/blog.zeit.de\/nsu-prozess-blog\/wp-json\/wp\/v2\/posts\/13054\/revisions"}],"predecessor-version":[{"id":13070,"href":"https:\/\/blog.zeit.de\/nsu-prozess-blog\/wp-json\/wp\/v2\/posts\/13054\/revisions\/13070"}],"wp:attachment":[{"href":"https:\/\/blog.zeit.de\/nsu-prozess-blog\/wp-json\/wp\/v2\/media?parent=13054"}],"wp:term":[{"taxonomy":"category","embeddable":true,"href":"https:\/\/blog.zeit.de\/nsu-prozess-blog\/wp-json\/wp\/v2\/categories?post=13054"},{"taxonomy":"post_tag","embeddable":true,"href":"https:\/\/blog.zeit.de\/nsu-prozess-blog\/wp-json\/wp\/v2\/tags?post=13054"}],"curies":[{"name":"wp","href":"https:\/\/api.w.org\/{rel}","templated":true}]}}