{"id":13083,"date":"2017-04-27T09:27:15","date_gmt":"2017-04-27T07:27:15","guid":{"rendered":"http:\/\/blog.zeit.de\/nsu-prozess-blog\/?p=13083"},"modified":"2017-04-27T19:23:31","modified_gmt":"2017-04-27T17:23:31","slug":"medienlog-faustmann-aussage-streit-nsu","status":"publish","type":"post","link":"https:\/\/blog.zeit.de\/nsu-prozess-blog\/2017\/04\/27\/medienlog-faustmann-aussage-streit-nsu\/","title":{"rendered":"Streit um Antrag blockiert Psychiater-Aussage \u2013 Das Medienlog vom Donnerstag, 27. April 2017"},"content":{"rendered":"<p>Am Mittwoch war der <a href=\"https:\/\/blog.zeit.de\/nsu-prozess-blog\/2016\/12\/20\/die-letzten-waffen-der-beate-zschaepe-anwaelte\/\">Psychiater Pedro Faustmann<\/a> in den NSU-Prozess geladen. Er hatte das Gutachten des vom Gericht bestellten Sachverst\u00e4ndigen <a href=\"https:\/\/blog.zeit.de\/nsu-prozess-blog\/2017\/01\/18\/gutachter-nimmt-zschaepe-letzte-hoffnung\/\">Henning Sa\u00df \u00fcber Beate Zsch\u00e4pe<\/a> methodenkritisch untersucht. Die Ladung bedeutete aber noch nicht, dass seine Aussage auch genehmigt war: Zuerst diskutierten die Prozessbeteiligten \u00fcber den Antrag von Zsch\u00e4pes Verteidigern, ihn als Sachverst\u00e4ndigen zu h\u00f6ren \u2013 bis zum Ende der Sitzung. Nun sei &#8222;fraglich, ob Prof. Faustmann \u00fcberhaupt noch zu Wort kommen wird&#8220;, merkt Thies Marsen vom Bayerischen Rundfunk an.<\/p>\n<p><!--more--><\/p>\n<p><em>An jedem Werktag sichten wir f\u00fcr das NSU-Prozess-Blog die Medien und stellen wichtige Berichte, Blogs, Videos und Tweets zusammen. Wir freuen uns \u00fcber Hinweise via Twitter mit dem Hashtag #nsublog \u2013 oder per E-Mail an <a href=\"mailto:nsublog@zeit.de\">nsublog@zeit.de<\/a>.<\/em><\/p>\n<p>Denn: Die Bundesanwaltschaft wertet den Antrag der Anw\u00e4lte nicht als Beweisantrag, sondern als Beweisermittlungsantrag \u2013 der dadurch gekennzeichnet ist, dass er in diesem Prozessstadium kaum Chancen hat, vom Gericht angenommen zu werden. Auch Richter Mandfred G\u00f6tzl teilte mit, er fasse den Antrag so auf. Der Streit dar\u00fcber wurde mit deutlichen Worten ausgetragen und zog sich \u00fcber den ganzen Tag.<\/p>\n<p>Faustmanns Pr\u00fcfung zufolge ist das Gutachten von Psychiater Sa\u00df &#8222;suggestiv, widerspr\u00fcchlich und nicht nachpr\u00fcfbar&#8220;, wie Wiebke Ramm in der <a href=\"http:\/\/www.sueddeutsche.de\/politik\/muenchen-nsu-prozess-streit-verhindert-gutachter-kraeftemessen-1.3480696\" target=\"_blank\"><em>S\u00fcddeutschen Zeitung<\/em><\/a> berichtet. Diese Wertung ergibt sich aus dem Antrag der Zsch\u00e4pe-Verteidiger. Sie wenden sich gegen Sa\u00df&#8216; Expertise, nachdem dieser zu einer f\u00fcr Zsch\u00e4pe sehr ung\u00fcnstigen Wertung gekommen war: Er h\u00e4lt die Hauptangeklagte f\u00fcr voll schuldf\u00e4hig und legte die Sicherungsverwahrung f\u00fcr sie nahe.<\/p>\n<p><em>Das n\u00e4chste Medienlog erscheint am Freitag, 28. April 2017.<\/em><\/p>\n","protected":false},"excerpt":{"rendered":"<p>Am Mittwoch war der Psychiater Pedro Faustmann in den NSU-Prozess geladen. Er hatte das Gutachten des vom Gericht bestellten Sachverst\u00e4ndigen Henning Sa\u00df \u00fcber Beate Zsch\u00e4pe methodenkritisch untersucht. Die Ladung bedeutete aber noch nicht, dass seine Aussage auch genehmigt war: Zuerst diskutierten die Prozessbeteiligten \u00fcber den Antrag von Zsch\u00e4pes Verteidigern, ihn als Sachverst\u00e4ndigen zu h\u00f6ren \u2013 [&hellip;]<\/p>\n","protected":false},"author":435,"featured_media":0,"comment_status":"open","ping_status":"open","sticky":false,"template":"","format":"standard","meta":{"_jetpack_memberships_contains_paid_content":false,"footnotes":""},"categories":[27531],"tags":[17793,1105,33605,35433,33589],"class_list":["post-13083","post","type-post","status-publish","format-standard","hentry","category-medienschau","tag-beate-zschape","tag-gutachten","tag-henning-sass","tag-pedro-faustmann","tag-psychiater"],"yoast_head":"<!-- This site is optimized with the Yoast SEO plugin v21.0 - https:\/\/yoast.com\/wordpress\/plugins\/seo\/ -->\n<title>Streit um Antrag blockiert Psychiater-Aussage \u2013 Das Medienlog vom Donnerstag, 27. April 2017 - Das NSU-Prozess-Blog<\/title>\n<meta name=\"robots\" content=\"index, follow, max-snippet:-1, max-image-preview:large, max-video-preview:-1\" \/>\n<link rel=\"canonical\" href=\"https:\/\/blog.zeit.de\/nsu-prozess-blog\/2017\/04\/27\/medienlog-faustmann-aussage-streit-nsu\/\" \/>\n<meta property=\"og:locale\" content=\"de_DE\" \/>\n<meta property=\"og:type\" content=\"article\" \/>\n<meta property=\"og:title\" content=\"Streit um Antrag blockiert Psychiater-Aussage \u2013 Das Medienlog vom Donnerstag, 27. April 2017 - Das NSU-Prozess-Blog\" \/>\n<meta property=\"og:description\" content=\"Am Mittwoch war der Psychiater Pedro Faustmann in den NSU-Prozess geladen. Er hatte das Gutachten des vom Gericht bestellten Sachverst\u00e4ndigen Henning Sa\u00df \u00fcber Beate Zsch\u00e4pe methodenkritisch untersucht. Die Ladung bedeutete aber noch nicht, dass seine Aussage auch genehmigt war: Zuerst diskutierten die Prozessbeteiligten \u00fcber den Antrag von Zsch\u00e4pes Verteidigern, ihn als Sachverst\u00e4ndigen zu h\u00f6ren \u2013 [&hellip;]\" \/>\n<meta property=\"og:url\" content=\"https:\/\/blog.zeit.de\/nsu-prozess-blog\/2017\/04\/27\/medienlog-faustmann-aussage-streit-nsu\/\" \/>\n<meta property=\"og:site_name\" content=\"Das NSU-Prozess-Blog\" \/>\n<meta property=\"article:published_time\" content=\"2017-04-27T07:27:15+00:00\" \/>\n<meta property=\"article:modified_time\" content=\"2017-04-27T17:23:31+00:00\" \/>\n<meta name=\"author\" content=\"Tom Sundermann\" \/>\n<meta name=\"twitter:label1\" content=\"Geschrieben von\" \/>\n\t<meta name=\"twitter:data1\" content=\"Tom Sundermann\" \/>\n\t<meta name=\"twitter:label2\" content=\"Gesch\u00e4tzte Lesezeit\" \/>\n\t<meta name=\"twitter:data2\" content=\"1\u00a0Minute\" \/>\n<script type=\"application\/ld+json\" class=\"yoast-schema-graph\">{\"@context\":\"https:\/\/schema.org\",\"@graph\":[{\"@type\":\"WebPage\",\"@id\":\"https:\/\/blog.zeit.de\/nsu-prozess-blog\/2017\/04\/27\/medienlog-faustmann-aussage-streit-nsu\/\",\"url\":\"https:\/\/blog.zeit.de\/nsu-prozess-blog\/2017\/04\/27\/medienlog-faustmann-aussage-streit-nsu\/\",\"name\":\"Streit um Antrag blockiert Psychiater-Aussage \u2013 Das Medienlog vom Donnerstag, 27. April 2017 - Das NSU-Prozess-Blog\",\"isPartOf\":{\"@id\":\"https:\/\/blog.zeit.de\/nsu-prozess-blog\/#website\"},\"datePublished\":\"2017-04-27T07:27:15+00:00\",\"dateModified\":\"2017-04-27T17:23:31+00:00\",\"author\":{\"@id\":\"https:\/\/blog.zeit.de\/nsu-prozess-blog\/#\/schema\/person\/553ea9bb5d1fc2ae054c589bd59380a5\"},\"breadcrumb\":{\"@id\":\"https:\/\/blog.zeit.de\/nsu-prozess-blog\/2017\/04\/27\/medienlog-faustmann-aussage-streit-nsu\/#breadcrumb\"},\"inLanguage\":\"de\",\"potentialAction\":[{\"@type\":\"ReadAction\",\"target\":[\"https:\/\/blog.zeit.de\/nsu-prozess-blog\/2017\/04\/27\/medienlog-faustmann-aussage-streit-nsu\/\"]}]},{\"@type\":\"BreadcrumbList\",\"@id\":\"https:\/\/blog.zeit.de\/nsu-prozess-blog\/2017\/04\/27\/medienlog-faustmann-aussage-streit-nsu\/#breadcrumb\",\"itemListElement\":[{\"@type\":\"ListItem\",\"position\":1,\"name\":\"Startseite\",\"item\":\"https:\/\/blog.zeit.de\/nsu-prozess-blog\/\"},{\"@type\":\"ListItem\",\"position\":2,\"name\":\"Streit um Antrag blockiert Psychiater-Aussage \u2013 Das Medienlog vom Donnerstag, 27. April 2017\"}]},{\"@type\":\"WebSite\",\"@id\":\"https:\/\/blog.zeit.de\/nsu-prozess-blog\/#website\",\"url\":\"https:\/\/blog.zeit.de\/nsu-prozess-blog\/\",\"name\":\"Das NSU-Prozess-Blog\",\"description\":\"Alle Berichte zum Terrorverfahren in M\u00fcnchen\",\"potentialAction\":[{\"@type\":\"SearchAction\",\"target\":{\"@type\":\"EntryPoint\",\"urlTemplate\":\"https:\/\/blog.zeit.de\/nsu-prozess-blog\/?s={search_term_string}\"},\"query-input\":\"required name=search_term_string\"}],\"inLanguage\":\"de\"},{\"@type\":\"Person\",\"@id\":\"https:\/\/blog.zeit.de\/nsu-prozess-blog\/#\/schema\/person\/553ea9bb5d1fc2ae054c589bd59380a5\",\"name\":\"Tom Sundermann\",\"image\":{\"@type\":\"ImageObject\",\"inLanguage\":\"de\",\"@id\":\"https:\/\/blog.zeit.de\/nsu-prozess-blog\/#\/schema\/person\/image\/\",\"url\":\"https:\/\/secure.gravatar.com\/avatar\/e108a3dc18766f719b2f797dc5d19093f06a1870c55b553ab6b7563f1f9a5e68?s=96&d=mm&r=g\",\"contentUrl\":\"https:\/\/secure.gravatar.com\/avatar\/e108a3dc18766f719b2f797dc5d19093f06a1870c55b553ab6b7563f1f9a5e68?s=96&d=mm&r=g\",\"caption\":\"Tom Sundermann\"},\"sameAs\":[\"https:\/\/twitter.com\/messeticker\"],\"url\":\"https:\/\/blog.zeit.de\/nsu-prozess-blog\/author\/tsundermann\/\"}]}<\/script>\n<!-- \/ Yoast SEO plugin. -->","yoast_head_json":{"title":"Streit um Antrag blockiert Psychiater-Aussage \u2013 Das Medienlog vom Donnerstag, 27. April 2017 - Das NSU-Prozess-Blog","robots":{"index":"index","follow":"follow","max-snippet":"max-snippet:-1","max-image-preview":"max-image-preview:large","max-video-preview":"max-video-preview:-1"},"canonical":"https:\/\/blog.zeit.de\/nsu-prozess-blog\/2017\/04\/27\/medienlog-faustmann-aussage-streit-nsu\/","og_locale":"de_DE","og_type":"article","og_title":"Streit um Antrag blockiert Psychiater-Aussage \u2013 Das Medienlog vom Donnerstag, 27. April 2017 - Das NSU-Prozess-Blog","og_description":"Am Mittwoch war der Psychiater Pedro Faustmann in den NSU-Prozess geladen. Er hatte das Gutachten des vom Gericht bestellten Sachverst\u00e4ndigen Henning Sa\u00df \u00fcber Beate Zsch\u00e4pe methodenkritisch untersucht. Die Ladung bedeutete aber noch nicht, dass seine Aussage auch genehmigt war: Zuerst diskutierten die Prozessbeteiligten \u00fcber den Antrag von Zsch\u00e4pes Verteidigern, ihn als Sachverst\u00e4ndigen zu h\u00f6ren \u2013 [&hellip;]","og_url":"https:\/\/blog.zeit.de\/nsu-prozess-blog\/2017\/04\/27\/medienlog-faustmann-aussage-streit-nsu\/","og_site_name":"Das NSU-Prozess-Blog","article_published_time":"2017-04-27T07:27:15+00:00","article_modified_time":"2017-04-27T17:23:31+00:00","author":"Tom Sundermann","twitter_misc":{"Geschrieben von":"Tom Sundermann","Gesch\u00e4tzte Lesezeit":"1\u00a0Minute"},"schema":{"@context":"https:\/\/schema.org","@graph":[{"@type":"WebPage","@id":"https:\/\/blog.zeit.de\/nsu-prozess-blog\/2017\/04\/27\/medienlog-faustmann-aussage-streit-nsu\/","url":"https:\/\/blog.zeit.de\/nsu-prozess-blog\/2017\/04\/27\/medienlog-faustmann-aussage-streit-nsu\/","name":"Streit um Antrag blockiert Psychiater-Aussage \u2013 Das Medienlog vom Donnerstag, 27. April 2017 - Das NSU-Prozess-Blog","isPartOf":{"@id":"https:\/\/blog.zeit.de\/nsu-prozess-blog\/#website"},"datePublished":"2017-04-27T07:27:15+00:00","dateModified":"2017-04-27T17:23:31+00:00","author":{"@id":"https:\/\/blog.zeit.de\/nsu-prozess-blog\/#\/schema\/person\/553ea9bb5d1fc2ae054c589bd59380a5"},"breadcrumb":{"@id":"https:\/\/blog.zeit.de\/nsu-prozess-blog\/2017\/04\/27\/medienlog-faustmann-aussage-streit-nsu\/#breadcrumb"},"inLanguage":"de","potentialAction":[{"@type":"ReadAction","target":["https:\/\/blog.zeit.de\/nsu-prozess-blog\/2017\/04\/27\/medienlog-faustmann-aussage-streit-nsu\/"]}]},{"@type":"BreadcrumbList","@id":"https:\/\/blog.zeit.de\/nsu-prozess-blog\/2017\/04\/27\/medienlog-faustmann-aussage-streit-nsu\/#breadcrumb","itemListElement":[{"@type":"ListItem","position":1,"name":"Startseite","item":"https:\/\/blog.zeit.de\/nsu-prozess-blog\/"},{"@type":"ListItem","position":2,"name":"Streit um Antrag blockiert Psychiater-Aussage \u2013 Das Medienlog vom Donnerstag, 27. April 2017"}]},{"@type":"WebSite","@id":"https:\/\/blog.zeit.de\/nsu-prozess-blog\/#website","url":"https:\/\/blog.zeit.de\/nsu-prozess-blog\/","name":"Das NSU-Prozess-Blog","description":"Alle Berichte zum Terrorverfahren in M\u00fcnchen","potentialAction":[{"@type":"SearchAction","target":{"@type":"EntryPoint","urlTemplate":"https:\/\/blog.zeit.de\/nsu-prozess-blog\/?s={search_term_string}"},"query-input":"required name=search_term_string"}],"inLanguage":"de"},{"@type":"Person","@id":"https:\/\/blog.zeit.de\/nsu-prozess-blog\/#\/schema\/person\/553ea9bb5d1fc2ae054c589bd59380a5","name":"Tom Sundermann","image":{"@type":"ImageObject","inLanguage":"de","@id":"https:\/\/blog.zeit.de\/nsu-prozess-blog\/#\/schema\/person\/image\/","url":"https:\/\/secure.gravatar.com\/avatar\/e108a3dc18766f719b2f797dc5d19093f06a1870c55b553ab6b7563f1f9a5e68?s=96&d=mm&r=g","contentUrl":"https:\/\/secure.gravatar.com\/avatar\/e108a3dc18766f719b2f797dc5d19093f06a1870c55b553ab6b7563f1f9a5e68?s=96&d=mm&r=g","caption":"Tom Sundermann"},"sameAs":["https:\/\/twitter.com\/messeticker"],"url":"https:\/\/blog.zeit.de\/nsu-prozess-blog\/author\/tsundermann\/"}]}},"jetpack_featured_media_url":"","jetpack_sharing_enabled":true,"_links":{"self":[{"href":"https:\/\/blog.zeit.de\/nsu-prozess-blog\/wp-json\/wp\/v2\/posts\/13083","targetHints":{"allow":["GET"]}}],"collection":[{"href":"https:\/\/blog.zeit.de\/nsu-prozess-blog\/wp-json\/wp\/v2\/posts"}],"about":[{"href":"https:\/\/blog.zeit.de\/nsu-prozess-blog\/wp-json\/wp\/v2\/types\/post"}],"author":[{"embeddable":true,"href":"https:\/\/blog.zeit.de\/nsu-prozess-blog\/wp-json\/wp\/v2\/users\/435"}],"replies":[{"embeddable":true,"href":"https:\/\/blog.zeit.de\/nsu-prozess-blog\/wp-json\/wp\/v2\/comments?post=13083"}],"version-history":[{"count":1,"href":"https:\/\/blog.zeit.de\/nsu-prozess-blog\/wp-json\/wp\/v2\/posts\/13083\/revisions"}],"predecessor-version":[{"id":13084,"href":"https:\/\/blog.zeit.de\/nsu-prozess-blog\/wp-json\/wp\/v2\/posts\/13083\/revisions\/13084"}],"wp:attachment":[{"href":"https:\/\/blog.zeit.de\/nsu-prozess-blog\/wp-json\/wp\/v2\/media?parent=13083"}],"wp:term":[{"taxonomy":"category","embeddable":true,"href":"https:\/\/blog.zeit.de\/nsu-prozess-blog\/wp-json\/wp\/v2\/categories?post=13083"},{"taxonomy":"post_tag","embeddable":true,"href":"https:\/\/blog.zeit.de\/nsu-prozess-blog\/wp-json\/wp\/v2\/tags?post=13083"}],"curies":[{"name":"wp","href":"https:\/\/api.w.org\/{rel}","templated":true}]}}