{"id":13093,"date":"2017-04-28T10:48:49","date_gmt":"2017-04-28T08:48:49","guid":{"rendered":"http:\/\/blog.zeit.de\/nsu-prozess-blog\/?p=13093"},"modified":"2017-04-28T11:29:35","modified_gmt":"2017-04-28T09:29:35","slug":"medienlog-gutachten-faustmann-sass-nsu","status":"publish","type":"post","link":"https:\/\/blog.zeit.de\/nsu-prozess-blog\/2017\/04\/28\/medienlog-gutachten-faustmann-sass-nsu\/","title":{"rendered":"Schwere Kritik am Zsch\u00e4pe-Gutachten \u2013 das Medienlog vom Freitag, 28. April 2017"},"content":{"rendered":"<p>Hat der Psychiater Henning Sa\u00df korrekt gearbeitet, als er Beate Zsch\u00e4pe <a href=\"https:\/\/blog.zeit.de\/nsu-prozess-blog\/2017\/01\/18\/gutachter-nimmt-zschaepe-letzte-hoffnung\/\">in seinem Gutachten<\/a> als schuldf\u00e4hig eingestuft hat? Um diese Frage ging es am Donnerstag im NSU-Prozess. Angeh\u00f6rt wurde der Bochumer Professor Pedro Faustmann, der ebenfalls als Psychiater t\u00e4tig ist. Er hatte im Auftrag von Zsch\u00e4pes Anw\u00e4lten das Gutachten von Sa\u00df methodenkritisch untersucht. &#8222;Faustmann lie\u00df in seinem Gutachten kein gutes Haar am Gutachten seines Kollegen&#8220;, bilanziert Mira Barthelmann vom <a href=\"http:\/\/www.br.de\/nachrichten\/nsu-prozess\/170427-tagebuch-gerichtsreporter-100.html\" target=\"_blank\">Bayerischen Rundfunk<\/a>. Zudem habe er generell bezweifelt, dass Sa\u00df f\u00fcr den Fall zust\u00e4ndig war. Damit kritisierte er auch indirekt das Gericht. Deshalb h\u00e4tten Zsch\u00e4pes Verteidiger ihrer Mandantin wohl keinen Gefallen getan.<\/p>\n<p><!--more--><\/p>\n<p><em>An jedem Werktag sichten wir f\u00fcr das NSU-Prozess-Blog die Medien und stellen wichtige Berichte, Blogs, Videos und Tweets zusammen. Wir freuen uns \u00fcber Hinweise via Twitter mit dem Hashtag #nsublog \u2013 oder per E-Mail an <a href=\"mailto:nsublog@zeit.de\">nsublog@zeit.de<\/a>.<\/em><\/p>\n<p>Faustmann hatte kritisiert, dass Sa\u00df&#8216; Expertise nicht den wissenschaftlichen Standards entspricht, dass er zudem falsche Diagnoseinstrumente angewandt und an unangemessenen Stellen wertende Formulierungen genutzt hatte. Die Methodenkritik sei somit &#8222;wenig schmeichelhaft f\u00fcr Sa\u00df ausgefallen&#8220;, hei\u00dft es bei Wiebke Ramm in der <a href=\"http:\/\/www.sueddeutsche.de\/politik\/nsu-prozess-zschaepe-gutachter-henning-sass-in-der-kritik-1.3482458\" target=\"_blank\"><em>S\u00fcddeutschen Zeitung<\/em><\/a>. Zsch\u00e4pe selbst habe die Ausf\u00fchrungen des Psychiaters mit gro\u00dfem Interesse verfolgt. Einen Nutzen wird sie aber wahrscheinlich nicht davon haben, denn &#8222;dass das Gericht Faustmanns Argumenten folgen wird, ist unwahrscheinlich&#8220;, schreibt Ramm.<\/p>\n<blockquote class=\"twitter-tweet\" data-conversation=\"none\" data-lang=\"de\">\n<p dir=\"ltr\" lang=\"de\"><a href=\"https:\/\/twitter.com\/nsuwatch\">@nsuwatch<\/a> <a href=\"https:\/\/twitter.com\/iruoyHB\">@iruoyHB<\/a> V\u00f6llig bizarre Vorstellung des Kollegen Dr. Faustmann.<\/p>\n<p>\u2014 Thomas Lippert (@tlnue) <a href=\"https:\/\/twitter.com\/tlnue\/status\/857526186389450752\">27. April 2017<\/a><\/p><\/blockquote>\n<p><script async src=\"\/\/platform.twitter.com\/widgets.js\" charset=\"utf-8\"><\/script><\/p>\n<p>Schon zuvor hatten die Richter n\u00e4mlich wenig Interesse an einer \u00dcberpr\u00fcfung von <a href=\"https:\/\/blog.zeit.de\/nsu-prozess-blog\/2017\/01\/17\/zschaepe-gutachten-verbergen-verschleiern-taeuschen\/\">Sa\u00df&#8216; Ausf\u00fchrungen<\/a> gezeigt. Die Bundesanwaltschaft hatte Faustmanns Anh\u00f6rung am Vortag <a href=\"https:\/\/blog.zeit.de\/nsu-prozess-blog\/2017\/04\/27\/medienlog-faustmann-aussage-streit-nsu\/\">vehement abgelehnt<\/a>. &#8222;Die Richter verfolgen derzeit vor allem ein Ziel: den Prozess zum Ende zu bringen&#8220;, merken wir auf <a href=\"https:\/\/blog.zeit.de\/nsu-prozess-blog\/2017\/04\/27\/ist-beate-zschaepe-schuldfaehig\/\" target=\"_blank\">ZEIT ONLINE<\/a> an. Der Schluss der Beweisaufnahme wird durch Faustmanns Vernehmung allerdings noch ein wenig hinausgeschoben: Er muss am 17. Mai erneut vor Gericht erscheinen, um Nachfragen zu beantworten.<\/p>\n<p><em>Das n\u00e4chste Medienlog erscheint am Dienstag, 2. Mai 2017.<\/em><\/p>\n","protected":false},"excerpt":{"rendered":"<p>Hat der Psychiater Henning Sa\u00df korrekt gearbeitet, als er Beate Zsch\u00e4pe in seinem Gutachten als schuldf\u00e4hig eingestuft hat? Um diese Frage ging es am Donnerstag im NSU-Prozess. Angeh\u00f6rt wurde der Bochumer Professor Pedro Faustmann, der ebenfalls als Psychiater t\u00e4tig ist. Er hatte im Auftrag von Zsch\u00e4pes Anw\u00e4lten das Gutachten von Sa\u00df methodenkritisch untersucht. &#8222;Faustmann lie\u00df [&hellip;]<\/p>\n","protected":false},"author":435,"featured_media":0,"comment_status":"open","ping_status":"open","sticky":false,"template":"","format":"standard","meta":{"_jetpack_memberships_contains_paid_content":false,"footnotes":""},"categories":[27531],"tags":[17793,1105,33605,35433,33589],"class_list":["post-13093","post","type-post","status-publish","format-standard","hentry","category-medienschau","tag-beate-zschape","tag-gutachten","tag-henning-sass","tag-pedro-faustmann","tag-psychiater"],"yoast_head":"<!-- This site is optimized with the Yoast SEO plugin v21.0 - https:\/\/yoast.com\/wordpress\/plugins\/seo\/ -->\n<title>Schwere Kritik am Zsch\u00e4pe-Gutachten \u2013 das Medienlog vom Freitag, 28. April 2017 - Das NSU-Prozess-Blog<\/title>\n<meta name=\"robots\" content=\"index, follow, max-snippet:-1, max-image-preview:large, max-video-preview:-1\" \/>\n<link rel=\"canonical\" href=\"https:\/\/blog.zeit.de\/nsu-prozess-blog\/2017\/04\/28\/medienlog-gutachten-faustmann-sass-nsu\/\" \/>\n<meta property=\"og:locale\" content=\"de_DE\" \/>\n<meta property=\"og:type\" content=\"article\" \/>\n<meta property=\"og:title\" content=\"Schwere Kritik am Zsch\u00e4pe-Gutachten \u2013 das Medienlog vom Freitag, 28. April 2017 - Das NSU-Prozess-Blog\" \/>\n<meta property=\"og:description\" content=\"Hat der Psychiater Henning Sa\u00df korrekt gearbeitet, als er Beate Zsch\u00e4pe in seinem Gutachten als schuldf\u00e4hig eingestuft hat? Um diese Frage ging es am Donnerstag im NSU-Prozess. Angeh\u00f6rt wurde der Bochumer Professor Pedro Faustmann, der ebenfalls als Psychiater t\u00e4tig ist. Er hatte im Auftrag von Zsch\u00e4pes Anw\u00e4lten das Gutachten von Sa\u00df methodenkritisch untersucht. &#8222;Faustmann lie\u00df [&hellip;]\" \/>\n<meta property=\"og:url\" content=\"https:\/\/blog.zeit.de\/nsu-prozess-blog\/2017\/04\/28\/medienlog-gutachten-faustmann-sass-nsu\/\" \/>\n<meta property=\"og:site_name\" content=\"Das NSU-Prozess-Blog\" \/>\n<meta property=\"article:published_time\" content=\"2017-04-28T08:48:49+00:00\" \/>\n<meta property=\"article:modified_time\" content=\"2017-04-28T09:29:35+00:00\" \/>\n<meta name=\"author\" content=\"Tom Sundermann\" \/>\n<meta name=\"twitter:label1\" content=\"Geschrieben von\" \/>\n\t<meta name=\"twitter:data1\" content=\"Tom Sundermann\" \/>\n\t<meta name=\"twitter:label2\" content=\"Gesch\u00e4tzte Lesezeit\" \/>\n\t<meta name=\"twitter:data2\" content=\"2\u00a0Minuten\" \/>\n<script type=\"application\/ld+json\" class=\"yoast-schema-graph\">{\"@context\":\"https:\/\/schema.org\",\"@graph\":[{\"@type\":\"WebPage\",\"@id\":\"https:\/\/blog.zeit.de\/nsu-prozess-blog\/2017\/04\/28\/medienlog-gutachten-faustmann-sass-nsu\/\",\"url\":\"https:\/\/blog.zeit.de\/nsu-prozess-blog\/2017\/04\/28\/medienlog-gutachten-faustmann-sass-nsu\/\",\"name\":\"Schwere Kritik am Zsch\u00e4pe-Gutachten \u2013 das Medienlog vom Freitag, 28. April 2017 - Das NSU-Prozess-Blog\",\"isPartOf\":{\"@id\":\"https:\/\/blog.zeit.de\/nsu-prozess-blog\/#website\"},\"datePublished\":\"2017-04-28T08:48:49+00:00\",\"dateModified\":\"2017-04-28T09:29:35+00:00\",\"author\":{\"@id\":\"https:\/\/blog.zeit.de\/nsu-prozess-blog\/#\/schema\/person\/553ea9bb5d1fc2ae054c589bd59380a5\"},\"breadcrumb\":{\"@id\":\"https:\/\/blog.zeit.de\/nsu-prozess-blog\/2017\/04\/28\/medienlog-gutachten-faustmann-sass-nsu\/#breadcrumb\"},\"inLanguage\":\"de\",\"potentialAction\":[{\"@type\":\"ReadAction\",\"target\":[\"https:\/\/blog.zeit.de\/nsu-prozess-blog\/2017\/04\/28\/medienlog-gutachten-faustmann-sass-nsu\/\"]}]},{\"@type\":\"BreadcrumbList\",\"@id\":\"https:\/\/blog.zeit.de\/nsu-prozess-blog\/2017\/04\/28\/medienlog-gutachten-faustmann-sass-nsu\/#breadcrumb\",\"itemListElement\":[{\"@type\":\"ListItem\",\"position\":1,\"name\":\"Startseite\",\"item\":\"https:\/\/blog.zeit.de\/nsu-prozess-blog\/\"},{\"@type\":\"ListItem\",\"position\":2,\"name\":\"Schwere Kritik am Zsch\u00e4pe-Gutachten \u2013 das Medienlog vom Freitag, 28. April 2017\"}]},{\"@type\":\"WebSite\",\"@id\":\"https:\/\/blog.zeit.de\/nsu-prozess-blog\/#website\",\"url\":\"https:\/\/blog.zeit.de\/nsu-prozess-blog\/\",\"name\":\"Das NSU-Prozess-Blog\",\"description\":\"Alle Berichte zum Terrorverfahren in M\u00fcnchen\",\"potentialAction\":[{\"@type\":\"SearchAction\",\"target\":{\"@type\":\"EntryPoint\",\"urlTemplate\":\"https:\/\/blog.zeit.de\/nsu-prozess-blog\/?s={search_term_string}\"},\"query-input\":\"required name=search_term_string\"}],\"inLanguage\":\"de\"},{\"@type\":\"Person\",\"@id\":\"https:\/\/blog.zeit.de\/nsu-prozess-blog\/#\/schema\/person\/553ea9bb5d1fc2ae054c589bd59380a5\",\"name\":\"Tom Sundermann\",\"image\":{\"@type\":\"ImageObject\",\"inLanguage\":\"de\",\"@id\":\"https:\/\/blog.zeit.de\/nsu-prozess-blog\/#\/schema\/person\/image\/\",\"url\":\"https:\/\/secure.gravatar.com\/avatar\/e108a3dc18766f719b2f797dc5d19093f06a1870c55b553ab6b7563f1f9a5e68?s=96&d=mm&r=g\",\"contentUrl\":\"https:\/\/secure.gravatar.com\/avatar\/e108a3dc18766f719b2f797dc5d19093f06a1870c55b553ab6b7563f1f9a5e68?s=96&d=mm&r=g\",\"caption\":\"Tom Sundermann\"},\"sameAs\":[\"https:\/\/twitter.com\/messeticker\"],\"url\":\"https:\/\/blog.zeit.de\/nsu-prozess-blog\/author\/tsundermann\/\"}]}<\/script>\n<!-- \/ Yoast SEO plugin. -->","yoast_head_json":{"title":"Schwere Kritik am Zsch\u00e4pe-Gutachten \u2013 das Medienlog vom Freitag, 28. April 2017 - Das NSU-Prozess-Blog","robots":{"index":"index","follow":"follow","max-snippet":"max-snippet:-1","max-image-preview":"max-image-preview:large","max-video-preview":"max-video-preview:-1"},"canonical":"https:\/\/blog.zeit.de\/nsu-prozess-blog\/2017\/04\/28\/medienlog-gutachten-faustmann-sass-nsu\/","og_locale":"de_DE","og_type":"article","og_title":"Schwere Kritik am Zsch\u00e4pe-Gutachten \u2013 das Medienlog vom Freitag, 28. April 2017 - Das NSU-Prozess-Blog","og_description":"Hat der Psychiater Henning Sa\u00df korrekt gearbeitet, als er Beate Zsch\u00e4pe in seinem Gutachten als schuldf\u00e4hig eingestuft hat? Um diese Frage ging es am Donnerstag im NSU-Prozess. Angeh\u00f6rt wurde der Bochumer Professor Pedro Faustmann, der ebenfalls als Psychiater t\u00e4tig ist. Er hatte im Auftrag von Zsch\u00e4pes Anw\u00e4lten das Gutachten von Sa\u00df methodenkritisch untersucht. &#8222;Faustmann lie\u00df [&hellip;]","og_url":"https:\/\/blog.zeit.de\/nsu-prozess-blog\/2017\/04\/28\/medienlog-gutachten-faustmann-sass-nsu\/","og_site_name":"Das NSU-Prozess-Blog","article_published_time":"2017-04-28T08:48:49+00:00","article_modified_time":"2017-04-28T09:29:35+00:00","author":"Tom Sundermann","twitter_misc":{"Geschrieben von":"Tom Sundermann","Gesch\u00e4tzte Lesezeit":"2\u00a0Minuten"},"schema":{"@context":"https:\/\/schema.org","@graph":[{"@type":"WebPage","@id":"https:\/\/blog.zeit.de\/nsu-prozess-blog\/2017\/04\/28\/medienlog-gutachten-faustmann-sass-nsu\/","url":"https:\/\/blog.zeit.de\/nsu-prozess-blog\/2017\/04\/28\/medienlog-gutachten-faustmann-sass-nsu\/","name":"Schwere Kritik am Zsch\u00e4pe-Gutachten \u2013 das Medienlog vom Freitag, 28. April 2017 - Das NSU-Prozess-Blog","isPartOf":{"@id":"https:\/\/blog.zeit.de\/nsu-prozess-blog\/#website"},"datePublished":"2017-04-28T08:48:49+00:00","dateModified":"2017-04-28T09:29:35+00:00","author":{"@id":"https:\/\/blog.zeit.de\/nsu-prozess-blog\/#\/schema\/person\/553ea9bb5d1fc2ae054c589bd59380a5"},"breadcrumb":{"@id":"https:\/\/blog.zeit.de\/nsu-prozess-blog\/2017\/04\/28\/medienlog-gutachten-faustmann-sass-nsu\/#breadcrumb"},"inLanguage":"de","potentialAction":[{"@type":"ReadAction","target":["https:\/\/blog.zeit.de\/nsu-prozess-blog\/2017\/04\/28\/medienlog-gutachten-faustmann-sass-nsu\/"]}]},{"@type":"BreadcrumbList","@id":"https:\/\/blog.zeit.de\/nsu-prozess-blog\/2017\/04\/28\/medienlog-gutachten-faustmann-sass-nsu\/#breadcrumb","itemListElement":[{"@type":"ListItem","position":1,"name":"Startseite","item":"https:\/\/blog.zeit.de\/nsu-prozess-blog\/"},{"@type":"ListItem","position":2,"name":"Schwere Kritik am Zsch\u00e4pe-Gutachten \u2013 das Medienlog vom Freitag, 28. April 2017"}]},{"@type":"WebSite","@id":"https:\/\/blog.zeit.de\/nsu-prozess-blog\/#website","url":"https:\/\/blog.zeit.de\/nsu-prozess-blog\/","name":"Das NSU-Prozess-Blog","description":"Alle Berichte zum Terrorverfahren in M\u00fcnchen","potentialAction":[{"@type":"SearchAction","target":{"@type":"EntryPoint","urlTemplate":"https:\/\/blog.zeit.de\/nsu-prozess-blog\/?s={search_term_string}"},"query-input":"required name=search_term_string"}],"inLanguage":"de"},{"@type":"Person","@id":"https:\/\/blog.zeit.de\/nsu-prozess-blog\/#\/schema\/person\/553ea9bb5d1fc2ae054c589bd59380a5","name":"Tom Sundermann","image":{"@type":"ImageObject","inLanguage":"de","@id":"https:\/\/blog.zeit.de\/nsu-prozess-blog\/#\/schema\/person\/image\/","url":"https:\/\/secure.gravatar.com\/avatar\/e108a3dc18766f719b2f797dc5d19093f06a1870c55b553ab6b7563f1f9a5e68?s=96&d=mm&r=g","contentUrl":"https:\/\/secure.gravatar.com\/avatar\/e108a3dc18766f719b2f797dc5d19093f06a1870c55b553ab6b7563f1f9a5e68?s=96&d=mm&r=g","caption":"Tom Sundermann"},"sameAs":["https:\/\/twitter.com\/messeticker"],"url":"https:\/\/blog.zeit.de\/nsu-prozess-blog\/author\/tsundermann\/"}]}},"jetpack_featured_media_url":"","jetpack_sharing_enabled":true,"_links":{"self":[{"href":"https:\/\/blog.zeit.de\/nsu-prozess-blog\/wp-json\/wp\/v2\/posts\/13093","targetHints":{"allow":["GET"]}}],"collection":[{"href":"https:\/\/blog.zeit.de\/nsu-prozess-blog\/wp-json\/wp\/v2\/posts"}],"about":[{"href":"https:\/\/blog.zeit.de\/nsu-prozess-blog\/wp-json\/wp\/v2\/types\/post"}],"author":[{"embeddable":true,"href":"https:\/\/blog.zeit.de\/nsu-prozess-blog\/wp-json\/wp\/v2\/users\/435"}],"replies":[{"embeddable":true,"href":"https:\/\/blog.zeit.de\/nsu-prozess-blog\/wp-json\/wp\/v2\/comments?post=13093"}],"version-history":[{"count":5,"href":"https:\/\/blog.zeit.de\/nsu-prozess-blog\/wp-json\/wp\/v2\/posts\/13093\/revisions"}],"predecessor-version":[{"id":13102,"href":"https:\/\/blog.zeit.de\/nsu-prozess-blog\/wp-json\/wp\/v2\/posts\/13093\/revisions\/13102"}],"wp:attachment":[{"href":"https:\/\/blog.zeit.de\/nsu-prozess-blog\/wp-json\/wp\/v2\/media?parent=13093"}],"wp:term":[{"taxonomy":"category","embeddable":true,"href":"https:\/\/blog.zeit.de\/nsu-prozess-blog\/wp-json\/wp\/v2\/categories?post=13093"},{"taxonomy":"post_tag","embeddable":true,"href":"https:\/\/blog.zeit.de\/nsu-prozess-blog\/wp-json\/wp\/v2\/tags?post=13093"}],"curies":[{"name":"wp","href":"https:\/\/api.w.org\/{rel}","templated":true}]}}